{"id":9346,"date":"2022-10-14T17:07:11","date_gmt":"2022-10-14T15:07:11","guid":{"rendered":"https:\/\/www.welovecycling.com\/es\/?p=9346"},"modified":"2022-10-14T17:17:55","modified_gmt":"2022-10-14T15:17:55","slug":"skoda-titan-desert-almeria-2022-en-casa-de-los-looser","status":"publish","type":"post","link":"https:\/\/www.welovecycling.com\/es\/2022\/10\/14\/skoda-titan-desert-almeria-2022-en-casa-de-los-looser\/","title":{"rendered":"\u0160koda Titan Desert Almer\u00eda 2022. En casa de los Looser"},"content":{"rendered":"<p><strong>La \u0160koda Titan Desert Almer\u00eda 2022 tuvo apellido Looser. Entre Kenny y Vera se repartieron las clasificaciones generales de las categor\u00edas masculina y femenina. El suizo prolonga su idilio con la Titan, puesto que ya tambi\u00e9n ha ganado las dos \u00faltimas \u0160koda Titan Desert Morocco. Mientras que Vera asciende del segundo puesto de Marruecos al primero en Almer\u00eda.<\/strong><\/p>\n<p><!--more--><br \/>\nPero esto es el resultado final de todo lo que sucedi\u00f3 en las cuatro etapas y un pr\u00f3logo de la tercera edici\u00f3n de la <strong>\u0160koda <\/strong>Titan Desert Almeria. Esta vez con buen tiempo y sin lluvia que impidiese la bajada del Alto de Velefique, el aut\u00e9ntico rey de la carrera y cuya subida en la tercera etapa marc\u00f3 el <strong> \u0160koda Challenge<\/strong>. Se esperaba que el tramo cronometrado fuese decisivo para la resoluci\u00f3n de la competici\u00f3n, pero para entonces los <a href=\"https:\/\/www.welovecycling.com\/es\/2022\/05\/09\/segunda-etapa-skoda-titan-desert\/\">Looser<\/a> ya dominaban con mano dura las dos clasificaciones, y el resto solo peleaba por los parciales y el podio.<\/p>\n<figure id=\"attachment_9348\" aria-describedby=\"caption-attachment-9348\" style=\"width: 1024px\" class=\"wp-caption aligncenter\"><a href=\"https:\/\/d2p6e6u75xmxt8.cloudfront.net\/6\/2022\/10\/Titan-Deser-Almeria-chicas.webp\"><img loading=\"lazy\" decoding=\"async\" class=\"wp-image-9348 size-full\" src=\"https:\/\/d2p6e6u75xmxt8.cloudfront.net\/6\/2022\/10\/Titan-Deser-Almeria-chicas.webp\" alt=\"\" width=\"1024\" height=\"682\" srcset=\"https:\/\/d2p6e6u75xmxt8.cloudfront.net\/6\/2022\/10\/Titan-Deser-Almeria-chicas.webp 1024w, https:\/\/d2p6e6u75xmxt8.cloudfront.net\/6\/2022\/10\/Titan-Deser-Almeria-chicas-300x200.webp 300w, https:\/\/d2p6e6u75xmxt8.cloudfront.net\/6\/2022\/10\/Titan-Deser-Almeria-chicas-768x512.webp 768w, https:\/\/d2p6e6u75xmxt8.cloudfront.net\/6\/2022\/10\/Titan-Deser-Almeria-chicas-272x182.webp 272w\" sizes=\"auto, (max-width: 1024px) 100vw, 1024px\" \/><\/a><figcaption id=\"caption-attachment-9348\" class=\"wp-caption-text\">Vera Looser domin\u00f3 en categor\u00eda femenina.<\/figcaption><\/figure>\n<p>Uno de esos parciales, el \u00faltimo, tuvo color embajador <strong>\u0160koda<\/strong>. Tomi Misser se llev\u00f3 la \u00faltima etapa, con salida en el Mini Hollywood de Tabernas y meta en El Toyo. Se mantuvo escapada casi todo el d\u00eda, igual que en la segunda jornada y sus 48 a\u00f1os sum\u00f3 un triunfo de esos de &#8216;calidad&#8217;. &#8220;Yo ya estoy casi jubilado, as\u00ed que ganar a estos chavales me motiva&#8221;, brome\u00f3 el bueno de Tomi.<\/p>\n<p>La <strong>\u0160koda Titan Desert Almer\u00eda 2022 <\/strong>no era una carrera sencilla y adem\u00e1s de motor, hac\u00eda falta conocimientos para seguir el track y t\u00e9cnica y pericia para superar las ramblas del final de las etapas. Un terreno peligroso y conflictivo que pueden hacer hincar la rodilla hasta a un ciclista profesional de carretera. Le pas\u00f3 a Luis \u00c1ngel Mat\u00e9, que llegaba en plena forma de disputar La Vuelta a Espa\u00f1a. Al final al malague\u00f1o le di\u00f3 para ser quinto, pero a m\u00e1s de 20 minutos del l\u00edder. Justo por detr\u00e1s de otro profesional de la carretera, en este caso retirado, David Arroyo.<\/p>\n<p>El <a href=\"https:\/\/skodatitandesertalmeria.com\/clasificaciones\/\">podio masculino lo completaron<\/a> Pau Marz\u00e1, que se llev\u00f3 la tercera etapa y Miquel Faus, que sum\u00f3 puestos de honor en todas las jornadas y acab\u00f3 tercero. Tambi\u00e9n se adjudic\u00f3 un premio parcial Nicol\u00e1s Mercader, que gan\u00f3 la segunda etapa. Su particularidad, que para el ciclismo para \u00e9l es solo un hobby porque pasa sus horas como militar en la base de la Legi\u00f3n.<\/p>\n<p>En la categor\u00eda femenina Vera Looser mand\u00f3 de principio a fin y en la general sac\u00f3 casi media media hora a Pilar Fern\u00e1ndez, que acab\u00f3 segunda y se llev\u00f3 tambi\u00e9n la ultima etapa. El tercer caj\u00f3n para una chica <strong>\u0160koda We Love Cycling <\/strong>Misha Sekulova.<\/p>\n<h2><strong>Debutantes. Maverick Vi\u00f1ales<\/strong><\/h2>\n<blockquote class=\"instagram-media\" style=\"background: #FFF; border: 0; border-radius: 3px; box-shadow: 0 0 1px 0 rgba(0,0,0,0.5),0 1px 10px 0 rgba(0,0,0,0.15); margin: 1px; max-width: 540px; min-width: 326px; padding: 0; width: calc(100% - 2px);\" data-instgrm-captioned=\"\" data-instgrm-permalink=\"https:\/\/www.instagram.com\/reel\/CjcHVRRDW4_\/?utm_source=ig_embed&amp;utm_campaign=loading\" data-instgrm-version=\"14\">\n<div style=\"padding: 16px;\">\n<p>&nbsp;<\/p>\n<div style=\"display: flex; flex-direction: row; align-items: center;\">\n<div style=\"background-color: #f4f4f4; border-radius: 50%; flex-grow: 0; height: 40px; margin-right: 14px; width: 40px;\"><\/div>\n<div style=\"display: flex; flex-direction: column; flex-grow: 1; justify-content: center;\">\n<div style=\"background-color: #f4f4f4; border-radius: 4px; flex-grow: 0; height: 14px; margin-bottom: 6px; width: 100px;\"><\/div>\n<div style=\"background-color: #f4f4f4; border-radius: 4px; flex-grow: 0; height: 14px; width: 60px;\"><\/div>\n<\/div>\n<\/div>\n<div style=\"padding: 19% 0;\"><\/div>\n<div style=\"display: block; height: 50px; margin: 0 auto 12px; width: 50px;\"><\/div>\n<div style=\"padding-top: 8px;\">\n<div style=\"color: #3897f0; font-family: Arial,sans-serif; font-size: 14px; font-style: normal; font-weight: 550; line-height: 18px;\">Ver esta publicaci\u00f3n en Instagram<\/div>\n<\/div>\n<div style=\"padding: 12.5% 0;\"><\/div>\n<div style=\"display: flex; flex-direction: row; margin-bottom: 14px; align-items: center;\">\n<div>\n<div style=\"background-color: #f4f4f4; border-radius: 50%; height: 12.5px; width: 12.5px; transform: translateX(0px) translateY(7px);\"><\/div>\n<div style=\"background-color: #f4f4f4; height: 12.5px; transform: rotate(-45deg) translateX(3px) translateY(1px); width: 12.5px; flex-grow: 0; margin-right: 14px; margin-left: 2px;\"><\/div>\n<div style=\"background-color: #f4f4f4; border-radius: 50%; height: 12.5px; width: 12.5px; transform: translateX(9px) translateY(-18px);\"><\/div>\n<\/div>\n<div style=\"margin-left: 8px;\">\n<div style=\"background-color: #f4f4f4; border-radius: 50%; flex-grow: 0; height: 20px; width: 20px;\"><\/div>\n<div style=\"width: 0; height: 0; border-top: 2px solid transparent; border-left: 6px solid #f4f4f4; border-bottom: 2px solid transparent; transform: translateX(16px) translateY(-4px) rotate(30deg);\"><\/div>\n<\/div>\n<div style=\"margin-left: auto;\">\n<div style=\"width: 0px; border-top: 8px solid #F4F4F4; border-right: 8px solid transparent; transform: translateY(16px);\"><\/div>\n<div style=\"background-color: #f4f4f4; flex-grow: 0; height: 12px; width: 16px; transform: translateY(-4px);\"><\/div>\n<div style=\"width: 0; height: 0; border-top: 8px solid #F4F4F4; border-left: 8px solid transparent; transform: translateY(-4px) translateX(8px);\"><\/div>\n<\/div>\n<\/div>\n<div style=\"display: flex; flex-direction: column; flex-grow: 1; justify-content: center; margin-bottom: 24px;\">\n<div style=\"background-color: #f4f4f4; border-radius: 4px; flex-grow: 0; height: 14px; margin-bottom: 6px; width: 224px;\"><\/div>\n<div style=\"background-color: #f4f4f4; border-radius: 4px; flex-grow: 0; height: 14px; width: 144px;\"><\/div>\n<\/div>\n<p>&nbsp;<\/p>\n<p style=\"color: #c9c8cd; font-family: Arial,sans-serif; font-size: 14px; line-height: 17px; margin-bottom: 0; margin-top: 8px; overflow: hidden; padding: 8px 0 7px; text-align: center; text-overflow: ellipsis; white-space: nowrap;\"><a style=\"color: #c9c8cd; font-family: Arial,sans-serif; font-size: 14px; font-style: normal; font-weight: normal; line-height: 17px; text-decoration: none;\" href=\"https:\/\/www.instagram.com\/reel\/CjcHVRRDW4_\/?utm_source=ig_embed&amp;utm_campaign=loading\" target=\"_blank\" rel=\"noopener\">Una publicaci\u00f3n compartida de Maverick Vin\u0303ales (@maverick12official)<\/a><\/p>\n<\/div>\n<\/blockquote>\n<p><script async src=\"\/\/www.instagram.com\/embed.js\"><\/script><\/p>\n<p>La tambi\u00e9n <strong>\u0160koda Titan Desert Almer\u00eda 2022<\/strong> fue el debut del piloto Maverick Vi\u00f1ales como embajador de <strong>\u0160koda. Antes de partir hacia Australia para el pr\u00f3ximo gran premio pudo &#8216;disfrutar&#8217; de la compa\u00f1\u00eda de un capo como Tomi Misser, que ejerci\u00f3 como maestro de ceremonias.<\/strong><\/p>\n<p>Tambi\u00e9n se visti\u00f3 de corto por primera vez en el desierto la ciclista de carretera Eider Merino, que acept\u00f3 el reto de <strong>\u0160koda Menabi y <\/strong>particip\u00f3 con el equipo <strong>\u0160koda We Love Cycling. La vasca no recordaba cuando hab\u00eda sido la \u00faltima vez que se hab\u00eda subido a una BTT.<\/strong><\/p>\n<p>Y junto a ellos m\u00e1s de 200 ciclistas que pelearon jornada a jornada por superar las dificultades de la Titan Desert. Desde las ramblas de la primera etapa, a los puertos de las etapas intermedias por el desierto o la orientaci\u00f3n en la \u00faltima jornada en la base de la Legi\u00f3n. Su objetivo era llegar a la l\u00ednea de meta de El Toyo y sumar a su palmar\u00e9s un reto que no est\u00e1 al alcance de cualquiera. En el camino se quedan las experiencias de convivir en el campamento Mini Hollywood con m\u00e1s de dos centenares de deportistas que tienen las mismas ganas de pedalear que t\u00fa.<\/p>\n<blockquote class=\"instagram-media\" style=\"background: #FFF; border: 0; border-radius: 3px; box-shadow: 0 0 1px 0 rgba(0,0,0,0.5),0 1px 10px 0 rgba(0,0,0,0.15); margin: 1px; max-width: 540px; min-width: 326px; padding: 0; width: calc(100% - 2px);\" data-instgrm-captioned=\"\" data-instgrm-permalink=\"https:\/\/www.instagram.com\/reel\/Cjlmd2RNp2N\/?utm_source=ig_embed&amp;utm_campaign=loading\" data-instgrm-version=\"14\">\n<div style=\"padding: 16px;\">\n<p>&nbsp;<\/p>\n<div style=\"display: flex; flex-direction: row; align-items: center;\">\n<div style=\"background-color: #f4f4f4; border-radius: 50%; flex-grow: 0; height: 40px; margin-right: 14px; width: 40px;\"><\/div>\n<div style=\"display: flex; flex-direction: column; flex-grow: 1; justify-content: center;\">\n<div style=\"background-color: #f4f4f4; border-radius: 4px; flex-grow: 0; height: 14px; margin-bottom: 6px; width: 100px;\"><\/div>\n<div style=\"background-color: #f4f4f4; border-radius: 4px; flex-grow: 0; height: 14px; width: 60px;\"><\/div>\n<\/div>\n<\/div>\n<div style=\"padding: 19% 0;\"><\/div>\n<div style=\"display: block; height: 50px; margin: 0 auto 12px; width: 50px;\"><\/div>\n<div style=\"padding-top: 8px;\">\n<div style=\"color: #3897f0; font-family: Arial,sans-serif; font-size: 14px; font-style: normal; font-weight: 550; line-height: 18px;\">Ver esta publicaci\u00f3n en Instagram<\/div>\n<\/div>\n<div style=\"padding: 12.5% 0;\"><\/div>\n<div style=\"display: flex; flex-direction: row; margin-bottom: 14px; align-items: center;\">\n<div>\n<div style=\"background-color: #f4f4f4; border-radius: 50%; height: 12.5px; width: 12.5px; transform: translateX(0px) translateY(7px);\"><\/div>\n<div style=\"background-color: #f4f4f4; height: 12.5px; transform: rotate(-45deg) translateX(3px) translateY(1px); width: 12.5px; flex-grow: 0; margin-right: 14px; margin-left: 2px;\"><\/div>\n<div style=\"background-color: #f4f4f4; border-radius: 50%; height: 12.5px; width: 12.5px; transform: translateX(9px) translateY(-18px);\"><\/div>\n<\/div>\n<div style=\"margin-left: 8px;\">\n<div style=\"background-color: #f4f4f4; border-radius: 50%; flex-grow: 0; height: 20px; width: 20px;\"><\/div>\n<div style=\"width: 0; height: 0; border-top: 2px solid transparent; border-left: 6px solid #f4f4f4; border-bottom: 2px solid transparent; transform: translateX(16px) translateY(-4px) rotate(30deg);\"><\/div>\n<\/div>\n<div style=\"margin-left: auto;\">\n<div style=\"width: 0px; border-top: 8px solid #F4F4F4; border-right: 8px solid transparent; transform: translateY(16px);\"><\/div>\n<div style=\"background-color: #f4f4f4; flex-grow: 0; height: 12px; width: 16px; transform: translateY(-4px);\"><\/div>\n<div style=\"width: 0; height: 0; border-top: 8px solid #F4F4F4; border-left: 8px solid transparent; transform: translateY(-4px) translateX(8px);\"><\/div>\n<\/div>\n<\/div>\n<div style=\"display: flex; flex-direction: column; flex-grow: 1; justify-content: center; margin-bottom: 24px;\">\n<div style=\"background-color: #f4f4f4; border-radius: 4px; flex-grow: 0; height: 14px; margin-bottom: 6px; width: 224px;\"><\/div>\n<div style=\"background-color: #f4f4f4; border-radius: 4px; flex-grow: 0; height: 14px; width: 144px;\"><\/div>\n<\/div>\n<p>&nbsp;<\/p>\n<p style=\"color: #c9c8cd; font-family: Arial,sans-serif; font-size: 14px; line-height: 17px; margin-bottom: 0; margin-top: 8px; overflow: hidden; padding: 8px 0 7px; text-align: center; text-overflow: ellipsis; white-space: nowrap;\"><a style=\"color: #c9c8cd; font-family: Arial,sans-serif; font-size: 14px; font-style: normal; font-weight: normal; line-height: 17px; text-decoration: none;\" href=\"https:\/\/www.instagram.com\/reel\/Cjlmd2RNp2N\/?utm_source=ig_embed&amp;utm_campaign=loading\" target=\"_blank\" rel=\"noopener\">Una publicaci\u00f3n compartida de \u0160koda Titan Desert Almer\u00eda (@titandesertalmeria)<\/a><\/p>\n<\/div>\n<\/blockquote>\n<p><script async src=\"\/\/www.instagram.com\/embed.js\"><\/script><\/p>\n","protected":false},"excerpt":{"rendered":"<p>La \u0160koda Titan Desert Almer\u00eda 2022 tuvo apellido Looser. Entre Kenny y Vera se repartieron las clasificaciones generales de las [&hellip;]<\/p>\n","protected":false},"author":29,"featured_media":9347,"comment_status":"open","ping_status":"open","sticky":false,"template":"","format":"standard","meta":{"footnotes":""},"categories":[9],"tags":[2199,1819],"global-categories":[1164],"class_list":["post-9346","post","type-post","status-publish","format-standard","has-post-thumbnail","hentry","category-mtb-aventura","tag-skoda-titan-desert-almeria","tag-titan-desert-almeria","global-categories-cycling"],"yoast_head":"<!-- This site is optimized with the Yoast SEO Premium plugin v25.3 (Yoast SEO v25.9) - https:\/\/yoast.com\/wordpress\/plugins\/seo\/ -->\n<title>\u0160koda Titan Desert Almer\u00eda 2022. En casa de los Looser - \u0160koda We Love Cycling - Spain<\/title>\n<meta name=\"description\" content=\"\u0160koda Titan Desert Almer\u00eda 2022. En casa de los Looser. Victoria para Kenny y Vera Looser en una edici\u00f3n que vio el debut de Vi\u00f1ales.\" \/>\n<meta name=\"robots\" content=\"index, follow, max-snippet:-1, max-image-preview:large, max-video-preview:-1\" \/>\n<link rel=\"canonical\" href=\"https:\/\/www.welovecycling.com\/es\/2022\/10\/14\/skoda-titan-desert-almeria-2022-en-casa-de-los-looser\/\" \/>\n<meta property=\"og:locale\" content=\"es_ES\" \/>\n<meta property=\"og:type\" content=\"article\" \/>\n<meta property=\"og:title\" content=\"\u0160koda Titan Desert Almer\u00eda 2022. En casa de los Looser\" \/>\n<meta property=\"og:description\" content=\"\u0160koda Titan Desert Almer\u00eda 2022. En casa de los Looser. Victoria para Kenny y Vera Looser en una edici\u00f3n que vio el debut de Vi\u00f1ales.\" \/>\n<meta property=\"og:url\" content=\"https:\/\/www.welovecycling.com\/es\/2022\/10\/14\/skoda-titan-desert-almeria-2022-en-casa-de-los-looser\/\" \/>\n<meta property=\"og:site_name\" content=\"\u0160koda We Love Cycling - Spain\" \/>\n<meta property=\"article:published_time\" content=\"2022-10-14T15:07:11+00:00\" \/>\n<meta property=\"article:modified_time\" content=\"2022-10-14T15:17:55+00:00\" \/>\n<meta property=\"og:image\" content=\"https:\/\/d2p6e6u75xmxt8.cloudfront.net\/6\/2022\/10\/skoda_challenge_titan.webp\" \/>\n\t<meta property=\"og:image:width\" content=\"1024\" \/>\n\t<meta property=\"og:image:height\" content=\"682\" \/>\n\t<meta property=\"og:image:type\" content=\"image\/webp\" \/>\n<meta name=\"author\" content=\"We Love Cycling Spain\" \/>\n<meta name=\"twitter:card\" content=\"summary_large_image\" \/>\n<meta name=\"twitter:title\" content=\"\u0160koda Titan Desert Almer\u00eda 2022. En casa de los Looser\" \/>\n<meta name=\"twitter:description\" content=\"\u0160koda Titan Desert Almer\u00eda 2022. En casa de los Looser. Victoria para Kenny y Vera Looser en una edici\u00f3n que vio el debut de Vi\u00f1ales.\" \/>\n<meta name=\"twitter:label1\" content=\"Written by\" \/>\n\t<meta name=\"twitter:data1\" content=\"Luis Ortega@Ciclored\" \/>\n\t<meta name=\"twitter:label2\" content=\"Est. reading time\" \/>\n\t<meta name=\"twitter:data2\" content=\"4 minutes\" \/>\n<script type=\"application\/ld+json\" class=\"yoast-schema-graph\">{\"@context\":\"https:\/\/schema.org\",\"@graph\":[{\"@type\":\"WebPage\",\"@id\":\"https:\/\/www.welovecycling.com\/es\/2022\/10\/14\/skoda-titan-desert-almeria-2022-en-casa-de-los-looser\/\",\"url\":\"https:\/\/www.welovecycling.com\/es\/2022\/10\/14\/skoda-titan-desert-almeria-2022-en-casa-de-los-looser\/\",\"name\":\"\u0160koda Titan Desert Almer\u00eda 2022. En casa de los Looser - \u0160koda We Love Cycling - Spain\",\"isPartOf\":{\"@id\":\"https:\/\/www.welovecycling.com\/es\/#website\"},\"primaryImageOfPage\":{\"@id\":\"https:\/\/www.welovecycling.com\/es\/2022\/10\/14\/skoda-titan-desert-almeria-2022-en-casa-de-los-looser\/#primaryimage\"},\"image\":{\"@id\":\"https:\/\/www.welovecycling.com\/es\/2022\/10\/14\/skoda-titan-desert-almeria-2022-en-casa-de-los-looser\/#primaryimage\"},\"thumbnailUrl\":\"https:\/\/d2p6e6u75xmxt8.cloudfront.net\/6\/2022\/10\/skoda_challenge_titan.webp\",\"datePublished\":\"2022-10-14T15:07:11+00:00\",\"dateModified\":\"2022-10-14T15:17:55+00:00\",\"author\":{\"@id\":\"https:\/\/www.welovecycling.com\/es\/#\/schema\/person\/deb61715b5812698ee79fb96f343ccd4\"},\"description\":\"\u0160koda Titan Desert Almer\u00eda 2022. En casa de los Looser. Victoria para Kenny y Vera Looser en una edici\u00f3n que vio el debut de Vi\u00f1ales.\",\"breadcrumb\":{\"@id\":\"https:\/\/www.welovecycling.com\/es\/2022\/10\/14\/skoda-titan-desert-almeria-2022-en-casa-de-los-looser\/#breadcrumb\"},\"inLanguage\":\"es-ES\",\"potentialAction\":[{\"@type\":\"ReadAction\",\"target\":[\"https:\/\/www.welovecycling.com\/es\/2022\/10\/14\/skoda-titan-desert-almeria-2022-en-casa-de-los-looser\/\"]}]},{\"@type\":\"ImageObject\",\"inLanguage\":\"es-ES\",\"@id\":\"https:\/\/www.welovecycling.com\/es\/2022\/10\/14\/skoda-titan-desert-almeria-2022-en-casa-de-los-looser\/#primaryimage\",\"url\":\"https:\/\/d2p6e6u75xmxt8.cloudfront.net\/6\/2022\/10\/skoda_challenge_titan.webp\",\"contentUrl\":\"https:\/\/d2p6e6u75xmxt8.cloudfront.net\/6\/2022\/10\/skoda_challenge_titan.webp\",\"width\":1024,\"height\":682},{\"@type\":\"BreadcrumbList\",\"@id\":\"https:\/\/www.welovecycling.com\/es\/2022\/10\/14\/skoda-titan-desert-almeria-2022-en-casa-de-los-looser\/#breadcrumb\",\"itemListElement\":[{\"@type\":\"ListItem\",\"position\":1,\"name\":\"Home\",\"item\":\"https:\/\/www.welovecycling.com\/es\/\"},{\"@type\":\"ListItem\",\"position\":2,\"name\":\"\u0160koda Titan Desert Almer\u00eda 2022. En casa de los Looser\"}]},{\"@type\":\"WebSite\",\"@id\":\"https:\/\/www.welovecycling.com\/es\/#website\",\"url\":\"https:\/\/www.welovecycling.com\/es\/\",\"name\":\"\u0160koda We Love Cycling - Spain\",\"description\":\"\u0160koda WeLoveCycling Spain\",\"potentialAction\":[{\"@type\":\"SearchAction\",\"target\":{\"@type\":\"EntryPoint\",\"urlTemplate\":\"https:\/\/www.welovecycling.com\/es\/?s={search_term_string}\"},\"query-input\":{\"@type\":\"PropertyValueSpecification\",\"valueRequired\":true,\"valueName\":\"search_term_string\"}}],\"inLanguage\":\"es-ES\"},{\"@type\":\"Person\",\"@id\":\"https:\/\/www.welovecycling.com\/es\/#\/schema\/person\/deb61715b5812698ee79fb96f343ccd4\",\"name\":\"We Love Cycling Spain\",\"image\":{\"@type\":\"ImageObject\",\"inLanguage\":\"es-ES\",\"@id\":\"https:\/\/www.welovecycling.com\/es\/#\/schema\/person\/image\/\",\"url\":\"https:\/\/secure.gravatar.com\/avatar\/c824b04e6df0e37a03219d0b6481672889df542894588964102459e46513159c?s=96&d=mm&r=g\",\"contentUrl\":\"https:\/\/secure.gravatar.com\/avatar\/c824b04e6df0e37a03219d0b6481672889df542894588964102459e46513159c?s=96&d=mm&r=g\",\"caption\":\"We Love Cycling Spain\"},\"url\":\"https:\/\/www.welovecycling.com\/es\/author\/amunoz\/\"}]}<\/script>\n<!-- \/ Yoast SEO Premium plugin. -->","yoast_head_json":{"title":"\u0160koda Titan Desert Almer\u00eda 2022. En casa de los Looser - \u0160koda We Love Cycling - Spain","description":"\u0160koda Titan Desert Almer\u00eda 2022. En casa de los Looser. Victoria para Kenny y Vera Looser en una edici\u00f3n que vio el debut de Vi\u00f1ales.","robots":{"index":"index","follow":"follow","max-snippet":"max-snippet:-1","max-image-preview":"max-image-preview:large","max-video-preview":"max-video-preview:-1"},"canonical":"https:\/\/www.welovecycling.com\/es\/2022\/10\/14\/skoda-titan-desert-almeria-2022-en-casa-de-los-looser\/","og_locale":"es_ES","og_type":"article","og_title":"\u0160koda Titan Desert Almer\u00eda 2022. En casa de los Looser","og_description":"\u0160koda Titan Desert Almer\u00eda 2022. En casa de los Looser. Victoria para Kenny y Vera Looser en una edici\u00f3n que vio el debut de Vi\u00f1ales.","og_url":"https:\/\/www.welovecycling.com\/es\/2022\/10\/14\/skoda-titan-desert-almeria-2022-en-casa-de-los-looser\/","og_site_name":"\u0160koda We Love Cycling - Spain","article_published_time":"2022-10-14T15:07:11+00:00","article_modified_time":"2022-10-14T15:17:55+00:00","og_image":[{"width":1024,"height":682,"url":"https:\/\/d2p6e6u75xmxt8.cloudfront.net\/6\/2022\/10\/skoda_challenge_titan.webp","type":"image\/webp"}],"author":"We Love Cycling Spain","twitter_card":"summary_large_image","twitter_title":"\u0160koda Titan Desert Almer\u00eda 2022. En casa de los Looser","twitter_description":"\u0160koda Titan Desert Almer\u00eda 2022. En casa de los Looser. Victoria para Kenny y Vera Looser en una edici\u00f3n que vio el debut de Vi\u00f1ales.","twitter_misc":{"Written by":"Luis Ortega@Ciclored","Est. reading time":"4 minutes"},"schema":{"@context":"https:\/\/schema.org","@graph":[{"@type":"WebPage","@id":"https:\/\/www.welovecycling.com\/es\/2022\/10\/14\/skoda-titan-desert-almeria-2022-en-casa-de-los-looser\/","url":"https:\/\/www.welovecycling.com\/es\/2022\/10\/14\/skoda-titan-desert-almeria-2022-en-casa-de-los-looser\/","name":"\u0160koda Titan Desert Almer\u00eda 2022. En casa de los Looser - \u0160koda We Love Cycling - Spain","isPartOf":{"@id":"https:\/\/www.welovecycling.com\/es\/#website"},"primaryImageOfPage":{"@id":"https:\/\/www.welovecycling.com\/es\/2022\/10\/14\/skoda-titan-desert-almeria-2022-en-casa-de-los-looser\/#primaryimage"},"image":{"@id":"https:\/\/www.welovecycling.com\/es\/2022\/10\/14\/skoda-titan-desert-almeria-2022-en-casa-de-los-looser\/#primaryimage"},"thumbnailUrl":"https:\/\/d2p6e6u75xmxt8.cloudfront.net\/6\/2022\/10\/skoda_challenge_titan.webp","datePublished":"2022-10-14T15:07:11+00:00","dateModified":"2022-10-14T15:17:55+00:00","author":{"@id":"https:\/\/www.welovecycling.com\/es\/#\/schema\/person\/deb61715b5812698ee79fb96f343ccd4"},"description":"\u0160koda Titan Desert Almer\u00eda 2022. En casa de los Looser. Victoria para Kenny y Vera Looser en una edici\u00f3n que vio el debut de Vi\u00f1ales.","breadcrumb":{"@id":"https:\/\/www.welovecycling.com\/es\/2022\/10\/14\/skoda-titan-desert-almeria-2022-en-casa-de-los-looser\/#breadcrumb"},"inLanguage":"es-ES","potentialAction":[{"@type":"ReadAction","target":["https:\/\/www.welovecycling.com\/es\/2022\/10\/14\/skoda-titan-desert-almeria-2022-en-casa-de-los-looser\/"]}]},{"@type":"ImageObject","inLanguage":"es-ES","@id":"https:\/\/www.welovecycling.com\/es\/2022\/10\/14\/skoda-titan-desert-almeria-2022-en-casa-de-los-looser\/#primaryimage","url":"https:\/\/d2p6e6u75xmxt8.cloudfront.net\/6\/2022\/10\/skoda_challenge_titan.webp","contentUrl":"https:\/\/d2p6e6u75xmxt8.cloudfront.net\/6\/2022\/10\/skoda_challenge_titan.webp","width":1024,"height":682},{"@type":"BreadcrumbList","@id":"https:\/\/www.welovecycling.com\/es\/2022\/10\/14\/skoda-titan-desert-almeria-2022-en-casa-de-los-looser\/#breadcrumb","itemListElement":[{"@type":"ListItem","position":1,"name":"Home","item":"https:\/\/www.welovecycling.com\/es\/"},{"@type":"ListItem","position":2,"name":"\u0160koda Titan Desert Almer\u00eda 2022. En casa de los Looser"}]},{"@type":"WebSite","@id":"https:\/\/www.welovecycling.com\/es\/#website","url":"https:\/\/www.welovecycling.com\/es\/","name":"\u0160koda We Love Cycling - Spain","description":"\u0160koda WeLoveCycling Spain","potentialAction":[{"@type":"SearchAction","target":{"@type":"EntryPoint","urlTemplate":"https:\/\/www.welovecycling.com\/es\/?s={search_term_string}"},"query-input":{"@type":"PropertyValueSpecification","valueRequired":true,"valueName":"search_term_string"}}],"inLanguage":"es-ES"},{"@type":"Person","@id":"https:\/\/www.welovecycling.com\/es\/#\/schema\/person\/deb61715b5812698ee79fb96f343ccd4","name":"We Love Cycling Spain","image":{"@type":"ImageObject","inLanguage":"es-ES","@id":"https:\/\/www.welovecycling.com\/es\/#\/schema\/person\/image\/","url":"https:\/\/secure.gravatar.com\/avatar\/c824b04e6df0e37a03219d0b6481672889df542894588964102459e46513159c?s=96&d=mm&r=g","contentUrl":"https:\/\/secure.gravatar.com\/avatar\/c824b04e6df0e37a03219d0b6481672889df542894588964102459e46513159c?s=96&d=mm&r=g","caption":"We Love Cycling Spain"},"url":"https:\/\/www.welovecycling.com\/es\/author\/amunoz\/"}]}},"_links":{"self":[{"href":"https:\/\/www.welovecycling.com\/es\/wp-json\/wp\/v2\/posts\/9346","targetHints":{"allow":["GET"]}}],"collection":[{"href":"https:\/\/www.welovecycling.com\/es\/wp-json\/wp\/v2\/posts"}],"about":[{"href":"https:\/\/www.welovecycling.com\/es\/wp-json\/wp\/v2\/types\/post"}],"author":[{"embeddable":true,"href":"https:\/\/www.welovecycling.com\/es\/wp-json\/wp\/v2\/users\/29"}],"replies":[{"embeddable":true,"href":"https:\/\/www.welovecycling.com\/es\/wp-json\/wp\/v2\/comments?post=9346"}],"version-history":[{"count":1,"href":"https:\/\/www.welovecycling.com\/es\/wp-json\/wp\/v2\/posts\/9346\/revisions"}],"predecessor-version":[{"id":9349,"href":"https:\/\/www.welovecycling.com\/es\/wp-json\/wp\/v2\/posts\/9346\/revisions\/9349"}],"wp:featuredmedia":[{"embeddable":true,"href":"https:\/\/www.welovecycling.com\/es\/wp-json\/wp\/v2\/media\/9347"}],"wp:attachment":[{"href":"https:\/\/www.welovecycling.com\/es\/wp-json\/wp\/v2\/media?parent=9346"}],"wp:term":[{"taxonomy":"category","embeddable":true,"href":"https:\/\/www.welovecycling.com\/es\/wp-json\/wp\/v2\/categories?post=9346"},{"taxonomy":"post_tag","embeddable":true,"href":"https:\/\/www.welovecycling.com\/es\/wp-json\/wp\/v2\/tags?post=9346"},{"taxonomy":"global-categories","embeddable":true,"href":"https:\/\/www.welovecycling.com\/es\/wp-json\/wp\/v2\/global-categories?post=9346"}],"curies":[{"name":"wp","href":"https:\/\/api.w.org\/{rel}","templated":true}]}}