{"id":9327,"date":"2022-10-04T21:18:39","date_gmt":"2022-10-04T19:18:39","guid":{"rendered":"https:\/\/www.welovecycling.com\/es\/?p=9327"},"modified":"2022-10-04T21:18:39","modified_gmt":"2022-10-04T19:18:39","slug":"jovenes-ciclistas","status":"publish","type":"post","link":"https:\/\/www.welovecycling.com\/es\/2022\/10\/04\/jovenes-ciclistas\/","title":{"rendered":"La era de los j\u00f3venes ciclistas"},"content":{"rendered":"<p><strong>\u00bfQu\u00e9 tienen en com\u00fan Egan Bernal, Tadej Poga\u010dar, Remco Evenepoel, Jonas Vingegaard y Tao Geoghegan Hart? Todos ellos son ciclistas profesionales y han ganado una Gran Vuelta con 25 a\u00f1os o menos en los \u00faltimos tres a\u00f1os. Y Jai Hindley gan\u00f3 el Giro de Italia de 2022 cuando cumpl\u00eda 26 a\u00f1os. Estamos en la era de los j\u00f3venes ciclistas.<\/strong><\/p>\n<p><!--more--><\/p>\n<p>Para ser m\u00e1s exactos. Bernal ten\u00eda 22 a\u00f1os cuando gan\u00f3 el Tour de Francia 2019 y 24 cuando gan\u00f3 el Giro del a\u00f1o pasado. Poga\u010dar ten\u00eda 21 a\u00f1os cuando gan\u00f3 el primero de sus dos maillots amarillos del Tour de Francia, y tambi\u00e9n otros dos maillots (el de Rey de la Monta\u00f1a y el de joven ciclista); repiti\u00f3 esta haza\u00f1a a los 22 a\u00f1os. Evenepoel ten\u00eda 22 a\u00f1os cuando gan\u00f3 la <a href=\"https:\/\/www.welovecycling.com\/es\/2022\/09\/12\/evenepoel\/\">Vuelta a Espa\u00f1a<\/a> de este a\u00f1o y, dos semanas despu\u00e9s, el Mundial de Fondo. Vingegaard ten\u00eda 25 a\u00f1os cuando gan\u00f3 el Tour de este a\u00f1o y Hart ten\u00eda la misma edad cuando consigui\u00f3 una sorprendente victoria en el Giro de 2020.<\/p>\n<p>Son muchos corredores que ganan muchas carreras importantes a una edad muy temprana. Y puedes a\u00f1adir a eso corredores como Wout Van Aert que no han ganado una Gran Vuelta pero han ganado etapas de Grandes Vueltas y fueron influyentes con poco m\u00e1s de 20 a\u00f1os. De hecho, parece que los corredores j\u00f3venes se han apoderado de este deporte. Y tambi\u00e9n parece que cada a\u00f1o, otro joven corredor explota en la escena. Este a\u00f1o, por ejemplo, fueron Vingegaard y Evenepoel. Si miramos hacia el a\u00f1o que viene, parece que los principales trofeos se los pelear\u00e1n entre Bernal, Poga\u010dar, Evenepoel y Vingegaard. \u00bfEs esta una tendencia real y desde cu\u00e1ndo?<\/p>\n<p><a href=\"https:\/\/www.velonews.com\/culture\/the-outer-line-the-youth-movement-real-or-imaginary\/\">Seg\u00fan un estudio realizado por VeloNews<\/a>, la era de los j\u00f3venes ciclistas comenz\u00f3 realmente en 2015 y &#8220;pr\u00e1cticamente explot\u00f3&#8221; desde la aparici\u00f3n de Egan Bernal en 2017, cuando gan\u00f3 el Sibiu Cycling Tour, el Tour de Savoie Mont Blanc y el Tour de l&#8217;Avenir. &#8220;Gan\u00f3 impulso en 2019 cuando <a href=\"https:\/\/www.welovecycling.com\/es\/2022\/04\/07\/tour-flandes-2022\/\">Tadej Poga\u010dar<\/a>, de 20 a\u00f1os, gan\u00f3 el \u00faltimo Tour de California, y cuando Bernal reclam\u00f3 el podio del Tour de Francia m\u00e1s tarde ese verano, con solo 22 a\u00f1os&#8221;, escribi\u00f3 VeloNews. &#8220;Los talentos m\u00e1s j\u00f3venes no s\u00f3lo estaban siendo desarrollados por los mejores equipos, sino que el talento ya hab\u00eda llegado al escenario mundial&#8221;.<\/p>\n<p>\u00bfPor qu\u00e9 en esta era los j\u00f3venes ciclistas se han convertido de repente en las estrellas y no, como antes, en aprendices de sus mayores hasta que han aprendido el oficio lo suficientemente bien como para convertirse ellos mismos en estrellas? Una de las razones es sin duda que hay m\u00e1s ciclistas j\u00f3venes en general. Desde hace al menos una d\u00e9cada hay un auge de personas que montan en bicicleta como parte de una nueva estrategia de movilidad para reducir la contaminaci\u00f3n en las zonas urbanas y como parte de sus programas personales de fitness. Esta tendencia parece que va a continuar porque la epidemia de Covid provoc\u00f3 otro boom de ventas de bicicletas en todo el mundo, ya que la gente buscaba evitar contagiarse del virus.<\/p>\n<p>Otra raz\u00f3n puede ser que, a medida que estos nuevos ciclistas se interesaban por el deporte, los equipos de alto nivel dejaron de ser solo para la \u00e9lite. Como resultado, estos productos &#8211; medidores de potencia, entrenadores de ciclismo indoor, rastreadores de fitness, etc. &#8211; se volvieron menos costosos y, por lo tanto, m\u00e1s accesibles. Esto hizo posible que los ciclistas se convirtieran en buenos corredores a una edad temprana. Adem\u00e1s, estos j\u00f3venes ciclistas habr\u00edan conocido las mejores pr\u00e1cticas de la ciencia del deporte, como qu\u00e9 comer para mejorar su rendimiento, de modo que cuando decidieron convertirse en corredores profesionales de carretera, estaban mucho m\u00e1s preparados -y en mejor forma- que sus mayores a la misma edad.<\/p>\n<p>Por \u00faltimo (y esto puede ser una exageraci\u00f3n), es posible que los equipos ciclistas profesionales que necesitaban recortar sus presupuestos para sobrevivir hayan contratado a algunos de estos j\u00f3venes corredores y hayan dejado marchar a sus corredores m\u00e1s caros y mayores. Sin embargo, es casi seguro que, a medida que m\u00e1s corredores j\u00f3venes triunfen en la escena mundial, m\u00e1s equipos<strong> buscar\u00e1n fichar al pr\u00f3ximo Tadej Poga\u010dar o Remco Evenepoel lo antes posible<\/strong> y que la edad de los ganadores de Grandes Vueltas seguir\u00e1 disminuyendo. As\u00ed que tenemos que preguntarnos: <strong>\u00bfCu\u00e1ndo ganar\u00e1 el Tour de Francia el primer adolescente?<\/strong><\/p>\n","protected":false},"excerpt":{"rendered":"<p>\u00bfQu\u00e9 tienen en com\u00fan Egan Bernal, Tadej Poga\u010dar, Remco Evenepoel, Jonas Vingegaard y Tao Geoghegan Hart? Todos ellos son ciclistas [&hellip;]<\/p>\n","protected":false},"author":29,"featured_media":9329,"comment_status":"open","ping_status":"open","sticky":false,"template":"","format":"standard","meta":{"footnotes":""},"categories":[7],"tags":[1660,1219],"global-categories":[],"class_list":["post-9327","post","type-post","status-publish","format-standard","has-post-thumbnail","hentry","category-carretera","tag-evenepoel","tag-pogacar"],"yoast_head":"<!-- This site is optimized with the Yoast SEO Premium plugin v25.3 (Yoast SEO v25.9) - https:\/\/yoast.com\/wordpress\/plugins\/seo\/ -->\n<title>La era de los j\u00f3venes ciclistas - We Love Cycling<\/title>\n<meta name=\"description\" content=\"La era de los j\u00f3venes ciclistas. \u00bfPor qu\u00e9 ahora destacan tantos menores de 25 a\u00f1os como Pogacar o Evenepoel y antes no?\" \/>\n<meta name=\"robots\" content=\"index, follow, max-snippet:-1, max-image-preview:large, max-video-preview:-1\" \/>\n<link rel=\"canonical\" href=\"https:\/\/www.welovecycling.com\/es\/2022\/10\/04\/jovenes-ciclistas\/\" \/>\n<meta property=\"og:locale\" content=\"es_ES\" \/>\n<meta property=\"og:type\" content=\"article\" \/>\n<meta property=\"og:title\" content=\"La era de los j\u00f3venes ciclistas\" \/>\n<meta property=\"og:description\" content=\"La era de los j\u00f3venes ciclistas. \u00bfPor qu\u00e9 ahora destacan tantos menores de 25 a\u00f1os como Pogacar o Evenepoel y antes no?\" \/>\n<meta property=\"og:url\" content=\"https:\/\/www.welovecycling.com\/es\/2022\/10\/04\/jovenes-ciclistas\/\" \/>\n<meta property=\"og:site_name\" content=\"\u0160koda We Love Cycling - Spain\" \/>\n<meta property=\"article:published_time\" content=\"2022-10-04T19:18:39+00:00\" \/>\n<meta property=\"og:image\" content=\"https:\/\/d2p6e6u75xmxt8.cloudfront.net\/6\/2022\/10\/Vingegaard-Pogacar-profimedia-0709548351.CVR_.jpg\" \/>\n\t<meta property=\"og:image:width\" content=\"990\" \/>\n\t<meta property=\"og:image:height\" content=\"660\" \/>\n\t<meta property=\"og:image:type\" content=\"image\/jpeg\" \/>\n<meta name=\"author\" content=\"We Love Cycling Spain\" \/>\n<meta name=\"twitter:card\" content=\"summary_large_image\" \/>\n<meta name=\"twitter:title\" content=\"La era de los j\u00f3venes ciclistas\" \/>\n<meta name=\"twitter:description\" content=\"La era de los j\u00f3venes ciclistas. \u00bfPor qu\u00e9 ahora destacan tantos menores de 25 a\u00f1os como Pogacar o Evenepoel y antes no?\" \/>\n<meta name=\"twitter:label1\" content=\"Written by\" \/>\n\t<meta name=\"twitter:data1\" content=\"Siegfried Mortkowitz\" \/>\n\t<meta name=\"twitter:label2\" content=\"Est. reading time\" \/>\n\t<meta name=\"twitter:data2\" content=\"5\" \/>\n<script type=\"application\/ld+json\" class=\"yoast-schema-graph\">{\"@context\":\"https:\/\/schema.org\",\"@graph\":[{\"@type\":\"WebPage\",\"@id\":\"https:\/\/www.welovecycling.com\/es\/2022\/10\/04\/jovenes-ciclistas\/\",\"url\":\"https:\/\/www.welovecycling.com\/es\/2022\/10\/04\/jovenes-ciclistas\/\",\"name\":\"La era de los j\u00f3venes ciclistas - We Love Cycling\",\"isPartOf\":{\"@id\":\"https:\/\/www.welovecycling.com\/es\/#website\"},\"primaryImageOfPage\":{\"@id\":\"https:\/\/www.welovecycling.com\/es\/2022\/10\/04\/jovenes-ciclistas\/#primaryimage\"},\"image\":{\"@id\":\"https:\/\/www.welovecycling.com\/es\/2022\/10\/04\/jovenes-ciclistas\/#primaryimage\"},\"thumbnailUrl\":\"https:\/\/d2p6e6u75xmxt8.cloudfront.net\/6\/2022\/10\/Vingegaard-Pogacar-profimedia-0709548351.CVR_.jpg\",\"datePublished\":\"2022-10-04T19:18:39+00:00\",\"author\":{\"@id\":\"https:\/\/www.welovecycling.com\/es\/#\/schema\/person\/deb61715b5812698ee79fb96f343ccd4\"},\"description\":\"La era de los j\u00f3venes ciclistas. \u00bfPor qu\u00e9 ahora destacan tantos menores de 25 a\u00f1os como Pogacar o Evenepoel y antes no?\",\"breadcrumb\":{\"@id\":\"https:\/\/www.welovecycling.com\/es\/2022\/10\/04\/jovenes-ciclistas\/#breadcrumb\"},\"inLanguage\":\"es-ES\",\"potentialAction\":[{\"@type\":\"ReadAction\",\"target\":[\"https:\/\/www.welovecycling.com\/es\/2022\/10\/04\/jovenes-ciclistas\/\"]}]},{\"@type\":\"ImageObject\",\"inLanguage\":\"es-ES\",\"@id\":\"https:\/\/www.welovecycling.com\/es\/2022\/10\/04\/jovenes-ciclistas\/#primaryimage\",\"url\":\"https:\/\/d2p6e6u75xmxt8.cloudfront.net\/6\/2022\/10\/Vingegaard-Pogacar-profimedia-0709548351.CVR_.jpg\",\"contentUrl\":\"https:\/\/d2p6e6u75xmxt8.cloudfront.net\/6\/2022\/10\/Vingegaard-Pogacar-profimedia-0709548351.CVR_.jpg\",\"width\":990,\"height\":660,\"caption\":\"V\u00edngegaard and Poga\u010dar at the Tour\"},{\"@type\":\"BreadcrumbList\",\"@id\":\"https:\/\/www.welovecycling.com\/es\/2022\/10\/04\/jovenes-ciclistas\/#breadcrumb\",\"itemListElement\":[{\"@type\":\"ListItem\",\"position\":1,\"name\":\"Home\",\"item\":\"https:\/\/www.welovecycling.com\/es\/\"},{\"@type\":\"ListItem\",\"position\":2,\"name\":\"La era de los j\u00f3venes ciclistas\"}]},{\"@type\":\"WebSite\",\"@id\":\"https:\/\/www.welovecycling.com\/es\/#website\",\"url\":\"https:\/\/www.welovecycling.com\/es\/\",\"name\":\"\u0160koda We Love Cycling - Spain\",\"description\":\"\u0160koda WeLoveCycling Spain\",\"potentialAction\":[{\"@type\":\"SearchAction\",\"target\":{\"@type\":\"EntryPoint\",\"urlTemplate\":\"https:\/\/www.welovecycling.com\/es\/?s={search_term_string}\"},\"query-input\":{\"@type\":\"PropertyValueSpecification\",\"valueRequired\":true,\"valueName\":\"search_term_string\"}}],\"inLanguage\":\"es-ES\"},{\"@type\":\"Person\",\"@id\":\"https:\/\/www.welovecycling.com\/es\/#\/schema\/person\/deb61715b5812698ee79fb96f343ccd4\",\"name\":\"We Love Cycling Spain\",\"image\":{\"@type\":\"ImageObject\",\"inLanguage\":\"es-ES\",\"@id\":\"https:\/\/www.welovecycling.com\/es\/#\/schema\/person\/image\/\",\"url\":\"https:\/\/secure.gravatar.com\/avatar\/c824b04e6df0e37a03219d0b6481672889df542894588964102459e46513159c?s=96&d=mm&r=g\",\"contentUrl\":\"https:\/\/secure.gravatar.com\/avatar\/c824b04e6df0e37a03219d0b6481672889df542894588964102459e46513159c?s=96&d=mm&r=g\",\"caption\":\"We Love Cycling Spain\"},\"url\":\"https:\/\/www.welovecycling.com\/es\/author\/amunoz\/\"}]}<\/script>\n<!-- \/ Yoast SEO Premium plugin. -->","yoast_head_json":{"title":"La era de los j\u00f3venes ciclistas - We Love Cycling","description":"La era de los j\u00f3venes ciclistas. \u00bfPor qu\u00e9 ahora destacan tantos menores de 25 a\u00f1os como Pogacar o Evenepoel y antes no?","robots":{"index":"index","follow":"follow","max-snippet":"max-snippet:-1","max-image-preview":"max-image-preview:large","max-video-preview":"max-video-preview:-1"},"canonical":"https:\/\/www.welovecycling.com\/es\/2022\/10\/04\/jovenes-ciclistas\/","og_locale":"es_ES","og_type":"article","og_title":"La era de los j\u00f3venes ciclistas","og_description":"La era de los j\u00f3venes ciclistas. \u00bfPor qu\u00e9 ahora destacan tantos menores de 25 a\u00f1os como Pogacar o Evenepoel y antes no?","og_url":"https:\/\/www.welovecycling.com\/es\/2022\/10\/04\/jovenes-ciclistas\/","og_site_name":"\u0160koda We Love Cycling - Spain","article_published_time":"2022-10-04T19:18:39+00:00","og_image":[{"width":990,"height":660,"url":"https:\/\/d2p6e6u75xmxt8.cloudfront.net\/6\/2022\/10\/Vingegaard-Pogacar-profimedia-0709548351.CVR_.jpg","type":"image\/jpeg"}],"author":"We Love Cycling Spain","twitter_card":"summary_large_image","twitter_title":"La era de los j\u00f3venes ciclistas","twitter_description":"La era de los j\u00f3venes ciclistas. \u00bfPor qu\u00e9 ahora destacan tantos menores de 25 a\u00f1os como Pogacar o Evenepoel y antes no?","twitter_misc":{"Written by":"Siegfried Mortkowitz","Est. reading time":"5"},"schema":{"@context":"https:\/\/schema.org","@graph":[{"@type":"WebPage","@id":"https:\/\/www.welovecycling.com\/es\/2022\/10\/04\/jovenes-ciclistas\/","url":"https:\/\/www.welovecycling.com\/es\/2022\/10\/04\/jovenes-ciclistas\/","name":"La era de los j\u00f3venes ciclistas - We Love Cycling","isPartOf":{"@id":"https:\/\/www.welovecycling.com\/es\/#website"},"primaryImageOfPage":{"@id":"https:\/\/www.welovecycling.com\/es\/2022\/10\/04\/jovenes-ciclistas\/#primaryimage"},"image":{"@id":"https:\/\/www.welovecycling.com\/es\/2022\/10\/04\/jovenes-ciclistas\/#primaryimage"},"thumbnailUrl":"https:\/\/d2p6e6u75xmxt8.cloudfront.net\/6\/2022\/10\/Vingegaard-Pogacar-profimedia-0709548351.CVR_.jpg","datePublished":"2022-10-04T19:18:39+00:00","author":{"@id":"https:\/\/www.welovecycling.com\/es\/#\/schema\/person\/deb61715b5812698ee79fb96f343ccd4"},"description":"La era de los j\u00f3venes ciclistas. \u00bfPor qu\u00e9 ahora destacan tantos menores de 25 a\u00f1os como Pogacar o Evenepoel y antes no?","breadcrumb":{"@id":"https:\/\/www.welovecycling.com\/es\/2022\/10\/04\/jovenes-ciclistas\/#breadcrumb"},"inLanguage":"es-ES","potentialAction":[{"@type":"ReadAction","target":["https:\/\/www.welovecycling.com\/es\/2022\/10\/04\/jovenes-ciclistas\/"]}]},{"@type":"ImageObject","inLanguage":"es-ES","@id":"https:\/\/www.welovecycling.com\/es\/2022\/10\/04\/jovenes-ciclistas\/#primaryimage","url":"https:\/\/d2p6e6u75xmxt8.cloudfront.net\/6\/2022\/10\/Vingegaard-Pogacar-profimedia-0709548351.CVR_.jpg","contentUrl":"https:\/\/d2p6e6u75xmxt8.cloudfront.net\/6\/2022\/10\/Vingegaard-Pogacar-profimedia-0709548351.CVR_.jpg","width":990,"height":660,"caption":"V\u00edngegaard and Poga\u010dar at the Tour"},{"@type":"BreadcrumbList","@id":"https:\/\/www.welovecycling.com\/es\/2022\/10\/04\/jovenes-ciclistas\/#breadcrumb","itemListElement":[{"@type":"ListItem","position":1,"name":"Home","item":"https:\/\/www.welovecycling.com\/es\/"},{"@type":"ListItem","position":2,"name":"La era de los j\u00f3venes ciclistas"}]},{"@type":"WebSite","@id":"https:\/\/www.welovecycling.com\/es\/#website","url":"https:\/\/www.welovecycling.com\/es\/","name":"\u0160koda We Love Cycling - Spain","description":"\u0160koda WeLoveCycling Spain","potentialAction":[{"@type":"SearchAction","target":{"@type":"EntryPoint","urlTemplate":"https:\/\/www.welovecycling.com\/es\/?s={search_term_string}"},"query-input":{"@type":"PropertyValueSpecification","valueRequired":true,"valueName":"search_term_string"}}],"inLanguage":"es-ES"},{"@type":"Person","@id":"https:\/\/www.welovecycling.com\/es\/#\/schema\/person\/deb61715b5812698ee79fb96f343ccd4","name":"We Love Cycling Spain","image":{"@type":"ImageObject","inLanguage":"es-ES","@id":"https:\/\/www.welovecycling.com\/es\/#\/schema\/person\/image\/","url":"https:\/\/secure.gravatar.com\/avatar\/c824b04e6df0e37a03219d0b6481672889df542894588964102459e46513159c?s=96&d=mm&r=g","contentUrl":"https:\/\/secure.gravatar.com\/avatar\/c824b04e6df0e37a03219d0b6481672889df542894588964102459e46513159c?s=96&d=mm&r=g","caption":"We Love Cycling Spain"},"url":"https:\/\/www.welovecycling.com\/es\/author\/amunoz\/"}]}},"_links":{"self":[{"href":"https:\/\/www.welovecycling.com\/es\/wp-json\/wp\/v2\/posts\/9327","targetHints":{"allow":["GET"]}}],"collection":[{"href":"https:\/\/www.welovecycling.com\/es\/wp-json\/wp\/v2\/posts"}],"about":[{"href":"https:\/\/www.welovecycling.com\/es\/wp-json\/wp\/v2\/types\/post"}],"author":[{"embeddable":true,"href":"https:\/\/www.welovecycling.com\/es\/wp-json\/wp\/v2\/users\/29"}],"replies":[{"embeddable":true,"href":"https:\/\/www.welovecycling.com\/es\/wp-json\/wp\/v2\/comments?post=9327"}],"version-history":[{"count":1,"href":"https:\/\/www.welovecycling.com\/es\/wp-json\/wp\/v2\/posts\/9327\/revisions"}],"predecessor-version":[{"id":9334,"href":"https:\/\/www.welovecycling.com\/es\/wp-json\/wp\/v2\/posts\/9327\/revisions\/9334"}],"wp:featuredmedia":[{"embeddable":true,"href":"https:\/\/www.welovecycling.com\/es\/wp-json\/wp\/v2\/media\/9329"}],"wp:attachment":[{"href":"https:\/\/www.welovecycling.com\/es\/wp-json\/wp\/v2\/media?parent=9327"}],"wp:term":[{"taxonomy":"category","embeddable":true,"href":"https:\/\/www.welovecycling.com\/es\/wp-json\/wp\/v2\/categories?post=9327"},{"taxonomy":"post_tag","embeddable":true,"href":"https:\/\/www.welovecycling.com\/es\/wp-json\/wp\/v2\/tags?post=9327"},{"taxonomy":"global-categories","embeddable":true,"href":"https:\/\/www.welovecycling.com\/es\/wp-json\/wp\/v2\/global-categories?post=9327"}],"curies":[{"name":"wp","href":"https:\/\/api.w.org\/{rel}","templated":true}]}}