{"id":9311,"date":"2022-09-26T17:00:56","date_gmt":"2022-09-26T15:00:56","guid":{"rendered":"https:\/\/www.welovecycling.com\/es\/?p=9311"},"modified":"2022-09-26T17:00:56","modified_gmt":"2022-09-26T15:00:56","slug":"evenepoel-mundiales","status":"publish","type":"post","link":"https:\/\/www.welovecycling.com\/es\/2022\/09\/26\/evenepoel-mundiales\/","title":{"rendered":"Evenepoel se corona en los Mundiales de Wollongong 2022"},"content":{"rendered":"<p><strong>En muchos sentidos, la parte masculina de \u00e9lite de los Mundiales, celebrados en Wollongong (Australia), ofreci\u00f3 dos enormes carreras. El primer d\u00eda de la competici\u00f3n, se produjo una enorme sorpresa en la contrarreloj individual, ya que un noruego no esperado, Lukas Foss, se impuso a los mejores contrarrelojistas del mundo, entre ellos el bicampe\u00f3n defensor, el italiano Filippo Gana, el ex campe\u00f3n europeo, el suizo Stefan K\u00fcng, y Tadej Poga\u010dar. El \u00faltimo d\u00eda, el belga Remco Evenepoel, ganador de la Vuelta, destroz\u00f3 un pelot\u00f3n de gran categor\u00eda con una mezcla de ataque oportunista y enorme potencia.<\/strong><\/p>\n<p><!--more--><\/p>\n<p>Para empezar por el final, est\u00e1 claro que Evenepoel no estaba demasiado cansado despu\u00e9s de su impresionante victoria en la Vuelta a Espa\u00f1a dos semanas antes. En todo caso, esa victoria le dio alas porque tambi\u00e9n termin\u00f3 tercero en la contrarreloj. Su actuaci\u00f3n en la carrera en ruta fue tan dominante que se acab\u00f3 a falta de 30 km para el final, cuando se march\u00f3 en solitario y sigui\u00f3 aumentando su ventaja hasta la meta. Su diferencia con el segundo clasificado, el franc\u00e9s Christophe Laporte (y con todo el pelot\u00f3n) fue de nada menos que 2 minutos y 21 segundos. La mejor esperanza del pa\u00eds anfitri\u00f3n, Michael Matthews, termin\u00f3 tercero, justo por delante del favorito antes de la carrera, Wout van Aert.<\/p>\n<p>Evenepoel fue m\u00e1s astuto que el resto del pelot\u00f3n, lo que le permiti\u00f3 escaparse con otros 25 corredores a falta de 60 km para el final de la carrera. La ventaja lleg\u00f3 a ser de 2 minutos, ya que el pelot\u00f3n nunca estuvo lo suficientemente organizado como para formar una persecuci\u00f3n seria hasta que fue demasiado tarde. Finalmente, Evenepoel se separ\u00f3 del grupo de escapada con el corredor kazajo Alexei Lutsenko, que se qued\u00f3 comiendo el polvo del ganador en la pen\u00faltima subida, la und\u00e9cima de Mount Pleasant, cuando el belga aument\u00f3 el ritmo hasta un nivel inalcanzable.<\/p>\n<div class=\"embed-controller-wrapper\">\n<blockquote class=\"twitter-tweet\" data-width=\"500\" data-dnt=\"true\">\n<p lang=\"en\" dir=\"ltr\">Wollongong, the theatre of dreams \ud83c\udf08<\/p>\n<p>The Elite Men Road Race was unforgettable! \ud83d\udeb4\u200d\u2642\ufe0f\ud83d\udca8<br \/>\ud83e\udd47<a href=\"https:\/\/twitter.com\/EvenepoelRemco?ref_src=twsrc%5Etfw\">@EvenepoelRemco<\/a> \ud83c\udde7\ud83c\uddea<br \/>\ud83e\udd48<a href=\"https:\/\/twitter.com\/LAPORTEChristop?ref_src=twsrc%5Etfw\">@LAPORTEChristop<\/a> \ud83c\uddeb\ud83c\uddf7<br \/>\ud83e\udd49<a href=\"https:\/\/twitter.com\/blingmatthews?ref_src=twsrc%5Etfw\">@blingmatthews<\/a> \ud83c\udde6\ud83c\uddfa<\/p>\n<p>\ud83d\udcf8 <a href=\"https:\/\/twitter.com\/GettySport?ref_src=twsrc%5Etfw\">@GettySport<\/a><a href=\"https:\/\/twitter.com\/hashtag\/wollongong2022?src=hash&amp;ref_src=twsrc%5Etfw\">#wollongong2022<\/a> <a href=\"https:\/\/twitter.com\/hashtag\/rideofyourlife?src=hash&amp;ref_src=twsrc%5Etfw\">#rideofyourlife<\/a> <a href=\"https:\/\/t.co\/PZUJNakyXL\">pic.twitter.com\/PZUJNakyXL<\/a><\/p>\n<p>&mdash; Wollongong2022 (@wollongong2022) <a href=\"https:\/\/twitter.com\/wollongong2022\/status\/1573974325710970880?ref_src=twsrc%5Etfw\">September 25, 2022<\/a><\/p><\/blockquote>\n<p><script async data-src=\"https:\/\/platform.twitter.com\/widgets.js\" charset=\"utf-8\"><\/script><\/div>\n<p>La victoria de <a href=\"https:\/\/www.welovecycling.com\/wide\/2022\/09\/19\/tobias-foss-on-becoming-time-trial-world-champ-if-i-were-a-top-10-today-i-would-be-really-satisfied\/\">Foss <\/a>en la contrarreloj fue totalmente inesperada, ya que su victoria anterior m\u00e1s importante en el circuito hab\u00eda sido un maillot amarillo en el Tour de l&#8217;Avenir 2019. Sin embargo, una mirada cuidadosa a su historial muestra que gan\u00f3 el campeonato noruego de contrarreloj sub-23 en 2016 y el campeonato noruego de contrarreloj en 2021 y este a\u00f1o. As\u00ed que obviamente ten\u00eda el talento. Pero estoy seguro de que nunca se le consider\u00f3 un contendiente serio porque los noruegos no reciben suficiente respeto como ciclistas. Pues bien, eso est\u00e1 a punto de cambiar porque el campeonato mundial de contrarreloj\u00a0 sub-23 tambi\u00e9n lo gan\u00f3 un noruego, S\u00f8ren W\u00e6renskjold.<\/p>\n<p>Foss debi\u00f3 calcular la carrera con mucha precisi\u00f3n porque la gan\u00f3 en el tramo final, donde K\u00fcng y sobre todo Ganna perdieron un tiempo valioso frente al ganador. K\u00fcng, que hab\u00eda liderado en los dos primeros controles horarios, termin\u00f3 segundo, a 3 segundos, con Evenepoel a 9 segundos. Poga\u010dar fue sexto, a 48 segundos, y Ganna s\u00e9ptimo, a 56 segundos.<\/p>\n<p>Fue un campeonato descorazonador para Poga\u010dar, que no ha tenido un buen a\u00f1o, perdiendo el Tour de Francia a manos de Jonas Vingegaard (que decidi\u00f3 no correr en los campeonatos). Los campeonatos tambi\u00e9n fueron una decepci\u00f3n para el compa\u00f1ero de equipo belga de Evenepoel, van Aert, que hab\u00eda decidido saltarse la contrarreloj para concentrarse en ganar la carrera en ruta. Sin embargo, su compatriota ten\u00eda un mejor plan y mejores piernas. Van Aert incluso se qued\u00f3 corto al esprintar por la plata y el bronce, terminando cuarto por detr\u00e1s de Laporte, su compa\u00f1ero del Jumbo-Visma, y de Mathews.<\/p>\n<p>Pero la peor experiencia del campeonato fue la de uno de los favoritos de la carrera en ruta, el holand\u00e9s Mathieu van der Poel. La noche anterior a la carrera, fue despertado en su hotel por unos adolescentes que llamaban repetidamente a su puerta. <a href=\"https:\/\/www.velonews.com\/news\/road\/christoph-roodhooft-mathieu-van-der-poel-left-mentally-broken-after-uci-road-world-championships-arrest\/\">Seg\u00fan las noticias<\/a>, Van der Poel sali\u00f3 de su habitaci\u00f3n para pedir que cesara el ruido, y se vio envuelto en una pelea con dos chicas, que condujo a su detenci\u00f3n por la polic\u00eda local. Volvi\u00f3 a su hotel a las 4 de la ma\u00f1ana y estuvo en la salida de la carrera, pero abandon\u00f3 tras s\u00f3lo 30 kil\u00f3metros. Seg\u00fan el director de su equipo Alpecin-Deceuninck, Christoph Roodhooft, el incidente ha dejado al ciclista holand\u00e9s &#8220;mentalmente destrozado&#8221;.<\/p>\n<p>Por otro lado, Evenepoel ha tenido un gran a\u00f1o, como \u00e9l mismo reconoci\u00f3. &#8220;Es incre\u00edble lo que he conseguido este a\u00f1o&#8221;, dijo a los periodistas. &#8220;Una temporada no puede ser mejor: ganar un monumento [la Lieja-Bastogne-Lieja], un maillot arco iris [el Campeonato del Mundo] y una Gran Vuelta [la Vuelta]. Creo que no se puede hacer nada mejor que el a\u00f1o que estoy haciendo ahora&#8221;. Tambi\u00e9n es el primer corredor que gana una Gran Vuelta y el campeonato del mundo desde 1989, cuando <a href=\"https:\/\/www.welovecycling.com\/es\/2022\/01\/03\/greg-lemond\/\">Greg LeMond<\/a> lo consigui\u00f3.<\/p>\n<p>Otro corredor del pasado que gan\u00f3 una Gran Vuelta y un campeonato del mundo en el mismo a\u00f1o fue el gran Eddy Merckx, que lo hizo dos veces. Despu\u00e9s de la victoria de Evenepoel en el campeonato del mundo, los comentaristas se apresuraron a compararlo &#8211; como antes lo hicieron con Pogacar y Van Aert &#8211; con el Can\u00edbal. Esto s\u00f3lo demuestra que s\u00f3lo hay un Eddy Merckx, que domin\u00f3 el deporte y fue incomparable durante m\u00e1s de una d\u00e9cada. Se ha comparado a tantos corredores actuales con Merckx que es probable -aunque es demasiado pronto para decirlo- que ni Evenepoel, ni Van Aert, ni Poga\u010dar dominen el deporte como lo hizo Merckx, y que tal vez el verdadero &#8220;pr\u00f3ximo Eddy <a href=\"https:\/\/www.welovecycling.com\/es\/2021\/11\/05\/remco-evenepoel\/\">Merckx<\/a>&#8221; siga esperando entre bastidores. Mientras tanto, los aficionados al ciclismo podemos esperar a\u00f1os de grandes competiciones y maravillosas actuaciones de los Eddy Merckx que tenemos la suerte de tener.<\/p>\n","protected":false},"excerpt":{"rendered":"<p>En muchos sentidos, la parte masculina de \u00e9lite de los Mundiales, celebrados en Wollongong (Australia), ofreci\u00f3 dos enormes carreras. El [&hellip;]<\/p>\n","protected":false},"author":29,"featured_media":9314,"comment_status":"open","ping_status":"open","sticky":false,"template":"","format":"standard","meta":{"footnotes":""},"categories":[7],"tags":[1660,2193],"global-categories":[],"class_list":["post-9311","post","type-post","status-publish","format-standard","has-post-thumbnail","hentry","category-carretera","tag-evenepoel","tag-mundiales-2022"],"yoast_head":"<!-- This site is optimized with the Yoast SEO Premium plugin v25.3 (Yoast SEO v25.9) - https:\/\/yoast.com\/wordpress\/plugins\/seo\/ -->\n<title>Evenepoel se corona en los Mundiales de Wollongong 2022<\/title>\n<meta name=\"description\" content=\"Evenepoel se corona en los Mundiales de Wollongong 2022. El belga ha sido el aut\u00e9ntico protagonista de la versi\u00f3n elite masculina.\" \/>\n<meta name=\"robots\" content=\"index, follow, max-snippet:-1, max-image-preview:large, max-video-preview:-1\" \/>\n<link rel=\"canonical\" href=\"https:\/\/www.welovecycling.com\/es\/2022\/09\/26\/evenepoel-mundiales\/\" \/>\n<meta property=\"og:locale\" content=\"es_ES\" \/>\n<meta property=\"og:type\" content=\"article\" \/>\n<meta property=\"og:title\" content=\"Evenepoel se corona en los Mundiales de Wollongong 2022\" \/>\n<meta property=\"og:description\" content=\"Evenepoel se corona en los Mundiales de Wollongong 2022. El belga ha sido el aut\u00e9ntico protagonista de la versi\u00f3n elite masculina.\" \/>\n<meta property=\"og:url\" content=\"https:\/\/www.welovecycling.com\/es\/2022\/09\/26\/evenepoel-mundiales\/\" \/>\n<meta property=\"og:site_name\" content=\"\u0160koda We Love Cycling - Spain\" \/>\n<meta property=\"article:published_time\" content=\"2022-09-26T15:00:56+00:00\" \/>\n<meta property=\"og:image\" content=\"https:\/\/d2p6e6u75xmxt8.cloudfront.net\/6\/2022\/09\/2022-UCI-World-Championships-profimedia-0726028379-CVR.jpg\" \/>\n\t<meta property=\"og:image:width\" content=\"990\" \/>\n\t<meta property=\"og:image:height\" content=\"660\" \/>\n\t<meta property=\"og:image:type\" content=\"image\/jpeg\" \/>\n<meta name=\"author\" content=\"We Love Cycling Spain\" \/>\n<meta name=\"twitter:card\" content=\"summary_large_image\" \/>\n<meta name=\"twitter:title\" content=\"Evenepoel se corona en los Mundiales de Wollongong 2022\" \/>\n<meta name=\"twitter:description\" content=\"Evenepoel se corona en los Mundiales de Wollongong 2022. El belga ha sido el aut\u00e9ntico protagonista de la versi\u00f3n elite masculina.\" \/>\n<meta name=\"twitter:label1\" content=\"Written by\" \/>\n\t<meta name=\"twitter:data1\" content=\"Siegfried Mortkowitz\" \/>\n\t<meta name=\"twitter:label2\" content=\"Est. reading time\" \/>\n\t<meta name=\"twitter:data2\" content=\"5\" \/>\n<script type=\"application\/ld+json\" class=\"yoast-schema-graph\">{\"@context\":\"https:\/\/schema.org\",\"@graph\":[{\"@type\":\"WebPage\",\"@id\":\"https:\/\/www.welovecycling.com\/es\/2022\/09\/26\/evenepoel-mundiales\/\",\"url\":\"https:\/\/www.welovecycling.com\/es\/2022\/09\/26\/evenepoel-mundiales\/\",\"name\":\"Evenepoel se corona en los Mundiales de Wollongong 2022\",\"isPartOf\":{\"@id\":\"https:\/\/www.welovecycling.com\/es\/#website\"},\"primaryImageOfPage\":{\"@id\":\"https:\/\/www.welovecycling.com\/es\/2022\/09\/26\/evenepoel-mundiales\/#primaryimage\"},\"image\":{\"@id\":\"https:\/\/www.welovecycling.com\/es\/2022\/09\/26\/evenepoel-mundiales\/#primaryimage\"},\"thumbnailUrl\":\"https:\/\/d2p6e6u75xmxt8.cloudfront.net\/6\/2022\/09\/2022-UCI-World-Championships-profimedia-0726028379-CVR.jpg\",\"datePublished\":\"2022-09-26T15:00:56+00:00\",\"author\":{\"@id\":\"https:\/\/www.welovecycling.com\/es\/#\/schema\/person\/deb61715b5812698ee79fb96f343ccd4\"},\"description\":\"Evenepoel se corona en los Mundiales de Wollongong 2022. El belga ha sido el aut\u00e9ntico protagonista de la versi\u00f3n elite masculina.\",\"breadcrumb\":{\"@id\":\"https:\/\/www.welovecycling.com\/es\/2022\/09\/26\/evenepoel-mundiales\/#breadcrumb\"},\"inLanguage\":\"es-ES\",\"potentialAction\":[{\"@type\":\"ReadAction\",\"target\":[\"https:\/\/www.welovecycling.com\/es\/2022\/09\/26\/evenepoel-mundiales\/\"]}]},{\"@type\":\"ImageObject\",\"inLanguage\":\"es-ES\",\"@id\":\"https:\/\/www.welovecycling.com\/es\/2022\/09\/26\/evenepoel-mundiales\/#primaryimage\",\"url\":\"https:\/\/d2p6e6u75xmxt8.cloudfront.net\/6\/2022\/09\/2022-UCI-World-Championships-profimedia-0726028379-CVR.jpg\",\"contentUrl\":\"https:\/\/d2p6e6u75xmxt8.cloudfront.net\/6\/2022\/09\/2022-UCI-World-Championships-profimedia-0726028379-CVR.jpg\",\"width\":990,\"height\":660,\"caption\":\"2022 UCI World Championships\"},{\"@type\":\"BreadcrumbList\",\"@id\":\"https:\/\/www.welovecycling.com\/es\/2022\/09\/26\/evenepoel-mundiales\/#breadcrumb\",\"itemListElement\":[{\"@type\":\"ListItem\",\"position\":1,\"name\":\"Home\",\"item\":\"https:\/\/www.welovecycling.com\/es\/\"},{\"@type\":\"ListItem\",\"position\":2,\"name\":\"Evenepoel se corona en los Mundiales de Wollongong 2022\"}]},{\"@type\":\"WebSite\",\"@id\":\"https:\/\/www.welovecycling.com\/es\/#website\",\"url\":\"https:\/\/www.welovecycling.com\/es\/\",\"name\":\"\u0160koda We Love Cycling - Spain\",\"description\":\"\u0160koda WeLoveCycling Spain\",\"potentialAction\":[{\"@type\":\"SearchAction\",\"target\":{\"@type\":\"EntryPoint\",\"urlTemplate\":\"https:\/\/www.welovecycling.com\/es\/?s={search_term_string}\"},\"query-input\":{\"@type\":\"PropertyValueSpecification\",\"valueRequired\":true,\"valueName\":\"search_term_string\"}}],\"inLanguage\":\"es-ES\"},{\"@type\":\"Person\",\"@id\":\"https:\/\/www.welovecycling.com\/es\/#\/schema\/person\/deb61715b5812698ee79fb96f343ccd4\",\"name\":\"We Love Cycling Spain\",\"image\":{\"@type\":\"ImageObject\",\"inLanguage\":\"es-ES\",\"@id\":\"https:\/\/www.welovecycling.com\/es\/#\/schema\/person\/image\/\",\"url\":\"https:\/\/secure.gravatar.com\/avatar\/c824b04e6df0e37a03219d0b6481672889df542894588964102459e46513159c?s=96&d=mm&r=g\",\"contentUrl\":\"https:\/\/secure.gravatar.com\/avatar\/c824b04e6df0e37a03219d0b6481672889df542894588964102459e46513159c?s=96&d=mm&r=g\",\"caption\":\"We Love Cycling Spain\"},\"url\":\"https:\/\/www.welovecycling.com\/es\/author\/amunoz\/\"}]}<\/script>\n<!-- \/ Yoast SEO Premium plugin. -->","yoast_head_json":{"title":"Evenepoel se corona en los Mundiales de Wollongong 2022","description":"Evenepoel se corona en los Mundiales de Wollongong 2022. El belga ha sido el aut\u00e9ntico protagonista de la versi\u00f3n elite masculina.","robots":{"index":"index","follow":"follow","max-snippet":"max-snippet:-1","max-image-preview":"max-image-preview:large","max-video-preview":"max-video-preview:-1"},"canonical":"https:\/\/www.welovecycling.com\/es\/2022\/09\/26\/evenepoel-mundiales\/","og_locale":"es_ES","og_type":"article","og_title":"Evenepoel se corona en los Mundiales de Wollongong 2022","og_description":"Evenepoel se corona en los Mundiales de Wollongong 2022. El belga ha sido el aut\u00e9ntico protagonista de la versi\u00f3n elite masculina.","og_url":"https:\/\/www.welovecycling.com\/es\/2022\/09\/26\/evenepoel-mundiales\/","og_site_name":"\u0160koda We Love Cycling - Spain","article_published_time":"2022-09-26T15:00:56+00:00","og_image":[{"width":990,"height":660,"url":"https:\/\/d2p6e6u75xmxt8.cloudfront.net\/6\/2022\/09\/2022-UCI-World-Championships-profimedia-0726028379-CVR.jpg","type":"image\/jpeg"}],"author":"We Love Cycling Spain","twitter_card":"summary_large_image","twitter_title":"Evenepoel se corona en los Mundiales de Wollongong 2022","twitter_description":"Evenepoel se corona en los Mundiales de Wollongong 2022. El belga ha sido el aut\u00e9ntico protagonista de la versi\u00f3n elite masculina.","twitter_misc":{"Written by":"Siegfried Mortkowitz","Est. reading time":"5"},"schema":{"@context":"https:\/\/schema.org","@graph":[{"@type":"WebPage","@id":"https:\/\/www.welovecycling.com\/es\/2022\/09\/26\/evenepoel-mundiales\/","url":"https:\/\/www.welovecycling.com\/es\/2022\/09\/26\/evenepoel-mundiales\/","name":"Evenepoel se corona en los Mundiales de Wollongong 2022","isPartOf":{"@id":"https:\/\/www.welovecycling.com\/es\/#website"},"primaryImageOfPage":{"@id":"https:\/\/www.welovecycling.com\/es\/2022\/09\/26\/evenepoel-mundiales\/#primaryimage"},"image":{"@id":"https:\/\/www.welovecycling.com\/es\/2022\/09\/26\/evenepoel-mundiales\/#primaryimage"},"thumbnailUrl":"https:\/\/d2p6e6u75xmxt8.cloudfront.net\/6\/2022\/09\/2022-UCI-World-Championships-profimedia-0726028379-CVR.jpg","datePublished":"2022-09-26T15:00:56+00:00","author":{"@id":"https:\/\/www.welovecycling.com\/es\/#\/schema\/person\/deb61715b5812698ee79fb96f343ccd4"},"description":"Evenepoel se corona en los Mundiales de Wollongong 2022. El belga ha sido el aut\u00e9ntico protagonista de la versi\u00f3n elite masculina.","breadcrumb":{"@id":"https:\/\/www.welovecycling.com\/es\/2022\/09\/26\/evenepoel-mundiales\/#breadcrumb"},"inLanguage":"es-ES","potentialAction":[{"@type":"ReadAction","target":["https:\/\/www.welovecycling.com\/es\/2022\/09\/26\/evenepoel-mundiales\/"]}]},{"@type":"ImageObject","inLanguage":"es-ES","@id":"https:\/\/www.welovecycling.com\/es\/2022\/09\/26\/evenepoel-mundiales\/#primaryimage","url":"https:\/\/d2p6e6u75xmxt8.cloudfront.net\/6\/2022\/09\/2022-UCI-World-Championships-profimedia-0726028379-CVR.jpg","contentUrl":"https:\/\/d2p6e6u75xmxt8.cloudfront.net\/6\/2022\/09\/2022-UCI-World-Championships-profimedia-0726028379-CVR.jpg","width":990,"height":660,"caption":"2022 UCI World Championships"},{"@type":"BreadcrumbList","@id":"https:\/\/www.welovecycling.com\/es\/2022\/09\/26\/evenepoel-mundiales\/#breadcrumb","itemListElement":[{"@type":"ListItem","position":1,"name":"Home","item":"https:\/\/www.welovecycling.com\/es\/"},{"@type":"ListItem","position":2,"name":"Evenepoel se corona en los Mundiales de Wollongong 2022"}]},{"@type":"WebSite","@id":"https:\/\/www.welovecycling.com\/es\/#website","url":"https:\/\/www.welovecycling.com\/es\/","name":"\u0160koda We Love Cycling - Spain","description":"\u0160koda WeLoveCycling Spain","potentialAction":[{"@type":"SearchAction","target":{"@type":"EntryPoint","urlTemplate":"https:\/\/www.welovecycling.com\/es\/?s={search_term_string}"},"query-input":{"@type":"PropertyValueSpecification","valueRequired":true,"valueName":"search_term_string"}}],"inLanguage":"es-ES"},{"@type":"Person","@id":"https:\/\/www.welovecycling.com\/es\/#\/schema\/person\/deb61715b5812698ee79fb96f343ccd4","name":"We Love Cycling Spain","image":{"@type":"ImageObject","inLanguage":"es-ES","@id":"https:\/\/www.welovecycling.com\/es\/#\/schema\/person\/image\/","url":"https:\/\/secure.gravatar.com\/avatar\/c824b04e6df0e37a03219d0b6481672889df542894588964102459e46513159c?s=96&d=mm&r=g","contentUrl":"https:\/\/secure.gravatar.com\/avatar\/c824b04e6df0e37a03219d0b6481672889df542894588964102459e46513159c?s=96&d=mm&r=g","caption":"We Love Cycling Spain"},"url":"https:\/\/www.welovecycling.com\/es\/author\/amunoz\/"}]}},"_links":{"self":[{"href":"https:\/\/www.welovecycling.com\/es\/wp-json\/wp\/v2\/posts\/9311","targetHints":{"allow":["GET"]}}],"collection":[{"href":"https:\/\/www.welovecycling.com\/es\/wp-json\/wp\/v2\/posts"}],"about":[{"href":"https:\/\/www.welovecycling.com\/es\/wp-json\/wp\/v2\/types\/post"}],"author":[{"embeddable":true,"href":"https:\/\/www.welovecycling.com\/es\/wp-json\/wp\/v2\/users\/29"}],"replies":[{"embeddable":true,"href":"https:\/\/www.welovecycling.com\/es\/wp-json\/wp\/v2\/comments?post=9311"}],"version-history":[{"count":1,"href":"https:\/\/www.welovecycling.com\/es\/wp-json\/wp\/v2\/posts\/9311\/revisions"}],"predecessor-version":[{"id":9321,"href":"https:\/\/www.welovecycling.com\/es\/wp-json\/wp\/v2\/posts\/9311\/revisions\/9321"}],"wp:featuredmedia":[{"embeddable":true,"href":"https:\/\/www.welovecycling.com\/es\/wp-json\/wp\/v2\/media\/9314"}],"wp:attachment":[{"href":"https:\/\/www.welovecycling.com\/es\/wp-json\/wp\/v2\/media?parent=9311"}],"wp:term":[{"taxonomy":"category","embeddable":true,"href":"https:\/\/www.welovecycling.com\/es\/wp-json\/wp\/v2\/categories?post=9311"},{"taxonomy":"post_tag","embeddable":true,"href":"https:\/\/www.welovecycling.com\/es\/wp-json\/wp\/v2\/tags?post=9311"},{"taxonomy":"global-categories","embeddable":true,"href":"https:\/\/www.welovecycling.com\/es\/wp-json\/wp\/v2\/global-categories?post=9311"}],"curies":[{"name":"wp","href":"https:\/\/api.w.org\/{rel}","templated":true}]}}