{"id":931,"date":"2017-07-12T09:54:53","date_gmt":"2017-07-12T07:54:53","guid":{"rendered":"https:\/\/www.welovecycling.com\/es\/?p=931"},"modified":"2017-07-20T11:43:26","modified_gmt":"2017-07-20T09:43:26","slug":"cafeterias-ciclistas-pedaladas-de-conversacion","status":"publish","type":"post","link":"https:\/\/www.welovecycling.com\/es\/2017\/07\/12\/cafeterias-ciclistas-pedaladas-de-conversacion\/","title":{"rendered":"Cafeter\u00edas ciclistas. Pedaladas de conversaci\u00f3n"},"content":{"rendered":"<p><strong>Lo bueno del ciclismo es que no solo se dedican horas a pedalear, sino que hacen faltan otras tantas para conversar. Preparaci\u00f3n, sue\u00f1os, retos y recuerdos. Horas de charlas entre amigos ciclistas que siempre suelen estar rodeadas de un buen caf\u00e9. Los m\u00edticos bares en los que paraban las pe\u00f1as ciclistas a &#8216;echar el caf\u00e9&#8217; han dado paso a un concepto m\u00e1s moderno y urbano. La cafeter\u00eda de tem\u00e1tica ciclista lleg\u00f3 a Espa\u00f1a hace un lustro y parece que va a quedarse.<\/strong><br \/>\n<!--more--><\/p>\n<h2><\/h2>\n<p>Una vez m\u00e1s nos ha tocado ir a rueda de la cultura ciclista de otros pa\u00edses. Las cafeter\u00edas ciclistas en Flandes son una tradici\u00f3n desde hace m\u00e1s de medio siglo. All\u00ed los aficionados se reun\u00edan\u00a0en sus terrazas a ver pasar los criteriums y durante las grandes vueltas a seguirlas por la televisi\u00f3n o la radio. \u00a0Incluso existe un libro con todos los caf\u00e9s ciclistas de Flandes con m\u00e1s de un millar registrados. Ese ciclismo de anta\u00f1o y con olor a maillots de lana rejuveneci\u00f3 hace diez a\u00f1os con la moda hipster y vintage.<\/p>\n<p>El paso se empez\u00f3 a dar en ciudades como <strong>Amsterdam o Gante<\/strong>. Tradici\u00f3n ciclista y j\u00f3venes dispuestos a ir en bici a todos los lugares de la ciudad. Los caf\u00e9s ciclistas se convirtieron en un lugar donde reunirse, arreglar las bicis, guardarlas, charlar sobre ciclismo e incluso tomarse unas cervezas, y todo rodeado de bicicletas, manillares, ruedas, maillots o sillines como parte del atrezzo.<\/p>\n<p>Con la idea lanzada, llegaron las grandes marcas y la explosi\u00f3n del ciclismo en el Reino Unido gracias a <strong>Bradley Wiggins. Ciclista e icono hipster<\/strong> a partes iguales. Bianchi mont\u00f3 su cafeter\u00eda tem\u00e1tica, Rapha hizo lo mismo&#8230; Al final la idea era combinar caf\u00e9, tienda y taller de reparaci\u00f3n y venta.<\/p>\n<p><a href=\"https:\/\/d2p6e6u75xmxt8.cloudfront.net\/6\/2017\/06\/la-bici-madrid.jpg\"><img loading=\"lazy\" decoding=\"async\" class=\"aligncenter size-full wp-image-967\" src=\"https:\/\/d2p6e6u75xmxt8.cloudfront.net\/6\/2017\/06\/la-bici-madrid.jpg\" alt=\"\" width=\"5184\" height=\"3456\" srcset=\"https:\/\/d2p6e6u75xmxt8.cloudfront.net\/6\/2017\/06\/la-bici-madrid.jpg 5184w, https:\/\/d2p6e6u75xmxt8.cloudfront.net\/6\/2017\/06\/la-bici-madrid-300x200.jpg 300w, https:\/\/d2p6e6u75xmxt8.cloudfront.net\/6\/2017\/06\/la-bici-madrid-768x512.jpg 768w, https:\/\/d2p6e6u75xmxt8.cloudfront.net\/6\/2017\/06\/la-bici-madrid-1024x683.jpg 1024w, https:\/\/d2p6e6u75xmxt8.cloudfront.net\/6\/2017\/06\/la-bici-madrid-1920x1280.jpg 1920w, https:\/\/d2p6e6u75xmxt8.cloudfront.net\/6\/2017\/06\/la-bici-madrid-272x182.jpg 272w, https:\/\/d2p6e6u75xmxt8.cloudfront.net\/6\/2017\/06\/la-bici-madrid-1920x1280.jpg 1920w\" sizes=\"auto, (max-width: 5184px) 100vw, 5184px\" \/><\/a><\/p>\n<p>En Espa\u00f1a <a href=\"http:\/\/www.labicicletacafe.com\/cycling.html\">La Bicicleta Caf\u00e9<\/a> abri\u00f3 el camino en Madrid. Quique y Tamy, los promotores de la idea, ven\u00edan de conocer este tipo de caf\u00e9s por el resto de Europa. Amantes del ciclismo en todas sus variantes solo necesitaban dar un paso de financiaci\u00f3n para comprar una buena m\u00e1quina para hacer caf\u00e9. Modelo actual. Campa\u00f1a de crowfunding con ciclistas invirtiendo para tener un &#8216;garito&#8217; propio. Funcion\u00f3 y abri\u00f3 sus puertas hace ya un lustro en Malasa\u00f1a, en el mismo coraz\u00f3n de la capital. All\u00ed te puedes tomar la ensalada Contador o el bocata <strong>Fausto Coppi<\/strong>. Y para entrar al ba\u00f1o tienes que &#8216;pedir permiso&#8217; a Bernard Hinault. Su gran ventaja es que puedes guardar la bicicleta dentro del local, una idea que han ido copiando el resto de locales.<\/p>\n<p>Su idea est\u00e1 bien explicada en la p\u00e1gina web &#8220;Nuestro espacio nace de <b>la pasi\u00f3n por las bicis, el arte y el caf\u00e9 a partes iguales. \u00a0<\/b>A partir de aqu\u00ed nuestra intenci\u00f3n es convertirnos en un lugar con <b>personalidad, con concepto y con alma.<\/b> Queremos ser un sitio al que apetezca entrar. Y quedarse (mucho rato). Y volver (muchas veces)&#8221;.<\/p>\n<p>Ha conseguido<strong> reunir a casi todas las &#8216;tribus&#8217; ciclistas.<\/strong> Carreteros que salen a entrenar desde all\u00ed los domingos, urbanos que pasan a tomar un caf\u00e9 o una cerveza por la noche, especialistas en fixed que van a disputar sus goldsprints. Ser sede de presentaciones de libros ciclistas, documentales, cicloturistas, carreras, eventos y de las retransmisiones del Tour de Flandes o Tour de Francia.. Incluso recibir la visita de ilustres como Perico Delgado (que es la contrase\u00f1a de su wifi) para grabar programas de televisi\u00f3n.<\/p>\n<p>Con un concepto similar naci\u00f3 en <a href=\"https:\/\/labicicletacafecastellon.com\/cafeteria-castellon\/\">Castell\u00f3n La Bicicleta<\/a>. Ideada por el ex ciclista Kiko Garc\u00eda, quiz\u00e1s una de las mentes m\u00e1s l\u00facidas y valientes del pelot\u00f3n. Primero como cafeter\u00eda ciclista con una cuidada decoraci\u00f3n y una carta con gui\u00f1os al ciclismo y despu\u00e9s con una est\u00e9tica rompedora a la hora de crear sus maillots. El paso siguiente ha sido montar una <a href=\"https:\/\/labicicletacafecastellon.com\/tienda\/\">tienda <\/a>con todas sus creaciones.<\/p>\n<p><a href=\"https:\/\/d2p6e6u75xmxt8.cloudfront.net\/6\/2017\/06\/la-bicicleta-castellon.jpg\"><img loading=\"lazy\" decoding=\"async\" class=\"aligncenter size-full wp-image-966\" src=\"https:\/\/d2p6e6u75xmxt8.cloudfront.net\/6\/2017\/06\/la-bicicleta-castellon.jpg\" alt=\"Foto. La Bicicleta Castell\u00f3n\" width=\"960\" height=\"720\" srcset=\"https:\/\/d2p6e6u75xmxt8.cloudfront.net\/6\/2017\/06\/la-bicicleta-castellon.jpg 960w, https:\/\/d2p6e6u75xmxt8.cloudfront.net\/6\/2017\/06\/la-bicicleta-castellon-300x225.jpg 300w, https:\/\/d2p6e6u75xmxt8.cloudfront.net\/6\/2017\/06\/la-bicicleta-castellon-768x576.jpg 768w\" sizes=\"auto, (max-width: 960px) 100vw, 960px\" \/><\/a><\/p>\n<p>Barcelona re\u00fane quiz\u00e1 el mayor n\u00famero de cafeter\u00edas ciclistas. All\u00ed el ciclismo urbano lleva implantado desde hace a\u00f1os y los ciclistas han ganado poco a poco espacio en el mercado cafetero. \u00a0<a href=\"http:\/\/thebikeclub.es\/es\/taller\/\">The Bike Club<\/a>\u00a0fue el impulsor. Primero como taller y despu\u00e9s como cafeter\u00eda. El <a href=\"https:\/\/www.cafedefinca.eu\/orbea-cycle-coffee\/\">Orbea Cycle Coffe<\/a>, con Caf\u00e9s de Finca a la cabeza, tiene hasta variedades de caf\u00e9s del mundo. El <a href=\"http:\/\/www.onyvasportsculture.com\/about\/\">On y Va<\/a> no solo tiene local ciclista, sino hasta carrera propia, la Honor Race. Y en \u00a0<a href=\"https:\/\/www.facebook.com\/elciclistabcn\/\">El Ciclista<\/a>\u00a0tienes horarios m\u00e1s nocturnos, con cockteles, cervezas y m\u00fasica en directo.<\/p>\n<p>Tambi\u00e9n los propios ciclistas se han lanzado a crear cafeter\u00edas con su propia tem\u00e1tica. En Gerona est\u00e1 <a href=\"http:\/\/lafabrica.cc\/home\">La F\u00e1brica<\/a>,\u00a0, un aut\u00e9ntico centro de reuni\u00f3n de todos los profesionales que viven all\u00ed y que llegaron despu\u00e9s de que Lance Armstrong montase su centro log\u00edstico en la ciudad. Lo cre\u00f3 el ciclista canadiense<a href=\"https:\/\/twitter.com\/christianmeier?lang=es\">\u00a0Christian Meier<\/a>, que lleg\u00f3 a la ciudad de la mano del Garmin de <a href=\"https:\/\/twitter.com\/Vaughters?lang=es\">Jonathan Vaugthers<\/a> y actualmente corre en el Orica australiano, que tambi\u00e9n tiene su base en Gerona.\u00a0<a href=\"https:\/\/twitter.com\/Markelirizar?lang=es\">Markel Irizar<\/a> tambi\u00e9n tiene su propia cafeter\u00eda ciclista en O\u00f1ati, su ciudad natal. La llam\u00f3 <a href=\"http:\/\/bizipoz.com\/cafe.php?idioma=es\">Bizipoz,<\/a> como le conocen en el pelot\u00f3n. Y all\u00ed es raro el d\u00eda que no hay ciclismo por la televisi\u00f3n.<\/p>\n<p><a href=\"https:\/\/d2p6e6u75xmxt8.cloudfront.net\/6\/2017\/06\/la-fabrica-girona.jpg\"><img loading=\"lazy\" decoding=\"async\" class=\"aligncenter size-full wp-image-968\" src=\"https:\/\/d2p6e6u75xmxt8.cloudfront.net\/6\/2017\/06\/la-fabrica-girona.jpg\" alt=\"Foto: La F\u00e1bica\" width=\"960\" height=\"645\" srcset=\"https:\/\/d2p6e6u75xmxt8.cloudfront.net\/6\/2017\/06\/la-fabrica-girona.jpg 960w, https:\/\/d2p6e6u75xmxt8.cloudfront.net\/6\/2017\/06\/la-fabrica-girona-300x202.jpg 300w, https:\/\/d2p6e6u75xmxt8.cloudfront.net\/6\/2017\/06\/la-fabrica-girona-768x516.jpg 768w, https:\/\/d2p6e6u75xmxt8.cloudfront.net\/6\/2017\/06\/la-fabrica-girona-272x182.jpg 272w\" sizes=\"auto, (max-width: 960px) 100vw, 960px\" \/><\/a><\/p>\n<p>Un rara avis es <a href=\"https:\/\/www.facebook.com\/pg\/laterrazafrankencarmen\/photos\/?ref=page_internal\">La Terraza<\/a>, en Playa de Palma. All\u00ed los due\u00f1os holandeses re\u00fanen maillots de cientos de equipos y pe\u00f1as ciclistas que han ido a la isla a entrenar. Eso s\u00ed, son m\u00e1s de cerveza que de caf\u00e9. En Mallorca s\u00ed se han instaurado los<strong> bares bike friendly,<\/strong> que invitan a los ciclistas a dejar la bici en un lugar seguro durante la parada del entrenamiento. No solo all\u00ed, la costa alicantina y la catalana est\u00e1n siguiendo el mismo modelo de atraer al turista en bicicleta con facilidades y buenos precios.<\/p>\n","protected":false},"excerpt":{"rendered":"<p>Lo bueno del ciclismo es que no solo se dedican horas a pedalear, sino que hacen faltan otras tantas para [&hellip;]<\/p>\n","protected":false},"author":29,"featured_media":965,"comment_status":"open","ping_status":"open","sticky":false,"template":"","format":"standard","meta":{"footnotes":""},"categories":[8],"tags":[56,17,57],"global-categories":[],"class_list":["post-931","post","type-post","status-publish","format-standard","has-post-thumbnail","hentry","category-life-style","tag-cafeterias-ciclista","tag-ciclismo","tag-ciclismo-y-cafe"],"yoast_head":"<!-- This site is optimized with the Yoast SEO Premium plugin v25.3 (Yoast SEO v25.9) - https:\/\/yoast.com\/wordpress\/plugins\/seo\/ -->\n<title>Cafeter\u00edas ciclistas. Pedaladas de conversaci\u00f3n - \u0160koda We Love Cycling - Spain<\/title>\n<meta name=\"description\" content=\"Las cafeter\u00edas ciclistas de Espa\u00f1a. Lugares en los que compartir caf\u00e9, ciclismo y horas de conversaci\u00f3n sobre las dos ruedas.\" \/>\n<meta name=\"robots\" content=\"index, follow, max-snippet:-1, max-image-preview:large, max-video-preview:-1\" \/>\n<link rel=\"canonical\" href=\"https:\/\/www.welovecycling.com\/es\/2017\/07\/12\/cafeterias-ciclistas-pedaladas-de-conversacion\/\" \/>\n<meta property=\"og:locale\" content=\"es_ES\" \/>\n<meta property=\"og:type\" content=\"article\" \/>\n<meta property=\"og:title\" content=\"Cafeter\u00edas ciclistas. Pedaladas de conversaci\u00f3n\" \/>\n<meta property=\"og:description\" content=\"Lo bueno del ciclismo es que solo se dedican horas a pedalear, sino que hacen faltan otras tantas para conversar. Preparaci\u00f3n, sue\u00f1os, retos y recuerdos. Horas de charlas entre amigos ciclistas que siempre suelen estar rodeadas de un buen caf\u00e9. Los m\u00edticos bares en los que paraban las pe\u00f1as ciclistas a &#039;echar el caf\u00e9&#039; han dado paso a un concepto m\u00e1s moderno y urbano. La cafeter\u00eda de tem\u00e1tica ciclista lleg\u00f3 a Espa\u00f1a hace un lustro y parece que va a quedarse.\" \/>\n<meta property=\"og:url\" content=\"https:\/\/www.welovecycling.com\/es\/2017\/07\/12\/cafeterias-ciclistas-pedaladas-de-conversacion\/\" \/>\n<meta property=\"og:site_name\" content=\"\u0160koda We Love Cycling - Spain\" \/>\n<meta property=\"article:published_time\" content=\"2017-07-12T07:54:53+00:00\" \/>\n<meta property=\"article:modified_time\" content=\"2017-07-20T09:43:26+00:00\" \/>\n<meta property=\"og:image\" content=\"https:\/\/d2p6e6u75xmxt8.cloudfront.net\/6\/2017\/06\/la-bicil.jpg\" \/>\n\t<meta property=\"og:image:width\" content=\"497\" \/>\n\t<meta property=\"og:image:height\" content=\"510\" \/>\n\t<meta property=\"og:image:type\" content=\"image\/jpeg\" \/>\n<meta name=\"author\" content=\"We Love Cycling Spain\" \/>\n<meta name=\"twitter:card\" content=\"summary_large_image\" \/>\n<meta name=\"twitter:title\" content=\"Cafeter\u00edas ciclistas. Pedaladas de conversaci\u00f3n\" \/>\n<meta name=\"twitter:description\" content=\"Lo bueno del ciclismo es que solo se dedican horas a pedalear, sino que hacen faltan otras tantas para conversar. Preparaci\u00f3n, sue\u00f1os, retos y recuerdos. Horas de charlas entre amigos ciclistas que siempre suelen estar rodeadas de un buen caf\u00e9. Los m\u00edticos bares en los que paraban las pe\u00f1as ciclistas a &#039;echar el caf\u00e9&#039; han dado paso a un concepto m\u00e1s moderno y urbano. La cafeter\u00eda de tem\u00e1tica ciclista lleg\u00f3 a Espa\u00f1a hace un lustro y parece que va a quedarse.\" \/>\n<meta name=\"twitter:label1\" content=\"Written by\" \/>\n\t<meta name=\"twitter:data1\" content=\"Luis Ortega @ciclored\" \/>\n\t<meta name=\"twitter:label2\" content=\"Est. reading time\" \/>\n\t<meta name=\"twitter:data2\" content=\"5 minutes\" \/>\n<script type=\"application\/ld+json\" class=\"yoast-schema-graph\">{\"@context\":\"https:\/\/schema.org\",\"@graph\":[{\"@type\":\"WebPage\",\"@id\":\"https:\/\/www.welovecycling.com\/es\/2017\/07\/12\/cafeterias-ciclistas-pedaladas-de-conversacion\/\",\"url\":\"https:\/\/www.welovecycling.com\/es\/2017\/07\/12\/cafeterias-ciclistas-pedaladas-de-conversacion\/\",\"name\":\"Cafeter\u00edas ciclistas. Pedaladas de conversaci\u00f3n - \u0160koda We Love Cycling - Spain\",\"isPartOf\":{\"@id\":\"https:\/\/www.welovecycling.com\/es\/#website\"},\"primaryImageOfPage\":{\"@id\":\"https:\/\/www.welovecycling.com\/es\/2017\/07\/12\/cafeterias-ciclistas-pedaladas-de-conversacion\/#primaryimage\"},\"image\":{\"@id\":\"https:\/\/www.welovecycling.com\/es\/2017\/07\/12\/cafeterias-ciclistas-pedaladas-de-conversacion\/#primaryimage\"},\"thumbnailUrl\":\"https:\/\/d2p6e6u75xmxt8.cloudfront.net\/6\/2017\/06\/la-bicil.jpg\",\"datePublished\":\"2017-07-12T07:54:53+00:00\",\"dateModified\":\"2017-07-20T09:43:26+00:00\",\"author\":{\"@id\":\"https:\/\/www.welovecycling.com\/es\/#\/schema\/person\/deb61715b5812698ee79fb96f343ccd4\"},\"description\":\"Las cafeter\u00edas ciclistas de Espa\u00f1a. Lugares en los que compartir caf\u00e9, ciclismo y horas de conversaci\u00f3n sobre las dos ruedas.\",\"breadcrumb\":{\"@id\":\"https:\/\/www.welovecycling.com\/es\/2017\/07\/12\/cafeterias-ciclistas-pedaladas-de-conversacion\/#breadcrumb\"},\"inLanguage\":\"es-ES\",\"potentialAction\":[{\"@type\":\"ReadAction\",\"target\":[\"https:\/\/www.welovecycling.com\/es\/2017\/07\/12\/cafeterias-ciclistas-pedaladas-de-conversacion\/\"]}]},{\"@type\":\"ImageObject\",\"inLanguage\":\"es-ES\",\"@id\":\"https:\/\/www.welovecycling.com\/es\/2017\/07\/12\/cafeterias-ciclistas-pedaladas-de-conversacion\/#primaryimage\",\"url\":\"https:\/\/d2p6e6u75xmxt8.cloudfront.net\/6\/2017\/06\/la-bicil.jpg\",\"contentUrl\":\"https:\/\/d2p6e6u75xmxt8.cloudfront.net\/6\/2017\/06\/la-bicil.jpg\",\"width\":497,\"height\":510},{\"@type\":\"BreadcrumbList\",\"@id\":\"https:\/\/www.welovecycling.com\/es\/2017\/07\/12\/cafeterias-ciclistas-pedaladas-de-conversacion\/#breadcrumb\",\"itemListElement\":[{\"@type\":\"ListItem\",\"position\":1,\"name\":\"Home\",\"item\":\"https:\/\/www.welovecycling.com\/es\/\"},{\"@type\":\"ListItem\",\"position\":2,\"name\":\"Cafeter\u00edas ciclistas. Pedaladas de conversaci\u00f3n\"}]},{\"@type\":\"WebSite\",\"@id\":\"https:\/\/www.welovecycling.com\/es\/#website\",\"url\":\"https:\/\/www.welovecycling.com\/es\/\",\"name\":\"\u0160koda We Love Cycling - Spain\",\"description\":\"\u0160koda WeLoveCycling Spain\",\"potentialAction\":[{\"@type\":\"SearchAction\",\"target\":{\"@type\":\"EntryPoint\",\"urlTemplate\":\"https:\/\/www.welovecycling.com\/es\/?s={search_term_string}\"},\"query-input\":{\"@type\":\"PropertyValueSpecification\",\"valueRequired\":true,\"valueName\":\"search_term_string\"}}],\"inLanguage\":\"es-ES\"},{\"@type\":\"Person\",\"@id\":\"https:\/\/www.welovecycling.com\/es\/#\/schema\/person\/deb61715b5812698ee79fb96f343ccd4\",\"name\":\"We Love Cycling Spain\",\"image\":{\"@type\":\"ImageObject\",\"inLanguage\":\"es-ES\",\"@id\":\"https:\/\/www.welovecycling.com\/es\/#\/schema\/person\/image\/\",\"url\":\"https:\/\/secure.gravatar.com\/avatar\/c824b04e6df0e37a03219d0b6481672889df542894588964102459e46513159c?s=96&d=mm&r=g\",\"contentUrl\":\"https:\/\/secure.gravatar.com\/avatar\/c824b04e6df0e37a03219d0b6481672889df542894588964102459e46513159c?s=96&d=mm&r=g\",\"caption\":\"We Love Cycling Spain\"},\"url\":\"https:\/\/www.welovecycling.com\/es\/author\/amunoz\/\"}]}<\/script>\n<!-- \/ Yoast SEO Premium plugin. -->","yoast_head_json":{"title":"Cafeter\u00edas ciclistas. Pedaladas de conversaci\u00f3n - \u0160koda We Love Cycling - Spain","description":"Las cafeter\u00edas ciclistas de Espa\u00f1a. Lugares en los que compartir caf\u00e9, ciclismo y horas de conversaci\u00f3n sobre las dos ruedas.","robots":{"index":"index","follow":"follow","max-snippet":"max-snippet:-1","max-image-preview":"max-image-preview:large","max-video-preview":"max-video-preview:-1"},"canonical":"https:\/\/www.welovecycling.com\/es\/2017\/07\/12\/cafeterias-ciclistas-pedaladas-de-conversacion\/","og_locale":"es_ES","og_type":"article","og_title":"Cafeter\u00edas ciclistas. Pedaladas de conversaci\u00f3n","og_description":"Lo bueno del ciclismo es que solo se dedican horas a pedalear, sino que hacen faltan otras tantas para conversar. Preparaci\u00f3n, sue\u00f1os, retos y recuerdos. Horas de charlas entre amigos ciclistas que siempre suelen estar rodeadas de un buen caf\u00e9. Los m\u00edticos bares en los que paraban las pe\u00f1as ciclistas a 'echar el caf\u00e9' han dado paso a un concepto m\u00e1s moderno y urbano. La cafeter\u00eda de tem\u00e1tica ciclista lleg\u00f3 a Espa\u00f1a hace un lustro y parece que va a quedarse.","og_url":"https:\/\/www.welovecycling.com\/es\/2017\/07\/12\/cafeterias-ciclistas-pedaladas-de-conversacion\/","og_site_name":"\u0160koda We Love Cycling - Spain","article_published_time":"2017-07-12T07:54:53+00:00","article_modified_time":"2017-07-20T09:43:26+00:00","og_image":[{"width":497,"height":510,"url":"https:\/\/d2p6e6u75xmxt8.cloudfront.net\/6\/2017\/06\/la-bicil.jpg","type":"image\/jpeg"}],"author":"We Love Cycling Spain","twitter_card":"summary_large_image","twitter_title":"Cafeter\u00edas ciclistas. Pedaladas de conversaci\u00f3n","twitter_description":"Lo bueno del ciclismo es que solo se dedican horas a pedalear, sino que hacen faltan otras tantas para conversar. Preparaci\u00f3n, sue\u00f1os, retos y recuerdos. Horas de charlas entre amigos ciclistas que siempre suelen estar rodeadas de un buen caf\u00e9. Los m\u00edticos bares en los que paraban las pe\u00f1as ciclistas a 'echar el caf\u00e9' han dado paso a un concepto m\u00e1s moderno y urbano. La cafeter\u00eda de tem\u00e1tica ciclista lleg\u00f3 a Espa\u00f1a hace un lustro y parece que va a quedarse.","twitter_misc":{"Written by":"Luis Ortega @ciclored","Est. reading time":"5 minutes"},"schema":{"@context":"https:\/\/schema.org","@graph":[{"@type":"WebPage","@id":"https:\/\/www.welovecycling.com\/es\/2017\/07\/12\/cafeterias-ciclistas-pedaladas-de-conversacion\/","url":"https:\/\/www.welovecycling.com\/es\/2017\/07\/12\/cafeterias-ciclistas-pedaladas-de-conversacion\/","name":"Cafeter\u00edas ciclistas. Pedaladas de conversaci\u00f3n - \u0160koda We Love Cycling - Spain","isPartOf":{"@id":"https:\/\/www.welovecycling.com\/es\/#website"},"primaryImageOfPage":{"@id":"https:\/\/www.welovecycling.com\/es\/2017\/07\/12\/cafeterias-ciclistas-pedaladas-de-conversacion\/#primaryimage"},"image":{"@id":"https:\/\/www.welovecycling.com\/es\/2017\/07\/12\/cafeterias-ciclistas-pedaladas-de-conversacion\/#primaryimage"},"thumbnailUrl":"https:\/\/d2p6e6u75xmxt8.cloudfront.net\/6\/2017\/06\/la-bicil.jpg","datePublished":"2017-07-12T07:54:53+00:00","dateModified":"2017-07-20T09:43:26+00:00","author":{"@id":"https:\/\/www.welovecycling.com\/es\/#\/schema\/person\/deb61715b5812698ee79fb96f343ccd4"},"description":"Las cafeter\u00edas ciclistas de Espa\u00f1a. Lugares en los que compartir caf\u00e9, ciclismo y horas de conversaci\u00f3n sobre las dos ruedas.","breadcrumb":{"@id":"https:\/\/www.welovecycling.com\/es\/2017\/07\/12\/cafeterias-ciclistas-pedaladas-de-conversacion\/#breadcrumb"},"inLanguage":"es-ES","potentialAction":[{"@type":"ReadAction","target":["https:\/\/www.welovecycling.com\/es\/2017\/07\/12\/cafeterias-ciclistas-pedaladas-de-conversacion\/"]}]},{"@type":"ImageObject","inLanguage":"es-ES","@id":"https:\/\/www.welovecycling.com\/es\/2017\/07\/12\/cafeterias-ciclistas-pedaladas-de-conversacion\/#primaryimage","url":"https:\/\/d2p6e6u75xmxt8.cloudfront.net\/6\/2017\/06\/la-bicil.jpg","contentUrl":"https:\/\/d2p6e6u75xmxt8.cloudfront.net\/6\/2017\/06\/la-bicil.jpg","width":497,"height":510},{"@type":"BreadcrumbList","@id":"https:\/\/www.welovecycling.com\/es\/2017\/07\/12\/cafeterias-ciclistas-pedaladas-de-conversacion\/#breadcrumb","itemListElement":[{"@type":"ListItem","position":1,"name":"Home","item":"https:\/\/www.welovecycling.com\/es\/"},{"@type":"ListItem","position":2,"name":"Cafeter\u00edas ciclistas. Pedaladas de conversaci\u00f3n"}]},{"@type":"WebSite","@id":"https:\/\/www.welovecycling.com\/es\/#website","url":"https:\/\/www.welovecycling.com\/es\/","name":"\u0160koda We Love Cycling - Spain","description":"\u0160koda WeLoveCycling Spain","potentialAction":[{"@type":"SearchAction","target":{"@type":"EntryPoint","urlTemplate":"https:\/\/www.welovecycling.com\/es\/?s={search_term_string}"},"query-input":{"@type":"PropertyValueSpecification","valueRequired":true,"valueName":"search_term_string"}}],"inLanguage":"es-ES"},{"@type":"Person","@id":"https:\/\/www.welovecycling.com\/es\/#\/schema\/person\/deb61715b5812698ee79fb96f343ccd4","name":"We Love Cycling Spain","image":{"@type":"ImageObject","inLanguage":"es-ES","@id":"https:\/\/www.welovecycling.com\/es\/#\/schema\/person\/image\/","url":"https:\/\/secure.gravatar.com\/avatar\/c824b04e6df0e37a03219d0b6481672889df542894588964102459e46513159c?s=96&d=mm&r=g","contentUrl":"https:\/\/secure.gravatar.com\/avatar\/c824b04e6df0e37a03219d0b6481672889df542894588964102459e46513159c?s=96&d=mm&r=g","caption":"We Love Cycling Spain"},"url":"https:\/\/www.welovecycling.com\/es\/author\/amunoz\/"}]}},"_links":{"self":[{"href":"https:\/\/www.welovecycling.com\/es\/wp-json\/wp\/v2\/posts\/931","targetHints":{"allow":["GET"]}}],"collection":[{"href":"https:\/\/www.welovecycling.com\/es\/wp-json\/wp\/v2\/posts"}],"about":[{"href":"https:\/\/www.welovecycling.com\/es\/wp-json\/wp\/v2\/types\/post"}],"author":[{"embeddable":true,"href":"https:\/\/www.welovecycling.com\/es\/wp-json\/wp\/v2\/users\/29"}],"replies":[{"embeddable":true,"href":"https:\/\/www.welovecycling.com\/es\/wp-json\/wp\/v2\/comments?post=931"}],"version-history":[{"count":2,"href":"https:\/\/www.welovecycling.com\/es\/wp-json\/wp\/v2\/posts\/931\/revisions"}],"predecessor-version":[{"id":1126,"href":"https:\/\/www.welovecycling.com\/es\/wp-json\/wp\/v2\/posts\/931\/revisions\/1126"}],"wp:featuredmedia":[{"embeddable":true,"href":"https:\/\/www.welovecycling.com\/es\/wp-json\/wp\/v2\/media\/965"}],"wp:attachment":[{"href":"https:\/\/www.welovecycling.com\/es\/wp-json\/wp\/v2\/media?parent=931"}],"wp:term":[{"taxonomy":"category","embeddable":true,"href":"https:\/\/www.welovecycling.com\/es\/wp-json\/wp\/v2\/categories?post=931"},{"taxonomy":"post_tag","embeddable":true,"href":"https:\/\/www.welovecycling.com\/es\/wp-json\/wp\/v2\/tags?post=931"},{"taxonomy":"global-categories","embeddable":true,"href":"https:\/\/www.welovecycling.com\/es\/wp-json\/wp\/v2\/global-categories?post=931"}],"curies":[{"name":"wp","href":"https:\/\/api.w.org\/{rel}","templated":true}]}}