{"id":9291,"date":"2022-09-19T17:58:00","date_gmt":"2022-09-19T15:58:00","guid":{"rendered":"https:\/\/www.welovecycling.com\/es\/?p=9291"},"modified":"2022-09-18T18:19:10","modified_gmt":"2022-09-18T16:19:10","slug":"mundiales-wollongong-2022-femenino","status":"publish","type":"post","link":"https:\/\/www.welovecycling.com\/es\/2022\/09\/19\/mundiales-wollongong-2022-femenino\/","title":{"rendered":"Mundiales Wollongong 2022. \u00bfQu\u00e9 pasar\u00e1 en la carrera femenina?"},"content":{"rendered":"<p><strong>Los Mundiales de Wollogong 2022 acaban de comenzar. Del pelot\u00f3n femenino, despu\u00e9s de su salto de calidad en 2022 con el Tour de Francia, se espera que nos brinde una emocionante competici\u00f3n en todas sus categorias.<\/strong><\/p>\n<p><!--more--><\/p>\n<p>Los mundiales se celebran desde 1921, pero la carrera femenina no se a\u00f1adi\u00f3 hasta 1958. Como est\u00e1n acostumbradas a tener que recuperar el tiempo perdido, las mujeres han creado afici\u00f3n desde entonces con una gran cantidad de talento, no hay duda de que todas las pruebas de este a\u00f1o estar\u00e1n muy disputadas.<\/p>\n<p>El a\u00f1o pasado, la italiana Elisa Balsamo gan\u00f3 la medalla de oro en la carrera femenina en ruta, y la veterana holandesa Ellen van Djik ocup\u00f3 el primer puesto en las pruebas de contrarreloj individual. Alemania, por su parte, triunf\u00f3 en la segunda edici\u00f3n del relevo mixto por equipos, que sustituy\u00f3 a la contrarreloj por equipos masculina y femenina en 2019.<\/p>\n<p>&nbsp;<\/p>\n<h2><strong>Carrera femenina absoluta<\/strong><\/h2>\n<p>Los recorridos de los Campeonatos del Mundo de Carretera para las carreras de \u00e9lite femeninas y masculinas -que se celebrar\u00e1n los d\u00edas 24 y 25 de septiembre, respectivamente- se componen de dos elementos clave: el Mount Keira Loop y el Wollongong City Circuit. Ambas carreras completar\u00e1n un bucle del Monte Keira antes de que el pelot\u00f3n masculino d\u00e9 12 vueltas a la ciudad de Wollongong, mientras que las mujeres completar\u00e1n seis.<\/p>\n<p>Las mujeres tambi\u00e9n tendr\u00e1n que subir el duro Monte Keira mas cerca de meta de los hombres, porque lo que en teor\u00eda ser\u00e1 m\u00e1s decisivo. Aunque los ataques pueden estar todav\u00eda lejos, a menudo vemos impresionantes esfuerzos de largo alcance en el pelot\u00f3n femenino. Tras esto, existe la posibilidad de que este sea un momento decisivo en la carrera si alguien decide que su momento de actuar es ahora.<\/p>\n<p>En cualquier caso, este es sin duda uno de los recorridos m\u00e1s exigentes de los Campeonatos del Mundo de la historia reciente, y los aficionados podr\u00e1n disfrutar de carreras al ataque, que probablemente incluir\u00e1n mucho dramatismo.<\/p>\n<div class=\"embed-controller-wrapper\">\n<blockquote class=\"twitter-tweet\" data-width=\"500\" data-dnt=\"true\">\n<p lang=\"en\" dir=\"ltr\">\ud83c\udf4a Orange fever in the streets of Wollongong! \ud83c\udf4a<\/p>\n<p>Love this, <a href=\"https:\/\/twitter.com\/ellenvdijk?ref_src=twsrc%5Etfw\">@ellenvdijk<\/a> <a href=\"https:\/\/twitter.com\/AvVleuten?ref_src=twsrc%5Etfw\">@AvVleuten<\/a> <a href=\"https:\/\/twitter.com\/KNWU?ref_src=twsrc%5Etfw\">@KNWU<\/a>. <a href=\"https:\/\/twitter.com\/hashtag\/Wollongong2022?src=hash&amp;ref_src=twsrc%5Etfw\">#Wollongong2022<\/a> <a href=\"https:\/\/t.co\/PKUL9xBDnG\">https:\/\/t.co\/PKUL9xBDnG<\/a><\/p>\n<p>&mdash; UCI (@UCI_cycling) <a href=\"https:\/\/twitter.com\/UCI_cycling\/status\/1571017509054324736?ref_src=twsrc%5Etfw\">September 17, 2022<\/a><\/p><\/blockquote>\n<p><script async data-src=\"https:\/\/platform.twitter.com\/widgets.js\" charset=\"utf-8\"><\/script><\/div>\n<h2><strong>Sub 23: Por primera vez<\/strong><\/h2>\n<p>Los <a href=\"https:\/\/www.uci.org\/competition-hub\/2022-uci-road-world-championships-wollongong\/1qqS4UrU4NRXWzWdxOepih\">Campeonatos del Mundo de Ruta de la UCI de 2022<\/a> son la 95\u00aa edici\u00f3n del evento, y esta es la primera edici\u00f3n de la carrera en la que se reparten t\u00edtulos en la categor\u00eda femenina Sub 23. Se trata de un gran paso adelante para el programa femenino, ya que actualmente hay muy pocas oportunidades para ayudar a las corredoras m\u00e1s j\u00f3venes a hacer la transici\u00f3n a la categor\u00eda de \u00e9lite. Las carreras sub23 y j\u00fanior se celebrar\u00e1n en su totalidad en el circuito de Wollongong, \u00a1y estamos impacientes por ver qui\u00e9n sube al podio en esta prueba inaugural!<\/p>\n<h2><strong>Corredoras a seguir<\/strong><\/h2>\n<p>Volviendo a las corredoras de \u00e9lite, he aqu\u00ed unas cuantas a las que definitivamente querr\u00e1s seguir de cerca.<\/p>\n<h4>Annemiek van Vleuten<\/h4>\n<p>No necesita presentaci\u00f3n y podemos estar seguros de que Annemiek van Vleuten intentar\u00e1 poner una guinda a lo que ha sido una temporada incre\u00edble. Ya se ha hecho con el triplete de Giro de Italia Donne, Tour de Francia Femmes y Ceratizit Challenge by la Vuelta. Adem\u00e1s, ha anunciado su retirada para finales de 2023, por lo que sin duda est\u00e1 deseando ampliar su colecci\u00f3n de medallas de los campeonatos del mundo (tres oros, tres platas y dos bronces) antes de despedirse del deporte que la ha convertido en una leyenda.<\/p>\n<h4>Marianne Vos<\/h4>\n<p>Como es habitual, Van Vleuten no es la \u00fanica holandesa que compite por el n\u00famero uno. Acostumbrada a tener competencia dentro de su propio equipo, la m\u00faltiple ganadora de medallas mundiales Marianne Vos es otra de las favoritas para la carrera en ruta. Despu\u00e9s de 15 a\u00f1os en la cima del deporte, sigue ganando. S\u00f3lo esta temporada ha conseguido un pu\u00f1ado de victorias de etapa en el Tour de Francia Femenino y en el Giro de Italia Femenino.<\/p>\n<h4>Elisa Balsamo<\/h4>\n<p>Y, por supuesto, Elisa Balsamo, defensora del t\u00edtulo en carretera, luchar\u00e1 con todo lo que tiene para conservar su t\u00edtulo. Su primera temporada con el Trek-Segafredo ha sido un \u00e9xito rotundo y ha ganado nueve veces en 2022. Recientemente, ha puesto el broche de oro a su etapa con el maillot arco iris, con una victoria contundente en la \u00faltima etapa del Desaf\u00edo Ceratizit de La Vuelta.<\/p>\n<h4>Elisa Longo Borghini<\/h4>\n<p>La doble medallista ol\u00edmpica Elisa Longo Borghini nos demostr\u00f3 a todos que es capaz de conseguir una victoria de calidad con su hist\u00f3rica victoria en la Par\u00eds-Roubaix. Tambi\u00e9n fue cuarta en la general del Giro de Italia Donne y quinta en la Lieja-Bastogne-Lieja. Por lo tanto, si se trata de un final de infarto, es posible que Longo Borghini salga del pelot\u00f3n.<\/p>\n<h4>Grace Brown<\/h4>\n<p>Brown creci\u00f3 a s\u00f3lo 75 km al norte de Wollongong, en el suburbio de Camperdown, en S\u00eddney, por lo que lo dar\u00e1 todo para conseguir un puesto en el podio en su propio pa\u00eds. La subcampeona de la Lieja-Bastogne-Lieja, que probablemente har\u00e1 una buena actuaci\u00f3n en la carrera en ruta, es el tipo de corredora que est\u00e1 preparada para cualquier peque\u00f1o avance que pueda conseguir. Ha ganado una etapa del Tour femenino, una etapa en el reciente Ceratizit Challenge de la Vuelta y la contrarreloj de los Juegos de la Commonwealth de este a\u00f1o.<\/p>\n<h4>Kasia Niewiadoma<\/h4>\n<p>Como corredora incre\u00edblemente consistente y con un don para las subidas, esta podr\u00eda muy bien ser la carrera que rompa la racha de <a href=\"https:\/\/www.welovecycling.com\/es\/2022\/05\/27\/kasia-niewiadoma\/\">Kasia Niewiadoma<\/a> de terminar en el primer puesto. Aunque ha sido segunda o tercera en 19 ocasiones, incluyendo el Tour de Francia Femenino de este verano, su \u00faltima victoria fue hace m\u00e1s de tres a\u00f1os. Con un recorrido bien adaptado a sus habilidades, esta podr\u00eda ser la victoria que busca.<\/p>\n<h4>Lotte Kopecky<\/h4>\n<p>En su primera temporada con el equipo SD Worx, Kopecky comenz\u00f3 con fuerza, consiguiendo victorias en el Tour de Flandes y en la Strade Bianche. Esta carrera tambi\u00e9n se adapta bien a ella. Su estilo ciclista se ha desplazado hacia el territorio de los puncheur-sprinter, pero nunca ha dejado que olvidemos que puede enfrentarse a las colinas m\u00e1s exigentes. Sin embargo, el mes pasado no particip\u00f3 en los Campeonatos Europeos de Carretera por una lesi\u00f3n de espalda, as\u00ed que veremos si puede recuperar el impulso de la primavera.<\/p>\n","protected":false},"excerpt":{"rendered":"<p>Los Mundiales de Wollogong 2022 acaban de comenzar. Del pelot\u00f3n femenino, despu\u00e9s de su salto de calidad en 2022 con [&hellip;]<\/p>\n","protected":false},"author":29,"featured_media":9295,"comment_status":"open","ping_status":"open","sticky":false,"template":"","format":"standard","meta":{"footnotes":""},"categories":[7],"tags":[2195,2193,2194],"global-categories":[],"class_list":["post-9291","post","type-post","status-publish","format-standard","has-post-thumbnail","hentry","category-carretera","tag-mundial-ciclismo-2022","tag-mundiales-2022","tag-mundiales-wollongong"],"yoast_head":"<!-- This site is optimized with the Yoast SEO Premium plugin v25.3 (Yoast SEO v25.9) - https:\/\/yoast.com\/wordpress\/plugins\/seo\/ -->\n<title>Mundiales Wollongong 2022. \u00bfQu\u00e9 pasar\u00e1 en la carrera femenina?<\/title>\n<meta name=\"description\" content=\"Mundiales Wollongong 2022 \u00bfQu\u00e9 pasar\u00e1 en la carrera femenina? Las favoritas para las pruebas femeninas de los mundiales.\" \/>\n<meta name=\"robots\" content=\"index, follow, max-snippet:-1, max-image-preview:large, max-video-preview:-1\" \/>\n<link rel=\"canonical\" href=\"https:\/\/www.welovecycling.com\/es\/2022\/09\/19\/mundiales-wollongong-2022-femenino\/\" \/>\n<meta property=\"og:locale\" content=\"es_ES\" \/>\n<meta property=\"og:type\" content=\"article\" \/>\n<meta property=\"og:title\" content=\"Mundiales Wollongong 2022. \u00bfQu\u00e9 pasar\u00e1 en la carrera femenina?\" \/>\n<meta property=\"og:description\" content=\"Mundiales Wollongong 2022 \u00bfQu\u00e9 pasar\u00e1 en la carrera femenina? Las favoritas para las pruebas femeninas de los mundiales.\" \/>\n<meta property=\"og:url\" content=\"https:\/\/www.welovecycling.com\/es\/2022\/09\/19\/mundiales-wollongong-2022-femenino\/\" \/>\n<meta property=\"og:site_name\" content=\"\u0160koda We Love Cycling - Spain\" \/>\n<meta property=\"article:published_time\" content=\"2022-09-19T15:58:00+00:00\" \/>\n<meta property=\"og:image\" content=\"https:\/\/d2p6e6u75xmxt8.cloudfront.net\/6\/2022\/09\/UCI-World-Champs-Women-profimedia-0722849359-CVR.jpg\" \/>\n\t<meta property=\"og:image:width\" content=\"990\" \/>\n\t<meta property=\"og:image:height\" content=\"660\" \/>\n\t<meta property=\"og:image:type\" content=\"image\/jpeg\" \/>\n<meta name=\"author\" content=\"We Love Cycling Spain\" \/>\n<meta name=\"twitter:card\" content=\"summary_large_image\" \/>\n<meta name=\"twitter:title\" content=\"Mundiales Wollongong 2022 \u00bfQu\u00e9 pasar\u00e1 en la carrera femenina?\" \/>\n<meta name=\"twitter:description\" content=\"Mundiales Wollongong 2022 \u00bfQu\u00e9 pasar\u00e1 en la carrera femenina? Las favoritas para las pruebas femeninas de los mundiales.\" \/>\n<meta name=\"twitter:label1\" content=\"Written by\" \/>\n\t<meta name=\"twitter:data1\" content=\"Megan Flottorp\" \/>\n\t<meta name=\"twitter:label2\" content=\"Est. reading time\" \/>\n\t<meta name=\"twitter:data2\" content=\"6\" \/>\n<script type=\"application\/ld+json\" class=\"yoast-schema-graph\">{\"@context\":\"https:\/\/schema.org\",\"@graph\":[{\"@type\":\"WebPage\",\"@id\":\"https:\/\/www.welovecycling.com\/es\/2022\/09\/19\/mundiales-wollongong-2022-femenino\/\",\"url\":\"https:\/\/www.welovecycling.com\/es\/2022\/09\/19\/mundiales-wollongong-2022-femenino\/\",\"name\":\"Mundiales Wollongong 2022. \u00bfQu\u00e9 pasar\u00e1 en la carrera femenina?\",\"isPartOf\":{\"@id\":\"https:\/\/www.welovecycling.com\/es\/#website\"},\"primaryImageOfPage\":{\"@id\":\"https:\/\/www.welovecycling.com\/es\/2022\/09\/19\/mundiales-wollongong-2022-femenino\/#primaryimage\"},\"image\":{\"@id\":\"https:\/\/www.welovecycling.com\/es\/2022\/09\/19\/mundiales-wollongong-2022-femenino\/#primaryimage\"},\"thumbnailUrl\":\"https:\/\/d2p6e6u75xmxt8.cloudfront.net\/6\/2022\/09\/UCI-World-Champs-Women-profimedia-0722849359-CVR.jpg\",\"datePublished\":\"2022-09-19T15:58:00+00:00\",\"author\":{\"@id\":\"https:\/\/www.welovecycling.com\/es\/#\/schema\/person\/deb61715b5812698ee79fb96f343ccd4\"},\"description\":\"Mundiales Wollongong 2022 \u00bfQu\u00e9 pasar\u00e1 en la carrera femenina? Las favoritas para las pruebas femeninas de los mundiales.\",\"breadcrumb\":{\"@id\":\"https:\/\/www.welovecycling.com\/es\/2022\/09\/19\/mundiales-wollongong-2022-femenino\/#breadcrumb\"},\"inLanguage\":\"es-ES\",\"potentialAction\":[{\"@type\":\"ReadAction\",\"target\":[\"https:\/\/www.welovecycling.com\/es\/2022\/09\/19\/mundiales-wollongong-2022-femenino\/\"]}]},{\"@type\":\"ImageObject\",\"inLanguage\":\"es-ES\",\"@id\":\"https:\/\/www.welovecycling.com\/es\/2022\/09\/19\/mundiales-wollongong-2022-femenino\/#primaryimage\",\"url\":\"https:\/\/d2p6e6u75xmxt8.cloudfront.net\/6\/2022\/09\/UCI-World-Champs-Women-profimedia-0722849359-CVR.jpg\",\"contentUrl\":\"https:\/\/d2p6e6u75xmxt8.cloudfront.net\/6\/2022\/09\/UCI-World-Champs-Women-profimedia-0722849359-CVR.jpg\",\"width\":990,\"height\":660,\"caption\":\"UCI Road World Championships\"},{\"@type\":\"BreadcrumbList\",\"@id\":\"https:\/\/www.welovecycling.com\/es\/2022\/09\/19\/mundiales-wollongong-2022-femenino\/#breadcrumb\",\"itemListElement\":[{\"@type\":\"ListItem\",\"position\":1,\"name\":\"Home\",\"item\":\"https:\/\/www.welovecycling.com\/es\/\"},{\"@type\":\"ListItem\",\"position\":2,\"name\":\"Mundiales Wollongong 2022. \u00bfQu\u00e9 pasar\u00e1 en la carrera femenina?\"}]},{\"@type\":\"WebSite\",\"@id\":\"https:\/\/www.welovecycling.com\/es\/#website\",\"url\":\"https:\/\/www.welovecycling.com\/es\/\",\"name\":\"\u0160koda We Love Cycling - Spain\",\"description\":\"\u0160koda WeLoveCycling Spain\",\"potentialAction\":[{\"@type\":\"SearchAction\",\"target\":{\"@type\":\"EntryPoint\",\"urlTemplate\":\"https:\/\/www.welovecycling.com\/es\/?s={search_term_string}\"},\"query-input\":{\"@type\":\"PropertyValueSpecification\",\"valueRequired\":true,\"valueName\":\"search_term_string\"}}],\"inLanguage\":\"es-ES\"},{\"@type\":\"Person\",\"@id\":\"https:\/\/www.welovecycling.com\/es\/#\/schema\/person\/deb61715b5812698ee79fb96f343ccd4\",\"name\":\"We Love Cycling Spain\",\"image\":{\"@type\":\"ImageObject\",\"inLanguage\":\"es-ES\",\"@id\":\"https:\/\/www.welovecycling.com\/es\/#\/schema\/person\/image\/\",\"url\":\"https:\/\/secure.gravatar.com\/avatar\/c824b04e6df0e37a03219d0b6481672889df542894588964102459e46513159c?s=96&d=mm&r=g\",\"contentUrl\":\"https:\/\/secure.gravatar.com\/avatar\/c824b04e6df0e37a03219d0b6481672889df542894588964102459e46513159c?s=96&d=mm&r=g\",\"caption\":\"We Love Cycling Spain\"},\"url\":\"https:\/\/www.welovecycling.com\/es\/author\/amunoz\/\"}]}<\/script>\n<!-- \/ Yoast SEO Premium plugin. -->","yoast_head_json":{"title":"Mundiales Wollongong 2022. \u00bfQu\u00e9 pasar\u00e1 en la carrera femenina?","description":"Mundiales Wollongong 2022 \u00bfQu\u00e9 pasar\u00e1 en la carrera femenina? Las favoritas para las pruebas femeninas de los mundiales.","robots":{"index":"index","follow":"follow","max-snippet":"max-snippet:-1","max-image-preview":"max-image-preview:large","max-video-preview":"max-video-preview:-1"},"canonical":"https:\/\/www.welovecycling.com\/es\/2022\/09\/19\/mundiales-wollongong-2022-femenino\/","og_locale":"es_ES","og_type":"article","og_title":"Mundiales Wollongong 2022. \u00bfQu\u00e9 pasar\u00e1 en la carrera femenina?","og_description":"Mundiales Wollongong 2022 \u00bfQu\u00e9 pasar\u00e1 en la carrera femenina? Las favoritas para las pruebas femeninas de los mundiales.","og_url":"https:\/\/www.welovecycling.com\/es\/2022\/09\/19\/mundiales-wollongong-2022-femenino\/","og_site_name":"\u0160koda We Love Cycling - Spain","article_published_time":"2022-09-19T15:58:00+00:00","og_image":[{"width":990,"height":660,"url":"https:\/\/d2p6e6u75xmxt8.cloudfront.net\/6\/2022\/09\/UCI-World-Champs-Women-profimedia-0722849359-CVR.jpg","type":"image\/jpeg"}],"author":"We Love Cycling Spain","twitter_card":"summary_large_image","twitter_title":"Mundiales Wollongong 2022 \u00bfQu\u00e9 pasar\u00e1 en la carrera femenina?","twitter_description":"Mundiales Wollongong 2022 \u00bfQu\u00e9 pasar\u00e1 en la carrera femenina? Las favoritas para las pruebas femeninas de los mundiales.","twitter_misc":{"Written by":"Megan Flottorp","Est. reading time":"6"},"schema":{"@context":"https:\/\/schema.org","@graph":[{"@type":"WebPage","@id":"https:\/\/www.welovecycling.com\/es\/2022\/09\/19\/mundiales-wollongong-2022-femenino\/","url":"https:\/\/www.welovecycling.com\/es\/2022\/09\/19\/mundiales-wollongong-2022-femenino\/","name":"Mundiales Wollongong 2022. \u00bfQu\u00e9 pasar\u00e1 en la carrera femenina?","isPartOf":{"@id":"https:\/\/www.welovecycling.com\/es\/#website"},"primaryImageOfPage":{"@id":"https:\/\/www.welovecycling.com\/es\/2022\/09\/19\/mundiales-wollongong-2022-femenino\/#primaryimage"},"image":{"@id":"https:\/\/www.welovecycling.com\/es\/2022\/09\/19\/mundiales-wollongong-2022-femenino\/#primaryimage"},"thumbnailUrl":"https:\/\/d2p6e6u75xmxt8.cloudfront.net\/6\/2022\/09\/UCI-World-Champs-Women-profimedia-0722849359-CVR.jpg","datePublished":"2022-09-19T15:58:00+00:00","author":{"@id":"https:\/\/www.welovecycling.com\/es\/#\/schema\/person\/deb61715b5812698ee79fb96f343ccd4"},"description":"Mundiales Wollongong 2022 \u00bfQu\u00e9 pasar\u00e1 en la carrera femenina? Las favoritas para las pruebas femeninas de los mundiales.","breadcrumb":{"@id":"https:\/\/www.welovecycling.com\/es\/2022\/09\/19\/mundiales-wollongong-2022-femenino\/#breadcrumb"},"inLanguage":"es-ES","potentialAction":[{"@type":"ReadAction","target":["https:\/\/www.welovecycling.com\/es\/2022\/09\/19\/mundiales-wollongong-2022-femenino\/"]}]},{"@type":"ImageObject","inLanguage":"es-ES","@id":"https:\/\/www.welovecycling.com\/es\/2022\/09\/19\/mundiales-wollongong-2022-femenino\/#primaryimage","url":"https:\/\/d2p6e6u75xmxt8.cloudfront.net\/6\/2022\/09\/UCI-World-Champs-Women-profimedia-0722849359-CVR.jpg","contentUrl":"https:\/\/d2p6e6u75xmxt8.cloudfront.net\/6\/2022\/09\/UCI-World-Champs-Women-profimedia-0722849359-CVR.jpg","width":990,"height":660,"caption":"UCI Road World Championships"},{"@type":"BreadcrumbList","@id":"https:\/\/www.welovecycling.com\/es\/2022\/09\/19\/mundiales-wollongong-2022-femenino\/#breadcrumb","itemListElement":[{"@type":"ListItem","position":1,"name":"Home","item":"https:\/\/www.welovecycling.com\/es\/"},{"@type":"ListItem","position":2,"name":"Mundiales Wollongong 2022. \u00bfQu\u00e9 pasar\u00e1 en la carrera femenina?"}]},{"@type":"WebSite","@id":"https:\/\/www.welovecycling.com\/es\/#website","url":"https:\/\/www.welovecycling.com\/es\/","name":"\u0160koda We Love Cycling - Spain","description":"\u0160koda WeLoveCycling Spain","potentialAction":[{"@type":"SearchAction","target":{"@type":"EntryPoint","urlTemplate":"https:\/\/www.welovecycling.com\/es\/?s={search_term_string}"},"query-input":{"@type":"PropertyValueSpecification","valueRequired":true,"valueName":"search_term_string"}}],"inLanguage":"es-ES"},{"@type":"Person","@id":"https:\/\/www.welovecycling.com\/es\/#\/schema\/person\/deb61715b5812698ee79fb96f343ccd4","name":"We Love Cycling Spain","image":{"@type":"ImageObject","inLanguage":"es-ES","@id":"https:\/\/www.welovecycling.com\/es\/#\/schema\/person\/image\/","url":"https:\/\/secure.gravatar.com\/avatar\/c824b04e6df0e37a03219d0b6481672889df542894588964102459e46513159c?s=96&d=mm&r=g","contentUrl":"https:\/\/secure.gravatar.com\/avatar\/c824b04e6df0e37a03219d0b6481672889df542894588964102459e46513159c?s=96&d=mm&r=g","caption":"We Love Cycling Spain"},"url":"https:\/\/www.welovecycling.com\/es\/author\/amunoz\/"}]}},"_links":{"self":[{"href":"https:\/\/www.welovecycling.com\/es\/wp-json\/wp\/v2\/posts\/9291","targetHints":{"allow":["GET"]}}],"collection":[{"href":"https:\/\/www.welovecycling.com\/es\/wp-json\/wp\/v2\/posts"}],"about":[{"href":"https:\/\/www.welovecycling.com\/es\/wp-json\/wp\/v2\/types\/post"}],"author":[{"embeddable":true,"href":"https:\/\/www.welovecycling.com\/es\/wp-json\/wp\/v2\/users\/29"}],"replies":[{"embeddable":true,"href":"https:\/\/www.welovecycling.com\/es\/wp-json\/wp\/v2\/comments?post=9291"}],"version-history":[{"count":1,"href":"https:\/\/www.welovecycling.com\/es\/wp-json\/wp\/v2\/posts\/9291\/revisions"}],"predecessor-version":[{"id":9297,"href":"https:\/\/www.welovecycling.com\/es\/wp-json\/wp\/v2\/posts\/9291\/revisions\/9297"}],"wp:featuredmedia":[{"embeddable":true,"href":"https:\/\/www.welovecycling.com\/es\/wp-json\/wp\/v2\/media\/9295"}],"wp:attachment":[{"href":"https:\/\/www.welovecycling.com\/es\/wp-json\/wp\/v2\/media?parent=9291"}],"wp:term":[{"taxonomy":"category","embeddable":true,"href":"https:\/\/www.welovecycling.com\/es\/wp-json\/wp\/v2\/categories?post=9291"},{"taxonomy":"post_tag","embeddable":true,"href":"https:\/\/www.welovecycling.com\/es\/wp-json\/wp\/v2\/tags?post=9291"},{"taxonomy":"global-categories","embeddable":true,"href":"https:\/\/www.welovecycling.com\/es\/wp-json\/wp\/v2\/global-categories?post=9291"}],"curies":[{"name":"wp","href":"https:\/\/api.w.org\/{rel}","templated":true}]}}