{"id":9286,"date":"2022-09-17T17:21:10","date_gmt":"2022-09-17T15:21:10","guid":{"rendered":"https:\/\/www.welovecycling.com\/es\/?p=9286"},"modified":"2022-09-15T10:57:05","modified_gmt":"2022-09-15T08:57:05","slug":"mundiales-wollongong","status":"publish","type":"post","link":"https:\/\/www.welovecycling.com\/es\/2022\/09\/17\/mundiales-wollongong\/","title":{"rendered":"Favoritos para los Mundiales de Wollongong 2022"},"content":{"rendered":"<p><strong>Este a\u00f1o, la ciudad costera de Wollongong (Australia) acoger\u00e1 los Campeonatos del Mundo de Carretera de la UCI, en los que se conceder\u00e1n 23 t\u00edtulos en las categor\u00edas junior, sub23 y \u00e9lite en las disciplinas de carretera y contrarreloj. Ganar esas ic\u00f3nicas bandas arco iris define la carrera de un ciclista. No hay nada que se le parezca, es la c\u00faspide absoluta de las carreras de un d\u00eda y algunos los pueden conseguir en los Mundiales de Wollongong.<\/strong><\/p>\n<p><!--more--><\/p>\n<p>En primer lugar, echemos un vistazo a los recorridos de las carreras de carretera de \u00e9lite femenina y masculina. Celebradas el 24 y el 25 de septiembre, respectivamente, cuentan con dos partes distintas: el bucle del Monte Keira y el circuito urbano del Mundial deWollongong. Ambas carreras har\u00e1n un gran bucle del Monte Keira, con espectaculares acantilados costeros al sur de Sydney, antes de que las mujeres den seis vueltas a Wollongong y los hombres 12. Este circuito final tiene 17,7 km de longitud y 220 m de elevaci\u00f3n por vuelta, la mayor parte de ellos debido a la subida de Mount Pleasant, que tiene 1,1 km de longitud y una media del 7,7% con pendientes m\u00e1ximas del 14%.<br \/>\nSe trata tambi\u00e9n de un circuito bastante t\u00e9cnico, que se adaptar\u00e1 claramente a los &#8220;puncheurs&#8221; de los respectivos pelotones, un recorrido con un aire de &#8220;Down Under Classics&#8221;. Los hombres se enfrentar\u00e1n a la friolera de 3.944 m de desnivel en 266,9 km y las mujeres a 2.433 m en 164,3 km. Ser\u00e1 uno de los recorridos mundiales m\u00e1s dif\u00edciles de los \u00faltimos a\u00f1os.<\/p>\n<h3><strong>Carretera<\/strong><\/h3>\n<p>Eso en cuanto al recorrido, as\u00ed que \u00bfa qui\u00e9nes debemos vigilar en el campo de la \u00e9lite femenina? El pa\u00eds anfitri\u00f3n ha reunido un equipo muy fuerte liderado por <strong>Sarah Roy y Amanda Spratt<\/strong>, que fue segunda en el accidentado Mundial de Innsbruck en 2018. La campeona defensora, <strong>Elisa Balsamo,<\/strong> no correr\u00e1, pero a <strong>Elisa Longo Borghini<\/strong> le encantar\u00e1n estos recorridos y ha estado en una forma brillante \u00faltimamente. Si la brillante estrella danesa <strong>Cecille Uttrup Ludwig<\/strong> se lleva el t\u00edtulo, creo que todo el mundo lo celebrar\u00e1, tal es su popularidad. Este a\u00f1o ha dado un gran salto adelante, ganando el t\u00edtulo dan\u00e9s de ruta, una etapa en el Tour de Francia Femenino y la general del Tour de Escandinavia. Tambi\u00e9n ha desarrollado un feroz sprint para a\u00f1adir a su arsenal.<\/p>\n<figure id=\"attachment_9287\" aria-describedby=\"caption-attachment-9287\" style=\"width: 1000px\" class=\"wp-caption alignnone\"><a href=\"https:\/\/d2p6e6u75xmxt8.cloudfront.net\/6\/2022\/09\/Elisa-Longo-Borghini-profimedia-0698892473.jpg\"><img loading=\"lazy\" decoding=\"async\" class=\"size-full wp-image-9287\" src=\"https:\/\/d2p6e6u75xmxt8.cloudfront.net\/6\/2022\/09\/Elisa-Longo-Borghini-profimedia-0698892473.jpg\" alt=\"Elisa Longo Borghini\" width=\"1000\" height=\"668\" srcset=\"https:\/\/d2p6e6u75xmxt8.cloudfront.net\/6\/2022\/09\/Elisa-Longo-Borghini-profimedia-0698892473.jpg 1000w, https:\/\/d2p6e6u75xmxt8.cloudfront.net\/6\/2022\/09\/Elisa-Longo-Borghini-profimedia-0698892473-300x200.jpg 300w, https:\/\/d2p6e6u75xmxt8.cloudfront.net\/6\/2022\/09\/Elisa-Longo-Borghini-profimedia-0698892473-768x513.jpg 768w, https:\/\/d2p6e6u75xmxt8.cloudfront.net\/6\/2022\/09\/Elisa-Longo-Borghini-profimedia-0698892473-272x182.jpg 272w\" sizes=\"auto, (max-width: 1000px) 100vw, 1000px\" \/><\/a><figcaption id=\"caption-attachment-9287\" class=\"wp-caption-text\">Elisa Longo Borghini est\u00e1 en buena forma. \u00a9 Profimedia<\/figcaption><\/figure>\n<p>La polaca <a href=\"https:\/\/www.welovecycling.com\/es\/2022\/05\/27\/kasia-niewiadoma\/\">Kasia Niewiadoma<\/a> siempre ser\u00e1 una amenaza, ya que fue medallista en Lovaina el a\u00f1o pasado, y tambi\u00e9n hay que tener en cuenta a su compa\u00f1era del equipo Canyon SRAM Swiss, <strong>Elise Chabbey<\/strong>. Las esperanzas francesas recaer\u00e1n en Juliette Labous, que se qued\u00f3 a las puertas del podio en el TDF Femenino, mientras que la espa\u00f1ola <strong>Mavi Garc\u00eda<\/strong> tambi\u00e9n se adaptar\u00e1 a la ardua naturaleza de las vueltas de Wollongong. Sin embargo, la holandesa <strong>Annemiek van Vleuten<\/strong> ser\u00e1 la clara favorita para conseguir su tercer t\u00edtulo mundial en ruta. Este a\u00f1o, ha parecido estar a otro nivel en cuanto la carretera se eleva, llev\u00e1ndose el Giro de Italia Donne, el <a href=\"https:\/\/www.letourfemmes.fr\/en\">Tour de Francia Femenino<\/a> y el Ceratizit Challenge de La Vuelta con un estilo espantosamente dominante.<\/p>\n<p>Pasemos a los <strong>hombres de \u00e9lite,<\/strong> sin ning\u00fan orden en particular. Mi primera elecci\u00f3n es <strong>Magnus Cort Nielsen<\/strong> de Dinamarca. En 2022, parece tan peligroso como siempre y sus capacidades se adaptan a un recorrido como \u00e9ste. Sin embargo, la clave no es s\u00f3lo su fuerza y su agudeza, sino que tambi\u00e9n es uno de los corredores m\u00e1s astutos e inteligentes del mundo. Tambi\u00e9n es muy paciente, una virtud en los Mundiales.<strong> Tadej Pogacar<\/strong>, dos veces ganador del Tour de Francia, es el abanderado de Eslovenia y ser\u00e1 sin duda una fuerza potente, aunque su equipo sea peque\u00f1o. S\u00f3lo tiene 23 a\u00f1os y, adem\u00e1s de sus t\u00edtulos del Tour, ya ha ganado la Strade Bianche, la Lieja-Bastogne-Lieja y la Lombard\u00eda, por lo que sabe c\u00f3mo ganar una carrera de un solo d\u00eda. El ganador de la Vuelta, <strong>Remco Evenepoel, y Wout Van Aert<\/strong> comparten el liderazgo de la poderosa escuadra belga, pero la gran pregunta aqu\u00ed es c\u00f3mo se combinar\u00e1n como una unidad cohesiva. Ser\u00e1 fascinante ver c\u00f3mo se desarrolla.<\/p>\n<p><strong>Fred Wright y Ethan Hayter<\/strong> lideran una joven escuadra brit\u00e1nica que tiene posibilidades reales de subir al podio; Wright, en particular, se encuentra en un excelente estado de forma, como demostr\u00f3 en la Vuelta con siete resultados entre los diez primeros. El italiano <strong>Alberto Bettiol<\/strong> tambi\u00e9n se adaptar\u00e1 al terreno que ofrecen los Mundiales de Wollongong, pero ha estado ausente \u00faltimamente. El suizo <strong>Stefan K\u00fcng<\/strong>, plata en los Mundiales de Harrogate en 2019, podr\u00eda suponer una amenaza y est\u00e1 escalando mejor que nunca. El equipo local, Australia, tiene un equipo de cracks construido alrededor de <strong>Michael Matthews<\/strong>, que fue medalla de plata en los Mundiales en Richmond 2015. El corredor nacido en Canberra est\u00e1 claramente de vuelta a su mejor nivel despu\u00e9s de una victoria en solitario que defini\u00f3 su carrera en el<strong> Tour de Francia en Mende<\/strong> este a\u00f1o. Con este estado de forma, y con fuertes actuaciones en Quebec y Montreal, este podr\u00eda ser su a\u00f1o.<\/p>\n<p>Aunque ha tenido una temporada regular seg\u00fan sus propios est\u00e1ndares, nunca se puede descartar al eslovaco Peter Sagan, tres veces campe\u00f3n del mundo, un corredor que puede sacar actuaciones de la nada como un conejo mago. \u00bfQu\u00e9 puede hacer el defensor del t\u00edtulo, <strong>Julian Alaphilippe<\/strong>? &#8216;Lou-Lou&#8217; ha tenido un a\u00f1o horrible, plagado de infortunios y lesiones, y el estado de forma actual sugiere que ser\u00e1 dif\u00edcil que compita al nivel que desea, por lo que es posible que le veamos desempe\u00f1ando un papel de equipo para corredores de la talla de <strong>Christophe Laporte<\/strong> o Benoit Cosnefroy, el reciente ganador del GP Cyclist Quebec. En cuanto a la selecci\u00f3n de Estados Unidos, mi elecci\u00f3n ser\u00eda <strong>Neilson Powless<\/strong>, que ha demostrado que puede ganar a lo grande en las carreras de un d\u00eda y que fue 5\u00ba en los Mundiales de Lovaina del a\u00f1o pasado.<\/p>\n<h3><strong>Contrarreloj<\/strong><\/h3>\n<p>Antes de la prueba de carretera, tanto la contrarreloj masculina como la femenina de los Mundiales de Wollongong tendr\u00e1n lugar el mismo d\u00eda, en el mismo recorrido y sobre la misma distancia de 34,2 km, con dos vueltas de 16,8 km que incluyen ascensos al monte Ousley. Es un recorrido ondulado con muchas curvas, con 312 m de elevaci\u00f3n. Es un recorrido en el que mantener un ritmo constante ser\u00e1 un reto, por lo que ser\u00e1 adecuado para corredores con una gran habilidad t\u00e9cnica que disfrutar\u00e1n de las curvas regulares y los cambios de pendiente.<\/p>\n<p>La carrera masculina ser\u00e1 una batalla intrigante: tenemos al italiano <strong>Filippo Ganna<\/strong>, campe\u00f3n en 2020 y 2021, al belga <strong>Remo Evenepoel,<\/strong> campe\u00f3n europeo de crono en 2019 y medalla de plata mundial ese mismo a\u00f1o, mientras que el equipo suizo podr\u00eda tener dos corredores en el podio con el actual campe\u00f3n europeo <strong>Stefan Bissegger<\/strong> y el medallista de bronce\u00a0 mundial en 2020 <strong>Stefan Kung.<\/strong> Otros corredores que podr\u00edan destacar son el holand\u00e9s <strong>Bauke Mollema<\/strong>, que parece estar mejorando en las pruebas contrarreloj a medida que envejece, el estadounidense <strong>Magnus Sheffield<\/strong> y el campe\u00f3n brit\u00e1nico <strong>Ethan Hayter<\/strong>.<\/p>\n<p>En la carrera femenina de los Mundiales de Wollongong, los Pa\u00edses Bajos traen a la campeona de 2021, <strong>Ellen Van Dijk, y a Annemiek Van Vleuten<\/strong>, campeona en 2017 y 2018, <strong>Kristen Faulkner<\/strong>, de los Estados Unidos, podr\u00eda impresionar, habiendo conseguido dos victorias en contrarreloj este a\u00f1o. Francia est\u00e1 representada por la joven sensaci\u00f3n Juliette Labous, mientras que <strong>Marlen Reusser<\/strong>, la medalla de plata ol\u00edmpica y actual campeona europea de contrarreloj, estar\u00e1 con el rojo y blanco de Suiza. Tambi\u00e9n hay que tener en cuenta a la noruega Emma Norsgaard y a la italiana Vittoria Guazzini.<\/p>\n<p>\u00a1A por todas!<\/p>\n","protected":false},"excerpt":{"rendered":"<p>Este a\u00f1o, la ciudad costera de Wollongong (Australia) acoger\u00e1 los Campeonatos del Mundo de Carretera de la UCI, en los [&hellip;]<\/p>\n","protected":false},"author":29,"featured_media":9289,"comment_status":"open","ping_status":"open","sticky":false,"template":"","format":"standard","meta":{"footnotes":""},"categories":[7],"tags":[2193],"global-categories":[],"class_list":["post-9286","post","type-post","status-publish","format-standard","has-post-thumbnail","hentry","category-carretera","tag-mundiales-2022"],"yoast_head":"<!-- This site is optimized with the Yoast SEO Premium plugin v25.3 (Yoast SEO v25.9) - https:\/\/yoast.com\/wordpress\/plugins\/seo\/ -->\n<title>Favoritos para los Mundiales de Wollongong 2022<\/title>\n<meta name=\"description\" content=\"Favoritos para los Mundiales de Wollongong 2022. De Van Aert y Evenepoel a Van Vleuten o Longo Borghini. Los nombres del Mundial 2022.\" \/>\n<meta name=\"robots\" content=\"index, follow, max-snippet:-1, max-image-preview:large, max-video-preview:-1\" \/>\n<link rel=\"canonical\" href=\"https:\/\/www.welovecycling.com\/es\/2022\/09\/17\/mundiales-wollongong\/\" \/>\n<meta property=\"og:locale\" content=\"es_ES\" \/>\n<meta property=\"og:type\" content=\"article\" \/>\n<meta property=\"og:title\" content=\"Favoritos para los Mundiales de Wollongong 2022\" \/>\n<meta property=\"og:description\" content=\"Favoritos para los Mundiales de Wollongong 2022. De Van Aert y Evenepoel a Van Vleuten o Longo Borghini. Los nombres del Mundial 2022.\" \/>\n<meta property=\"og:url\" content=\"https:\/\/www.welovecycling.com\/es\/2022\/09\/17\/mundiales-wollongong\/\" \/>\n<meta property=\"og:site_name\" content=\"\u0160koda We Love Cycling - Spain\" \/>\n<meta property=\"article:published_time\" content=\"2022-09-17T15:21:10+00:00\" \/>\n<meta property=\"og:image\" content=\"https:\/\/d2p6e6u75xmxt8.cloudfront.net\/6\/2022\/09\/2021-UCI-World-Road-Championships-profimedia-0634941598-CVR.jpg\" \/>\n\t<meta property=\"og:image:width\" content=\"990\" \/>\n\t<meta property=\"og:image:height\" content=\"660\" \/>\n\t<meta property=\"og:image:type\" content=\"image\/jpeg\" \/>\n<meta name=\"author\" content=\"We Love Cycling Spain\" \/>\n<meta name=\"twitter:card\" content=\"summary_large_image\" \/>\n<meta name=\"twitter:title\" content=\"Favoritos para los Mundiales de Wollongong 2022\" \/>\n<meta name=\"twitter:description\" content=\"Favoritos para los Mundiales de Wollongong 2022. De Van Aert y Evenepoel a Van Vleuten o Longo Borghini. Los nombres del Mundial 2022.\" \/>\n<meta name=\"twitter:label1\" content=\"Written by\" \/>\n\t<meta name=\"twitter:data1\" content=\"Matt Stephens\" \/>\n\t<meta name=\"twitter:label2\" content=\"Est. reading time\" \/>\n\t<meta name=\"twitter:data2\" content=\"5\" \/>\n<script type=\"application\/ld+json\" class=\"yoast-schema-graph\">{\"@context\":\"https:\/\/schema.org\",\"@graph\":[{\"@type\":\"WebPage\",\"@id\":\"https:\/\/www.welovecycling.com\/es\/2022\/09\/17\/mundiales-wollongong\/\",\"url\":\"https:\/\/www.welovecycling.com\/es\/2022\/09\/17\/mundiales-wollongong\/\",\"name\":\"Favoritos para los Mundiales de Wollongong 2022\",\"isPartOf\":{\"@id\":\"https:\/\/www.welovecycling.com\/es\/#website\"},\"primaryImageOfPage\":{\"@id\":\"https:\/\/www.welovecycling.com\/es\/2022\/09\/17\/mundiales-wollongong\/#primaryimage\"},\"image\":{\"@id\":\"https:\/\/www.welovecycling.com\/es\/2022\/09\/17\/mundiales-wollongong\/#primaryimage\"},\"thumbnailUrl\":\"https:\/\/d2p6e6u75xmxt8.cloudfront.net\/6\/2022\/09\/2021-UCI-World-Road-Championships-profimedia-0634941598-CVR.jpg\",\"datePublished\":\"2022-09-17T15:21:10+00:00\",\"author\":{\"@id\":\"https:\/\/www.welovecycling.com\/es\/#\/schema\/person\/deb61715b5812698ee79fb96f343ccd4\"},\"description\":\"Favoritos para los Mundiales de Wollongong 2022. De Van Aert y Evenepoel a Van Vleuten o Longo Borghini. Los nombres del Mundial 2022.\",\"breadcrumb\":{\"@id\":\"https:\/\/www.welovecycling.com\/es\/2022\/09\/17\/mundiales-wollongong\/#breadcrumb\"},\"inLanguage\":\"es-ES\",\"potentialAction\":[{\"@type\":\"ReadAction\",\"target\":[\"https:\/\/www.welovecycling.com\/es\/2022\/09\/17\/mundiales-wollongong\/\"]}]},{\"@type\":\"ImageObject\",\"inLanguage\":\"es-ES\",\"@id\":\"https:\/\/www.welovecycling.com\/es\/2022\/09\/17\/mundiales-wollongong\/#primaryimage\",\"url\":\"https:\/\/d2p6e6u75xmxt8.cloudfront.net\/6\/2022\/09\/2021-UCI-World-Road-Championships-profimedia-0634941598-CVR.jpg\",\"contentUrl\":\"https:\/\/d2p6e6u75xmxt8.cloudfront.net\/6\/2022\/09\/2021-UCI-World-Road-Championships-profimedia-0634941598-CVR.jpg\",\"width\":990,\"height\":660,\"caption\":\"UCI Road World Championships\"},{\"@type\":\"BreadcrumbList\",\"@id\":\"https:\/\/www.welovecycling.com\/es\/2022\/09\/17\/mundiales-wollongong\/#breadcrumb\",\"itemListElement\":[{\"@type\":\"ListItem\",\"position\":1,\"name\":\"Home\",\"item\":\"https:\/\/www.welovecycling.com\/es\/\"},{\"@type\":\"ListItem\",\"position\":2,\"name\":\"Favoritos para los Mundiales de Wollongong 2022\"}]},{\"@type\":\"WebSite\",\"@id\":\"https:\/\/www.welovecycling.com\/es\/#website\",\"url\":\"https:\/\/www.welovecycling.com\/es\/\",\"name\":\"\u0160koda We Love Cycling - Spain\",\"description\":\"\u0160koda WeLoveCycling Spain\",\"potentialAction\":[{\"@type\":\"SearchAction\",\"target\":{\"@type\":\"EntryPoint\",\"urlTemplate\":\"https:\/\/www.welovecycling.com\/es\/?s={search_term_string}\"},\"query-input\":{\"@type\":\"PropertyValueSpecification\",\"valueRequired\":true,\"valueName\":\"search_term_string\"}}],\"inLanguage\":\"es-ES\"},{\"@type\":\"Person\",\"@id\":\"https:\/\/www.welovecycling.com\/es\/#\/schema\/person\/deb61715b5812698ee79fb96f343ccd4\",\"name\":\"We Love Cycling Spain\",\"image\":{\"@type\":\"ImageObject\",\"inLanguage\":\"es-ES\",\"@id\":\"https:\/\/www.welovecycling.com\/es\/#\/schema\/person\/image\/\",\"url\":\"https:\/\/secure.gravatar.com\/avatar\/c824b04e6df0e37a03219d0b6481672889df542894588964102459e46513159c?s=96&d=mm&r=g\",\"contentUrl\":\"https:\/\/secure.gravatar.com\/avatar\/c824b04e6df0e37a03219d0b6481672889df542894588964102459e46513159c?s=96&d=mm&r=g\",\"caption\":\"We Love Cycling Spain\"},\"url\":\"https:\/\/www.welovecycling.com\/es\/author\/amunoz\/\"}]}<\/script>\n<!-- \/ Yoast SEO Premium plugin. -->","yoast_head_json":{"title":"Favoritos para los Mundiales de Wollongong 2022","description":"Favoritos para los Mundiales de Wollongong 2022. De Van Aert y Evenepoel a Van Vleuten o Longo Borghini. Los nombres del Mundial 2022.","robots":{"index":"index","follow":"follow","max-snippet":"max-snippet:-1","max-image-preview":"max-image-preview:large","max-video-preview":"max-video-preview:-1"},"canonical":"https:\/\/www.welovecycling.com\/es\/2022\/09\/17\/mundiales-wollongong\/","og_locale":"es_ES","og_type":"article","og_title":"Favoritos para los Mundiales de Wollongong 2022","og_description":"Favoritos para los Mundiales de Wollongong 2022. De Van Aert y Evenepoel a Van Vleuten o Longo Borghini. Los nombres del Mundial 2022.","og_url":"https:\/\/www.welovecycling.com\/es\/2022\/09\/17\/mundiales-wollongong\/","og_site_name":"\u0160koda We Love Cycling - Spain","article_published_time":"2022-09-17T15:21:10+00:00","og_image":[{"width":990,"height":660,"url":"https:\/\/d2p6e6u75xmxt8.cloudfront.net\/6\/2022\/09\/2021-UCI-World-Road-Championships-profimedia-0634941598-CVR.jpg","type":"image\/jpeg"}],"author":"We Love Cycling Spain","twitter_card":"summary_large_image","twitter_title":"Favoritos para los Mundiales de Wollongong 2022","twitter_description":"Favoritos para los Mundiales de Wollongong 2022. De Van Aert y Evenepoel a Van Vleuten o Longo Borghini. Los nombres del Mundial 2022.","twitter_misc":{"Written by":"Matt Stephens","Est. reading time":"5"},"schema":{"@context":"https:\/\/schema.org","@graph":[{"@type":"WebPage","@id":"https:\/\/www.welovecycling.com\/es\/2022\/09\/17\/mundiales-wollongong\/","url":"https:\/\/www.welovecycling.com\/es\/2022\/09\/17\/mundiales-wollongong\/","name":"Favoritos para los Mundiales de Wollongong 2022","isPartOf":{"@id":"https:\/\/www.welovecycling.com\/es\/#website"},"primaryImageOfPage":{"@id":"https:\/\/www.welovecycling.com\/es\/2022\/09\/17\/mundiales-wollongong\/#primaryimage"},"image":{"@id":"https:\/\/www.welovecycling.com\/es\/2022\/09\/17\/mundiales-wollongong\/#primaryimage"},"thumbnailUrl":"https:\/\/d2p6e6u75xmxt8.cloudfront.net\/6\/2022\/09\/2021-UCI-World-Road-Championships-profimedia-0634941598-CVR.jpg","datePublished":"2022-09-17T15:21:10+00:00","author":{"@id":"https:\/\/www.welovecycling.com\/es\/#\/schema\/person\/deb61715b5812698ee79fb96f343ccd4"},"description":"Favoritos para los Mundiales de Wollongong 2022. De Van Aert y Evenepoel a Van Vleuten o Longo Borghini. Los nombres del Mundial 2022.","breadcrumb":{"@id":"https:\/\/www.welovecycling.com\/es\/2022\/09\/17\/mundiales-wollongong\/#breadcrumb"},"inLanguage":"es-ES","potentialAction":[{"@type":"ReadAction","target":["https:\/\/www.welovecycling.com\/es\/2022\/09\/17\/mundiales-wollongong\/"]}]},{"@type":"ImageObject","inLanguage":"es-ES","@id":"https:\/\/www.welovecycling.com\/es\/2022\/09\/17\/mundiales-wollongong\/#primaryimage","url":"https:\/\/d2p6e6u75xmxt8.cloudfront.net\/6\/2022\/09\/2021-UCI-World-Road-Championships-profimedia-0634941598-CVR.jpg","contentUrl":"https:\/\/d2p6e6u75xmxt8.cloudfront.net\/6\/2022\/09\/2021-UCI-World-Road-Championships-profimedia-0634941598-CVR.jpg","width":990,"height":660,"caption":"UCI Road World Championships"},{"@type":"BreadcrumbList","@id":"https:\/\/www.welovecycling.com\/es\/2022\/09\/17\/mundiales-wollongong\/#breadcrumb","itemListElement":[{"@type":"ListItem","position":1,"name":"Home","item":"https:\/\/www.welovecycling.com\/es\/"},{"@type":"ListItem","position":2,"name":"Favoritos para los Mundiales de Wollongong 2022"}]},{"@type":"WebSite","@id":"https:\/\/www.welovecycling.com\/es\/#website","url":"https:\/\/www.welovecycling.com\/es\/","name":"\u0160koda We Love Cycling - Spain","description":"\u0160koda WeLoveCycling Spain","potentialAction":[{"@type":"SearchAction","target":{"@type":"EntryPoint","urlTemplate":"https:\/\/www.welovecycling.com\/es\/?s={search_term_string}"},"query-input":{"@type":"PropertyValueSpecification","valueRequired":true,"valueName":"search_term_string"}}],"inLanguage":"es-ES"},{"@type":"Person","@id":"https:\/\/www.welovecycling.com\/es\/#\/schema\/person\/deb61715b5812698ee79fb96f343ccd4","name":"We Love Cycling Spain","image":{"@type":"ImageObject","inLanguage":"es-ES","@id":"https:\/\/www.welovecycling.com\/es\/#\/schema\/person\/image\/","url":"https:\/\/secure.gravatar.com\/avatar\/c824b04e6df0e37a03219d0b6481672889df542894588964102459e46513159c?s=96&d=mm&r=g","contentUrl":"https:\/\/secure.gravatar.com\/avatar\/c824b04e6df0e37a03219d0b6481672889df542894588964102459e46513159c?s=96&d=mm&r=g","caption":"We Love Cycling Spain"},"url":"https:\/\/www.welovecycling.com\/es\/author\/amunoz\/"}]}},"_links":{"self":[{"href":"https:\/\/www.welovecycling.com\/es\/wp-json\/wp\/v2\/posts\/9286","targetHints":{"allow":["GET"]}}],"collection":[{"href":"https:\/\/www.welovecycling.com\/es\/wp-json\/wp\/v2\/posts"}],"about":[{"href":"https:\/\/www.welovecycling.com\/es\/wp-json\/wp\/v2\/types\/post"}],"author":[{"embeddable":true,"href":"https:\/\/www.welovecycling.com\/es\/wp-json\/wp\/v2\/users\/29"}],"replies":[{"embeddable":true,"href":"https:\/\/www.welovecycling.com\/es\/wp-json\/wp\/v2\/comments?post=9286"}],"version-history":[{"count":2,"href":"https:\/\/www.welovecycling.com\/es\/wp-json\/wp\/v2\/posts\/9286\/revisions"}],"predecessor-version":[{"id":9290,"href":"https:\/\/www.welovecycling.com\/es\/wp-json\/wp\/v2\/posts\/9286\/revisions\/9290"}],"wp:featuredmedia":[{"embeddable":true,"href":"https:\/\/www.welovecycling.com\/es\/wp-json\/wp\/v2\/media\/9289"}],"wp:attachment":[{"href":"https:\/\/www.welovecycling.com\/es\/wp-json\/wp\/v2\/media?parent=9286"}],"wp:term":[{"taxonomy":"category","embeddable":true,"href":"https:\/\/www.welovecycling.com\/es\/wp-json\/wp\/v2\/categories?post=9286"},{"taxonomy":"post_tag","embeddable":true,"href":"https:\/\/www.welovecycling.com\/es\/wp-json\/wp\/v2\/tags?post=9286"},{"taxonomy":"global-categories","embeddable":true,"href":"https:\/\/www.welovecycling.com\/es\/wp-json\/wp\/v2\/global-categories?post=9286"}],"curies":[{"name":"wp","href":"https:\/\/api.w.org\/{rel}","templated":true}]}}