{"id":9253,"date":"2022-09-06T20:42:02","date_gmt":"2022-09-06T18:42:02","guid":{"rendered":"https:\/\/www.welovecycling.com\/es\/?p=9253"},"modified":"2022-09-06T20:43:02","modified_gmt":"2022-09-06T18:43:02","slug":"la-vuelta-femenina","status":"publish","type":"post","link":"https:\/\/www.welovecycling.com\/es\/2022\/09\/06\/la-vuelta-femenina\/","title":{"rendered":"La Vuelta Femenina. Todas contra Van Vleuten"},"content":{"rendered":"<p><strong>Mientras que La Vuelta afronta su recta final con pol\u00e9mica, la Ceretizit Challenge by La Vuelta, la denominaci\u00f3n oficial de La Vuelta femenina abre el tel\u00f3n el mi\u00e9rcoles 7 de septiembre con cinco etapas por delante, con un pelot\u00f3n de 131 corredoras, entre ellas las diez primeras del Tour Femenino, 22 equipos y una clara favorita, Annemiek Van Vleuten, que tambi\u00e9n <a href=\"https:\/\/www.challengebylavuelta.com\/es\/galeria-video\/best-of-2021\">gan\u00f3 en 2021<\/a>.<\/strong><\/p>\n<p><!--more--><\/p>\n<p>La organizaci\u00f3n ha dise\u00f1ado el recorrido m\u00e1s duro de los \u00faltimos tiempos y la versi\u00f3n m\u00e1s larga de la carrera, que desde que se cre\u00f3 ha ido creciendo a\u00f1o a a\u00f1o. Ser\u00e1n cinco etapas, las cuatro primeras acabar\u00e1n sobre las 19:30 horas, para no coincidir en horario televisivo con la carrera masculina y la \u00faltima etapa en Madrid, con el mismo recorrido que La Vuelta, sobre las 14:30 horas.<\/p>\n<p><strong>La Ceratizit Challenge by La Vuelta arranca este mi\u00e9rcoles con una crono<\/strong> por equipos de 19,7 kil\u00f3metros en<strong> Marina de Cudeyo<\/strong> (Cantabria). Es totalmente llana pero con el inconveniente de que transcurre al lado del Cant\u00e1brico y siempre puede entrar viento desde el mar. Ser\u00e1 la gran oportunidad para el Team Sd Worx de <strong>Demi Vollering<\/strong>, quiz\u00e1s el conjunto femenino m\u00e1s potente y que puede empezar la carrera distanciando al Movistar de Van Vleuten. El resto de favoritas tendr\u00e1n que encomendarse a sus compa\u00f1eras. Niewiadoma (Canyon), Longo Borghini (Trek), Mavi Garcia (UAE), Utrupp Ludwig (FDJ) o Juliette Labous (DSM) pueden ser las grandes perjudicadas.<\/p>\n<h2><strong>Monta\u00f1a c\u00e1ntabra y Segovia<\/strong><\/h2>\n<p>Y es que La Vuelta Femenina tendr\u00e1 su gran etapa de monta\u00f1a al segundo d\u00eda. Con salida y meta en Colindres subir\u00e1n en 106 kil\u00f3metros<a href=\"https:\/\/www.challengebylavuelta.com\/es\/etapa-2\"> cinco puertos de monta\u00f1a c\u00e1ntabros y m\u00e1s de 2.500 metros de desnivel sin un cent\u00edmetro llano<\/a>. Se subir\u00e1n La Fuente de las Varas por sus dos vertientes, Cruz de Usa\u00f1o, Campo Layal (el Santuario de la Bien Aparecida donde gan\u00f3 Samuel S\u00e1nchez en La Vuelta de 2005) y Campo de la Cruz (3,2 km al 8%), este \u00faltimo a solo 14 kil\u00f3metros de la meta de Colindres. Terreno suficientes para enjugar las diferencias de la crono y sobre todo para que se vea una carrera abierta como en el<a href=\"https:\/\/www.welovecycling.com\/es\/2022\/08\/01\/tour-francia-femenino-2022\/\"> Tour 2022.<\/a><\/p>\n<p><img loading=\"lazy\" decoding=\"async\" class=\"alignnone size-extra-large\" src=\"https:\/\/img.aso.fr\/core_app\/img-cycling-cbv-jpg\/cc-lv-02-00-colindres-colindres\/1248\/0:0,1500:1060-960-0-70\/e6ac4\" width=\"960\" height=\"678\" \/>La <strong>Challenge by La Vuelta<\/strong> afrontar\u00e1 el viernes una tercera jornada de media monta\u00f1a con salida en Camargo y meta en Aguilar de Campoo que puede dar mucho juego, sobre todo si la clasificaci\u00f3n no queda demasiado definida el d\u00eda anterior. Es corta, 96 kil\u00f3metros, pero por el terreno complicado de la monta\u00f1a occidental c\u00e1ntabra.<br \/>\nA los 20 kil\u00f3metros se sube el <a href=\"https:\/\/www.challengebylavuelta.com\/es\/etapa-3\">Alto de las Hijas y desde los Corrales de Buelna es<\/a> una continua subida por B\u00e1rcena (donde empieza el Pico Jano que se subi\u00f3 hace dos semanas en La Vuelta) hasta Hoces de B\u00e1rcena. Un segunda de 16 kil\u00f3metros que al coronar&#8230; no tiene bajada sino que sigue picando hasta el Puerto de Pozazal. Desde all\u00ed a la meta de Aguilar de Campoo tampoco hay descenso, sino 30 kil\u00f3metros de repechos continuos.<\/p>\n<p>Un dise\u00f1o de etapa diferente y valiente en el que tener una compa\u00f1era de equipo por delante puede ser clave en el devenir de la carrera.<\/p>\n<p><img loading=\"lazy\" decoding=\"async\" class=\"alignnone size-extra-large\" src=\"https:\/\/img.aso.fr\/core_app\/img-cycling-cbv-jpg\/3\/1191\/0:0,960:679-960-0-70\/8f6ba\" width=\"960\" height=\"679\" \/>La etapa del s\u00e1bado 10 de septiembre es la m\u00e1s larga de la historia de la Challenge by La Vuelta. 160 kil\u00f3metros planos por la meseta castellana entre Palencia y Segovia. Influir\u00e1 el viento, los abanicos, los repechos repartidos por el recorrido y sobre todo la subida final a Segovia, con 2,4 kil\u00f3metros, tramo de adoquines y meta debajo del Acueducto. Al m\u00e1s puro estilo cl\u00e1sica del norte.\u00a0 Para el domingo, con presumiblemente todo ya decidido, quedar\u00e1 el circuito por la Cibeles con 17 pasos y un total de 96 kil\u00f3metros.<\/p>\n<p><img loading=\"lazy\" decoding=\"async\" class=\"alignnone size-extra-large\" src=\"https:\/\/img.aso.fr\/core_app\/img-cycling-cbv-jpg\/4\/1190\/0:0,960:679-960-0-70\/edfa3\" width=\"960\" height=\"679\" \/><\/p>\n<h2><strong>Favoritas<\/strong><\/h2>\n<p>La exhibici\u00f3n de<strong> Van Vleuten<\/strong> en el pasado Tour Femmes y la solidez del Movistar Team, que acude con su plantel de gala (Nosrgaard, Martin, Sierra, Aalerud y Bianmic) la convierten en la gran favorita a la victoria final. De conseguirla har\u00eda el triplete, Vuelta, Giro y Tour en la misma temporada. Un hito para las futuras generaciones, toda vez que la holandesa est\u00e1 en su pen\u00faltimo a\u00f1o como profesional.<\/p>\n<p>Entre sus <a href=\"https:\/\/aso.hosting.augure.com\/Augure_ASO\/r\/ContenuEnLigne\/Download?id=8DBCD43F-D9BA-4E8C-8EAE-853F8DEF46CF&amp;filename=Liste_des_partants_ASO_CBV22_060922.pdf\">rivales est\u00e1n las nueve ciclistas que la siguieron en las clasificaci\u00f3n del Tour<\/a>. La principal, <strong>Demi Vollering,<\/strong> que llega con todo el SD Worx, <strong>Kopecky, Fisher Black.<\/strong>.. y son las grandes favoritas a hacer el mejor tiempo en la crono. Sin alt\u00edsima monta\u00f1a, <strong>Longo Borghini<\/strong> ser\u00e1 una ciclista a tener en cuenta y tiene el apoyo de Elisa B\u00e1lsamo y Lucinda Brand en el Trek. <strong>Utrupp Ludwig<\/strong> llega con Evita Muzic para echarle una mano, <strong>Labbous puede contar con Lippert<\/strong> en el DSM y <strong>Niewiadoma<\/strong> con Rooijaakers en el Canyon. Silvia P\u00e9rsico, del Valcar, tambi\u00e9n dar\u00e1 juego.<br \/>\n<a href=\"https:\/\/d2p6e6u75xmxt8.cloudfront.net\/6\/2022\/08\/van_vleuten.jpg\"><img loading=\"lazy\" decoding=\"async\" class=\"aligncenter size-full wp-image-9149\" src=\"https:\/\/d2p6e6u75xmxt8.cloudfront.net\/6\/2022\/08\/van_vleuten.jpg\" alt=\"\" width=\"1000\" height=\"667\" srcset=\"https:\/\/d2p6e6u75xmxt8.cloudfront.net\/6\/2022\/08\/van_vleuten.jpg 1000w, https:\/\/d2p6e6u75xmxt8.cloudfront.net\/6\/2022\/08\/van_vleuten-300x200.jpg 300w, https:\/\/d2p6e6u75xmxt8.cloudfront.net\/6\/2022\/08\/van_vleuten-768x512.jpg 768w, https:\/\/d2p6e6u75xmxt8.cloudfront.net\/6\/2022\/08\/van_vleuten-272x182.jpg 272w\" sizes=\"auto, (max-width: 1000px) 100vw, 1000px\" \/><\/a><\/p>\n<p>De las espa\u00f1olas parten como favoritas <strong>Mavi Garcia<\/strong>, que gan\u00f3 hace unos d\u00edas en Francia, y acude como l\u00edder del UAE y <strong>Ane Santesteban,<\/strong> que es la jefa de filas del BikeExchange. Tambi\u00e9n estar\u00e1 <strong>Sandra Alonso<\/strong>, con el Ceratizit, aunque solo buscar\u00e1 triunfos de etapa. Tambi\u00e9n ser\u00e1 la oportunidad de dejarse ver de cinco equipos continentales, Massi Tactic, Bizkaia Durango, Soltec, Laboral Kutxa y Rio Miera. Para ellas, la carrera m\u00e1s importante de la temporada.<\/p>\n<p>Entre las ausencias, pues solo la de Marianne Vos con el Jumbo, que pese a haber perdido fuerza en la monta\u00f1a siempre acaba rindiendo y la de Lorena Wiebes, que ser\u00eda la gran favorita para el sprint de Madrid.<\/p>\n<p><img loading=\"lazy\" decoding=\"async\" class=\"alignnone size-extra-large\" src=\"https:\/\/img.aso.fr\/core_app\/img-cycling-trf-jpg\/van-vleuten\/29119\/0:0,1200:800-1000-0-70\/4800c\" width=\"1000\" height=\"667\" \/><\/p>\n","protected":false},"excerpt":{"rendered":"<p>Mientras que La Vuelta afronta su recta final con pol\u00e9mica, la Ceretizit Challenge by La Vuelta, la denominaci\u00f3n oficial de [&hellip;]<\/p>\n","protected":false},"author":29,"featured_media":9256,"comment_status":"open","ping_status":"open","sticky":false,"template":"","format":"standard","meta":{"footnotes":""},"categories":[7],"tags":[2184,2191],"global-categories":[1164],"class_list":["post-9253","post","type-post","status-publish","format-standard","has-post-thumbnail","hentry","category-carretera","tag-la-vuelta-2022","tag-la-vuelta-femenina","global-categories-cycling"],"yoast_head":"<!-- This site is optimized with the Yoast SEO Premium plugin v25.3 (Yoast SEO v25.9) - https:\/\/yoast.com\/wordpress\/plugins\/seo\/ -->\n<title>La Vuelta Femenina. Todas contra Van Vleuten - \u0160koda We Love Cycling - Spain<\/title>\n<meta name=\"description\" content=\"La Vuelta Femenina. Todas contra Van Vleuten. La Ceratizit Challenge by La Vuelta comienza el mi\u00e9rcoles en Cantabria.\" \/>\n<meta name=\"robots\" content=\"index, follow, max-snippet:-1, max-image-preview:large, max-video-preview:-1\" \/>\n<link rel=\"canonical\" href=\"https:\/\/www.welovecycling.com\/es\/2022\/09\/06\/la-vuelta-femenina\/\" \/>\n<meta property=\"og:locale\" content=\"es_ES\" \/>\n<meta property=\"og:type\" content=\"article\" \/>\n<meta property=\"og:title\" content=\"La Vuelta Femenina. Todas contra Van Vleuten\" \/>\n<meta property=\"og:description\" content=\"La Vuelta Femenina. Todas contra Van Vleuten. La Ceratizit Challenge by La Vuelta comienza el mi\u00e9rcoles en Cantabria.\" \/>\n<meta property=\"og:url\" content=\"https:\/\/www.welovecycling.com\/es\/2022\/09\/06\/la-vuelta-femenina\/\" \/>\n<meta property=\"og:site_name\" content=\"\u0160koda We Love Cycling - Spain\" \/>\n<meta property=\"article:published_time\" content=\"2022-09-06T18:42:02+00:00\" \/>\n<meta property=\"article:modified_time\" content=\"2022-09-06T18:43:02+00:00\" \/>\n<meta property=\"og:image\" content=\"https:\/\/d2p6e6u75xmxt8.cloudfront.net\/6\/2022\/09\/Vuelta_chicas.jpg\" \/>\n\t<meta property=\"og:image:width\" content=\"1000\" \/>\n\t<meta property=\"og:image:height\" content=\"667\" \/>\n\t<meta property=\"og:image:type\" content=\"image\/jpeg\" \/>\n<meta name=\"author\" content=\"We Love Cycling Spain\" \/>\n<meta name=\"twitter:card\" content=\"summary_large_image\" \/>\n<meta name=\"twitter:title\" content=\"La Vuelta Femenina. Todas contra Van Vleuten\" \/>\n<meta name=\"twitter:description\" content=\"La Vuelta Femenina. Todas contra Van Vleuten. La Ceratizit Challenge by La Vuelta comienza el mi\u00e9rcoles en Cantabria.\" \/>\n<meta name=\"twitter:label1\" content=\"Written by\" \/>\n\t<meta name=\"twitter:data1\" content=\"Luis Ortega @Ciclored\" \/>\n\t<meta name=\"twitter:label2\" content=\"Est. reading time\" \/>\n\t<meta name=\"twitter:data2\" content=\"5 minutes\" \/>\n<script type=\"application\/ld+json\" class=\"yoast-schema-graph\">{\"@context\":\"https:\/\/schema.org\",\"@graph\":[{\"@type\":\"WebPage\",\"@id\":\"https:\/\/www.welovecycling.com\/es\/2022\/09\/06\/la-vuelta-femenina\/\",\"url\":\"https:\/\/www.welovecycling.com\/es\/2022\/09\/06\/la-vuelta-femenina\/\",\"name\":\"La Vuelta Femenina. Todas contra Van Vleuten - \u0160koda We Love Cycling - Spain\",\"isPartOf\":{\"@id\":\"https:\/\/www.welovecycling.com\/es\/#website\"},\"primaryImageOfPage\":{\"@id\":\"https:\/\/www.welovecycling.com\/es\/2022\/09\/06\/la-vuelta-femenina\/#primaryimage\"},\"image\":{\"@id\":\"https:\/\/www.welovecycling.com\/es\/2022\/09\/06\/la-vuelta-femenina\/#primaryimage\"},\"thumbnailUrl\":\"https:\/\/d2p6e6u75xmxt8.cloudfront.net\/6\/2022\/09\/Vuelta_chicas.jpg\",\"datePublished\":\"2022-09-06T18:42:02+00:00\",\"dateModified\":\"2022-09-06T18:43:02+00:00\",\"author\":{\"@id\":\"https:\/\/www.welovecycling.com\/es\/#\/schema\/person\/deb61715b5812698ee79fb96f343ccd4\"},\"description\":\"La Vuelta Femenina. Todas contra Van Vleuten. La Ceratizit Challenge by La Vuelta comienza el mi\u00e9rcoles en Cantabria.\",\"breadcrumb\":{\"@id\":\"https:\/\/www.welovecycling.com\/es\/2022\/09\/06\/la-vuelta-femenina\/#breadcrumb\"},\"inLanguage\":\"es-ES\",\"potentialAction\":[{\"@type\":\"ReadAction\",\"target\":[\"https:\/\/www.welovecycling.com\/es\/2022\/09\/06\/la-vuelta-femenina\/\"]}]},{\"@type\":\"ImageObject\",\"inLanguage\":\"es-ES\",\"@id\":\"https:\/\/www.welovecycling.com\/es\/2022\/09\/06\/la-vuelta-femenina\/#primaryimage\",\"url\":\"https:\/\/d2p6e6u75xmxt8.cloudfront.net\/6\/2022\/09\/Vuelta_chicas.jpg\",\"contentUrl\":\"https:\/\/d2p6e6u75xmxt8.cloudfront.net\/6\/2022\/09\/Vuelta_chicas.jpg\",\"width\":1000,\"height\":667},{\"@type\":\"BreadcrumbList\",\"@id\":\"https:\/\/www.welovecycling.com\/es\/2022\/09\/06\/la-vuelta-femenina\/#breadcrumb\",\"itemListElement\":[{\"@type\":\"ListItem\",\"position\":1,\"name\":\"Home\",\"item\":\"https:\/\/www.welovecycling.com\/es\/\"},{\"@type\":\"ListItem\",\"position\":2,\"name\":\"La Vuelta Femenina. Todas contra Van Vleuten\"}]},{\"@type\":\"WebSite\",\"@id\":\"https:\/\/www.welovecycling.com\/es\/#website\",\"url\":\"https:\/\/www.welovecycling.com\/es\/\",\"name\":\"\u0160koda We Love Cycling - Spain\",\"description\":\"\u0160koda WeLoveCycling Spain\",\"potentialAction\":[{\"@type\":\"SearchAction\",\"target\":{\"@type\":\"EntryPoint\",\"urlTemplate\":\"https:\/\/www.welovecycling.com\/es\/?s={search_term_string}\"},\"query-input\":{\"@type\":\"PropertyValueSpecification\",\"valueRequired\":true,\"valueName\":\"search_term_string\"}}],\"inLanguage\":\"es-ES\"},{\"@type\":\"Person\",\"@id\":\"https:\/\/www.welovecycling.com\/es\/#\/schema\/person\/deb61715b5812698ee79fb96f343ccd4\",\"name\":\"We Love Cycling Spain\",\"image\":{\"@type\":\"ImageObject\",\"inLanguage\":\"es-ES\",\"@id\":\"https:\/\/www.welovecycling.com\/es\/#\/schema\/person\/image\/\",\"url\":\"https:\/\/secure.gravatar.com\/avatar\/c824b04e6df0e37a03219d0b6481672889df542894588964102459e46513159c?s=96&d=mm&r=g\",\"contentUrl\":\"https:\/\/secure.gravatar.com\/avatar\/c824b04e6df0e37a03219d0b6481672889df542894588964102459e46513159c?s=96&d=mm&r=g\",\"caption\":\"We Love Cycling Spain\"},\"url\":\"https:\/\/www.welovecycling.com\/es\/author\/amunoz\/\"}]}<\/script>\n<!-- \/ Yoast SEO Premium plugin. -->","yoast_head_json":{"title":"La Vuelta Femenina. Todas contra Van Vleuten - \u0160koda We Love Cycling - Spain","description":"La Vuelta Femenina. Todas contra Van Vleuten. La Ceratizit Challenge by La Vuelta comienza el mi\u00e9rcoles en Cantabria.","robots":{"index":"index","follow":"follow","max-snippet":"max-snippet:-1","max-image-preview":"max-image-preview:large","max-video-preview":"max-video-preview:-1"},"canonical":"https:\/\/www.welovecycling.com\/es\/2022\/09\/06\/la-vuelta-femenina\/","og_locale":"es_ES","og_type":"article","og_title":"La Vuelta Femenina. Todas contra Van Vleuten","og_description":"La Vuelta Femenina. Todas contra Van Vleuten. La Ceratizit Challenge by La Vuelta comienza el mi\u00e9rcoles en Cantabria.","og_url":"https:\/\/www.welovecycling.com\/es\/2022\/09\/06\/la-vuelta-femenina\/","og_site_name":"\u0160koda We Love Cycling - Spain","article_published_time":"2022-09-06T18:42:02+00:00","article_modified_time":"2022-09-06T18:43:02+00:00","og_image":[{"width":1000,"height":667,"url":"https:\/\/d2p6e6u75xmxt8.cloudfront.net\/6\/2022\/09\/Vuelta_chicas.jpg","type":"image\/jpeg"}],"author":"We Love Cycling Spain","twitter_card":"summary_large_image","twitter_title":"La Vuelta Femenina. Todas contra Van Vleuten","twitter_description":"La Vuelta Femenina. Todas contra Van Vleuten. La Ceratizit Challenge by La Vuelta comienza el mi\u00e9rcoles en Cantabria.","twitter_misc":{"Written by":"Luis Ortega @Ciclored","Est. reading time":"5 minutes"},"schema":{"@context":"https:\/\/schema.org","@graph":[{"@type":"WebPage","@id":"https:\/\/www.welovecycling.com\/es\/2022\/09\/06\/la-vuelta-femenina\/","url":"https:\/\/www.welovecycling.com\/es\/2022\/09\/06\/la-vuelta-femenina\/","name":"La Vuelta Femenina. Todas contra Van Vleuten - \u0160koda We Love Cycling - Spain","isPartOf":{"@id":"https:\/\/www.welovecycling.com\/es\/#website"},"primaryImageOfPage":{"@id":"https:\/\/www.welovecycling.com\/es\/2022\/09\/06\/la-vuelta-femenina\/#primaryimage"},"image":{"@id":"https:\/\/www.welovecycling.com\/es\/2022\/09\/06\/la-vuelta-femenina\/#primaryimage"},"thumbnailUrl":"https:\/\/d2p6e6u75xmxt8.cloudfront.net\/6\/2022\/09\/Vuelta_chicas.jpg","datePublished":"2022-09-06T18:42:02+00:00","dateModified":"2022-09-06T18:43:02+00:00","author":{"@id":"https:\/\/www.welovecycling.com\/es\/#\/schema\/person\/deb61715b5812698ee79fb96f343ccd4"},"description":"La Vuelta Femenina. Todas contra Van Vleuten. La Ceratizit Challenge by La Vuelta comienza el mi\u00e9rcoles en Cantabria.","breadcrumb":{"@id":"https:\/\/www.welovecycling.com\/es\/2022\/09\/06\/la-vuelta-femenina\/#breadcrumb"},"inLanguage":"es-ES","potentialAction":[{"@type":"ReadAction","target":["https:\/\/www.welovecycling.com\/es\/2022\/09\/06\/la-vuelta-femenina\/"]}]},{"@type":"ImageObject","inLanguage":"es-ES","@id":"https:\/\/www.welovecycling.com\/es\/2022\/09\/06\/la-vuelta-femenina\/#primaryimage","url":"https:\/\/d2p6e6u75xmxt8.cloudfront.net\/6\/2022\/09\/Vuelta_chicas.jpg","contentUrl":"https:\/\/d2p6e6u75xmxt8.cloudfront.net\/6\/2022\/09\/Vuelta_chicas.jpg","width":1000,"height":667},{"@type":"BreadcrumbList","@id":"https:\/\/www.welovecycling.com\/es\/2022\/09\/06\/la-vuelta-femenina\/#breadcrumb","itemListElement":[{"@type":"ListItem","position":1,"name":"Home","item":"https:\/\/www.welovecycling.com\/es\/"},{"@type":"ListItem","position":2,"name":"La Vuelta Femenina. Todas contra Van Vleuten"}]},{"@type":"WebSite","@id":"https:\/\/www.welovecycling.com\/es\/#website","url":"https:\/\/www.welovecycling.com\/es\/","name":"\u0160koda We Love Cycling - Spain","description":"\u0160koda WeLoveCycling Spain","potentialAction":[{"@type":"SearchAction","target":{"@type":"EntryPoint","urlTemplate":"https:\/\/www.welovecycling.com\/es\/?s={search_term_string}"},"query-input":{"@type":"PropertyValueSpecification","valueRequired":true,"valueName":"search_term_string"}}],"inLanguage":"es-ES"},{"@type":"Person","@id":"https:\/\/www.welovecycling.com\/es\/#\/schema\/person\/deb61715b5812698ee79fb96f343ccd4","name":"We Love Cycling Spain","image":{"@type":"ImageObject","inLanguage":"es-ES","@id":"https:\/\/www.welovecycling.com\/es\/#\/schema\/person\/image\/","url":"https:\/\/secure.gravatar.com\/avatar\/c824b04e6df0e37a03219d0b6481672889df542894588964102459e46513159c?s=96&d=mm&r=g","contentUrl":"https:\/\/secure.gravatar.com\/avatar\/c824b04e6df0e37a03219d0b6481672889df542894588964102459e46513159c?s=96&d=mm&r=g","caption":"We Love Cycling Spain"},"url":"https:\/\/www.welovecycling.com\/es\/author\/amunoz\/"}]}},"_links":{"self":[{"href":"https:\/\/www.welovecycling.com\/es\/wp-json\/wp\/v2\/posts\/9253","targetHints":{"allow":["GET"]}}],"collection":[{"href":"https:\/\/www.welovecycling.com\/es\/wp-json\/wp\/v2\/posts"}],"about":[{"href":"https:\/\/www.welovecycling.com\/es\/wp-json\/wp\/v2\/types\/post"}],"author":[{"embeddable":true,"href":"https:\/\/www.welovecycling.com\/es\/wp-json\/wp\/v2\/users\/29"}],"replies":[{"embeddable":true,"href":"https:\/\/www.welovecycling.com\/es\/wp-json\/wp\/v2\/comments?post=9253"}],"version-history":[{"count":2,"href":"https:\/\/www.welovecycling.com\/es\/wp-json\/wp\/v2\/posts\/9253\/revisions"}],"predecessor-version":[{"id":9257,"href":"https:\/\/www.welovecycling.com\/es\/wp-json\/wp\/v2\/posts\/9253\/revisions\/9257"}],"wp:featuredmedia":[{"embeddable":true,"href":"https:\/\/www.welovecycling.com\/es\/wp-json\/wp\/v2\/media\/9256"}],"wp:attachment":[{"href":"https:\/\/www.welovecycling.com\/es\/wp-json\/wp\/v2\/media?parent=9253"}],"wp:term":[{"taxonomy":"category","embeddable":true,"href":"https:\/\/www.welovecycling.com\/es\/wp-json\/wp\/v2\/categories?post=9253"},{"taxonomy":"post_tag","embeddable":true,"href":"https:\/\/www.welovecycling.com\/es\/wp-json\/wp\/v2\/tags?post=9253"},{"taxonomy":"global-categories","embeddable":true,"href":"https:\/\/www.welovecycling.com\/es\/wp-json\/wp\/v2\/global-categories?post=9253"}],"curies":[{"name":"wp","href":"https:\/\/api.w.org\/{rel}","templated":true}]}}