{"id":9213,"date":"2022-08-24T21:19:37","date_gmt":"2022-08-24T19:19:37","guid":{"rendered":"https:\/\/www.welovecycling.com\/es\/?p=9213"},"modified":"2022-08-24T21:19:37","modified_gmt":"2022-08-24T19:19:37","slug":"vuelta-2022-pais-vasco","status":"publish","type":"post","link":"https:\/\/www.welovecycling.com\/es\/2022\/08\/24\/vuelta-2022-pais-vasco\/","title":{"rendered":"Una Vuelta 2022 en el Pa\u00eds Vasco que sabe a Tour"},"content":{"rendered":"<p><strong>En cuanto acab\u00f3 el Tour de Francia 2022 en Par\u00eds, dos ciclistas de ultrafondo, Ziortza Villa y Julian Sanz, recogieron el trofeo de la edici\u00f3n 2023 y lo trajeron, en bici, claro, a Bilbao. Est\u00e1 en la sede de Turismo, muy cerca de la segunda meta de la Vuelta 2022 en el Pa\u00eds Vasco y que ha sido un ensayo general para lo que ser\u00e1 el Tour de Francia 2023, que, por si no se hab\u00edan enterado, saldr\u00e1 de Bilbao.<\/strong><\/p>\n<p><!--more--><\/p>\n<p>Y no s\u00f3lo habr\u00e1n una<strong> Gran Depart en Bilbao<\/strong>, sino que recorrer\u00e1 en tres etapas todas las capitales vascas. Por eso la etapa del martes, la reentr\u00e9 de La Vuelta en Espa\u00f1a despu\u00e9s del periplo por Paises Bajos (ya saben, no se dice Holanda, que eso son solo dos regiones), parti\u00f3 de Vitoria y tuvo un trazado completamente alav\u00e9s. Acab\u00f3 en Laguardia, uno de los lugares que hab\u00edan pensado como meta para el Tour 2023. Pero la carrera francesa es demasiado grande. Puede salir de un municipio de 1.500 habitantes, pero para ser llegada se necesita mucho espacio en donde ubicar la meta y todos los medios de comunicaci\u00f3n que acompa\u00f1an a la carrera francesa.<\/p>\n<p>Se lo perder\u00e1 el Tour 2023, que acabar\u00e9 en Bilbao y San Sebasti\u00e1n y saldr\u00e1 de Bilbao, Vitoria y Amorebieta. Pero lo gan\u00f3 La Vuelta, que vio la primera batalla de la general con un <a href=\"https:\/\/www.welovecycling.com\/es\/2022\/08\/17\/favoritos-para-la-vuelta-2022\/\">Primoz Roglic<\/a> que ya ha demostrado que la lesi\u00f3n del Tour no fue para tanto y que, al menos, ha recuperado lo suficiente para ganar un sprint en cuesta a Mads Pedersen y Enric Mas. El recorrido hab\u00eda sido dise\u00f1ado por Joseba Beloki. No hay vitoriano ciclista m\u00e1s ilustre que \u00e9l y menos en el Tour, donde firm\u00f3 tres podios y una ca\u00edda que ning\u00fan aficionado al ciclismo olvida.<\/p>\n<p>A Beloki le gusta meter miga en &#8216;sus&#8217; etapas y acaba creando espect\u00e1culos. En 2020 con la batalla y el doble paso por Ordu\u00f1a y en este 2022 con una pelea seria entre los favoritos. Laguardia es una ciudad medieval, con su muralla y todo. Eso suele significar que la construyeron en un alto desde el que se pod\u00eda defender todo el territorio. Antes campos de batalla, ahora vi\u00f1edos y bodegas, como el &#8216;Guggenheim&#8217; de Marques de Riscal en ElCiego. Los cinco kil\u00f3metros antes del repecho final (m\u00e1s de un kil\u00f3metro al 8%), eran planos. Pero antes se hab\u00eda subido Opakua (2\u00aa), un par de ascensiones sin premio de monta\u00f1a al 12% y el Alto de La Herrera. All\u00ed atac\u00f3 <strong>Alaphilippe<\/strong>, respondi\u00f3 Roglic, pero solo consiguieron estirar el grupo y dejar al aire las primeras debilidades de Ayuso, la nueva esperanza del ciclismo espa\u00f1ol.<\/p>\n<p><img loading=\"lazy\" decoding=\"async\" class=\"alignnone size-extra-large\" src=\"https:\/\/img.aso.fr\/core_app\/img-cycling-vue-jpg\/cl-vuelta22-etapa4-bestof-18\/14294\/0:0,1000:666-1000-0-70\/a9a89\" width=\"1000\" height=\"666\" \/><br \/>\nSe reagruparon, solo una treintena de ciclistas, para empezar a subir a Laguardia. Pon\u00eda ritmo Rojas y todos esperaban a Valverde (la \u00faltima Bala, ya saben), pero quien apareci\u00f3 para meter &#8216;codos&#8217; a Pedersen fue <strong>Enric Mas.<\/strong> Recuperado ya de sus traumas del Tour, el mallorqu\u00edn es otro en La Vuelta. No es potente ni r\u00e1pido, como lo son <strong>Roglic y Pedersen,<\/strong> por eso su tercer puesto fue m\u00e1s que notable. A\u00fan as\u00ed, se revolvi\u00f3 contra un &#8216;aficionado&#8217; que le llam\u00f3 &#8216;paquete&#8217; para subirlo a Twitter y buscar sus 10 segundos de gloria.<\/p>\n<p>En la confirmaci\u00f3n de Roglic en Laguardia no perdieron comba<strong> Hindley, Evenepoel, O&#8217;Connor, Sivakov o Tao<\/strong>, algunos de los aspirantes. Si se dejaron 7 segundos<strong> Yates, Carapaz, Almeida, Landa, Ayuso o Carlos Rodr\u00edguez<\/strong>. No es demasiado pero eslovenos sigue incrementando la brecha despu\u00e9s del pu\u00f1ado de segundos de la crono de Utrecht<\/p>\n<h2><strong>Territorio Tour de Francia<\/strong><\/h2>\n<p>En Bilbao no cab\u00eda un alma. La ciudad ya estaba llena por la Aste Nagusia, la Semana Grande. Las fiestas, para entendernos. Ya saben, calimocho, conciertos, <a href=\"https:\/\/diccionario.bilbao.im\/i\/txosna\">txosnas<\/a> (que son casetas en las que se bebe y se baila). Quiz\u00e1s no la mejor combinaci\u00f3n para eso de a mediod\u00eda subirse al Vivero a ver pasar la carrera o plantarse en la Gran V\u00eda para pelear por un puesto en la valla de meta. Pero el ciclismo en el Pa\u00eds Vasco es religi\u00f3n, bueno, en Bilbao comparte feligreses con el Athletic, y respondieron a su manera. Pasillo en el doble paso por el Vivero. Muchos m\u00e1s animando que haciendo fotos con el m\u00f3vil, y aplausos a todos los ciclistas cada vez que aparec\u00edan por la Gran V\u00eda.<\/p>\n<p>All\u00ed lleg\u00f3 el primero <a href=\"https:\/\/www.lavuelta.es\/es\/clasificaciones\">Marc Soler,<\/a> que sali\u00f3 de Movistar para echarse en los brazos de Matxin porque no se sent\u00eda valorado y sab\u00eda que jam\u00e1s llegar\u00eda a ser l\u00edder. Se conform\u00f3 con ser gregario y tener sus momentos de gloria. Calidad le sobra. Era el mejor escalador de la amplia escapada a la que Jumbo permiti\u00f3 tener vida. El p\u00fablico aplaudi\u00f3 como si fuese un gol del Athletic cuando atrap\u00f3 a Stewart en el Vivero y se march\u00f3 en solitario. Contuvo la respiraci\u00f3n cuando la escapada se reh\u00edzo en los falsos llanos de Artxanda y se puso a solo 5 segundos cuando el catal\u00e1n enfilaba la recta de meta. Pero la fuga de la fuga siempre tiene una ventaja, que los perseguidores acaban discutiendo entre ellos por eso del ahorro de fuerzas y el \u00faltimos sprint, y suelen ver como les birlan la victoria en sus narices. Le pas\u00f3 a Impey y a Wright, y un poco menos a <strong>Rudy Molard,<\/strong> que se visti\u00f3 de rojo cuatro a\u00f1os despu\u00e9s con permiso del Jumbo.<\/p>\n<p>Entr\u00f3 <strong>Soler con cara de no cre\u00e9rselo y con un bid\u00f3n del Movistar en la bici.<\/strong> Un auxiliar bien situado de un equipo rival que no le neg\u00f3 la ayuda. As\u00ed ha sido el ciclismo de siempre.<\/p>\n<figure id=\"attachment_9218\" aria-describedby=\"caption-attachment-9218\" style=\"width: 1024px\" class=\"wp-caption aligncenter\"><a href=\"https:\/\/d2p6e6u75xmxt8.cloudfront.net\/6\/2022\/08\/bilbao_la_vuelta.jpg\"><img loading=\"lazy\" decoding=\"async\" class=\"wp-image-9218 size-large\" src=\"https:\/\/d2p6e6u75xmxt8.cloudfront.net\/6\/2022\/08\/bilbao_la_vuelta-1024x786.jpg\" alt=\"\" width=\"1024\" height=\"786\" srcset=\"https:\/\/d2p6e6u75xmxt8.cloudfront.net\/6\/2022\/08\/bilbao_la_vuelta-1024x786.jpg 1024w, https:\/\/d2p6e6u75xmxt8.cloudfront.net\/6\/2022\/08\/bilbao_la_vuelta-300x230.jpg 300w, https:\/\/d2p6e6u75xmxt8.cloudfront.net\/6\/2022\/08\/bilbao_la_vuelta-768x589.jpg 768w, https:\/\/d2p6e6u75xmxt8.cloudfront.net\/6\/2022\/08\/bilbao_la_vuelta-1536x1179.jpg 1536w, https:\/\/d2p6e6u75xmxt8.cloudfront.net\/6\/2022\/08\/bilbao_la_vuelta.jpg 1850w\" sizes=\"auto, (max-width: 1024px) 100vw, 1024px\" \/><\/a><figcaption id=\"caption-attachment-9218\" class=\"wp-caption-text\"><em>Bilbao estuvo lleno de aficionados en la preparaci\u00f3n del Tour 2023.<\/em><\/figcaption><\/figure>\n<p>Entre los favoritos combate nulo. Todos al ritmo del Jumbo. La cima del <strong>Vivero<\/strong> est\u00e1 demasiado lejos de meta como para gastar fuerzas y m\u00e1s si al d\u00eda siguiente toca la primera llegada en alto en el Pico Jano. En estreno del Tour 2023 tambi\u00e9n se subir\u00e1, pero no por esa vertiente. Ser\u00e1 desde Gamuzio, unos kil\u00f3metros antes de Galdakano. Y desde la cima no se llanear\u00e1 hasta Bilbao, sino que se bajar\u00e1 a Sondika para afrontar los <strong>dos kil\u00f3metros al 10% del Pike Bidea<\/strong>. La cima a solo 10 de Bilbao si ser\u00e1 clave para el primer maillot amarillo de Tour, y m\u00e1xime cuando en los kil\u00f3metros anteriores se hayan subido m\u00e1s de 3.000 metros de desnivel.<\/p>\n<p>La etapa parti\u00f3 de Ir\u00fan, pas\u00f3 por San Sebasti\u00e1n y recorri\u00f3 toda la costa guipuzcoana hasta Mutriku. No fue casualidad. El inici\u00f3 de la <a href=\"https:\/\/www.letour.fr\/es\/la-carrera\/grands-departs\/grand-depart-2023\">tercera etapa<\/a> del <strong>Tour 2023<\/strong>, la que dejar\u00e1 el Pa\u00eds Vasco para volver a Francia, ser\u00e1 por esas mismas carreteras. Tampoco que la meta de Bilbao estrenase zonas Vips amplias y con tres miradores en altura, ni que la ciudad tuviese que gestionar un evento como La Vuelta en mitad de sus fiestas patronales. Porque, esa, precisamente, es la dimensi\u00f3n que tiene el Tour de Francia. A.S.O. (organizador del Tour y due\u00f1o de Unipublic, organizador de la Vuelta), ya tienen su ensayo general para lo que va a suceder del 1 al 3 de julio de 2023 en el Pa\u00eds Vasco.<\/p>\n<blockquote class=\"twitter-tweet\">\n<p dir=\"ltr\" lang=\"es\">\u23ea 5\u00ba d\u00eda y 5\u00ba l\u00edder de la CG. \u2764\ufe0f <a href=\"https:\/\/twitter.com\/Rudymolard?ref_src=twsrc%5Etfw\">@Rudymolard<\/a> es el nuevo portador del jersey de La Roja.<\/p>\n<p>\u2764\ufe0f5th day &#8211; 5th different CG leader. Check out <a href=\"https:\/\/twitter.com\/GroupamaFDJ?ref_src=twsrc%5Etfw\">@GroupamaFDJ<\/a>\u2019s Rudy Molard taking ownership of the red jersey <a href=\"https:\/\/twitter.com\/hashtag\/LaVuelta22?src=hash&amp;ref_src=twsrc%5Etfw\">#LaVuelta22<\/a> <a href=\"https:\/\/twitter.com\/CarrefourES?ref_src=twsrc%5Etfw\">@CarrefourES<\/a> <a href=\"https:\/\/twitter.com\/hashtag\/CarrefourConLaVuelta?src=hash&amp;ref_src=twsrc%5Etfw\">#CarrefourConLaVuelta<\/a> <a href=\"https:\/\/t.co\/H18B2W0vAF\">pic.twitter.com\/H18B2W0vAF<\/a><\/p>\n<p>\u2014 La Vuelta (@lavuelta) <a href=\"https:\/\/twitter.com\/lavuelta\/status\/1562478591165796352?ref_src=twsrc%5Etfw\">August 24, 2022<\/a><\/p><\/blockquote>\n<p><script async src=\"https:\/\/platform.twitter.com\/widgets.js\" charset=\"utf-8\"><\/script><\/p>\n","protected":false},"excerpt":{"rendered":"<p>En cuanto acab\u00f3 el Tour de Francia 2022 en Par\u00eds, dos ciclistas de ultrafondo, Ziortza Villa y Julian Sanz, recogieron [&hellip;]<\/p>\n","protected":false},"author":29,"featured_media":9217,"comment_status":"open","ping_status":"open","sticky":false,"template":"","format":"standard","meta":{"footnotes":""},"categories":[7],"tags":[2184,2186,2187],"global-categories":[1164],"class_list":["post-9213","post","type-post","status-publish","format-standard","has-post-thumbnail","hentry","category-carretera","tag-la-vuelta-2022","tag-tour-2023","tag-vuelta","global-categories-cycling"],"yoast_head":"<!-- This site is optimized with the Yoast SEO Premium plugin v25.3 (Yoast SEO v25.9) - https:\/\/yoast.com\/wordpress\/plugins\/seo\/ -->\n<title>Una Vuelta 2022 en el Pa\u00eds Vasco que sabe a Tour - \u0160koda We Love Cycling - Spain<\/title>\n<meta name=\"description\" content=\"Una Vuelta 2022 en el Pa\u00eds Vasco que sabe a Tour. Las etapas de Vitoria y Bilbao han sido un ensayo general para el Tour 2023.\" \/>\n<meta name=\"robots\" content=\"index, follow, max-snippet:-1, max-image-preview:large, max-video-preview:-1\" \/>\n<link rel=\"canonical\" href=\"https:\/\/www.welovecycling.com\/es\/2022\/08\/24\/vuelta-2022-pais-vasco\/\" \/>\n<meta property=\"og:locale\" content=\"es_ES\" \/>\n<meta property=\"og:type\" content=\"article\" \/>\n<meta property=\"og:title\" content=\"Una Vuelta 2022 en el Pa\u00eds Vasco que sabe a Tour\" \/>\n<meta property=\"og:description\" content=\"Una Vuelta 2022 en el Pa\u00eds Vasco que sabe a Tour. Las etapas de Vitoria y Bilbao han sido un ensayo general para el Tour 2023.\" \/>\n<meta property=\"og:url\" content=\"https:\/\/www.welovecycling.com\/es\/2022\/08\/24\/vuelta-2022-pais-vasco\/\" \/>\n<meta property=\"og:site_name\" content=\"\u0160koda We Love Cycling - Spain\" \/>\n<meta property=\"article:published_time\" content=\"2022-08-24T19:19:37+00:00\" \/>\n<meta property=\"og:image\" content=\"https:\/\/d2p6e6u75xmxt8.cloudfront.net\/6\/2022\/08\/lavuelta2022.jpg\" \/>\n\t<meta property=\"og:image:width\" content=\"1000\" \/>\n\t<meta property=\"og:image:height\" content=\"666\" \/>\n\t<meta property=\"og:image:type\" content=\"image\/jpeg\" \/>\n<meta name=\"author\" content=\"We Love Cycling Spain\" \/>\n<meta name=\"twitter:card\" content=\"summary_large_image\" \/>\n<meta name=\"twitter:title\" content=\"Una Vuelta 2022 en el Pa\u00eds Vasco que sabe a Tour\" \/>\n<meta name=\"twitter:description\" content=\"Una Vuelta 2022 en el Pa\u00eds Vasco que sabe a Tour. Las etapas de Vitoria y Bilbao han sido un ensayo general para el Tour 2023.\" \/>\n<meta name=\"twitter:label1\" content=\"Written by\" \/>\n\t<meta name=\"twitter:data1\" content=\"Luis Ortega @Ciclored\" \/>\n\t<meta name=\"twitter:label2\" content=\"Est. reading time\" \/>\n\t<meta name=\"twitter:data2\" content=\"6 minutes\" \/>\n<script type=\"application\/ld+json\" class=\"yoast-schema-graph\">{\"@context\":\"https:\/\/schema.org\",\"@graph\":[{\"@type\":\"WebPage\",\"@id\":\"https:\/\/www.welovecycling.com\/es\/2022\/08\/24\/vuelta-2022-pais-vasco\/\",\"url\":\"https:\/\/www.welovecycling.com\/es\/2022\/08\/24\/vuelta-2022-pais-vasco\/\",\"name\":\"Una Vuelta 2022 en el Pa\u00eds Vasco que sabe a Tour - \u0160koda We Love Cycling - Spain\",\"isPartOf\":{\"@id\":\"https:\/\/www.welovecycling.com\/es\/#website\"},\"primaryImageOfPage\":{\"@id\":\"https:\/\/www.welovecycling.com\/es\/2022\/08\/24\/vuelta-2022-pais-vasco\/#primaryimage\"},\"image\":{\"@id\":\"https:\/\/www.welovecycling.com\/es\/2022\/08\/24\/vuelta-2022-pais-vasco\/#primaryimage\"},\"thumbnailUrl\":\"https:\/\/d2p6e6u75xmxt8.cloudfront.net\/6\/2022\/08\/lavuelta2022.jpg\",\"datePublished\":\"2022-08-24T19:19:37+00:00\",\"author\":{\"@id\":\"https:\/\/www.welovecycling.com\/es\/#\/schema\/person\/deb61715b5812698ee79fb96f343ccd4\"},\"description\":\"Una Vuelta 2022 en el Pa\u00eds Vasco que sabe a Tour. Las etapas de Vitoria y Bilbao han sido un ensayo general para el Tour 2023.\",\"breadcrumb\":{\"@id\":\"https:\/\/www.welovecycling.com\/es\/2022\/08\/24\/vuelta-2022-pais-vasco\/#breadcrumb\"},\"inLanguage\":\"es-ES\",\"potentialAction\":[{\"@type\":\"ReadAction\",\"target\":[\"https:\/\/www.welovecycling.com\/es\/2022\/08\/24\/vuelta-2022-pais-vasco\/\"]}]},{\"@type\":\"ImageObject\",\"inLanguage\":\"es-ES\",\"@id\":\"https:\/\/www.welovecycling.com\/es\/2022\/08\/24\/vuelta-2022-pais-vasco\/#primaryimage\",\"url\":\"https:\/\/d2p6e6u75xmxt8.cloudfront.net\/6\/2022\/08\/lavuelta2022.jpg\",\"contentUrl\":\"https:\/\/d2p6e6u75xmxt8.cloudfront.net\/6\/2022\/08\/lavuelta2022.jpg\",\"width\":1000,\"height\":666},{\"@type\":\"BreadcrumbList\",\"@id\":\"https:\/\/www.welovecycling.com\/es\/2022\/08\/24\/vuelta-2022-pais-vasco\/#breadcrumb\",\"itemListElement\":[{\"@type\":\"ListItem\",\"position\":1,\"name\":\"Home\",\"item\":\"https:\/\/www.welovecycling.com\/es\/\"},{\"@type\":\"ListItem\",\"position\":2,\"name\":\"Una Vuelta 2022 en el Pa\u00eds Vasco que sabe a Tour\"}]},{\"@type\":\"WebSite\",\"@id\":\"https:\/\/www.welovecycling.com\/es\/#website\",\"url\":\"https:\/\/www.welovecycling.com\/es\/\",\"name\":\"\u0160koda We Love Cycling - Spain\",\"description\":\"\u0160koda WeLoveCycling Spain\",\"potentialAction\":[{\"@type\":\"SearchAction\",\"target\":{\"@type\":\"EntryPoint\",\"urlTemplate\":\"https:\/\/www.welovecycling.com\/es\/?s={search_term_string}\"},\"query-input\":{\"@type\":\"PropertyValueSpecification\",\"valueRequired\":true,\"valueName\":\"search_term_string\"}}],\"inLanguage\":\"es-ES\"},{\"@type\":\"Person\",\"@id\":\"https:\/\/www.welovecycling.com\/es\/#\/schema\/person\/deb61715b5812698ee79fb96f343ccd4\",\"name\":\"We Love Cycling Spain\",\"image\":{\"@type\":\"ImageObject\",\"inLanguage\":\"es-ES\",\"@id\":\"https:\/\/www.welovecycling.com\/es\/#\/schema\/person\/image\/\",\"url\":\"https:\/\/secure.gravatar.com\/avatar\/c824b04e6df0e37a03219d0b6481672889df542894588964102459e46513159c?s=96&d=mm&r=g\",\"contentUrl\":\"https:\/\/secure.gravatar.com\/avatar\/c824b04e6df0e37a03219d0b6481672889df542894588964102459e46513159c?s=96&d=mm&r=g\",\"caption\":\"We Love Cycling Spain\"},\"url\":\"https:\/\/www.welovecycling.com\/es\/author\/amunoz\/\"}]}<\/script>\n<!-- \/ Yoast SEO Premium plugin. -->","yoast_head_json":{"title":"Una Vuelta 2022 en el Pa\u00eds Vasco que sabe a Tour - \u0160koda We Love Cycling - Spain","description":"Una Vuelta 2022 en el Pa\u00eds Vasco que sabe a Tour. Las etapas de Vitoria y Bilbao han sido un ensayo general para el Tour 2023.","robots":{"index":"index","follow":"follow","max-snippet":"max-snippet:-1","max-image-preview":"max-image-preview:large","max-video-preview":"max-video-preview:-1"},"canonical":"https:\/\/www.welovecycling.com\/es\/2022\/08\/24\/vuelta-2022-pais-vasco\/","og_locale":"es_ES","og_type":"article","og_title":"Una Vuelta 2022 en el Pa\u00eds Vasco que sabe a Tour","og_description":"Una Vuelta 2022 en el Pa\u00eds Vasco que sabe a Tour. Las etapas de Vitoria y Bilbao han sido un ensayo general para el Tour 2023.","og_url":"https:\/\/www.welovecycling.com\/es\/2022\/08\/24\/vuelta-2022-pais-vasco\/","og_site_name":"\u0160koda We Love Cycling - Spain","article_published_time":"2022-08-24T19:19:37+00:00","og_image":[{"width":1000,"height":666,"url":"https:\/\/d2p6e6u75xmxt8.cloudfront.net\/6\/2022\/08\/lavuelta2022.jpg","type":"image\/jpeg"}],"author":"We Love Cycling Spain","twitter_card":"summary_large_image","twitter_title":"Una Vuelta 2022 en el Pa\u00eds Vasco que sabe a Tour","twitter_description":"Una Vuelta 2022 en el Pa\u00eds Vasco que sabe a Tour. Las etapas de Vitoria y Bilbao han sido un ensayo general para el Tour 2023.","twitter_misc":{"Written by":"Luis Ortega @Ciclored","Est. reading time":"6 minutes"},"schema":{"@context":"https:\/\/schema.org","@graph":[{"@type":"WebPage","@id":"https:\/\/www.welovecycling.com\/es\/2022\/08\/24\/vuelta-2022-pais-vasco\/","url":"https:\/\/www.welovecycling.com\/es\/2022\/08\/24\/vuelta-2022-pais-vasco\/","name":"Una Vuelta 2022 en el Pa\u00eds Vasco que sabe a Tour - \u0160koda We Love Cycling - Spain","isPartOf":{"@id":"https:\/\/www.welovecycling.com\/es\/#website"},"primaryImageOfPage":{"@id":"https:\/\/www.welovecycling.com\/es\/2022\/08\/24\/vuelta-2022-pais-vasco\/#primaryimage"},"image":{"@id":"https:\/\/www.welovecycling.com\/es\/2022\/08\/24\/vuelta-2022-pais-vasco\/#primaryimage"},"thumbnailUrl":"https:\/\/d2p6e6u75xmxt8.cloudfront.net\/6\/2022\/08\/lavuelta2022.jpg","datePublished":"2022-08-24T19:19:37+00:00","author":{"@id":"https:\/\/www.welovecycling.com\/es\/#\/schema\/person\/deb61715b5812698ee79fb96f343ccd4"},"description":"Una Vuelta 2022 en el Pa\u00eds Vasco que sabe a Tour. Las etapas de Vitoria y Bilbao han sido un ensayo general para el Tour 2023.","breadcrumb":{"@id":"https:\/\/www.welovecycling.com\/es\/2022\/08\/24\/vuelta-2022-pais-vasco\/#breadcrumb"},"inLanguage":"es-ES","potentialAction":[{"@type":"ReadAction","target":["https:\/\/www.welovecycling.com\/es\/2022\/08\/24\/vuelta-2022-pais-vasco\/"]}]},{"@type":"ImageObject","inLanguage":"es-ES","@id":"https:\/\/www.welovecycling.com\/es\/2022\/08\/24\/vuelta-2022-pais-vasco\/#primaryimage","url":"https:\/\/d2p6e6u75xmxt8.cloudfront.net\/6\/2022\/08\/lavuelta2022.jpg","contentUrl":"https:\/\/d2p6e6u75xmxt8.cloudfront.net\/6\/2022\/08\/lavuelta2022.jpg","width":1000,"height":666},{"@type":"BreadcrumbList","@id":"https:\/\/www.welovecycling.com\/es\/2022\/08\/24\/vuelta-2022-pais-vasco\/#breadcrumb","itemListElement":[{"@type":"ListItem","position":1,"name":"Home","item":"https:\/\/www.welovecycling.com\/es\/"},{"@type":"ListItem","position":2,"name":"Una Vuelta 2022 en el Pa\u00eds Vasco que sabe a Tour"}]},{"@type":"WebSite","@id":"https:\/\/www.welovecycling.com\/es\/#website","url":"https:\/\/www.welovecycling.com\/es\/","name":"\u0160koda We Love Cycling - Spain","description":"\u0160koda WeLoveCycling Spain","potentialAction":[{"@type":"SearchAction","target":{"@type":"EntryPoint","urlTemplate":"https:\/\/www.welovecycling.com\/es\/?s={search_term_string}"},"query-input":{"@type":"PropertyValueSpecification","valueRequired":true,"valueName":"search_term_string"}}],"inLanguage":"es-ES"},{"@type":"Person","@id":"https:\/\/www.welovecycling.com\/es\/#\/schema\/person\/deb61715b5812698ee79fb96f343ccd4","name":"We Love Cycling Spain","image":{"@type":"ImageObject","inLanguage":"es-ES","@id":"https:\/\/www.welovecycling.com\/es\/#\/schema\/person\/image\/","url":"https:\/\/secure.gravatar.com\/avatar\/c824b04e6df0e37a03219d0b6481672889df542894588964102459e46513159c?s=96&d=mm&r=g","contentUrl":"https:\/\/secure.gravatar.com\/avatar\/c824b04e6df0e37a03219d0b6481672889df542894588964102459e46513159c?s=96&d=mm&r=g","caption":"We Love Cycling Spain"},"url":"https:\/\/www.welovecycling.com\/es\/author\/amunoz\/"}]}},"_links":{"self":[{"href":"https:\/\/www.welovecycling.com\/es\/wp-json\/wp\/v2\/posts\/9213","targetHints":{"allow":["GET"]}}],"collection":[{"href":"https:\/\/www.welovecycling.com\/es\/wp-json\/wp\/v2\/posts"}],"about":[{"href":"https:\/\/www.welovecycling.com\/es\/wp-json\/wp\/v2\/types\/post"}],"author":[{"embeddable":true,"href":"https:\/\/www.welovecycling.com\/es\/wp-json\/wp\/v2\/users\/29"}],"replies":[{"embeddable":true,"href":"https:\/\/www.welovecycling.com\/es\/wp-json\/wp\/v2\/comments?post=9213"}],"version-history":[{"count":2,"href":"https:\/\/www.welovecycling.com\/es\/wp-json\/wp\/v2\/posts\/9213\/revisions"}],"predecessor-version":[{"id":9219,"href":"https:\/\/www.welovecycling.com\/es\/wp-json\/wp\/v2\/posts\/9213\/revisions\/9219"}],"wp:featuredmedia":[{"embeddable":true,"href":"https:\/\/www.welovecycling.com\/es\/wp-json\/wp\/v2\/media\/9217"}],"wp:attachment":[{"href":"https:\/\/www.welovecycling.com\/es\/wp-json\/wp\/v2\/media?parent=9213"}],"wp:term":[{"taxonomy":"category","embeddable":true,"href":"https:\/\/www.welovecycling.com\/es\/wp-json\/wp\/v2\/categories?post=9213"},{"taxonomy":"post_tag","embeddable":true,"href":"https:\/\/www.welovecycling.com\/es\/wp-json\/wp\/v2\/tags?post=9213"},{"taxonomy":"global-categories","embeddable":true,"href":"https:\/\/www.welovecycling.com\/es\/wp-json\/wp\/v2\/global-categories?post=9213"}],"curies":[{"name":"wp","href":"https:\/\/api.w.org\/{rel}","templated":true}]}}