{"id":9170,"date":"2022-08-15T18:12:20","date_gmt":"2022-08-15T16:12:20","guid":{"rendered":"https:\/\/www.welovecycling.com\/es\/?p=9170"},"modified":"2022-08-15T18:12:20","modified_gmt":"2022-08-15T16:12:20","slug":"maillot-blanco-tour","status":"publish","type":"post","link":"https:\/\/www.welovecycling.com\/es\/2022\/08\/15\/maillot-blanco-tour\/","title":{"rendered":"\u00bfDeber\u00edan cambiar las reglas del maillot blanco del Tour?"},"content":{"rendered":"<p><strong>La mayor\u00eda de los espectadores reconocen los maillots amarillo, verde y de lunares del Tour de Francia, pero \u00bfd\u00f3nde aparece el maillot blanco? Es f\u00e1cil no verlo, sobre todo si no te quedas a ver m\u00e1s que el podio para el ganador de la etapa y la presentaci\u00f3n del maillot amarillo.<\/strong><\/p>\n<p><!--more--><\/p>\n<p>En caso de que no est\u00e9s familiarizado con \u00e9l, el maillot blanco se otorga al mejor corredor joven de la clasificaci\u00f3n general. \u00bfQu\u00e9 significa esto? Significa que el portador tiene que ser menor de 26 a\u00f1os y tener el mejor tiempo entre otros corredores de ese mismo grupo de edad.<\/p>\n<h2><strong>La historia<\/strong><\/h2>\n<p>El primer maillot blanco apareci\u00f3 en 1968 y se entregaba al corredor con la mejor clasificaci\u00f3n combinada. La media de la clasificaci\u00f3n general, con la monta\u00f1a y los puntos (Wout van Aert, por ejemplo). Permaneci\u00f3 as\u00ed hasta 1975, cuando la organizaci\u00f3n decidi\u00f3 que deb\u00eda ser para el mejor corredor joven.<\/p>\n<p>La primera persona en llevar el maillot blanco como mejor corredor joven oficial fue Francesco Moser ese mismo a\u00f1o. Hoy en d\u00eda, los portadores deben tener menos de 26 a\u00f1os, pero entre 1975 y 1983, el maillot fue para los corredores que llevaban tres a\u00f1os o menos en el pelot\u00f3n profesional.<\/p>\n<p>De 1983 a 86, un corredor s\u00f3lo pod\u00eda llevar el blanco si compet\u00eda en su primer Tour de Francia. La regla de los menores de 26 a\u00f1os s\u00f3lo est\u00e1 en vigor desde 1987. Y de 1989 a 1999, no se concedi\u00f3 ning\u00fan maillot blanco f\u00edsico, aunque la categor\u00eda exist\u00eda. As\u00ed, los j\u00f3venes ganadores del Tour Jan Ullrich (1997) y<a href=\"https:\/\/www.buscabiografias.com\/biografia\/verDetalle\/6149\/Marco%20Pantani\"> Marco Pantani (<\/a>1998) nunca lo tuvieron sobre sus hombros.<\/p>\n<figure id=\"attachment_9171\" aria-describedby=\"caption-attachment-9171\" style=\"width: 1250px\" class=\"wp-caption alignnone\"><a href=\"https:\/\/d2p6e6u75xmxt8.cloudfront.net\/6\/2022\/08\/Pogacar-at-Tour-profimedia-0709664991.jpg\"><img loading=\"lazy\" decoding=\"async\" class=\"size-full wp-image-9171\" src=\"https:\/\/d2p6e6u75xmxt8.cloudfront.net\/6\/2022\/08\/Pogacar-at-Tour-profimedia-0709664991.jpg\" alt=\"Poga\u010dar in white jersey\" width=\"1250\" height=\"833\" srcset=\"https:\/\/d2p6e6u75xmxt8.cloudfront.net\/6\/2022\/08\/Pogacar-at-Tour-profimedia-0709664991.jpg 1250w, https:\/\/d2p6e6u75xmxt8.cloudfront.net\/6\/2022\/08\/Pogacar-at-Tour-profimedia-0709664991-300x200.jpg 300w, https:\/\/d2p6e6u75xmxt8.cloudfront.net\/6\/2022\/08\/Pogacar-at-Tour-profimedia-0709664991-1024x682.jpg 1024w, https:\/\/d2p6e6u75xmxt8.cloudfront.net\/6\/2022\/08\/Pogacar-at-Tour-profimedia-0709664991-768x512.jpg 768w, https:\/\/d2p6e6u75xmxt8.cloudfront.net\/6\/2022\/08\/Pogacar-at-Tour-profimedia-0709664991-272x182.jpg 272w\" sizes=\"auto, (max-width: 1250px) 100vw, 1250px\" \/><\/a><figcaption id=\"caption-attachment-9171\" class=\"wp-caption-text\">Poga\u010dar de blanco en el Tour 2022. \u00a9 Profimedia<\/figcaption><\/figure>\n<h2><strong><br \/>\nGanadores del maillot blanco<\/strong><\/h2>\n<p>Incluso si nunca has seguido la clasificaci\u00f3n del maillot blanco, reconocer\u00e1s a algunos de los anteriores portadores: Greg LeMond, Laurent Fignon, Alberto Contador, Marco Pantani, Jan Ullrich, <a href=\"https:\/\/www.welovecycling.com\/es\/2021\/02\/23\/andy-schleck-consejos-ayudar-a-tu-hijo-ser-ciclista-profesional\/\">Andy Schleck<\/a>, Nairo Quintana, Thibaut Pinot, Adam Yates, Egan Bernal y Tadej Poga\u010dar, entre otros. Muchos de estos corredores llegaron a ganar el Tour de Francia.<\/p>\n<p>Y ese es el objetivo del maillot desde 1987, premiar al corredor menor de 26 a\u00f1os con m\u00e1s potencial. Andy Schleck fue el primero en ganar tanto el amarillo como el blanco en 2010, pero pasaron 9 a\u00f1os antes de que Egan Bernal se hiciera con su victoria en el Tour en 2019, seguido r\u00e1pidamente por Tadej Poga\u010dar en 2020, 2021 y 2022.<\/p>\n<p>Bernal ten\u00eda 22 a\u00f1os, como Felice Gimondi (1965), Philippe Thys (1913-14, 1920), Romain Maes (1935) y Laurent Fignon (1983-84) cuando gan\u00f3 la Grande Boucle. Poga\u010dar ten\u00eda 20 a\u00f1os cuando gan\u00f3 su primer Tour en 2020. Era joven pero no el m\u00e1s joven de la historia del Tour. Ese t\u00edtulo corresponde a Henri Cornet, de 19 a\u00f1os, en 1904.<\/p>\n<h2><strong>\u00bfCu\u00e1l es el problema?<\/strong><\/h2>\n<p>Yo no lo llamar\u00eda un problema, m\u00e1s bien un uso potencialmente anticuado del objetivo actual del maillot, premiar el rendimiento de los corredores m\u00e1s j\u00f3venes que muestran la mayor promesa como futuros ganadores; la palabra clave es futuro. Las reglas han cambiado varias veces desde la concepci\u00f3n inicial del maillot. Y no creo que los organizadores del Tour pudieran imaginar que una serie de j\u00f3venes corredores ganaran el amarillo vistiendo de blanco.<\/p>\n<p>Ganar el Tour de Francia es una cumbre en la carrera de cualquier corredor profesional, tenga la edad que tenga. \u00bfPor qu\u00e9 confundir la victoria con el maillot blanco? Aunque el blanco es importante para la exposici\u00f3n de un joven corredor, su valor queda totalmente eclipsado por el amarillo.<\/p>\n<h2><strong>Posibles cambios<\/strong><\/h2>\n<p>Aunque me gustar\u00eda atribuirme el m\u00e9rito de todas las sugerencias que aparecen a continuaci\u00f3n, soy incapaz. Admito que algunas de ellas son ideas de otras personas. As\u00ed que, si eres t\u00fa, en el sentido singular y plural, y est\u00e1s leyendo esto, te felicito.<\/p>\n<p>\u00bfQu\u00e9 pasa si cualquier corredor que pueda optar al maillot blanco s\u00f3lo puede ganarlo durante un Tour? Si el mismo corredor lo gana de nuevo al a\u00f1o siguiente, deber\u00eda ir al siguiente corredor elegible con el mejor tiempo en la clasificaci\u00f3n general. Esto permitir\u00eda a otros corredores prometedores compartir el protagonismo y darles la valiosa exposici\u00f3n que conlleva para su carrera.<\/p>\n<p>\u00bfO qu\u00e9 tal si no se permite que el ganador del maillot amarillo termine el Tour con ambos? S\u00ed, s\u00ed, el maillot pasa autom\u00e1ticamente al siguiente corredor m\u00e1s joven, pero no creo que tenga la misma importancia con la normativa actual. \u00bfY t\u00fa? Es como terminar segundo y que te traten como si hubieras ganado. No conozco a ning\u00fan atleta que quiera ganar de esa manera.<\/p>\n<h2><strong>\u00daltimas reflexiones<\/strong><\/h2>\n<p>Una vuelta a las reglas entre 1975-&#8217;83 o &#8217;83-&#8217;86 podr\u00eda ser un compromiso adecuado (un profesional durante 3 a\u00f1os o menos o en su primer Tour). \u00bfO tal vez los organizadores del Tour podr\u00edan rebajar la edad de elegibilidad de los corredores del maillot blanco? Pero en el contexto actual, no habr\u00eda ninguna diferencia. \u00bfHasta d\u00f3nde tendr\u00edan que llegar? Los corredores menores de 23 a\u00f1os ya tienen su propio Campeonato del Mundo y otros t\u00edtulos. \u00bfQu\u00e9 pasar\u00eda si los corredores tuvieran que tener 24 a\u00f1os para competir en el Tour a pesar de mostrar un talento precoz?<\/p>\n<p>Los ganadores del Tour sol\u00edan ser m\u00e1s maduros, cerca de los 28 a\u00f1os. Pero lo que antes se consideraba normal ahora se parece m\u00e1s a una edad media o al final de la carrera. Por suerte, muchos corredores maduros siguen floreciendo en las filas profesionales, y le dan unos cuantos puntos al abuelo que tiene 29 o 30 a\u00f1os, por ejemplo. Sigue siendo una edad muy viable en la carrera profesional media, pero no estamos hablando de gente media, \u00bfverdad?<\/p>\n<p>El a\u00f1o pasado publicamos un art\u00edculo sobre la <a href=\"https:\/\/www.welovecycling.com\/es\/2021\/08\/20\/edad-ciclismo-profesional\/\">edad en el pelot\u00f3n profesional<\/a>. L\u00e9elo si quieres animar a tu corredor favorito que no tenga el maillot blanco la pr\u00f3xima vez que veas algo de ciclismo de carretera profesional. \u00bfQu\u00e9 opinas de las reglas actuales del maillot blanco?<\/p>\n","protected":false},"excerpt":{"rendered":"<p>La mayor\u00eda de los espectadores reconocen los maillots amarillo, verde y de lunares del Tour de Francia, pero \u00bfd\u00f3nde aparece [&hellip;]<\/p>\n","protected":false},"author":29,"featured_media":9173,"comment_status":"open","ping_status":"open","sticky":false,"template":"","format":"standard","meta":{"footnotes":""},"categories":[7],"tags":[168,1108],"global-categories":[],"class_list":["post-9170","post","type-post","status-publish","format-standard","has-post-thumbnail","hentry","category-carretera","tag-tour","tag-tour-francia"],"yoast_head":"<!-- This site is optimized with the Yoast SEO Premium plugin v25.3 (Yoast SEO v25.9) - https:\/\/yoast.com\/wordpress\/plugins\/seo\/ -->\n<title>\u00bfDeber\u00edan cambiar las reglas del maillot blanco del Tour?<\/title>\n<meta name=\"description\" content=\"\u00bfDeber\u00edan cambiar las reglas del maillot blanco del Tour? En los \u00faltimos a\u00f1os el ganador del maillot amarillo tambi\u00e9n es el mejor joven.\" \/>\n<meta name=\"robots\" content=\"index, follow, max-snippet:-1, max-image-preview:large, max-video-preview:-1\" \/>\n<link rel=\"canonical\" href=\"https:\/\/www.welovecycling.com\/es\/2022\/08\/15\/maillot-blanco-tour\/\" \/>\n<meta property=\"og:locale\" content=\"es_ES\" \/>\n<meta property=\"og:type\" content=\"article\" \/>\n<meta property=\"og:title\" content=\"\u00bfDeber\u00edan cambiar las reglas del maillot blanco del Tour?\" \/>\n<meta property=\"og:description\" content=\"\u00bfDeber\u00edan cambiar las reglas del maillot blanco del Tour? En los \u00faltimos a\u00f1os el ganador del maillot amarillo tambi\u00e9n es el mejor joven.\" \/>\n<meta property=\"og:url\" content=\"https:\/\/www.welovecycling.com\/es\/2022\/08\/15\/maillot-blanco-tour\/\" \/>\n<meta property=\"og:site_name\" content=\"\u0160koda We Love Cycling - Spain\" \/>\n<meta property=\"article:published_time\" content=\"2022-08-15T16:12:20+00:00\" \/>\n<meta property=\"og:image\" content=\"https:\/\/d2p6e6u75xmxt8.cloudfront.net\/6\/2022\/08\/Yellow-Green-and-White-Jersey-profimedia-0709519096-CVR.jpg\" \/>\n\t<meta property=\"og:image:width\" content=\"990\" \/>\n\t<meta property=\"og:image:height\" content=\"660\" \/>\n\t<meta property=\"og:image:type\" content=\"image\/jpeg\" \/>\n<meta name=\"author\" content=\"We Love Cycling Spain\" \/>\n<meta name=\"twitter:card\" content=\"summary_large_image\" \/>\n<meta name=\"twitter:title\" content=\"\u00bfDeber\u00edan cambiar las reglas del maillot blanco del Tour?\" \/>\n<meta name=\"twitter:description\" content=\"\u00bfDeber\u00edan cambiar las reglas del maillot blanco del Tour? En los \u00faltimos a\u00f1os el ganador del maillot amarillo tambi\u00e9n es el mejor joven.\" \/>\n<meta name=\"twitter:label1\" content=\"Written by\" \/>\n\t<meta name=\"twitter:data1\" content=\"Andrea Champredonde\" \/>\n\t<meta name=\"twitter:label2\" content=\"Est. reading time\" \/>\n\t<meta name=\"twitter:data2\" content=\"6\" \/>\n<script type=\"application\/ld+json\" class=\"yoast-schema-graph\">{\"@context\":\"https:\/\/schema.org\",\"@graph\":[{\"@type\":\"WebPage\",\"@id\":\"https:\/\/www.welovecycling.com\/es\/2022\/08\/15\/maillot-blanco-tour\/\",\"url\":\"https:\/\/www.welovecycling.com\/es\/2022\/08\/15\/maillot-blanco-tour\/\",\"name\":\"\u00bfDeber\u00edan cambiar las reglas del maillot blanco del Tour?\",\"isPartOf\":{\"@id\":\"https:\/\/www.welovecycling.com\/es\/#website\"},\"primaryImageOfPage\":{\"@id\":\"https:\/\/www.welovecycling.com\/es\/2022\/08\/15\/maillot-blanco-tour\/#primaryimage\"},\"image\":{\"@id\":\"https:\/\/www.welovecycling.com\/es\/2022\/08\/15\/maillot-blanco-tour\/#primaryimage\"},\"thumbnailUrl\":\"https:\/\/d2p6e6u75xmxt8.cloudfront.net\/6\/2022\/08\/Yellow-Green-and-White-Jersey-profimedia-0709519096-CVR.jpg\",\"datePublished\":\"2022-08-15T16:12:20+00:00\",\"author\":{\"@id\":\"https:\/\/www.welovecycling.com\/es\/#\/schema\/person\/deb61715b5812698ee79fb96f343ccd4\"},\"description\":\"\u00bfDeber\u00edan cambiar las reglas del maillot blanco del Tour? En los \u00faltimos a\u00f1os el ganador del maillot amarillo tambi\u00e9n es el mejor joven.\",\"breadcrumb\":{\"@id\":\"https:\/\/www.welovecycling.com\/es\/2022\/08\/15\/maillot-blanco-tour\/#breadcrumb\"},\"inLanguage\":\"es-ES\",\"potentialAction\":[{\"@type\":\"ReadAction\",\"target\":[\"https:\/\/www.welovecycling.com\/es\/2022\/08\/15\/maillot-blanco-tour\/\"]}]},{\"@type\":\"ImageObject\",\"inLanguage\":\"es-ES\",\"@id\":\"https:\/\/www.welovecycling.com\/es\/2022\/08\/15\/maillot-blanco-tour\/#primaryimage\",\"url\":\"https:\/\/d2p6e6u75xmxt8.cloudfront.net\/6\/2022\/08\/Yellow-Green-and-White-Jersey-profimedia-0709519096-CVR.jpg\",\"contentUrl\":\"https:\/\/d2p6e6u75xmxt8.cloudfront.net\/6\/2022\/08\/Yellow-Green-and-White-Jersey-profimedia-0709519096-CVR.jpg\",\"width\":990,\"height\":660,\"caption\":\"The three jersey winners in the Tour\"},{\"@type\":\"BreadcrumbList\",\"@id\":\"https:\/\/www.welovecycling.com\/es\/2022\/08\/15\/maillot-blanco-tour\/#breadcrumb\",\"itemListElement\":[{\"@type\":\"ListItem\",\"position\":1,\"name\":\"Home\",\"item\":\"https:\/\/www.welovecycling.com\/es\/\"},{\"@type\":\"ListItem\",\"position\":2,\"name\":\"\u00bfDeber\u00edan cambiar las reglas del maillot blanco del Tour?\"}]},{\"@type\":\"WebSite\",\"@id\":\"https:\/\/www.welovecycling.com\/es\/#website\",\"url\":\"https:\/\/www.welovecycling.com\/es\/\",\"name\":\"\u0160koda We Love Cycling - Spain\",\"description\":\"\u0160koda WeLoveCycling Spain\",\"potentialAction\":[{\"@type\":\"SearchAction\",\"target\":{\"@type\":\"EntryPoint\",\"urlTemplate\":\"https:\/\/www.welovecycling.com\/es\/?s={search_term_string}\"},\"query-input\":{\"@type\":\"PropertyValueSpecification\",\"valueRequired\":true,\"valueName\":\"search_term_string\"}}],\"inLanguage\":\"es-ES\"},{\"@type\":\"Person\",\"@id\":\"https:\/\/www.welovecycling.com\/es\/#\/schema\/person\/deb61715b5812698ee79fb96f343ccd4\",\"name\":\"We Love Cycling Spain\",\"image\":{\"@type\":\"ImageObject\",\"inLanguage\":\"es-ES\",\"@id\":\"https:\/\/www.welovecycling.com\/es\/#\/schema\/person\/image\/\",\"url\":\"https:\/\/secure.gravatar.com\/avatar\/c824b04e6df0e37a03219d0b6481672889df542894588964102459e46513159c?s=96&d=mm&r=g\",\"contentUrl\":\"https:\/\/secure.gravatar.com\/avatar\/c824b04e6df0e37a03219d0b6481672889df542894588964102459e46513159c?s=96&d=mm&r=g\",\"caption\":\"We Love Cycling Spain\"},\"url\":\"https:\/\/www.welovecycling.com\/es\/author\/amunoz\/\"}]}<\/script>\n<!-- \/ Yoast SEO Premium plugin. -->","yoast_head_json":{"title":"\u00bfDeber\u00edan cambiar las reglas del maillot blanco del Tour?","description":"\u00bfDeber\u00edan cambiar las reglas del maillot blanco del Tour? En los \u00faltimos a\u00f1os el ganador del maillot amarillo tambi\u00e9n es el mejor joven.","robots":{"index":"index","follow":"follow","max-snippet":"max-snippet:-1","max-image-preview":"max-image-preview:large","max-video-preview":"max-video-preview:-1"},"canonical":"https:\/\/www.welovecycling.com\/es\/2022\/08\/15\/maillot-blanco-tour\/","og_locale":"es_ES","og_type":"article","og_title":"\u00bfDeber\u00edan cambiar las reglas del maillot blanco del Tour?","og_description":"\u00bfDeber\u00edan cambiar las reglas del maillot blanco del Tour? En los \u00faltimos a\u00f1os el ganador del maillot amarillo tambi\u00e9n es el mejor joven.","og_url":"https:\/\/www.welovecycling.com\/es\/2022\/08\/15\/maillot-blanco-tour\/","og_site_name":"\u0160koda We Love Cycling - Spain","article_published_time":"2022-08-15T16:12:20+00:00","og_image":[{"width":990,"height":660,"url":"https:\/\/d2p6e6u75xmxt8.cloudfront.net\/6\/2022\/08\/Yellow-Green-and-White-Jersey-profimedia-0709519096-CVR.jpg","type":"image\/jpeg"}],"author":"We Love Cycling Spain","twitter_card":"summary_large_image","twitter_title":"\u00bfDeber\u00edan cambiar las reglas del maillot blanco del Tour?","twitter_description":"\u00bfDeber\u00edan cambiar las reglas del maillot blanco del Tour? En los \u00faltimos a\u00f1os el ganador del maillot amarillo tambi\u00e9n es el mejor joven.","twitter_misc":{"Written by":"Andrea Champredonde","Est. reading time":"6"},"schema":{"@context":"https:\/\/schema.org","@graph":[{"@type":"WebPage","@id":"https:\/\/www.welovecycling.com\/es\/2022\/08\/15\/maillot-blanco-tour\/","url":"https:\/\/www.welovecycling.com\/es\/2022\/08\/15\/maillot-blanco-tour\/","name":"\u00bfDeber\u00edan cambiar las reglas del maillot blanco del Tour?","isPartOf":{"@id":"https:\/\/www.welovecycling.com\/es\/#website"},"primaryImageOfPage":{"@id":"https:\/\/www.welovecycling.com\/es\/2022\/08\/15\/maillot-blanco-tour\/#primaryimage"},"image":{"@id":"https:\/\/www.welovecycling.com\/es\/2022\/08\/15\/maillot-blanco-tour\/#primaryimage"},"thumbnailUrl":"https:\/\/d2p6e6u75xmxt8.cloudfront.net\/6\/2022\/08\/Yellow-Green-and-White-Jersey-profimedia-0709519096-CVR.jpg","datePublished":"2022-08-15T16:12:20+00:00","author":{"@id":"https:\/\/www.welovecycling.com\/es\/#\/schema\/person\/deb61715b5812698ee79fb96f343ccd4"},"description":"\u00bfDeber\u00edan cambiar las reglas del maillot blanco del Tour? En los \u00faltimos a\u00f1os el ganador del maillot amarillo tambi\u00e9n es el mejor joven.","breadcrumb":{"@id":"https:\/\/www.welovecycling.com\/es\/2022\/08\/15\/maillot-blanco-tour\/#breadcrumb"},"inLanguage":"es-ES","potentialAction":[{"@type":"ReadAction","target":["https:\/\/www.welovecycling.com\/es\/2022\/08\/15\/maillot-blanco-tour\/"]}]},{"@type":"ImageObject","inLanguage":"es-ES","@id":"https:\/\/www.welovecycling.com\/es\/2022\/08\/15\/maillot-blanco-tour\/#primaryimage","url":"https:\/\/d2p6e6u75xmxt8.cloudfront.net\/6\/2022\/08\/Yellow-Green-and-White-Jersey-profimedia-0709519096-CVR.jpg","contentUrl":"https:\/\/d2p6e6u75xmxt8.cloudfront.net\/6\/2022\/08\/Yellow-Green-and-White-Jersey-profimedia-0709519096-CVR.jpg","width":990,"height":660,"caption":"The three jersey winners in the Tour"},{"@type":"BreadcrumbList","@id":"https:\/\/www.welovecycling.com\/es\/2022\/08\/15\/maillot-blanco-tour\/#breadcrumb","itemListElement":[{"@type":"ListItem","position":1,"name":"Home","item":"https:\/\/www.welovecycling.com\/es\/"},{"@type":"ListItem","position":2,"name":"\u00bfDeber\u00edan cambiar las reglas del maillot blanco del Tour?"}]},{"@type":"WebSite","@id":"https:\/\/www.welovecycling.com\/es\/#website","url":"https:\/\/www.welovecycling.com\/es\/","name":"\u0160koda We Love Cycling - Spain","description":"\u0160koda WeLoveCycling Spain","potentialAction":[{"@type":"SearchAction","target":{"@type":"EntryPoint","urlTemplate":"https:\/\/www.welovecycling.com\/es\/?s={search_term_string}"},"query-input":{"@type":"PropertyValueSpecification","valueRequired":true,"valueName":"search_term_string"}}],"inLanguage":"es-ES"},{"@type":"Person","@id":"https:\/\/www.welovecycling.com\/es\/#\/schema\/person\/deb61715b5812698ee79fb96f343ccd4","name":"We Love Cycling Spain","image":{"@type":"ImageObject","inLanguage":"es-ES","@id":"https:\/\/www.welovecycling.com\/es\/#\/schema\/person\/image\/","url":"https:\/\/secure.gravatar.com\/avatar\/c824b04e6df0e37a03219d0b6481672889df542894588964102459e46513159c?s=96&d=mm&r=g","contentUrl":"https:\/\/secure.gravatar.com\/avatar\/c824b04e6df0e37a03219d0b6481672889df542894588964102459e46513159c?s=96&d=mm&r=g","caption":"We Love Cycling Spain"},"url":"https:\/\/www.welovecycling.com\/es\/author\/amunoz\/"}]}},"_links":{"self":[{"href":"https:\/\/www.welovecycling.com\/es\/wp-json\/wp\/v2\/posts\/9170","targetHints":{"allow":["GET"]}}],"collection":[{"href":"https:\/\/www.welovecycling.com\/es\/wp-json\/wp\/v2\/posts"}],"about":[{"href":"https:\/\/www.welovecycling.com\/es\/wp-json\/wp\/v2\/types\/post"}],"author":[{"embeddable":true,"href":"https:\/\/www.welovecycling.com\/es\/wp-json\/wp\/v2\/users\/29"}],"replies":[{"embeddable":true,"href":"https:\/\/www.welovecycling.com\/es\/wp-json\/wp\/v2\/comments?post=9170"}],"version-history":[{"count":2,"href":"https:\/\/www.welovecycling.com\/es\/wp-json\/wp\/v2\/posts\/9170\/revisions"}],"predecessor-version":[{"id":9174,"href":"https:\/\/www.welovecycling.com\/es\/wp-json\/wp\/v2\/posts\/9170\/revisions\/9174"}],"wp:featuredmedia":[{"embeddable":true,"href":"https:\/\/www.welovecycling.com\/es\/wp-json\/wp\/v2\/media\/9173"}],"wp:attachment":[{"href":"https:\/\/www.welovecycling.com\/es\/wp-json\/wp\/v2\/media?parent=9170"}],"wp:term":[{"taxonomy":"category","embeddable":true,"href":"https:\/\/www.welovecycling.com\/es\/wp-json\/wp\/v2\/categories?post=9170"},{"taxonomy":"post_tag","embeddable":true,"href":"https:\/\/www.welovecycling.com\/es\/wp-json\/wp\/v2\/tags?post=9170"},{"taxonomy":"global-categories","embeddable":true,"href":"https:\/\/www.welovecycling.com\/es\/wp-json\/wp\/v2\/global-categories?post=9170"}],"curies":[{"name":"wp","href":"https:\/\/api.w.org\/{rel}","templated":true}]}}