{"id":9146,"date":"2022-08-01T10:19:21","date_gmt":"2022-08-01T08:19:21","guid":{"rendered":"https:\/\/www.welovecycling.com\/es\/?p=9146"},"modified":"2022-08-01T10:19:21","modified_gmt":"2022-08-01T08:19:21","slug":"tour-francia-femenino-2022","status":"publish","type":"post","link":"https:\/\/www.welovecycling.com\/es\/2022\/08\/01\/tour-francia-femenino-2022\/","title":{"rendered":"Tour de Francia Femenino 2022. Nuevos \u00eddolos"},"content":{"rendered":"<p><strong>El ciclismo siempre ha tenido la \u00e9pica y las historias de superaci\u00f3n como aliciente para enganchar al aficionado. El primer Tour de la historia era eso&#8230; pura \u00e9pica. Dar la vuelta a Francia. El nuevo Tour de Francia femenino de 2022 (ya hubo otras ediciones en los a\u00f1os 80\/90 y 2000) ha encontrado eso, casi sin buscarlo, en la figura de Annemiek Van Vleuten.<\/strong><\/p>\n<p><!--more-->Si hubieran lanzado una encuesta entre los aficionados de Par\u00eds el 24 de julio, el d\u00eda que empezaba el Tour de Francia Femenino 2022, justo en el mismo lugar que acaba el masculino. La mayor\u00eda habr\u00eda dado como favorita al amarillo final a <a href=\"https:\/\/www.procyclingstats.com\/rider\/annemiek-van-vleuten\"><strong>Van Vleuten<\/strong><\/a>. Quiz\u00e1s porque solo les sonaba ese nombre o porque eran fieles seguidores de la competici\u00f3n femenina y sab\u00edan sus resultados en el Giro Donne de hace una semanas. De Par\u00eds sal\u00eda con la vitola de favorita Van Vleuten, pero con la incertidumbre de qu\u00e9 pod\u00eda pasar en una carrera de ocho d\u00edas con escenarios que nunca antes se hab\u00edan vivido en el ciclismo femenino. El primero, la repercusi\u00f3n medi\u00e1tica y televisiva, al nivel del Tour de Francia.<\/p>\n<h2><strong><img loading=\"lazy\" decoding=\"async\" class=\"alignnone size-extra-large\" src=\"https:\/\/img.aso.fr\/core_app\/img-cycling-trf-jpg\/arrivee\/28900\/0:0,1200:800-1000-0-70\/f7187\" width=\"1000\" height=\"667\" \/><br \/>\nRepechos, cortes, ca\u00eddas y sterrato<\/strong><\/h2>\n<p>Sobre el papel parec\u00eda un <a href=\"https:\/\/www.welovecycling.com\/es\/2021\/11\/25\/tour-de-francia-femenino\/\">recorrido como demasiados d\u00edas de transici\u00f3n<\/a> hasta llegar a la monta\u00f1a del fin de semana. Error, porque hubo batalla todos los d\u00edas. Exceptuando de el Par\u00eds, solo hubo otro sprint masivo en la quinta etapa, la m\u00e1s larga, de 175 kil\u00f3metros. En ambos casos venci\u00f3 <strong>Lorena Wiebes<\/strong>. Le dio para ser el primer amarillo del Tour y para demostrar que en los sprints planos y en grupos masivos es la reina.<\/p>\n<p>Otra cosa es cuando hay batalla de por medio, se rompe el pelot\u00f3n y la llegada pica algo hacia arriba. Ah\u00ed emerge la figura de <a href=\"https:\/\/www.procyclingstats.com\/rider\/marianne-vos\">Marianne Vos<\/a>. La antigua dominadora del ciclismo femenino mundial surgi\u00f3 de entre el caos de la segunda etapa para vencer y vestirse de amarillo. Un giro, viento de costado, algo de tensi\u00f3n, una montonera y todo el pelot\u00f3n por los aires. En el repecho del primer paso por meta escapada de favoritas. <strong>Vos, <a href=\"https:\/\/www.welovecycling.com\/es\/2022\/07\/03\/evolucion-ciclismo-femenino\/\">Niewiadoma<\/a>, P\u00e9rsico, Longo-Borghini&#8230;<\/strong> y no est\u00e1 Van Vleuten. Ni lleg\u00f3. 34 segundos perdidos y gracias a la labor de Nosgaard.<\/p>\n<p>Tercera etapa. Perfil quebrado. Repechos cortos y explosivos. Una Lieja en Reims y Eperney. Muro duro. Cote de Mutigny, un kil\u00f3metro al 12%. Grupo todav\u00eda grande y se vuelve a quedar Van Vleuten. Dos d\u00edas seguidos. Malas sensaciones. Pero por delante ning\u00fan equipo hace le\u00f1a del \u00e1rbol ca\u00eddo. Con seis ciclistas es complicado sacrificar gregarias. No lo hace <strong>SD Worx, de Vollering y Kopecky,<\/strong> <strong>tampoco el Jumbo de Vox, ni el UAE de Mavi. No hay patr\u00f3n, pero tampoco plan<\/strong>. Solo d\u00eda a d\u00eda. Por eso Van Vleuten vuelve a entrar, y se vuelve a quedar. Al repecho de meta llega en el grupo de cabeza, aceler\u00f3n y en solo 500 metros otros 20 segundos. Ese d\u00eda gana Utrupp-Ludwig, danesa, la sonrisa del pelot\u00f3n, que se echa a llorar delante de las c\u00e1maras. Objetivo parciales.<\/p>\n<p>El cuarto d\u00eda llegaba el sterrato. No era La Toscana, sino la regi\u00f3n del Champagne. Y no solo tramos planos, sino con repechos. Muy al estilo del nuevo Tour de Francia, buscando carreteras departamentales y nuevas aventuras. En esta se acabaron las esperanzas de Mavi Garcia, tercera en el Giro Donne. Dos pinchazos, cuatro cambios de bici, una ca\u00edda&#8230; demasiado para ella.\u00a0 Van Vleuten volv\u00eda a sufrir, pero menos. Y el Sd Worx, que tenia a Reuser por delante, tampoco forz\u00f3 la m\u00e1quina para asegurarse el triunfo de etapa.<\/p>\n<p><img loading=\"lazy\" decoding=\"async\" class=\"alignnone size-extra-large\" src=\"https:\/\/img.aso.fr\/core_app\/img-cycling-trf-jpg\/peloton\/28756\/0:0,1200:800-1000-0-70\/1e5fc\" width=\"1000\" height=\"667\" \/><\/p>\n<h2><strong>Vosgos, monta\u00f1a y exhibici\u00f3n<\/strong><\/h2>\n<p>El Tour hab\u00eda preparada la sexta etapa como antesala para la alta monta\u00f1a. Un d\u00eda de fugas en la que los equipos de las favoritas podian sextear y no gastar demasiado. Quiz\u00e1s fue el d\u00eda m\u00e1s tranquilo de carrera. Una ca\u00edda a 20 de meta dej\u00f3 fuera de la batalla a Lorena Wiebes, el repecho siguiente a medio pelot\u00f3n y en la meta de Rosheim se plant\u00f3 un grupo de 40 ciclistas. Cuando pasa eso suele ganar Marianne Vos y lo hizo de amarillo. Iba a ser su \u00faltimo podio.<\/p>\n<p>Porque el s\u00e1bado 30 de julio quedar\u00e1 para la historia como una de las reediciones del un &#8220;uomo solo al comando&#8221; que protagoniz\u00f3 Fausto Coppi en el Giro. Esa vez el italiano lo hizo solo por exhibici\u00f3n, porque lo ten\u00eda ganado. En el Tour Femenino 2022 lo de Van Vleuten era por necesidad, porque al empezar el d\u00eda estaba a 1:30 de Marianne Vos, que nadie esperaba que aguantase, pero a 1:00 de Niewiadoma, una de las mejores escaladoras del pelot\u00f3n. Eso s\u00ed, su apuesta fue de todo o nada. A la grande.<\/p>\n<p>Cuando atac\u00f3 en el Petit Ball\u00f3n de Alsacia (9,3 km al 8,3%) no hab\u00eda todav\u00eda se\u00f1al de televisi\u00f3n en directo. Quedaban m\u00e1s de 80 kil\u00f3metros para meta y el Tour salt\u00f3 por los aires. Solo pudo seguirla Demi Vollering, la jefa de filas del SD Worx. A la estela de su compatriota iba el segundo puesto del Tour.<\/p>\n<figure style=\"width: 1000px\" class=\"wp-caption alignnone\"><img loading=\"lazy\" decoding=\"async\" src=\"https:\/\/img.aso.fr\/core_app\/img-cycling-trf-jpg\/van-vleuten\/29119\/0:0,1200:800-1000-0-70\/4800c\" alt=\"\" width=\"1000\" height=\"667\" \/><figcaption class=\"wp-caption-text\">Van Vleuten y Vollering.<\/figcaption><\/figure>\n<p>Vollering aguant\u00f3 poco, pero lo suficiente para abrir un hueco tan inmenso con el resto de favoritas, Niewiadoma, P\u00e9rsico, Labou y Utrupp Ludwig, que ya no la volver\u00edan a ver hasta meta.<\/p>\n<p>Cuando atac\u00f3 Van Vleuten por delante iba Longo Borghini, antigua rival en cl\u00e1sicas y Giros sin alta monta\u00f1a. Solo pudo verla pasar y esperar a que el resto de las favoritas la recogiese en su seno. Porque a cada kil\u00f3metro de ascensi\u00f3n que pasaba la ventaja de Van Vleuten crec\u00eda sobre el resto de ciclistas. Al pie del Gran Ballon lleg\u00f3 con m\u00e1s de 3 minutos sobre Vollering, que en meta ser\u00edan 3:26. El resto, m\u00e1s lejos a\u00fan. Ninguna por debajo de cinco minutos. Ludwig, Labous y Niewiadoma la &#8216;grupetta&#8217; m\u00e1s grande, a 5:16.\u00a0 Y as\u00ed un goteo cada dos o tres minutos de corredoras. La d\u00e9cima a m\u00e1s de diez minutos. Marianne Vos a 24 y media docena de corredoras fuera de control.<\/p>\n<p>El Tour ya ten\u00eda su haza\u00f1a y su \u00eddolo de la primera edici\u00f3n de la reentr\u00e9. Unas cuota de pantalla de televisi\u00f3n que no hab\u00edan imaginado y las cunetas llenas de aficionados aplaudiendo a un pelot\u00f3n que en su mayor\u00eda le era desconocido.<\/p>\n<p>As\u00ed que para el \u00faltimo d\u00eda, en la Super Planche des Belles Filles, quedaba poco por decidir. Van Vleuten y Vollering ten\u00edan asegurada las dos primeras plazas. Solo quedaba por saber si despu\u00e9s de la paliza del d\u00eda anterior iban a recuperar para estar en condiciones de disputar la etapa e influir sobre el tercer caj\u00f3n del podio.<\/p>\n<p>Hubo fuga del d\u00eda con un grupo grande. Con Mavi Garcia, ya descartada para la general, buscando la etapa. Pasaron en cabeza el Gran Ballon de Alsace, mientras Van Vleuten cambiaba media docena de veces de bicicleta, unas veces la amarilla, otra la azul, otra la de repuesto, y en todas atrapaba sin necesidad de gregarias y con suma facilidad al grupo de favoritas, pese a que el Canyon y el Sd Worx se turnaban para endurecer. Exhibici\u00f3n desde atr\u00e1s que dejaba claro lo que iba a pasar en la \u00faltima subida del Tour.<\/p>\n<p>A la <a href=\"https:\/\/www.letourfemmes.fr\/fr\/classements\/etape-8\">meta del Tour llegaron casi en el mismo orden que en la clasificaci\u00f3n general<\/a>. Van Vleuten, brazos en alto de amarillo y segunda victoria consecutiva. Despu\u00e9s Vollering, amarrando el la segunda plaza y el maillot de la monta\u00f1a. Y luego el trio de P\u00e9rsico, Labous y Niewiadoma, que dej\u00f3 a la \u00faltima, m\u00e1s regular que ninguna de ellas, con el tercer caj\u00f3n del podio. Lejos Marianne Vos, que se <a href=\"https:\/\/www.welovecycling.com\/es\/2022\/07\/25\/maillot-verde-skoda-tour-francia-femenino\/\">aseguraba el maillot verde Skoda,<\/a> no pod\u00eda falta un premio para la can\u00edbal del la historia del ciclismo<\/p>\n<figure style=\"width: 1000px\" class=\"wp-caption alignnone\"><img loading=\"lazy\" decoding=\"async\" class=\"size-extra-large\" src=\"https:\/\/img.aso.fr\/core_app\/img-cycling-trf-jpg\/podium-maillots\/29316\/0:0,1200:800-1000-0-70\/8503f\" width=\"1000\" height=\"667\" \/><figcaption class=\"wp-caption-text\">Todos los maillots del Tour Femenino 2022<\/figcaption><\/figure>\n","protected":false},"excerpt":{"rendered":"<p>El ciclismo siempre ha tenido la \u00e9pica y las historias de superaci\u00f3n como aliciente para enganchar al aficionado. El primer [&hellip;]<\/p>\n","protected":false},"author":29,"featured_media":9149,"comment_status":"open","ping_status":"open","sticky":false,"template":"","format":"standard","meta":{"footnotes":""},"categories":[7,1],"tags":[1108,2173,2183],"global-categories":[1164],"class_list":["post-9146","post","type-post","status-publish","format-standard","has-post-thumbnail","hentry","category-carretera","category-uncategorized","tag-tour-francia","tag-tour-francia-femenino","tag-tour-francia-femenino-2022","global-categories-cycling"],"yoast_head":"<!-- This site is optimized with the Yoast SEO Premium plugin v25.3 (Yoast SEO v25.9) - https:\/\/yoast.com\/wordpress\/plugins\/seo\/ -->\n<title>Tour de Francia Femenino 2022. Nuevos \u00eddolos - \u0160koda We Love Cycling - Spain<\/title>\n<meta name=\"description\" content=\"Tour de Francia Femenino 2022. Nuevos \u00eddolos. La cr\u00f3nica de la vuelta del Tour de Francia para chicas con la victoria de Van Vleuten.\" \/>\n<meta name=\"robots\" content=\"index, follow, max-snippet:-1, max-image-preview:large, max-video-preview:-1\" \/>\n<link rel=\"canonical\" href=\"https:\/\/www.welovecycling.com\/es\/2022\/08\/01\/tour-francia-femenino-2022\/\" \/>\n<meta property=\"og:locale\" content=\"es_ES\" \/>\n<meta property=\"og:type\" content=\"article\" \/>\n<meta property=\"og:title\" content=\"Tour de Francia Femenino 2022. Nuevos \u00eddolos\" \/>\n<meta property=\"og:description\" content=\"Tour de Francia Femenino 2022. Nuevos \u00eddolos. La cr\u00f3nica de la vuelta del Tour de Francia para chicas con la victoria de Van Vleuten.\" \/>\n<meta property=\"og:url\" content=\"https:\/\/www.welovecycling.com\/es\/2022\/08\/01\/tour-francia-femenino-2022\/\" \/>\n<meta property=\"og:site_name\" content=\"\u0160koda We Love Cycling - Spain\" \/>\n<meta property=\"article:published_time\" content=\"2022-08-01T08:19:21+00:00\" \/>\n<meta property=\"og:image\" content=\"https:\/\/d2p6e6u75xmxt8.cloudfront.net\/6\/2022\/08\/van_vleuten.jpg\" \/>\n\t<meta property=\"og:image:width\" content=\"1000\" \/>\n\t<meta property=\"og:image:height\" content=\"667\" \/>\n\t<meta property=\"og:image:type\" content=\"image\/jpeg\" \/>\n<meta name=\"author\" content=\"We Love Cycling Spain\" \/>\n<meta name=\"twitter:card\" content=\"summary_large_image\" \/>\n<meta name=\"twitter:title\" content=\"Tour de Francia Femenino 2022. Nuevos \u00eddolos\" \/>\n<meta name=\"twitter:description\" content=\"Tour de Francia Femenino 2022. Nuevos \u00eddolos. La cr\u00f3nica de la vuelta del Tour de Francia para chicas con la victoria de Van Vleuten.\" \/>\n<meta name=\"twitter:label1\" content=\"Written by\" \/>\n\t<meta name=\"twitter:data1\" content=\"Luis Ortega @Ciclored\" \/>\n\t<meta name=\"twitter:label2\" content=\"Est. reading time\" \/>\n\t<meta name=\"twitter:data2\" content=\"7 minutes\" \/>\n<script type=\"application\/ld+json\" class=\"yoast-schema-graph\">{\"@context\":\"https:\/\/schema.org\",\"@graph\":[{\"@type\":\"WebPage\",\"@id\":\"https:\/\/www.welovecycling.com\/es\/2022\/08\/01\/tour-francia-femenino-2022\/\",\"url\":\"https:\/\/www.welovecycling.com\/es\/2022\/08\/01\/tour-francia-femenino-2022\/\",\"name\":\"Tour de Francia Femenino 2022. Nuevos \u00eddolos - \u0160koda We Love Cycling - Spain\",\"isPartOf\":{\"@id\":\"https:\/\/www.welovecycling.com\/es\/#website\"},\"primaryImageOfPage\":{\"@id\":\"https:\/\/www.welovecycling.com\/es\/2022\/08\/01\/tour-francia-femenino-2022\/#primaryimage\"},\"image\":{\"@id\":\"https:\/\/www.welovecycling.com\/es\/2022\/08\/01\/tour-francia-femenino-2022\/#primaryimage\"},\"thumbnailUrl\":\"https:\/\/d2p6e6u75xmxt8.cloudfront.net\/6\/2022\/08\/van_vleuten.jpg\",\"datePublished\":\"2022-08-01T08:19:21+00:00\",\"author\":{\"@id\":\"https:\/\/www.welovecycling.com\/es\/#\/schema\/person\/deb61715b5812698ee79fb96f343ccd4\"},\"description\":\"Tour de Francia Femenino 2022. Nuevos \u00eddolos. La cr\u00f3nica de la vuelta del Tour de Francia para chicas con la victoria de Van Vleuten.\",\"breadcrumb\":{\"@id\":\"https:\/\/www.welovecycling.com\/es\/2022\/08\/01\/tour-francia-femenino-2022\/#breadcrumb\"},\"inLanguage\":\"es-ES\",\"potentialAction\":[{\"@type\":\"ReadAction\",\"target\":[\"https:\/\/www.welovecycling.com\/es\/2022\/08\/01\/tour-francia-femenino-2022\/\"]}]},{\"@type\":\"ImageObject\",\"inLanguage\":\"es-ES\",\"@id\":\"https:\/\/www.welovecycling.com\/es\/2022\/08\/01\/tour-francia-femenino-2022\/#primaryimage\",\"url\":\"https:\/\/d2p6e6u75xmxt8.cloudfront.net\/6\/2022\/08\/van_vleuten.jpg\",\"contentUrl\":\"https:\/\/d2p6e6u75xmxt8.cloudfront.net\/6\/2022\/08\/van_vleuten.jpg\",\"width\":1000,\"height\":667},{\"@type\":\"BreadcrumbList\",\"@id\":\"https:\/\/www.welovecycling.com\/es\/2022\/08\/01\/tour-francia-femenino-2022\/#breadcrumb\",\"itemListElement\":[{\"@type\":\"ListItem\",\"position\":1,\"name\":\"Home\",\"item\":\"https:\/\/www.welovecycling.com\/es\/\"},{\"@type\":\"ListItem\",\"position\":2,\"name\":\"Tour de Francia Femenino 2022. Nuevos \u00eddolos\"}]},{\"@type\":\"WebSite\",\"@id\":\"https:\/\/www.welovecycling.com\/es\/#website\",\"url\":\"https:\/\/www.welovecycling.com\/es\/\",\"name\":\"\u0160koda We Love Cycling - Spain\",\"description\":\"\u0160koda WeLoveCycling Spain\",\"potentialAction\":[{\"@type\":\"SearchAction\",\"target\":{\"@type\":\"EntryPoint\",\"urlTemplate\":\"https:\/\/www.welovecycling.com\/es\/?s={search_term_string}\"},\"query-input\":{\"@type\":\"PropertyValueSpecification\",\"valueRequired\":true,\"valueName\":\"search_term_string\"}}],\"inLanguage\":\"es-ES\"},{\"@type\":\"Person\",\"@id\":\"https:\/\/www.welovecycling.com\/es\/#\/schema\/person\/deb61715b5812698ee79fb96f343ccd4\",\"name\":\"We Love Cycling Spain\",\"image\":{\"@type\":\"ImageObject\",\"inLanguage\":\"es-ES\",\"@id\":\"https:\/\/www.welovecycling.com\/es\/#\/schema\/person\/image\/\",\"url\":\"https:\/\/secure.gravatar.com\/avatar\/c824b04e6df0e37a03219d0b6481672889df542894588964102459e46513159c?s=96&d=mm&r=g\",\"contentUrl\":\"https:\/\/secure.gravatar.com\/avatar\/c824b04e6df0e37a03219d0b6481672889df542894588964102459e46513159c?s=96&d=mm&r=g\",\"caption\":\"We Love Cycling Spain\"},\"url\":\"https:\/\/www.welovecycling.com\/es\/author\/amunoz\/\"}]}<\/script>\n<!-- \/ Yoast SEO Premium plugin. -->","yoast_head_json":{"title":"Tour de Francia Femenino 2022. Nuevos \u00eddolos - \u0160koda We Love Cycling - Spain","description":"Tour de Francia Femenino 2022. Nuevos \u00eddolos. La cr\u00f3nica de la vuelta del Tour de Francia para chicas con la victoria de Van Vleuten.","robots":{"index":"index","follow":"follow","max-snippet":"max-snippet:-1","max-image-preview":"max-image-preview:large","max-video-preview":"max-video-preview:-1"},"canonical":"https:\/\/www.welovecycling.com\/es\/2022\/08\/01\/tour-francia-femenino-2022\/","og_locale":"es_ES","og_type":"article","og_title":"Tour de Francia Femenino 2022. Nuevos \u00eddolos","og_description":"Tour de Francia Femenino 2022. Nuevos \u00eddolos. La cr\u00f3nica de la vuelta del Tour de Francia para chicas con la victoria de Van Vleuten.","og_url":"https:\/\/www.welovecycling.com\/es\/2022\/08\/01\/tour-francia-femenino-2022\/","og_site_name":"\u0160koda We Love Cycling - Spain","article_published_time":"2022-08-01T08:19:21+00:00","og_image":[{"width":1000,"height":667,"url":"https:\/\/d2p6e6u75xmxt8.cloudfront.net\/6\/2022\/08\/van_vleuten.jpg","type":"image\/jpeg"}],"author":"We Love Cycling Spain","twitter_card":"summary_large_image","twitter_title":"Tour de Francia Femenino 2022. Nuevos \u00eddolos","twitter_description":"Tour de Francia Femenino 2022. Nuevos \u00eddolos. La cr\u00f3nica de la vuelta del Tour de Francia para chicas con la victoria de Van Vleuten.","twitter_misc":{"Written by":"Luis Ortega @Ciclored","Est. reading time":"7 minutes"},"schema":{"@context":"https:\/\/schema.org","@graph":[{"@type":"WebPage","@id":"https:\/\/www.welovecycling.com\/es\/2022\/08\/01\/tour-francia-femenino-2022\/","url":"https:\/\/www.welovecycling.com\/es\/2022\/08\/01\/tour-francia-femenino-2022\/","name":"Tour de Francia Femenino 2022. Nuevos \u00eddolos - \u0160koda We Love Cycling - Spain","isPartOf":{"@id":"https:\/\/www.welovecycling.com\/es\/#website"},"primaryImageOfPage":{"@id":"https:\/\/www.welovecycling.com\/es\/2022\/08\/01\/tour-francia-femenino-2022\/#primaryimage"},"image":{"@id":"https:\/\/www.welovecycling.com\/es\/2022\/08\/01\/tour-francia-femenino-2022\/#primaryimage"},"thumbnailUrl":"https:\/\/d2p6e6u75xmxt8.cloudfront.net\/6\/2022\/08\/van_vleuten.jpg","datePublished":"2022-08-01T08:19:21+00:00","author":{"@id":"https:\/\/www.welovecycling.com\/es\/#\/schema\/person\/deb61715b5812698ee79fb96f343ccd4"},"description":"Tour de Francia Femenino 2022. Nuevos \u00eddolos. La cr\u00f3nica de la vuelta del Tour de Francia para chicas con la victoria de Van Vleuten.","breadcrumb":{"@id":"https:\/\/www.welovecycling.com\/es\/2022\/08\/01\/tour-francia-femenino-2022\/#breadcrumb"},"inLanguage":"es-ES","potentialAction":[{"@type":"ReadAction","target":["https:\/\/www.welovecycling.com\/es\/2022\/08\/01\/tour-francia-femenino-2022\/"]}]},{"@type":"ImageObject","inLanguage":"es-ES","@id":"https:\/\/www.welovecycling.com\/es\/2022\/08\/01\/tour-francia-femenino-2022\/#primaryimage","url":"https:\/\/d2p6e6u75xmxt8.cloudfront.net\/6\/2022\/08\/van_vleuten.jpg","contentUrl":"https:\/\/d2p6e6u75xmxt8.cloudfront.net\/6\/2022\/08\/van_vleuten.jpg","width":1000,"height":667},{"@type":"BreadcrumbList","@id":"https:\/\/www.welovecycling.com\/es\/2022\/08\/01\/tour-francia-femenino-2022\/#breadcrumb","itemListElement":[{"@type":"ListItem","position":1,"name":"Home","item":"https:\/\/www.welovecycling.com\/es\/"},{"@type":"ListItem","position":2,"name":"Tour de Francia Femenino 2022. Nuevos \u00eddolos"}]},{"@type":"WebSite","@id":"https:\/\/www.welovecycling.com\/es\/#website","url":"https:\/\/www.welovecycling.com\/es\/","name":"\u0160koda We Love Cycling - Spain","description":"\u0160koda WeLoveCycling Spain","potentialAction":[{"@type":"SearchAction","target":{"@type":"EntryPoint","urlTemplate":"https:\/\/www.welovecycling.com\/es\/?s={search_term_string}"},"query-input":{"@type":"PropertyValueSpecification","valueRequired":true,"valueName":"search_term_string"}}],"inLanguage":"es-ES"},{"@type":"Person","@id":"https:\/\/www.welovecycling.com\/es\/#\/schema\/person\/deb61715b5812698ee79fb96f343ccd4","name":"We Love Cycling Spain","image":{"@type":"ImageObject","inLanguage":"es-ES","@id":"https:\/\/www.welovecycling.com\/es\/#\/schema\/person\/image\/","url":"https:\/\/secure.gravatar.com\/avatar\/c824b04e6df0e37a03219d0b6481672889df542894588964102459e46513159c?s=96&d=mm&r=g","contentUrl":"https:\/\/secure.gravatar.com\/avatar\/c824b04e6df0e37a03219d0b6481672889df542894588964102459e46513159c?s=96&d=mm&r=g","caption":"We Love Cycling Spain"},"url":"https:\/\/www.welovecycling.com\/es\/author\/amunoz\/"}]}},"_links":{"self":[{"href":"https:\/\/www.welovecycling.com\/es\/wp-json\/wp\/v2\/posts\/9146","targetHints":{"allow":["GET"]}}],"collection":[{"href":"https:\/\/www.welovecycling.com\/es\/wp-json\/wp\/v2\/posts"}],"about":[{"href":"https:\/\/www.welovecycling.com\/es\/wp-json\/wp\/v2\/types\/post"}],"author":[{"embeddable":true,"href":"https:\/\/www.welovecycling.com\/es\/wp-json\/wp\/v2\/users\/29"}],"replies":[{"embeddable":true,"href":"https:\/\/www.welovecycling.com\/es\/wp-json\/wp\/v2\/comments?post=9146"}],"version-history":[{"count":2,"href":"https:\/\/www.welovecycling.com\/es\/wp-json\/wp\/v2\/posts\/9146\/revisions"}],"predecessor-version":[{"id":9150,"href":"https:\/\/www.welovecycling.com\/es\/wp-json\/wp\/v2\/posts\/9146\/revisions\/9150"}],"wp:featuredmedia":[{"embeddable":true,"href":"https:\/\/www.welovecycling.com\/es\/wp-json\/wp\/v2\/media\/9149"}],"wp:attachment":[{"href":"https:\/\/www.welovecycling.com\/es\/wp-json\/wp\/v2\/media?parent=9146"}],"wp:term":[{"taxonomy":"category","embeddable":true,"href":"https:\/\/www.welovecycling.com\/es\/wp-json\/wp\/v2\/categories?post=9146"},{"taxonomy":"post_tag","embeddable":true,"href":"https:\/\/www.welovecycling.com\/es\/wp-json\/wp\/v2\/tags?post=9146"},{"taxonomy":"global-categories","embeddable":true,"href":"https:\/\/www.welovecycling.com\/es\/wp-json\/wp\/v2\/global-categories?post=9146"}],"curies":[{"name":"wp","href":"https:\/\/api.w.org\/{rel}","templated":true}]}}