{"id":9133,"date":"2022-07-27T13:07:48","date_gmt":"2022-07-27T11:07:48","guid":{"rendered":"https:\/\/www.welovecycling.com\/es\/?p=9133"},"modified":"2022-07-26T13:13:44","modified_gmt":"2022-07-26T11:13:44","slug":"la-vuelta-virtual-rouvy","status":"publish","type":"post","link":"https:\/\/www.welovecycling.com\/es\/2022\/07\/27\/la-vuelta-virtual-rouvy\/","title":{"rendered":"La Vuelta Virtual con Rouvy, clas\u00edficate para la final en Madrid"},"content":{"rendered":"<p><strong>El 11 de septiembre, justo en la meta de La Vuelta, los Rouviers calificados junto con los embajadores seleccionados van a correr la Gran Final de La Vuelta Virtual Rouvy, junto con cientos de otros corredores en l\u00ednea. \u00danete al <a href=\"https:\/\/www.welovecycling.com\/es\/2020\/11\/13\/8-mejores-app-entrenamiento-rodillo\/\">Warm Up<\/a> de La Vuelta y convi\u00e9rtete en uno de los pocos afortunados que ir\u00e1n a Madrid.<\/strong><\/p>\n<p><!--more--><\/p>\n<p>Aguanta en el pelot\u00f3n en las etapas costeras r\u00e1pidas y llanas, demuestra tu fuerza en las subidas del interior de Espa\u00f1a o lucha por la victoria en las famosas monta\u00f1as de los Pirineos. Disfruta de una o de las 6 carreras restantes y siente el calor de Espa\u00f1a. Tienes que terminar entre los 3 m\u00e1s r\u00e1pidos en cualquier carrera para entrar en el sorteo de la carrera de tu vida en la Gran Final de Madrid. Rouvy sortear\u00e1 3 ganadores cada fin de semana de carrera para participar en Madrid.<\/p>\n<div class=\"embed-controller-wrapper\">\n<blockquote class=\"twitter-tweet\" data-width=\"500\" data-dnt=\"true\">\n<p lang=\"en\" dir=\"ltr\">Racing Weekend #3 is here and it is getting hot, isn&#39;t it?!\ud83d\udd25<\/p>\n<p>\ud83d\udcc5 Schedule for Racing Weekend #3 &#8211; 9 AM and 9 PM CEST<\/p>\n<p>Friday: \ud83d\udccdAnquela del Ducado<br \/>Saturday: \ud83d\udccdMontserrat Monastery<br \/>Sunday: \ud83d\udccdMuros<\/p>\n<p>Find out more about La Vuelta Warm Up series HERE \ud83d\udc49  <a href=\"https:\/\/t.co\/TxpybczSMZ\">https:\/\/t.co\/TxpybczSMZ<\/a> <a href=\"https:\/\/t.co\/ruRl9LDWpK\">pic.twitter.com\/ruRl9LDWpK<\/a><\/p>\n<p>&mdash; ROUVY (@gorouvy) <a href=\"https:\/\/twitter.com\/gorouvy\/status\/1550133654214430722?ref_src=twsrc%5Etfw\">July 21, 2022<\/a><\/p><\/blockquote>\n<p><script async data-src=\"https:\/\/platform.twitter.com\/widgets.js\" charset=\"utf-8\"><\/script><\/div>\n<p>El fin de semana del 5-7 de agosto es tu \u00faltima oportunidad.<\/p>\n<p>La Gran Final es una carrera h\u00edbrida que marca la \u00faltima etapa de La Vuelta Virtual Rouvy 2022 el 11 de septiembre &#8211; el mismo d\u00eda y en el mismo lugar donde los mejores ciclistas del mundo luchar\u00e1n por el ganador absoluto de la 77\u00aa edici\u00f3n de La Vuelta a Madrid.<\/p>\n<p>A qu\u00e9 est\u00e1s esperando ? <a href=\"https:\/\/rouvy.com\/series\/la-vuelta-warm-up?utm_campaign=2022-07_La_Vuelta&amp;utm_medium=PPP&amp;utm_source=WLC&amp;utm_term=blog\">Participa en las etapas<\/a>.<\/p>\n","protected":false},"excerpt":{"rendered":"<p>El 11 de septiembre, justo en la meta de La Vuelta, los Rouviers calificados junto con los embajadores seleccionados van [&hellip;]<\/p>\n","protected":false},"author":29,"featured_media":9139,"comment_status":"open","ping_status":"open","sticky":false,"template":"","format":"standard","meta":{"footnotes":""},"categories":[7],"tags":[44],"global-categories":[],"class_list":["post-9133","post","type-post","status-publish","format-standard","has-post-thumbnail","hentry","category-carretera","tag-la-vuelta"],"yoast_head":"<!-- This site is optimized with the Yoast SEO Premium plugin v25.3 (Yoast SEO v25.9) - https:\/\/yoast.com\/wordpress\/plugins\/seo\/ -->\n<title>La Vuelta Virtual con Rouvy, clas\u00edficate para la final en Madrid<\/title>\n<meta name=\"description\" content=\"La Vuelta Virtual Rouvy. Participa en alguna de sus etapas y entra en el sorteo de la gran final en Madrid.\" \/>\n<meta name=\"robots\" content=\"index, follow, max-snippet:-1, max-image-preview:large, max-video-preview:-1\" \/>\n<link rel=\"canonical\" href=\"https:\/\/www.welovecycling.com\/es\/2022\/07\/27\/la-vuelta-virtual-rouvy\/\" \/>\n<meta property=\"og:locale\" content=\"es_ES\" \/>\n<meta property=\"og:type\" content=\"article\" \/>\n<meta property=\"og:title\" content=\"La Vuelta Virtual con Rouvy, clas\u00edficate para la final en Madrid\" \/>\n<meta property=\"og:description\" content=\"La Vuelta Virtual Rouvy. Participa en alguna de sus etapas y entra en el sorteo de la gran final en Madrid.\" \/>\n<meta property=\"og:url\" content=\"https:\/\/www.welovecycling.com\/es\/2022\/07\/27\/la-vuelta-virtual-rouvy\/\" \/>\n<meta property=\"og:site_name\" content=\"\u0160koda We Love Cycling - Spain\" \/>\n<meta property=\"article:published_time\" content=\"2022-07-27T11:07:48+00:00\" \/>\n<meta property=\"og:image\" content=\"https:\/\/d2p6e6u75xmxt8.cloudfront.net\/6\/2022\/07\/La-Vuelta-CVR.jpg\" \/>\n\t<meta property=\"og:image:width\" content=\"990\" \/>\n\t<meta property=\"og:image:height\" content=\"660\" \/>\n\t<meta property=\"og:image:type\" content=\"image\/jpeg\" \/>\n<meta name=\"author\" content=\"We Love Cycling Spain\" \/>\n<meta name=\"twitter:card\" content=\"summary_large_image\" \/>\n<meta name=\"twitter:label1\" content=\"Written by\" \/>\n\t<meta name=\"twitter:data1\" content=\"Monica Buck\" \/>\n\t<meta name=\"twitter:label2\" content=\"Est. reading time\" \/>\n\t<meta name=\"twitter:data2\" content=\"4\" \/>\n<script type=\"application\/ld+json\" class=\"yoast-schema-graph\">{\"@context\":\"https:\/\/schema.org\",\"@graph\":[{\"@type\":\"WebPage\",\"@id\":\"https:\/\/www.welovecycling.com\/es\/2022\/07\/27\/la-vuelta-virtual-rouvy\/\",\"url\":\"https:\/\/www.welovecycling.com\/es\/2022\/07\/27\/la-vuelta-virtual-rouvy\/\",\"name\":\"La Vuelta Virtual con Rouvy, clas\u00edficate para la final en Madrid\",\"isPartOf\":{\"@id\":\"https:\/\/www.welovecycling.com\/es\/#website\"},\"primaryImageOfPage\":{\"@id\":\"https:\/\/www.welovecycling.com\/es\/2022\/07\/27\/la-vuelta-virtual-rouvy\/#primaryimage\"},\"image\":{\"@id\":\"https:\/\/www.welovecycling.com\/es\/2022\/07\/27\/la-vuelta-virtual-rouvy\/#primaryimage\"},\"thumbnailUrl\":\"https:\/\/d2p6e6u75xmxt8.cloudfront.net\/6\/2022\/07\/La-Vuelta-CVR.jpg\",\"datePublished\":\"2022-07-27T11:07:48+00:00\",\"author\":{\"@id\":\"https:\/\/www.welovecycling.com\/es\/#\/schema\/person\/deb61715b5812698ee79fb96f343ccd4\"},\"description\":\"La Vuelta Virtual Rouvy. Participa en alguna de sus etapas y entra en el sorteo de la gran final en Madrid.\",\"breadcrumb\":{\"@id\":\"https:\/\/www.welovecycling.com\/es\/2022\/07\/27\/la-vuelta-virtual-rouvy\/#breadcrumb\"},\"inLanguage\":\"es-ES\",\"potentialAction\":[{\"@type\":\"ReadAction\",\"target\":[\"https:\/\/www.welovecycling.com\/es\/2022\/07\/27\/la-vuelta-virtual-rouvy\/\"]}]},{\"@type\":\"ImageObject\",\"inLanguage\":\"es-ES\",\"@id\":\"https:\/\/www.welovecycling.com\/es\/2022\/07\/27\/la-vuelta-virtual-rouvy\/#primaryimage\",\"url\":\"https:\/\/d2p6e6u75xmxt8.cloudfront.net\/6\/2022\/07\/La-Vuelta-CVR.jpg\",\"contentUrl\":\"https:\/\/d2p6e6u75xmxt8.cloudfront.net\/6\/2022\/07\/La-Vuelta-CVR.jpg\",\"width\":990,\"height\":660,\"caption\":\"La Vuelta\"},{\"@type\":\"BreadcrumbList\",\"@id\":\"https:\/\/www.welovecycling.com\/es\/2022\/07\/27\/la-vuelta-virtual-rouvy\/#breadcrumb\",\"itemListElement\":[{\"@type\":\"ListItem\",\"position\":1,\"name\":\"Home\",\"item\":\"https:\/\/www.welovecycling.com\/es\/\"},{\"@type\":\"ListItem\",\"position\":2,\"name\":\"La Vuelta Virtual con Rouvy, clas\u00edficate para la final en Madrid\"}]},{\"@type\":\"WebSite\",\"@id\":\"https:\/\/www.welovecycling.com\/es\/#website\",\"url\":\"https:\/\/www.welovecycling.com\/es\/\",\"name\":\"\u0160koda We Love Cycling - Spain\",\"description\":\"\u0160koda WeLoveCycling Spain\",\"potentialAction\":[{\"@type\":\"SearchAction\",\"target\":{\"@type\":\"EntryPoint\",\"urlTemplate\":\"https:\/\/www.welovecycling.com\/es\/?s={search_term_string}\"},\"query-input\":{\"@type\":\"PropertyValueSpecification\",\"valueRequired\":true,\"valueName\":\"search_term_string\"}}],\"inLanguage\":\"es-ES\"},{\"@type\":\"Person\",\"@id\":\"https:\/\/www.welovecycling.com\/es\/#\/schema\/person\/deb61715b5812698ee79fb96f343ccd4\",\"name\":\"We Love Cycling Spain\",\"image\":{\"@type\":\"ImageObject\",\"inLanguage\":\"es-ES\",\"@id\":\"https:\/\/www.welovecycling.com\/es\/#\/schema\/person\/image\/\",\"url\":\"https:\/\/secure.gravatar.com\/avatar\/c824b04e6df0e37a03219d0b6481672889df542894588964102459e46513159c?s=96&d=mm&r=g\",\"contentUrl\":\"https:\/\/secure.gravatar.com\/avatar\/c824b04e6df0e37a03219d0b6481672889df542894588964102459e46513159c?s=96&d=mm&r=g\",\"caption\":\"We Love Cycling Spain\"},\"url\":\"https:\/\/www.welovecycling.com\/es\/author\/amunoz\/\"}]}<\/script>\n<!-- \/ Yoast SEO Premium plugin. -->","yoast_head_json":{"title":"La Vuelta Virtual con Rouvy, clas\u00edficate para la final en Madrid","description":"La Vuelta Virtual Rouvy. Participa en alguna de sus etapas y entra en el sorteo de la gran final en Madrid.","robots":{"index":"index","follow":"follow","max-snippet":"max-snippet:-1","max-image-preview":"max-image-preview:large","max-video-preview":"max-video-preview:-1"},"canonical":"https:\/\/www.welovecycling.com\/es\/2022\/07\/27\/la-vuelta-virtual-rouvy\/","og_locale":"es_ES","og_type":"article","og_title":"La Vuelta Virtual con Rouvy, clas\u00edficate para la final en Madrid","og_description":"La Vuelta Virtual Rouvy. Participa en alguna de sus etapas y entra en el sorteo de la gran final en Madrid.","og_url":"https:\/\/www.welovecycling.com\/es\/2022\/07\/27\/la-vuelta-virtual-rouvy\/","og_site_name":"\u0160koda We Love Cycling - Spain","article_published_time":"2022-07-27T11:07:48+00:00","og_image":[{"width":990,"height":660,"url":"https:\/\/d2p6e6u75xmxt8.cloudfront.net\/6\/2022\/07\/La-Vuelta-CVR.jpg","type":"image\/jpeg"}],"author":"We Love Cycling Spain","twitter_card":"summary_large_image","twitter_misc":{"Written by":"Monica Buck","Est. reading time":"4"},"schema":{"@context":"https:\/\/schema.org","@graph":[{"@type":"WebPage","@id":"https:\/\/www.welovecycling.com\/es\/2022\/07\/27\/la-vuelta-virtual-rouvy\/","url":"https:\/\/www.welovecycling.com\/es\/2022\/07\/27\/la-vuelta-virtual-rouvy\/","name":"La Vuelta Virtual con Rouvy, clas\u00edficate para la final en Madrid","isPartOf":{"@id":"https:\/\/www.welovecycling.com\/es\/#website"},"primaryImageOfPage":{"@id":"https:\/\/www.welovecycling.com\/es\/2022\/07\/27\/la-vuelta-virtual-rouvy\/#primaryimage"},"image":{"@id":"https:\/\/www.welovecycling.com\/es\/2022\/07\/27\/la-vuelta-virtual-rouvy\/#primaryimage"},"thumbnailUrl":"https:\/\/d2p6e6u75xmxt8.cloudfront.net\/6\/2022\/07\/La-Vuelta-CVR.jpg","datePublished":"2022-07-27T11:07:48+00:00","author":{"@id":"https:\/\/www.welovecycling.com\/es\/#\/schema\/person\/deb61715b5812698ee79fb96f343ccd4"},"description":"La Vuelta Virtual Rouvy. Participa en alguna de sus etapas y entra en el sorteo de la gran final en Madrid.","breadcrumb":{"@id":"https:\/\/www.welovecycling.com\/es\/2022\/07\/27\/la-vuelta-virtual-rouvy\/#breadcrumb"},"inLanguage":"es-ES","potentialAction":[{"@type":"ReadAction","target":["https:\/\/www.welovecycling.com\/es\/2022\/07\/27\/la-vuelta-virtual-rouvy\/"]}]},{"@type":"ImageObject","inLanguage":"es-ES","@id":"https:\/\/www.welovecycling.com\/es\/2022\/07\/27\/la-vuelta-virtual-rouvy\/#primaryimage","url":"https:\/\/d2p6e6u75xmxt8.cloudfront.net\/6\/2022\/07\/La-Vuelta-CVR.jpg","contentUrl":"https:\/\/d2p6e6u75xmxt8.cloudfront.net\/6\/2022\/07\/La-Vuelta-CVR.jpg","width":990,"height":660,"caption":"La Vuelta"},{"@type":"BreadcrumbList","@id":"https:\/\/www.welovecycling.com\/es\/2022\/07\/27\/la-vuelta-virtual-rouvy\/#breadcrumb","itemListElement":[{"@type":"ListItem","position":1,"name":"Home","item":"https:\/\/www.welovecycling.com\/es\/"},{"@type":"ListItem","position":2,"name":"La Vuelta Virtual con Rouvy, clas\u00edficate para la final en Madrid"}]},{"@type":"WebSite","@id":"https:\/\/www.welovecycling.com\/es\/#website","url":"https:\/\/www.welovecycling.com\/es\/","name":"\u0160koda We Love Cycling - Spain","description":"\u0160koda WeLoveCycling Spain","potentialAction":[{"@type":"SearchAction","target":{"@type":"EntryPoint","urlTemplate":"https:\/\/www.welovecycling.com\/es\/?s={search_term_string}"},"query-input":{"@type":"PropertyValueSpecification","valueRequired":true,"valueName":"search_term_string"}}],"inLanguage":"es-ES"},{"@type":"Person","@id":"https:\/\/www.welovecycling.com\/es\/#\/schema\/person\/deb61715b5812698ee79fb96f343ccd4","name":"We Love Cycling Spain","image":{"@type":"ImageObject","inLanguage":"es-ES","@id":"https:\/\/www.welovecycling.com\/es\/#\/schema\/person\/image\/","url":"https:\/\/secure.gravatar.com\/avatar\/c824b04e6df0e37a03219d0b6481672889df542894588964102459e46513159c?s=96&d=mm&r=g","contentUrl":"https:\/\/secure.gravatar.com\/avatar\/c824b04e6df0e37a03219d0b6481672889df542894588964102459e46513159c?s=96&d=mm&r=g","caption":"We Love Cycling Spain"},"url":"https:\/\/www.welovecycling.com\/es\/author\/amunoz\/"}]}},"_links":{"self":[{"href":"https:\/\/www.welovecycling.com\/es\/wp-json\/wp\/v2\/posts\/9133","targetHints":{"allow":["GET"]}}],"collection":[{"href":"https:\/\/www.welovecycling.com\/es\/wp-json\/wp\/v2\/posts"}],"about":[{"href":"https:\/\/www.welovecycling.com\/es\/wp-json\/wp\/v2\/types\/post"}],"author":[{"embeddable":true,"href":"https:\/\/www.welovecycling.com\/es\/wp-json\/wp\/v2\/users\/29"}],"replies":[{"embeddable":true,"href":"https:\/\/www.welovecycling.com\/es\/wp-json\/wp\/v2\/comments?post=9133"}],"version-history":[{"count":1,"href":"https:\/\/www.welovecycling.com\/es\/wp-json\/wp\/v2\/posts\/9133\/revisions"}],"predecessor-version":[{"id":9144,"href":"https:\/\/www.welovecycling.com\/es\/wp-json\/wp\/v2\/posts\/9133\/revisions\/9144"}],"wp:featuredmedia":[{"embeddable":true,"href":"https:\/\/www.welovecycling.com\/es\/wp-json\/wp\/v2\/media\/9139"}],"wp:attachment":[{"href":"https:\/\/www.welovecycling.com\/es\/wp-json\/wp\/v2\/media?parent=9133"}],"wp:term":[{"taxonomy":"category","embeddable":true,"href":"https:\/\/www.welovecycling.com\/es\/wp-json\/wp\/v2\/categories?post=9133"},{"taxonomy":"post_tag","embeddable":true,"href":"https:\/\/www.welovecycling.com\/es\/wp-json\/wp\/v2\/tags?post=9133"},{"taxonomy":"global-categories","embeddable":true,"href":"https:\/\/www.welovecycling.com\/es\/wp-json\/wp\/v2\/global-categories?post=9133"}],"curies":[{"name":"wp","href":"https:\/\/api.w.org\/{rel}","templated":true}]}}