{"id":9122,"date":"2022-07-22T09:48:03","date_gmt":"2022-07-22T07:48:03","guid":{"rendered":"https:\/\/www.welovecycling.com\/es\/?p=9122"},"modified":"2022-07-22T09:48:03","modified_gmt":"2022-07-22T07:48:03","slug":"un-bidon-un-saludo-y-los-valores-del-ciclismo-tour-en-pirineos-2022","status":"publish","type":"post","link":"https:\/\/www.welovecycling.com\/es\/2022\/07\/22\/un-bidon-un-saludo-y-los-valores-del-ciclismo-tour-en-pirineos-2022\/","title":{"rendered":"Un bid\u00f3n, un saludo y los valores del ciclismo. Tour en Pirineos 2022"},"content":{"rendered":"<p><strong>No hab\u00edan llegado los Pirineos. Todav\u00eda era el Macizo Central. T\u00f3rrido, asfixiante. Etapa de Mend\u00e9, como la del 95. Cima del aer\u00f3dromo de Mend\u00e9, ahora Laurent Jalabert. Rampas imposibles. Menos de 10 minutos de esfuerzo. Ideal para Pogacar. Arranca tres veces. Todos los favoritos se descuelgan a la primera. Solo le sigue Vingegaard. No se descuelga. No cede ni un metro. El dan\u00e9s no se despega del mejor ciclista del mundo. Cuando corona, a un kil\u00f3metro de meta, le da tiempo a coger el bid\u00f3n, beber agua y volver a guardarlo en la bici. No tira el agua restante. Gramos, si. Pero signo inequ\u00edvoco de que no ha llegado al l\u00edmite y de que la nueva estrella del Jumbo tiene energ\u00eda para m\u00e1s.<\/strong><\/p>\n<p><!--more--><\/p>\n<p>Solo era ciclismo gestual. Las impresiones que recibimos a trav\u00e9s de la tele cuando vemos a los corredores moverse delante de la c\u00e1mara. Sensaciones que el aficionado interpreta. Unas veces acierta, otras se equivoca. Solo el ciclista y su entorno m\u00e1s cercano sabe lo que sucede dentro. Hay que esconder todo lo posible para no dar pistas al rival. Para que<a href=\"https:\/\/www.welovecycling.com\/es\/2022\/07\/11\/la-debilidad-de-pogacar\/\"> no intuya tu debilidad.<\/a> La de Pogacar parecen ser las cimas de m\u00e1s de 2.200 metros. Perdi\u00f3 segundos en el Col de la Loze (2.304) en 2020 ante <strong>Superm\u00e1n L\u00f3pez y Roglic. Minutos en Col du Granon (2.404) ante Vingegaard<\/strong>.<\/p>\n<p>En Pirineos no las hay con carretera transitable y menos en este 2022 sin Tourmalet (2.115) ni Col du Portet (2.215). Puertos m\u00e1s cortos, con cimas m\u00e1s bajas. Peyragudes (1.500) y Hautacam (1.630). Territorio Pogacar, que en 2022 ya se exhibi\u00f3 en Peyresourde y gan\u00f3 en Laruns despu\u00e9s de Marie Blanque y en 2021 hizo doble en <a href=\"https:\/\/www.welovecycling.com\/es\/2018\/07\/24\/col-de-portet\/\">Portet<\/a> y Luz Ardiden.<\/p>\n<p>Eso s\u00ed, esta vez al esloveno no le val\u00eda con arrancar en el \u00faltimo puerto. Demasiados segundos que recuperar ante un rival s\u00f3lido, que no tira el agua del bid\u00f3n despu\u00e9s de una subida extrema, con el equipo m\u00e1s fuerte del Tour (y m\u00e1s en forma de este 2022). Y eso que antes de la batalla final el Jumbo hab\u00eda perdido a dos puntales para la alta monta\u00f1a como <strong>Roglic y Kruisjwik<\/strong>. Le restaba Kuss, Benoot y Van Aert, que en si mismo ya es un equipo. Igualaban fuerzas con el UAE, sin Bennet desde casi el inicio de carrera.<\/p>\n<p>El intento de reconquista del amarillo empez\u00f3 despu\u00e9s del d\u00eda de descanso Lers, puerto corto, tendido y lejos de meta. Ritmo de <strong>Majka<\/strong>, tan intenso que saca la cadena, patinazo, golpe y acaba y\u00e9ndose a casa. Segunda baja el mismo d\u00eda para <strong>Pogacar<\/strong>, que ya ten\u00eda a <strong>Marc Soler<\/strong> peleando a cola de pelot\u00f3n por no llegar fuera de control. Tres intentos del esloveno y <strong>Vingegaard<\/strong> sigue a rueda. Tranquilidad. Habr\u00e1 que esperar al Mur de Peguere, pero all\u00ed est\u00e1 Van Aert, haciendo la del helado de<strong> Bahamontes<\/strong>, aguardando por si Pogacar puede despegarse de Vingegaard y tiene que apretar en el llano hasta meta para volver a meter al dan\u00e9s en cabeza. No hace falta. Combate en blanco.<\/p>\n<h2><strong>Peyragudes, Hautacam y Van Aert<\/strong><\/h2>\n<p>Etapa cl\u00e1sica de Pirineos. M\u00e1s corta de lo habitual, solo 130 kil\u00f3metros. Pero con Aspin, Hourquette de Ancizan, Val Louron y Peyresourde\/Peyragudes. Los cuatro seguidos, sin tramos llanos en los que Vingegaard vaya a usar a Van Aert. A\u00fan as\u00ed, el belga va por delante, por lo que pudiese pasar. Ya no hace calor. Niebla y humedad. Donde mejor se mueve Pogacar. Pero solo tiene tres armas. <strong>Hirschi<\/strong>, que cierra pelotones desde el inicio del Tour, <strong>Bjerg<\/strong>, llaneador que da su \u00faltimo servicio al inicio de <strong>Hourquette<\/strong> antes de explotar y McNulty, que tiene su d\u00eda de inspiraci\u00f3n. El americano arranca la moto al empezar Val Louron\/Val dAzet (se subi\u00f3 por la cara contraria al dia de Indurain y Chiappucci)\u00a0 y ya no parar\u00e1 hasta que falten 200 metros para la cima de Peyragudes.<\/p>\n<figure id=\"attachment_9127\" aria-describedby=\"caption-attachment-9127\" style=\"width: 1024px\" class=\"wp-caption aligncenter\"><a href=\"https:\/\/d2p6e6u75xmxt8.cloudfront.net\/6\/2022\/07\/van_aert_peyragudes-scaled.jpg\"><img loading=\"lazy\" decoding=\"async\" class=\"wp-image-9127 size-large\" src=\"https:\/\/d2p6e6u75xmxt8.cloudfront.net\/6\/2022\/07\/van_aert_peyragudes-1024x576.jpg\" alt=\"\" width=\"1024\" height=\"576\" srcset=\"https:\/\/d2p6e6u75xmxt8.cloudfront.net\/6\/2022\/07\/van_aert_peyragudes-1024x576.jpg 1024w, https:\/\/d2p6e6u75xmxt8.cloudfront.net\/6\/2022\/07\/van_aert_peyragudes-300x169.jpg 300w, https:\/\/d2p6e6u75xmxt8.cloudfront.net\/6\/2022\/07\/van_aert_peyragudes-768x432.jpg 768w, https:\/\/d2p6e6u75xmxt8.cloudfront.net\/6\/2022\/07\/van_aert_peyragudes-1536x864.jpg 1536w, https:\/\/d2p6e6u75xmxt8.cloudfront.net\/6\/2022\/07\/van_aert_peyragudes-2048x1152.jpg 2048w, https:\/\/d2p6e6u75xmxt8.cloudfront.net\/6\/2022\/07\/van_aert_peyragudes-1920x1080.jpg 1920w, https:\/\/d2p6e6u75xmxt8.cloudfront.net\/6\/2022\/07\/van_aert_peyragudes-1920x1080.jpg 1920w\" sizes=\"auto, (max-width: 1024px) 100vw, 1024px\" \/><\/a><figcaption id=\"caption-attachment-9127\" class=\"wp-caption-text\">Van Aert. Foto @Ciclored<\/figcaption><\/figure>\n<p>Por el camino se van quedando todos los actores secundarios de este Tour. Porque ha sido un Tour de dos (bueno, de tres si metemos a Van Aert). Claudican <strong>Mas, Yates, Quintana<\/strong>, aguanta un poco m\u00e1s <strong>Bardet<\/strong>, que acabar\u00e1 destrozado en meta, <strong>Gaudu,<\/strong> que se deja ir y luego recupera para no explotar y <strong>Geraint Thomas,<\/strong> que se meter\u00e1 en el podio pero no es ni el tercero en discordia. De McNulty, Pogacar y Vingegaard a ellos, el abismo. Un espacio de tiempo inhabitual en ciclismo profesional.<\/p>\n<p>El trabajo de <strong>McNulty<\/strong> es inmejorable, pero no cumple con su misi\u00f3n, descolgar a Vingegaard. El dan\u00e9s sigue pegado a Pogacar, solo se atreve a rebasarle a 100 metros de la rampa del 15% del Aer\u00f3dromo de Peyragudes. Error. El esloveno le remata para apuntarse su tercera victoria de etapa. Solo cuatro segunditos de bot\u00edn. Insuficiente.<\/p>\n<p>Y llega la \u00faltima etapa de alta monta\u00f1aen Pirineos. Recuento de efectivos. <strong>Vingegaard tiene a Van Hoydonck y Laporte<\/strong> para los 40 kil\u00f3metros de repechos desde Lourdes a Laruns (inicio de Aubisque) por si el pelot\u00f3n se desmadra. Despu\u00e9s a Benoot, a Kuss para la monta\u00f1a y a Van Aert&#8230; para ser Van Aert. Pogacar mira alrededor de su autob\u00fas y solo ve asientos vac\u00edos. Hirschi y Bjerg para el inicio y McNulty hasta donde llegue. Porque lo de Peyresourde debe pasarle factura.<\/p>\n<p>En Aubisque se descontrola todo y hay escapada. Si. Con Van Aert por delante, esta vez ayudado por Benoot, que el maillot verde no es incombustible (al final de etapa demostrar\u00e1 que si lo es) y McNulty. Y tambi\u00e9n los Movistar. Y se sube r\u00e1pido y se desciende tan r\u00e1pido que Mas deja en evidencia su bloqueo en los descensos. Tres ca\u00eddas en un a\u00f1o bajando hacen mucho da\u00f1o, a veces m\u00e1s mental que f\u00edsico.<\/p>\n<p>Y llega <strong>Spandelles, desconocido de Pirineos. 10 kil\u00f3metros al 8,3%.<\/strong> Carretera estrecha. Asfalto antiguo. Y Pogacar quiere reivindicar su puesto entre los mejores ciclistas de la historia. Y arranca. Y se quedan todos, menos Vingegaard. Para, vuelve a arrancar, y sucede lo mismo. Desde lejos. Para recuperar el tiempo perdido. Solo dos ciclistas. El resto, rezando para que se miren y poder volver a meterse en el grupo. El \u00faltimo movimiento es a uno del final. Cuando se pone la carretera al 10%. Si no me voy subiendo, pues bajando.<\/p>\n<p>Descenso estrecho, carretera rugosa y cunetas llenas de gravilla. Tubeless de 28, m\u00e1s r\u00e1pido y m\u00e1s seguro en las bajadas. A\u00fan as\u00ed patina la rueda trasera a <strong>Vingegaard,<\/strong> que controla la bici con una cabriola. En caso de ca\u00edda a\u00fan ten\u00eda a Van Aert por delante&#8230; <strong>Pogacar<\/strong> sigue arriesgando, pisa cuneta en la siguiente curva y se va al suelo. Pierna izquierda con sangre por el asfalto, lado derecho indemne por la hierba. Y Vingegaard mira para atr\u00e1s. Espera. Tiene el Tour &#8216;ganado&#8217; y no quiere m\u00e1culas en su expediente. Deportividad. Pogacar choca la mano. Pues nos lo jugaremos en Hautacam.<\/p>\n<p><a href=\"https:\/\/d2p6e6u75xmxt8.cloudfront.net\/6\/2022\/07\/roglic-scaled.jpg\"><img loading=\"lazy\" decoding=\"async\" class=\"aligncenter size-large wp-image-9128\" src=\"https:\/\/d2p6e6u75xmxt8.cloudfront.net\/6\/2022\/07\/roglic-1024x576.jpg\" alt=\"\" width=\"1024\" height=\"576\" srcset=\"https:\/\/d2p6e6u75xmxt8.cloudfront.net\/6\/2022\/07\/roglic-1024x576.jpg 1024w, https:\/\/d2p6e6u75xmxt8.cloudfront.net\/6\/2022\/07\/roglic-300x169.jpg 300w, https:\/\/d2p6e6u75xmxt8.cloudfront.net\/6\/2022\/07\/roglic-768x432.jpg 768w, https:\/\/d2p6e6u75xmxt8.cloudfront.net\/6\/2022\/07\/roglic-1536x864.jpg 1536w, https:\/\/d2p6e6u75xmxt8.cloudfront.net\/6\/2022\/07\/roglic-2048x1152.jpg 2048w, https:\/\/d2p6e6u75xmxt8.cloudfront.net\/6\/2022\/07\/roglic-1920x1080.jpg 1920w, https:\/\/d2p6e6u75xmxt8.cloudfront.net\/6\/2022\/07\/roglic-1920x1080.jpg 1920w\" sizes=\"auto, (max-width: 1024px) 100vw, 1024px\" \/><\/a><\/p>\n<p>Y all\u00ed Pogacar intenta la \u00faltima. Ritmo fuerte. Para ver sin explota <strong>Vingegaard<\/strong>. Pero Van Aert, que ya ha soltado a <strong>Pinot y Daniel Felipe Martinez (Lombardia y Dauphine, ojo)<\/strong> sigue por delante, por lo que pueda pasar. Y se vuelven a quedar solos y enganchan a Van Aert. Y a cinco de meta el belga hace 400 metros a fuego. Suficientes para soltar a Pogacar. Y Vingegaard le agradece los servicios prestados y camina solo hacia la meta. Para ganar de amarillo. Despu\u00e9s el blanco de Pogacar, que esta vez no se hundi\u00f3 y solo pierde un minuto. Y en los boxes abraza a Vingegaard como si fuese compa\u00f1ero de equipo, como hizo Roglic cuando \u00e9l le arrebat\u00f3 el Tour en la \u00faltimo crono. Rivales y caballeros.<\/p>\n<p>El tercero es <strong>Van Aert,<\/strong> con un <a href=\"https:\/\/www.welovecycling.com\/es\/2022\/07\/14\/maillot-verde-skoda-tour-2022\/\">maillot verde<\/a> en el que <a href=\"https:\/\/www.letour.fr\/es\/noticias\/2022\/jumbo-visma-encumbra-a-vingegaard-en-hautacam\/1307870\">dobla puntos al segundo.<\/a> Otro d\u00eda m\u00e1s entre los tres primeros. Ovaciones en todas las cunetas. M\u00e1s carisma que su l\u00edder. Y con tres etapas por delante, dos sprints y una crono, en las que es serio candidato a seguir ganando parciales en este Tour.<\/p>\n","protected":false},"excerpt":{"rendered":"<p>No hab\u00edan llegado los Pirineos. Todav\u00eda era el Macizo Central. T\u00f3rrido, asfixiante. Etapa de Mend\u00e9, como la del 95. Cima [&hellip;]<\/p>\n","protected":false},"author":29,"featured_media":9126,"comment_status":"open","ping_status":"open","sticky":false,"template":"","format":"standard","meta":{"footnotes":""},"categories":[7],"tags":[2177,557],"global-categories":[1164],"class_list":["post-9122","post","type-post","status-publish","format-standard","has-post-thumbnail","hentry","category-carretera","tag-tour-2022","tag-tour-de-francia","global-categories-cycling"],"yoast_head":"<!-- This site is optimized with the Yoast SEO Premium plugin v25.3 (Yoast SEO v25.9) - https:\/\/yoast.com\/wordpress\/plugins\/seo\/ -->\n<title>Un bid\u00f3n, un saludo y los valores del ciclismo. Tour en Pirineos 2022 - \u0160koda We Love Cycling - Spain<\/title>\n<meta name=\"description\" content=\"Un bid\u00f3n, un saludo y los valores del ciclismo. Tour en Pirineos 2022. As\u00ed ha sido el duelo Pogacar-Vingegaard en Pirineos.\" \/>\n<meta name=\"robots\" content=\"index, follow, max-snippet:-1, max-image-preview:large, max-video-preview:-1\" \/>\n<link rel=\"canonical\" href=\"https:\/\/www.welovecycling.com\/es\/2022\/07\/22\/un-bidon-un-saludo-y-los-valores-del-ciclismo-tour-en-pirineos-2022\/\" \/>\n<meta property=\"og:locale\" content=\"es_ES\" \/>\n<meta property=\"og:type\" content=\"article\" \/>\n<meta property=\"og:title\" content=\"Un bid\u00f3n, un saludo y los valores del ciclismo. Tour en Pirineos 2022\" \/>\n<meta property=\"og:description\" content=\"Un bid\u00f3n, un saludo y los valores del ciclismo. Tour en Pirineos 2022. As\u00ed ha sido el duelo Pogacar-Vingegaard en Pirineos.\" \/>\n<meta property=\"og:url\" content=\"https:\/\/www.welovecycling.com\/es\/2022\/07\/22\/un-bidon-un-saludo-y-los-valores-del-ciclismo-tour-en-pirineos-2022\/\" \/>\n<meta property=\"og:site_name\" content=\"\u0160koda We Love Cycling - Spain\" \/>\n<meta property=\"article:published_time\" content=\"2022-07-22T07:48:03+00:00\" \/>\n<meta property=\"og:image\" content=\"https:\/\/d2p6e6u75xmxt8.cloudfront.net\/6\/2022\/07\/pogacar_vingegaard_mcnulty-scaled-e1658475906993.jpg\" \/>\n\t<meta property=\"og:image:width\" content=\"1068\" \/>\n\t<meta property=\"og:image:height\" content=\"710\" \/>\n\t<meta property=\"og:image:type\" content=\"image\/jpeg\" \/>\n<meta name=\"author\" content=\"We Love Cycling Spain\" \/>\n<meta name=\"twitter:card\" content=\"summary_large_image\" \/>\n<meta name=\"twitter:title\" content=\"Un bid\u00f3n, un saludo y los valores del ciclismo. Tour en Pirineos 2022\" \/>\n<meta name=\"twitter:description\" content=\"Un bid\u00f3n, un saludo y los valores del ciclismo. Tour en Pirineos 2022. As\u00ed ha sido el duelo Pogacar-Vingegaard en Pirineos.\" \/>\n<meta name=\"twitter:label1\" content=\"Written by\" \/>\n\t<meta name=\"twitter:data1\" content=\"Luis Ortega @Ciclored\" \/>\n\t<meta name=\"twitter:label2\" content=\"Est. reading time\" \/>\n\t<meta name=\"twitter:data2\" content=\"7 minutes\" \/>\n<script type=\"application\/ld+json\" class=\"yoast-schema-graph\">{\"@context\":\"https:\/\/schema.org\",\"@graph\":[{\"@type\":\"WebPage\",\"@id\":\"https:\/\/www.welovecycling.com\/es\/2022\/07\/22\/un-bidon-un-saludo-y-los-valores-del-ciclismo-tour-en-pirineos-2022\/\",\"url\":\"https:\/\/www.welovecycling.com\/es\/2022\/07\/22\/un-bidon-un-saludo-y-los-valores-del-ciclismo-tour-en-pirineos-2022\/\",\"name\":\"Un bid\u00f3n, un saludo y los valores del ciclismo. Tour en Pirineos 2022 - \u0160koda We Love Cycling - Spain\",\"isPartOf\":{\"@id\":\"https:\/\/www.welovecycling.com\/es\/#website\"},\"primaryImageOfPage\":{\"@id\":\"https:\/\/www.welovecycling.com\/es\/2022\/07\/22\/un-bidon-un-saludo-y-los-valores-del-ciclismo-tour-en-pirineos-2022\/#primaryimage\"},\"image\":{\"@id\":\"https:\/\/www.welovecycling.com\/es\/2022\/07\/22\/un-bidon-un-saludo-y-los-valores-del-ciclismo-tour-en-pirineos-2022\/#primaryimage\"},\"thumbnailUrl\":\"https:\/\/d2p6e6u75xmxt8.cloudfront.net\/6\/2022\/07\/pogacar_vingegaard_mcnulty-scaled-e1658475906993.jpg\",\"datePublished\":\"2022-07-22T07:48:03+00:00\",\"author\":{\"@id\":\"https:\/\/www.welovecycling.com\/es\/#\/schema\/person\/deb61715b5812698ee79fb96f343ccd4\"},\"description\":\"Un bid\u00f3n, un saludo y los valores del ciclismo. Tour en Pirineos 2022. As\u00ed ha sido el duelo Pogacar-Vingegaard en Pirineos.\",\"breadcrumb\":{\"@id\":\"https:\/\/www.welovecycling.com\/es\/2022\/07\/22\/un-bidon-un-saludo-y-los-valores-del-ciclismo-tour-en-pirineos-2022\/#breadcrumb\"},\"inLanguage\":\"es-ES\",\"potentialAction\":[{\"@type\":\"ReadAction\",\"target\":[\"https:\/\/www.welovecycling.com\/es\/2022\/07\/22\/un-bidon-un-saludo-y-los-valores-del-ciclismo-tour-en-pirineos-2022\/\"]}]},{\"@type\":\"ImageObject\",\"inLanguage\":\"es-ES\",\"@id\":\"https:\/\/www.welovecycling.com\/es\/2022\/07\/22\/un-bidon-un-saludo-y-los-valores-del-ciclismo-tour-en-pirineos-2022\/#primaryimage\",\"url\":\"https:\/\/d2p6e6u75xmxt8.cloudfront.net\/6\/2022\/07\/pogacar_vingegaard_mcnulty-scaled-e1658475906993.jpg\",\"contentUrl\":\"https:\/\/d2p6e6u75xmxt8.cloudfront.net\/6\/2022\/07\/pogacar_vingegaard_mcnulty-scaled-e1658475906993.jpg\",\"width\":1068,\"height\":710},{\"@type\":\"BreadcrumbList\",\"@id\":\"https:\/\/www.welovecycling.com\/es\/2022\/07\/22\/un-bidon-un-saludo-y-los-valores-del-ciclismo-tour-en-pirineos-2022\/#breadcrumb\",\"itemListElement\":[{\"@type\":\"ListItem\",\"position\":1,\"name\":\"Home\",\"item\":\"https:\/\/www.welovecycling.com\/es\/\"},{\"@type\":\"ListItem\",\"position\":2,\"name\":\"Un bid\u00f3n, un saludo y los valores del ciclismo. Tour en Pirineos 2022\"}]},{\"@type\":\"WebSite\",\"@id\":\"https:\/\/www.welovecycling.com\/es\/#website\",\"url\":\"https:\/\/www.welovecycling.com\/es\/\",\"name\":\"\u0160koda We Love Cycling - Spain\",\"description\":\"\u0160koda WeLoveCycling Spain\",\"potentialAction\":[{\"@type\":\"SearchAction\",\"target\":{\"@type\":\"EntryPoint\",\"urlTemplate\":\"https:\/\/www.welovecycling.com\/es\/?s={search_term_string}\"},\"query-input\":{\"@type\":\"PropertyValueSpecification\",\"valueRequired\":true,\"valueName\":\"search_term_string\"}}],\"inLanguage\":\"es-ES\"},{\"@type\":\"Person\",\"@id\":\"https:\/\/www.welovecycling.com\/es\/#\/schema\/person\/deb61715b5812698ee79fb96f343ccd4\",\"name\":\"We Love Cycling Spain\",\"image\":{\"@type\":\"ImageObject\",\"inLanguage\":\"es-ES\",\"@id\":\"https:\/\/www.welovecycling.com\/es\/#\/schema\/person\/image\/\",\"url\":\"https:\/\/secure.gravatar.com\/avatar\/c824b04e6df0e37a03219d0b6481672889df542894588964102459e46513159c?s=96&d=mm&r=g\",\"contentUrl\":\"https:\/\/secure.gravatar.com\/avatar\/c824b04e6df0e37a03219d0b6481672889df542894588964102459e46513159c?s=96&d=mm&r=g\",\"caption\":\"We Love Cycling Spain\"},\"url\":\"https:\/\/www.welovecycling.com\/es\/author\/amunoz\/\"}]}<\/script>\n<!-- \/ Yoast SEO Premium plugin. -->","yoast_head_json":{"title":"Un bid\u00f3n, un saludo y los valores del ciclismo. Tour en Pirineos 2022 - \u0160koda We Love Cycling - Spain","description":"Un bid\u00f3n, un saludo y los valores del ciclismo. Tour en Pirineos 2022. As\u00ed ha sido el duelo Pogacar-Vingegaard en Pirineos.","robots":{"index":"index","follow":"follow","max-snippet":"max-snippet:-1","max-image-preview":"max-image-preview:large","max-video-preview":"max-video-preview:-1"},"canonical":"https:\/\/www.welovecycling.com\/es\/2022\/07\/22\/un-bidon-un-saludo-y-los-valores-del-ciclismo-tour-en-pirineos-2022\/","og_locale":"es_ES","og_type":"article","og_title":"Un bid\u00f3n, un saludo y los valores del ciclismo. Tour en Pirineos 2022","og_description":"Un bid\u00f3n, un saludo y los valores del ciclismo. Tour en Pirineos 2022. As\u00ed ha sido el duelo Pogacar-Vingegaard en Pirineos.","og_url":"https:\/\/www.welovecycling.com\/es\/2022\/07\/22\/un-bidon-un-saludo-y-los-valores-del-ciclismo-tour-en-pirineos-2022\/","og_site_name":"\u0160koda We Love Cycling - Spain","article_published_time":"2022-07-22T07:48:03+00:00","og_image":[{"width":1068,"height":710,"url":"https:\/\/d2p6e6u75xmxt8.cloudfront.net\/6\/2022\/07\/pogacar_vingegaard_mcnulty-scaled-e1658475906993.jpg","type":"image\/jpeg"}],"author":"We Love Cycling Spain","twitter_card":"summary_large_image","twitter_title":"Un bid\u00f3n, un saludo y los valores del ciclismo. Tour en Pirineos 2022","twitter_description":"Un bid\u00f3n, un saludo y los valores del ciclismo. Tour en Pirineos 2022. As\u00ed ha sido el duelo Pogacar-Vingegaard en Pirineos.","twitter_misc":{"Written by":"Luis Ortega @Ciclored","Est. reading time":"7 minutes"},"schema":{"@context":"https:\/\/schema.org","@graph":[{"@type":"WebPage","@id":"https:\/\/www.welovecycling.com\/es\/2022\/07\/22\/un-bidon-un-saludo-y-los-valores-del-ciclismo-tour-en-pirineos-2022\/","url":"https:\/\/www.welovecycling.com\/es\/2022\/07\/22\/un-bidon-un-saludo-y-los-valores-del-ciclismo-tour-en-pirineos-2022\/","name":"Un bid\u00f3n, un saludo y los valores del ciclismo. Tour en Pirineos 2022 - \u0160koda We Love Cycling - Spain","isPartOf":{"@id":"https:\/\/www.welovecycling.com\/es\/#website"},"primaryImageOfPage":{"@id":"https:\/\/www.welovecycling.com\/es\/2022\/07\/22\/un-bidon-un-saludo-y-los-valores-del-ciclismo-tour-en-pirineos-2022\/#primaryimage"},"image":{"@id":"https:\/\/www.welovecycling.com\/es\/2022\/07\/22\/un-bidon-un-saludo-y-los-valores-del-ciclismo-tour-en-pirineos-2022\/#primaryimage"},"thumbnailUrl":"https:\/\/d2p6e6u75xmxt8.cloudfront.net\/6\/2022\/07\/pogacar_vingegaard_mcnulty-scaled-e1658475906993.jpg","datePublished":"2022-07-22T07:48:03+00:00","author":{"@id":"https:\/\/www.welovecycling.com\/es\/#\/schema\/person\/deb61715b5812698ee79fb96f343ccd4"},"description":"Un bid\u00f3n, un saludo y los valores del ciclismo. Tour en Pirineos 2022. As\u00ed ha sido el duelo Pogacar-Vingegaard en Pirineos.","breadcrumb":{"@id":"https:\/\/www.welovecycling.com\/es\/2022\/07\/22\/un-bidon-un-saludo-y-los-valores-del-ciclismo-tour-en-pirineos-2022\/#breadcrumb"},"inLanguage":"es-ES","potentialAction":[{"@type":"ReadAction","target":["https:\/\/www.welovecycling.com\/es\/2022\/07\/22\/un-bidon-un-saludo-y-los-valores-del-ciclismo-tour-en-pirineos-2022\/"]}]},{"@type":"ImageObject","inLanguage":"es-ES","@id":"https:\/\/www.welovecycling.com\/es\/2022\/07\/22\/un-bidon-un-saludo-y-los-valores-del-ciclismo-tour-en-pirineos-2022\/#primaryimage","url":"https:\/\/d2p6e6u75xmxt8.cloudfront.net\/6\/2022\/07\/pogacar_vingegaard_mcnulty-scaled-e1658475906993.jpg","contentUrl":"https:\/\/d2p6e6u75xmxt8.cloudfront.net\/6\/2022\/07\/pogacar_vingegaard_mcnulty-scaled-e1658475906993.jpg","width":1068,"height":710},{"@type":"BreadcrumbList","@id":"https:\/\/www.welovecycling.com\/es\/2022\/07\/22\/un-bidon-un-saludo-y-los-valores-del-ciclismo-tour-en-pirineos-2022\/#breadcrumb","itemListElement":[{"@type":"ListItem","position":1,"name":"Home","item":"https:\/\/www.welovecycling.com\/es\/"},{"@type":"ListItem","position":2,"name":"Un bid\u00f3n, un saludo y los valores del ciclismo. Tour en Pirineos 2022"}]},{"@type":"WebSite","@id":"https:\/\/www.welovecycling.com\/es\/#website","url":"https:\/\/www.welovecycling.com\/es\/","name":"\u0160koda We Love Cycling - Spain","description":"\u0160koda WeLoveCycling Spain","potentialAction":[{"@type":"SearchAction","target":{"@type":"EntryPoint","urlTemplate":"https:\/\/www.welovecycling.com\/es\/?s={search_term_string}"},"query-input":{"@type":"PropertyValueSpecification","valueRequired":true,"valueName":"search_term_string"}}],"inLanguage":"es-ES"},{"@type":"Person","@id":"https:\/\/www.welovecycling.com\/es\/#\/schema\/person\/deb61715b5812698ee79fb96f343ccd4","name":"We Love Cycling Spain","image":{"@type":"ImageObject","inLanguage":"es-ES","@id":"https:\/\/www.welovecycling.com\/es\/#\/schema\/person\/image\/","url":"https:\/\/secure.gravatar.com\/avatar\/c824b04e6df0e37a03219d0b6481672889df542894588964102459e46513159c?s=96&d=mm&r=g","contentUrl":"https:\/\/secure.gravatar.com\/avatar\/c824b04e6df0e37a03219d0b6481672889df542894588964102459e46513159c?s=96&d=mm&r=g","caption":"We Love Cycling Spain"},"url":"https:\/\/www.welovecycling.com\/es\/author\/amunoz\/"}]}},"_links":{"self":[{"href":"https:\/\/www.welovecycling.com\/es\/wp-json\/wp\/v2\/posts\/9122","targetHints":{"allow":["GET"]}}],"collection":[{"href":"https:\/\/www.welovecycling.com\/es\/wp-json\/wp\/v2\/posts"}],"about":[{"href":"https:\/\/www.welovecycling.com\/es\/wp-json\/wp\/v2\/types\/post"}],"author":[{"embeddable":true,"href":"https:\/\/www.welovecycling.com\/es\/wp-json\/wp\/v2\/users\/29"}],"replies":[{"embeddable":true,"href":"https:\/\/www.welovecycling.com\/es\/wp-json\/wp\/v2\/comments?post=9122"}],"version-history":[{"count":2,"href":"https:\/\/www.welovecycling.com\/es\/wp-json\/wp\/v2\/posts\/9122\/revisions"}],"predecessor-version":[{"id":9129,"href":"https:\/\/www.welovecycling.com\/es\/wp-json\/wp\/v2\/posts\/9122\/revisions\/9129"}],"wp:featuredmedia":[{"embeddable":true,"href":"https:\/\/www.welovecycling.com\/es\/wp-json\/wp\/v2\/media\/9126"}],"wp:attachment":[{"href":"https:\/\/www.welovecycling.com\/es\/wp-json\/wp\/v2\/media?parent=9122"}],"wp:term":[{"taxonomy":"category","embeddable":true,"href":"https:\/\/www.welovecycling.com\/es\/wp-json\/wp\/v2\/categories?post=9122"},{"taxonomy":"post_tag","embeddable":true,"href":"https:\/\/www.welovecycling.com\/es\/wp-json\/wp\/v2\/tags?post=9122"},{"taxonomy":"global-categories","embeddable":true,"href":"https:\/\/www.welovecycling.com\/es\/wp-json\/wp\/v2\/global-categories?post=9122"}],"curies":[{"name":"wp","href":"https:\/\/api.w.org\/{rel}","templated":true}]}}