{"id":9113,"date":"2022-07-21T09:30:12","date_gmt":"2022-07-21T07:30:12","guid":{"rendered":"https:\/\/www.welovecycling.com\/es\/?p=9113"},"modified":"2022-07-21T09:30:12","modified_gmt":"2022-07-21T07:30:12","slug":"indurain-riis","status":"publish","type":"post","link":"https:\/\/www.welovecycling.com\/es\/2022\/07\/21\/indurain-riis\/","title":{"rendered":"Indurain y Riis en el Tour del 96"},"content":{"rendered":"<p><strong>Al llegar al Tour de 1996, Miguel &#8220;Big Mig&#8221; Indurain era el favorito. Hab\u00eda ganado su quinto Tour el a\u00f1o anterior y quer\u00eda ser la primera persona en ganar esta Gran Vuelta seis veces. Bjarne Riis era uno de los pocos aspirantes atrevidos. Su actuaci\u00f3n en la novena y la decimosexta etapa demostr\u00f3 lo emocionante que puede ser la carrera.<\/strong><\/p>\n<p><!--more--><\/p>\n<p>En la etapa 16, Riis hizo lo que nunca hab\u00edamos visto antes o despu\u00e9s, y destron\u00f3 al gran campe\u00f3n.<\/p>\n<p>Riis corri\u00f3 por primera vez el <a href=\"https:\/\/www.letour.fr\/en\/\">Tour de Francia<\/a> en 1989, pero su a\u00f1o de despegue no lleg\u00f3 hasta 1993, cuando consigui\u00f3 una victoria de etapa y el quinto puesto en la clasificaci\u00f3n general. Volvi\u00f3 a ganar una etapa en 1994 y consigui\u00f3 vestir el maillot amarillo por un d\u00eda en 1995, terminando tercero en la general. En el Tour de Francia de 1996 lider\u00f3 el equipo Telekom.<\/p>\n<p>El Tour de 1996 comenz\u00f3 con un pr\u00f3logo contrarreloj en el que Riis e Indurain casi empataron, siendo 11 y 12 segundos m\u00e1s lentos que el ganador <strong>Alex Z\u00fclle<\/strong>, respectivamente. Las cinco etapas siguientes fueron el patio de recreo de los velocistas, como <strong>Mario Cipollini y Erik Zabel.<\/strong> Antes de que comenzara la escalada en la s\u00e9ptima etapa, Riis e Indurain estaban justo al lado en la clasificaci\u00f3n general en s\u00e9ptimo y octavo lugar, perdiendo cuatro minutos 16 segundos y cuatro minutos 17 segundos, respectivamente.<\/p>\n<p>Indurain se mostr\u00f3 muy bien en las dos primeras subidas importantes del Tour en la s\u00e9ptima etapa, se\u00f1alando a los dem\u00e1s que estaban compitiendo por el segundo puesto. Pero entonces, a falta de unos tres kil\u00f3metros para la meta, ocurri\u00f3 lo incre\u00edble. Indurain ten\u00eda problemas. Se qued\u00f3 descolgado del grupo que inclu\u00eda a la mayor\u00eda de los aspirantes a la clasificaci\u00f3n general, incluido Riis. Se qued\u00f3 sin comida y se qued\u00f3 sin fuerzas.<\/p>\n<p>Indurain se desesper\u00f3 tanto que hizo se\u00f1as a los dem\u00e1s corredores de que necesitaba comida. Se apiadaron de \u00e9l y le dieron un poco. Fue un shock para todos que un corredor tan experimentado cometiera un error tan elemental. Indurain termin\u00f3 a m\u00e1s de cuatro minutos del ganador de la etapa y hab\u00eda cedido mucho tiempo a sus principales competidores. Riis ocupaba la cuarta posici\u00f3n tras esta etapa, a s\u00f3lo ocho segundos del maillot amarillo, mientras que Indurain era 14\u00ba, con una diferencia de tres minutos y 32 segundos. Despu\u00e9s de cinco a\u00f1os de dominio de un solo hombre, por fin parec\u00eda que el Tour estaba realmente abierto para que cualquiera pudiera ganar.<\/p>\n<p>La siguiente etapa era una contrarreloj individual en subida hasta Val d&#8217;Is\u00e8re. Indurain, un contrarrelojista que normalmente pod\u00eda escalar muy bien, ascendi\u00f3 al 11\u00ba puesto pero perdi\u00f3 casi otro minuto con Riis.<\/p>\n<p>En la novena etapa, Riis comenz\u00f3 a atacar casi desde el principio. Sus tres primeros ataques fueron respondidos, pero el cuarto fue demasiado para los dem\u00e1s. Ten\u00eda 20 segundos de ventaja sobre el grupo perseguidor en la cima de la primera subida y ampli\u00f3 su ventaja en la \u00faltima subida. Con su asombrosa actuaci\u00f3n de ese d\u00eda, se hizo con el maillot amarillo. La desventaja de Miguel Indurain aument\u00f3 a cuatro minutos y 38 segundos, pero a\u00fan quedaba por disputar m\u00e1s de la mitad del Tour.<\/p>\n<p>Durante las siguientes dos etapas, el equipo Telekom control\u00f3 la carrera para Riis, dejando que se escaparan escapadas de los no contendientes, pero repeliendo diligentemente las verdaderas amenazas. Esto significaba que la batalla final se librar\u00eda en los Pirineos, a partir de la etapa 16, que se convirti\u00f3 en una de las etapas m\u00e1s sorprendentes de la historia de la carrera.<\/p>\n<figure id=\"attachment_9114\" aria-describedby=\"caption-attachment-9114\" style=\"width: 1000px\" class=\"wp-caption alignnone\"><a href=\"https:\/\/d2p6e6u75xmxt8.cloudfront.net\/6\/2022\/07\/Riis-Indurain-1996-Tour-profimedia-0068506801.jpg\"><img loading=\"lazy\" decoding=\"async\" class=\"size-full wp-image-9114\" src=\"https:\/\/d2p6e6u75xmxt8.cloudfront.net\/6\/2022\/07\/Riis-Indurain-1996-Tour-profimedia-0068506801.jpg\" alt=\"Riis and Indurain at 1996\" width=\"1000\" height=\"740\" srcset=\"https:\/\/d2p6e6u75xmxt8.cloudfront.net\/6\/2022\/07\/Riis-Indurain-1996-Tour-profimedia-0068506801.jpg 1000w, https:\/\/d2p6e6u75xmxt8.cloudfront.net\/6\/2022\/07\/Riis-Indurain-1996-Tour-profimedia-0068506801-300x222.jpg 300w, https:\/\/d2p6e6u75xmxt8.cloudfront.net\/6\/2022\/07\/Riis-Indurain-1996-Tour-profimedia-0068506801-768x568.jpg 768w\" sizes=\"auto, (max-width: 1000px) 100vw, 1000px\" \/><\/a><figcaption id=\"caption-attachment-9114\" class=\"wp-caption-text\">Charla entre Riis e Indurain. \u00a9 Profimedia<\/figcaption><\/figure>\n<p>La etapa 16 ten\u00eda 199 kil\u00f3metros y culminaba con una <a href=\"https:\/\/www.welovecycling.com\/wide\/2022\/07\/10\/hell-on-the-hautacam-what-letape-du-tour-is-like-for-an-average-rider\/\">larga y dura subida a Hautacam.<\/a> Los mejores corredores segu\u00edan juntos al comienzo de la subida. Nada m\u00e1s comenzar Alex Z\u00fclle se puso en marcha. Richard Virenque arrastr\u00f3 a los escaladores de \u00e9lite hasta \u00e9l. A falta de nueve kil\u00f3metros, fue Riis quien puso a prueba a los dem\u00e1s con un ataque de tanteo e Indurain fue capaz de quedarse con \u00e9l. Riis baj\u00f3 un poco la potencia. Volvi\u00f3 a atacar y esta vez s\u00f3lo cuatro corredores pudieron seguirle. Despu\u00e9s hizo algo completamente inesperado.<\/p>\n<p>Baj\u00f3 un poco la velocidad, fingiendo que ten\u00eda problemas y rod\u00f3 junto a los dem\u00e1s, mirando atentamente a cada uno de sus competidores. Cuando estuvo seguro de que todos estaban al l\u00edmite, subi\u00f3 la colina como un cohete. Termin\u00f3 en solitario, con dos minutos y 28 segundos de ventaja sobre Indurain. Fue una maniobra excepcionalmente arriesgada.<\/p>\n<p>La etapa 17 era la \u00faltima etapa de monta\u00f1a en Pirineos camino de Pamplona y la \u00faltima etapa en la que Indurain y otros competidores pod\u00edan sacar suficiente tiempo a Riis. Hab\u00eda siete subidas en total y cinco de ellas eran de categor\u00eda dos o superior. En la primera subida dura, Riis mantuvo un ritmo alto, lo que redujo el pelot\u00f3n a s\u00f3lo 11 corredores. Richard Virenque y Laurent Dufaux siguieron apretando el ritmo e Indurain no pudo responder. La etapa se redujo a un sprint final entre Riis y Dufaux, que Riis perdi\u00f3 por poco.<\/p>\n<p>La etapa 20 era una contrarreloj individual de 63,5 kil\u00f3metros, en la que era poco probable que Riis perdiera su liderazgo. Parec\u00eda cansado despu\u00e9s de tres duras semanas de carrera, pero hizo lo suficiente para mantener el maillot amarillo. La verdadera sorpresa fue Jan Ullrich, que super\u00f3 al l\u00edder de su equipo, Riis, por dos minutos y 18 segundos, e incluso al anterior campe\u00f3n, Indurain, por 56 segundos. Aunque la rivalidad entre los dos compa\u00f1eros de equipo Ullrich y Riis jugar\u00eda un papel importante en 1997, el Tour de 1996 estaba decidido. Miguel Indurain termin\u00f3 en 11\u00ba lugar a 14 minutos y 14 segundos del nuevo campe\u00f3n Bjarne Riis. Riis tard\u00f3 11 a\u00f1os como ciclista profesional en llegar a este logro. No ser\u00eda capaz de repetir una actuaci\u00f3n as\u00ed en el resto de su carrera.<\/p>\n","protected":false},"excerpt":{"rendered":"<p>Al llegar al Tour de 1996, Miguel &#8220;Big Mig&#8221; Indurain era el favorito. Hab\u00eda ganado su quinto Tour el a\u00f1o [&hellip;]<\/p>\n","protected":false},"author":29,"featured_media":9118,"comment_status":"open","ping_status":"open","sticky":false,"template":"","format":"standard","meta":{"footnotes":""},"categories":[7],"tags":[2177,557],"global-categories":[],"class_list":["post-9113","post","type-post","status-publish","format-standard","has-post-thumbnail","hentry","category-carretera","tag-tour-2022","tag-tour-de-francia"],"yoast_head":"<!-- This site is optimized with the Yoast SEO Premium plugin v25.3 (Yoast SEO v25.9) - https:\/\/yoast.com\/wordpress\/plugins\/seo\/ -->\n<title>Indurain y Riis en el Tour del 1996, el dia de Hautacam<\/title>\n<meta name=\"description\" content=\"Indurain y Riis en el Tour del 1996, el dia de Hautacam. Lo que sucedi\u00f3 en el recordado Tour de 1996 entre Miguel y Bjarne.\" \/>\n<meta name=\"robots\" content=\"index, follow, max-snippet:-1, max-image-preview:large, max-video-preview:-1\" \/>\n<link rel=\"canonical\" href=\"https:\/\/www.welovecycling.com\/es\/2022\/07\/21\/indurain-riis\/\" \/>\n<meta property=\"og:locale\" content=\"es_ES\" \/>\n<meta property=\"og:type\" content=\"article\" \/>\n<meta property=\"og:title\" content=\"Indurain y Riis en el Tour del 96\" \/>\n<meta property=\"og:description\" content=\"Indurain y Riis en el Tour del 1996, el dia de Hautacam. Lo que sucedi\u00f3 en el recordado Tour de 1996 entre Miguel y Bjarne.\" \/>\n<meta property=\"og:url\" content=\"https:\/\/www.welovecycling.com\/es\/2022\/07\/21\/indurain-riis\/\" \/>\n<meta property=\"og:site_name\" content=\"\u0160koda We Love Cycling - Spain\" \/>\n<meta property=\"article:published_time\" content=\"2022-07-21T07:30:12+00:00\" \/>\n<meta property=\"og:image\" content=\"https:\/\/d2p6e6u75xmxt8.cloudfront.net\/6\/2022\/07\/Indurain-Riis-Tour-profimedia-0020438669-CVR.jpg\" \/>\n\t<meta property=\"og:image:width\" content=\"990\" \/>\n\t<meta property=\"og:image:height\" content=\"660\" \/>\n\t<meta property=\"og:image:type\" content=\"image\/jpeg\" \/>\n<meta name=\"author\" content=\"We Love Cycling Spain\" \/>\n<meta name=\"twitter:card\" content=\"summary_large_image\" \/>\n<meta name=\"twitter:label1\" content=\"Written by\" \/>\n\t<meta name=\"twitter:data1\" content=\"Jiri Kaloc\" \/>\n\t<meta name=\"twitter:label2\" content=\"Est. reading time\" \/>\n\t<meta name=\"twitter:data2\" content=\"6\" \/>\n<script type=\"application\/ld+json\" class=\"yoast-schema-graph\">{\"@context\":\"https:\/\/schema.org\",\"@graph\":[{\"@type\":\"WebPage\",\"@id\":\"https:\/\/www.welovecycling.com\/es\/2022\/07\/21\/indurain-riis\/\",\"url\":\"https:\/\/www.welovecycling.com\/es\/2022\/07\/21\/indurain-riis\/\",\"name\":\"Indurain y Riis en el Tour del 1996, el dia de Hautacam\",\"isPartOf\":{\"@id\":\"https:\/\/www.welovecycling.com\/es\/#website\"},\"primaryImageOfPage\":{\"@id\":\"https:\/\/www.welovecycling.com\/es\/2022\/07\/21\/indurain-riis\/#primaryimage\"},\"image\":{\"@id\":\"https:\/\/www.welovecycling.com\/es\/2022\/07\/21\/indurain-riis\/#primaryimage\"},\"thumbnailUrl\":\"https:\/\/d2p6e6u75xmxt8.cloudfront.net\/6\/2022\/07\/Indurain-Riis-Tour-profimedia-0020438669-CVR.jpg\",\"datePublished\":\"2022-07-21T07:30:12+00:00\",\"author\":{\"@id\":\"https:\/\/www.welovecycling.com\/es\/#\/schema\/person\/deb61715b5812698ee79fb96f343ccd4\"},\"description\":\"Indurain y Riis en el Tour del 1996, el dia de Hautacam. Lo que sucedi\u00f3 en el recordado Tour de 1996 entre Miguel y Bjarne.\",\"breadcrumb\":{\"@id\":\"https:\/\/www.welovecycling.com\/es\/2022\/07\/21\/indurain-riis\/#breadcrumb\"},\"inLanguage\":\"es-ES\",\"potentialAction\":[{\"@type\":\"ReadAction\",\"target\":[\"https:\/\/www.welovecycling.com\/es\/2022\/07\/21\/indurain-riis\/\"]}]},{\"@type\":\"ImageObject\",\"inLanguage\":\"es-ES\",\"@id\":\"https:\/\/www.welovecycling.com\/es\/2022\/07\/21\/indurain-riis\/#primaryimage\",\"url\":\"https:\/\/d2p6e6u75xmxt8.cloudfront.net\/6\/2022\/07\/Indurain-Riis-Tour-profimedia-0020438669-CVR.jpg\",\"contentUrl\":\"https:\/\/d2p6e6u75xmxt8.cloudfront.net\/6\/2022\/07\/Indurain-Riis-Tour-profimedia-0020438669-CVR.jpg\",\"width\":990,\"height\":660,\"caption\":\"Indurain and Riis\"},{\"@type\":\"BreadcrumbList\",\"@id\":\"https:\/\/www.welovecycling.com\/es\/2022\/07\/21\/indurain-riis\/#breadcrumb\",\"itemListElement\":[{\"@type\":\"ListItem\",\"position\":1,\"name\":\"Home\",\"item\":\"https:\/\/www.welovecycling.com\/es\/\"},{\"@type\":\"ListItem\",\"position\":2,\"name\":\"Indurain y Riis en el Tour del 96\"}]},{\"@type\":\"WebSite\",\"@id\":\"https:\/\/www.welovecycling.com\/es\/#website\",\"url\":\"https:\/\/www.welovecycling.com\/es\/\",\"name\":\"\u0160koda We Love Cycling - Spain\",\"description\":\"\u0160koda WeLoveCycling Spain\",\"potentialAction\":[{\"@type\":\"SearchAction\",\"target\":{\"@type\":\"EntryPoint\",\"urlTemplate\":\"https:\/\/www.welovecycling.com\/es\/?s={search_term_string}\"},\"query-input\":{\"@type\":\"PropertyValueSpecification\",\"valueRequired\":true,\"valueName\":\"search_term_string\"}}],\"inLanguage\":\"es-ES\"},{\"@type\":\"Person\",\"@id\":\"https:\/\/www.welovecycling.com\/es\/#\/schema\/person\/deb61715b5812698ee79fb96f343ccd4\",\"name\":\"We Love Cycling Spain\",\"image\":{\"@type\":\"ImageObject\",\"inLanguage\":\"es-ES\",\"@id\":\"https:\/\/www.welovecycling.com\/es\/#\/schema\/person\/image\/\",\"url\":\"https:\/\/secure.gravatar.com\/avatar\/c824b04e6df0e37a03219d0b6481672889df542894588964102459e46513159c?s=96&d=mm&r=g\",\"contentUrl\":\"https:\/\/secure.gravatar.com\/avatar\/c824b04e6df0e37a03219d0b6481672889df542894588964102459e46513159c?s=96&d=mm&r=g\",\"caption\":\"We Love Cycling Spain\"},\"url\":\"https:\/\/www.welovecycling.com\/es\/author\/amunoz\/\"}]}<\/script>\n<!-- \/ Yoast SEO Premium plugin. -->","yoast_head_json":{"title":"Indurain y Riis en el Tour del 1996, el dia de Hautacam","description":"Indurain y Riis en el Tour del 1996, el dia de Hautacam. Lo que sucedi\u00f3 en el recordado Tour de 1996 entre Miguel y Bjarne.","robots":{"index":"index","follow":"follow","max-snippet":"max-snippet:-1","max-image-preview":"max-image-preview:large","max-video-preview":"max-video-preview:-1"},"canonical":"https:\/\/www.welovecycling.com\/es\/2022\/07\/21\/indurain-riis\/","og_locale":"es_ES","og_type":"article","og_title":"Indurain y Riis en el Tour del 96","og_description":"Indurain y Riis en el Tour del 1996, el dia de Hautacam. Lo que sucedi\u00f3 en el recordado Tour de 1996 entre Miguel y Bjarne.","og_url":"https:\/\/www.welovecycling.com\/es\/2022\/07\/21\/indurain-riis\/","og_site_name":"\u0160koda We Love Cycling - Spain","article_published_time":"2022-07-21T07:30:12+00:00","og_image":[{"width":990,"height":660,"url":"https:\/\/d2p6e6u75xmxt8.cloudfront.net\/6\/2022\/07\/Indurain-Riis-Tour-profimedia-0020438669-CVR.jpg","type":"image\/jpeg"}],"author":"We Love Cycling Spain","twitter_card":"summary_large_image","twitter_misc":{"Written by":"Jiri Kaloc","Est. reading time":"6"},"schema":{"@context":"https:\/\/schema.org","@graph":[{"@type":"WebPage","@id":"https:\/\/www.welovecycling.com\/es\/2022\/07\/21\/indurain-riis\/","url":"https:\/\/www.welovecycling.com\/es\/2022\/07\/21\/indurain-riis\/","name":"Indurain y Riis en el Tour del 1996, el dia de Hautacam","isPartOf":{"@id":"https:\/\/www.welovecycling.com\/es\/#website"},"primaryImageOfPage":{"@id":"https:\/\/www.welovecycling.com\/es\/2022\/07\/21\/indurain-riis\/#primaryimage"},"image":{"@id":"https:\/\/www.welovecycling.com\/es\/2022\/07\/21\/indurain-riis\/#primaryimage"},"thumbnailUrl":"https:\/\/d2p6e6u75xmxt8.cloudfront.net\/6\/2022\/07\/Indurain-Riis-Tour-profimedia-0020438669-CVR.jpg","datePublished":"2022-07-21T07:30:12+00:00","author":{"@id":"https:\/\/www.welovecycling.com\/es\/#\/schema\/person\/deb61715b5812698ee79fb96f343ccd4"},"description":"Indurain y Riis en el Tour del 1996, el dia de Hautacam. Lo que sucedi\u00f3 en el recordado Tour de 1996 entre Miguel y Bjarne.","breadcrumb":{"@id":"https:\/\/www.welovecycling.com\/es\/2022\/07\/21\/indurain-riis\/#breadcrumb"},"inLanguage":"es-ES","potentialAction":[{"@type":"ReadAction","target":["https:\/\/www.welovecycling.com\/es\/2022\/07\/21\/indurain-riis\/"]}]},{"@type":"ImageObject","inLanguage":"es-ES","@id":"https:\/\/www.welovecycling.com\/es\/2022\/07\/21\/indurain-riis\/#primaryimage","url":"https:\/\/d2p6e6u75xmxt8.cloudfront.net\/6\/2022\/07\/Indurain-Riis-Tour-profimedia-0020438669-CVR.jpg","contentUrl":"https:\/\/d2p6e6u75xmxt8.cloudfront.net\/6\/2022\/07\/Indurain-Riis-Tour-profimedia-0020438669-CVR.jpg","width":990,"height":660,"caption":"Indurain and Riis"},{"@type":"BreadcrumbList","@id":"https:\/\/www.welovecycling.com\/es\/2022\/07\/21\/indurain-riis\/#breadcrumb","itemListElement":[{"@type":"ListItem","position":1,"name":"Home","item":"https:\/\/www.welovecycling.com\/es\/"},{"@type":"ListItem","position":2,"name":"Indurain y Riis en el Tour del 96"}]},{"@type":"WebSite","@id":"https:\/\/www.welovecycling.com\/es\/#website","url":"https:\/\/www.welovecycling.com\/es\/","name":"\u0160koda We Love Cycling - Spain","description":"\u0160koda WeLoveCycling Spain","potentialAction":[{"@type":"SearchAction","target":{"@type":"EntryPoint","urlTemplate":"https:\/\/www.welovecycling.com\/es\/?s={search_term_string}"},"query-input":{"@type":"PropertyValueSpecification","valueRequired":true,"valueName":"search_term_string"}}],"inLanguage":"es-ES"},{"@type":"Person","@id":"https:\/\/www.welovecycling.com\/es\/#\/schema\/person\/deb61715b5812698ee79fb96f343ccd4","name":"We Love Cycling Spain","image":{"@type":"ImageObject","inLanguage":"es-ES","@id":"https:\/\/www.welovecycling.com\/es\/#\/schema\/person\/image\/","url":"https:\/\/secure.gravatar.com\/avatar\/c824b04e6df0e37a03219d0b6481672889df542894588964102459e46513159c?s=96&d=mm&r=g","contentUrl":"https:\/\/secure.gravatar.com\/avatar\/c824b04e6df0e37a03219d0b6481672889df542894588964102459e46513159c?s=96&d=mm&r=g","caption":"We Love Cycling Spain"},"url":"https:\/\/www.welovecycling.com\/es\/author\/amunoz\/"}]}},"_links":{"self":[{"href":"https:\/\/www.welovecycling.com\/es\/wp-json\/wp\/v2\/posts\/9113","targetHints":{"allow":["GET"]}}],"collection":[{"href":"https:\/\/www.welovecycling.com\/es\/wp-json\/wp\/v2\/posts"}],"about":[{"href":"https:\/\/www.welovecycling.com\/es\/wp-json\/wp\/v2\/types\/post"}],"author":[{"embeddable":true,"href":"https:\/\/www.welovecycling.com\/es\/wp-json\/wp\/v2\/users\/29"}],"replies":[{"embeddable":true,"href":"https:\/\/www.welovecycling.com\/es\/wp-json\/wp\/v2\/comments?post=9113"}],"version-history":[{"count":2,"href":"https:\/\/www.welovecycling.com\/es\/wp-json\/wp\/v2\/posts\/9113\/revisions"}],"predecessor-version":[{"id":9121,"href":"https:\/\/www.welovecycling.com\/es\/wp-json\/wp\/v2\/posts\/9113\/revisions\/9121"}],"wp:featuredmedia":[{"embeddable":true,"href":"https:\/\/www.welovecycling.com\/es\/wp-json\/wp\/v2\/media\/9118"}],"wp:attachment":[{"href":"https:\/\/www.welovecycling.com\/es\/wp-json\/wp\/v2\/media?parent=9113"}],"wp:term":[{"taxonomy":"category","embeddable":true,"href":"https:\/\/www.welovecycling.com\/es\/wp-json\/wp\/v2\/categories?post=9113"},{"taxonomy":"post_tag","embeddable":true,"href":"https:\/\/www.welovecycling.com\/es\/wp-json\/wp\/v2\/tags?post=9113"},{"taxonomy":"global-categories","embeddable":true,"href":"https:\/\/www.welovecycling.com\/es\/wp-json\/wp\/v2\/global-categories?post=9113"}],"curies":[{"name":"wp","href":"https:\/\/api.w.org\/{rel}","templated":true}]}}