{"id":9112,"date":"2022-07-18T13:48:39","date_gmt":"2022-07-18T11:48:39","guid":{"rendered":"https:\/\/www.welovecycling.com\/es\/?p=9112"},"modified":"2022-07-17T14:10:57","modified_gmt":"2022-07-17T12:10:57","slug":"abanicos-tour-de-francia","status":"publish","type":"post","link":"https:\/\/www.welovecycling.com\/es\/2022\/07\/18\/abanicos-tour-de-francia\/","title":{"rendered":"Los abanicos en el Tour de Francia"},"content":{"rendered":"<p><strong>Cuando el viento pica en el Tour de Francia, puede causar abanicos y por tanto&#8230; una carnicer\u00eda.\u00a0 Si pega de cara relentizar\u00e1 la marcha y provocar\u00e1 pocas fugas. Si es a favor&#8230; volar\u00e1n. Pero cuando el viento pega de costado y hay equipos interesados, se acaban formando abanicos en el Tour. Pero, \u00bfpor qu\u00e9 ocurre esto y qu\u00e9 hacen los organizadores del Tour para crear esta carrera din\u00e1mica y dram\u00e1tica?<\/strong><\/p>\n<p><!--more--><\/p>\n<p>En primer lugar, \u00bfPor qu\u00e9 el viento de costado es el que provoca los abanicos en el Tour? Sencillamente, la forma en que sopla el viento afecta a la forma en que corren los ciclistas y a la cantidad de potencia que necesitan producir para mantenerse en su posici\u00f3n. En una formaci\u00f3n con viento en contra, los corredores de la parte delantera tienen que producir m\u00e1s potencia para avanzar y permanecer en la parte delantera. Los corredores de atr\u00e1s pueden resguardarse y ahorrar energ\u00eda. Por ello, los corredores rotar\u00e1n en grupos para que cada uno de ellos descanse m\u00e1s atr\u00e1s en la fila. Con viento de cola, la resistencia se reduce, lo que significa que los ciclistas tienen menos necesidad de refugiarse y la velocidad aumentar\u00e1.<\/p>\n<p>Pero en un viento cruzado, este refugio es m\u00e1s dif\u00edcil de encontrar y, por lo tanto, da la oportunidad a los equipos y a los corredores de alinearse en la carrera, impidiendo que otros encuentren un respiro en la cuneta, lo que, a su vez, provocar\u00e1 cortes y la posibilidad de grandes diferencias de tiempo. Quiz\u00e1 no haya mejor ejemplo que el del Tour de 2016.<\/p>\n<p>Ese d\u00eda, la carrera iba a Montpellier y parec\u00eda preparada para un sprint. El viento cruzaba la carretera y Fabian Cancellara se encarg\u00f3 de encenderlo,poniendo en fila india a todos. Los rouleurs estaban ahora al mando y Matej Bodnar -compa\u00f1ero de equipo de <a href=\"https:\/\/www.welovecycling.com\/es\/2020\/09\/06\/maillot-verde-skoda-tour-sagan\/\">Peter Sagan<\/a>&#8211; se encontr\u00f3 fuera de la cabeza. Sagan aprovech\u00f3 la oportunidad, saltando a la rueda de Bodnar. Chris Froome, con el maillot de l\u00edder, tambi\u00e9n vio la oportunidad y pudo esprintar a trav\u00e9s del hueco junto a Geraint Thomas gracias a su buena posici\u00f3n.<\/p>\n<figure id=\"attachment_9115\" aria-describedby=\"caption-attachment-9115\" style=\"width: 1000px\" class=\"wp-caption alignnone\"><a href=\"https:\/\/d2p6e6u75xmxt8.cloudfront.net\/6\/2022\/07\/Cancellara-Froome-Sagan-profimedia-0294624219.jpg\"><img loading=\"lazy\" decoding=\"async\" class=\"size-full wp-image-9115\" src=\"https:\/\/d2p6e6u75xmxt8.cloudfront.net\/6\/2022\/07\/Cancellara-Froome-Sagan-profimedia-0294624219.jpg\" alt=\"2016 Tour\" width=\"1000\" height=\"666\" srcset=\"https:\/\/d2p6e6u75xmxt8.cloudfront.net\/6\/2022\/07\/Cancellara-Froome-Sagan-profimedia-0294624219.jpg 1000w, https:\/\/d2p6e6u75xmxt8.cloudfront.net\/6\/2022\/07\/Cancellara-Froome-Sagan-profimedia-0294624219-300x200.jpg 300w, https:\/\/d2p6e6u75xmxt8.cloudfront.net\/6\/2022\/07\/Cancellara-Froome-Sagan-profimedia-0294624219-768x511.jpg 768w, https:\/\/d2p6e6u75xmxt8.cloudfront.net\/6\/2022\/07\/Cancellara-Froome-Sagan-profimedia-0294624219-272x182.jpg 272w\" sizes=\"auto, (max-width: 1000px) 100vw, 1000px\" \/><\/a><figcaption id=\"caption-attachment-9115\" class=\"wp-caption-text\">Fabian Cancellara, Adam Yates, Chris Froome and Peter Sagan en el inicio de la etapa 17 del Tour 2016. \u00a0\u00a9 Profimedia<\/figcaption><\/figure>\n<p>&nbsp;<\/p>\n<p>Lo que sobrevino fueron 12 kil\u00f3metros de etapa rapid\u00edsima con abanicos provocados por el viento de costado. El cuarteto tom\u00f3 tiempo y eso le dio a Froome una mayor ventaja en la carrera de ese a\u00f1o, que acabar\u00eda ganando.<\/p>\n<p>Estos momentos de emoci\u00f3n e intriga son dif\u00edciles de encontrar porque el viento, de forma bastante evidente, no se puede controlar. ASO parece esforzarse m\u00e1s y m\u00e1s cada a\u00f1o para encontrar esos focos de Francia donde el viento s\u00ed sopla. En la edici\u00f3n de 2022, la etapa de Dunkerque a Calais, as\u00ed como las de Dinamarca, se prepararon con vientos cruzados y abanicos. Sin embargo, no se materializaron y la carrera tuvo que utilizar el terreno en lugar de las condiciones para marcar la diferencia.<\/p>\n<p>En la \u00faltima d\u00e9cada, cada vez se crean m\u00e1s etapas con el objetivo de encontrar el viento. Pero, \u00bfqu\u00e9 opinan los corredores, que tienen que rodar en etapas trepidantes en las que se puede ganar o, sobre todo, perder un Tour?<\/p>\n<p>&#8220;Es uno de esos raros momentos en una carrera ciclista&#8221;, <a href=\"https:\/\/www.rouleur.cc\/blogs\/the-rouleur-journal\/echelons-putting-it-in-the-gutter\">dijo Millar<\/a>. &#8220;Un abanico en toda regla: todos est\u00e1n en el mismo equipo, no importa el maillot que lleven. Si alguien empieza a hacer el tonto, eso va a comprometer ese esfuerzo de &#8216;todo el equipo'&#8221;.<\/p>\n<p>&#8220;De repente, el estatus tambi\u00e9n desaparece&#8221;, a\u00f1ade. &#8220;No importa si eres el maillot amarillo, el sprinter protegido, todos est\u00e1n ah\u00ed juntos en esta especie de contrarreloj por equipos tan horrible&#8221;.<\/p>\n<p>Curiosamente, uno se imagina que los mejores corredores en este entorno son los que tienen la forma de Millar: grandes en el llano y potentes. Eso es correcto hasta cierto punto, pero alguien que siempre parece estar ah\u00ed en el momento adecuado es Nairo Quintana.<\/p>\n<p>El ligero escalador nunca est\u00e1 lejos de la cabeza en los d\u00edas de viento de costado y eso se debe en parte a su cerebro ciclista (y a algunos buenos compa\u00f1eros de equipo). El posicionamiento es igual de importante en este tipo de carreras y Quintana siempre detecta el peligro a tiempo. Es cierto que en sus primeros Tours perdi\u00f3 tiempo con el viento, pero ahora parece saber exactamente d\u00f3nde estar.<\/p>\n<p>Para los corredores y los equipos, esta es una carrera dura e impredecible que puede marcar m\u00e1s la diferencia que una llegada a la cima. Puede costar un Tour de Francia, pero para los organizadores y los aficionados, nunca es aburrido y crea carreras atractivas.<\/p>\n","protected":false},"excerpt":{"rendered":"<p>Cuando el viento pica en el Tour de Francia, puede causar abanicos y por tanto&#8230; una carnicer\u00eda.\u00a0 Si pega de [&hellip;]<\/p>\n","protected":false},"author":29,"featured_media":9119,"comment_status":"open","ping_status":"open","sticky":false,"template":"","format":"standard","meta":{"footnotes":""},"categories":[7],"tags":[2177,2155],"global-categories":[],"class_list":["post-9112","post","type-post","status-publish","format-standard","has-post-thumbnail","hentry","category-carretera","tag-tour-2022","tag-tour-de-francia-2022"],"yoast_head":"<!-- This site is optimized with the Yoast SEO Premium plugin v25.3 (Yoast SEO v25.9) - https:\/\/yoast.com\/wordpress\/plugins\/seo\/ -->\n<title>Los abanicos en el Tour de Francia - We Love Cycling<\/title>\n<meta name=\"description\" content=\"Los abanicos en el Tour de Francia, Cuando se crean y que condiciones se tienen que dar de viento para que haya abanicos.\" \/>\n<meta name=\"robots\" content=\"index, follow, max-snippet:-1, max-image-preview:large, max-video-preview:-1\" \/>\n<link rel=\"canonical\" href=\"https:\/\/www.welovecycling.com\/es\/2022\/07\/18\/abanicos-tour-de-francia\/\" \/>\n<meta property=\"og:locale\" content=\"es_ES\" \/>\n<meta property=\"og:type\" content=\"article\" \/>\n<meta property=\"og:title\" content=\"Los abanicos en el Tour de Francia\" \/>\n<meta property=\"og:description\" content=\"Los abanicos en el Tour de Francia, Cuando se crean y que condiciones se tienen que dar de viento para que haya abanicos.\" \/>\n<meta property=\"og:url\" content=\"https:\/\/www.welovecycling.com\/es\/2022\/07\/18\/abanicos-tour-de-francia\/\" \/>\n<meta property=\"og:site_name\" content=\"\u0160koda We Love Cycling - Spain\" \/>\n<meta property=\"article:published_time\" content=\"2022-07-18T11:48:39+00:00\" \/>\n<meta property=\"og:image\" content=\"https:\/\/d2p6e6u75xmxt8.cloudfront.net\/6\/2022\/07\/2022_Tour-Peloton-profimedia-0707321175-CVR.jpg\" \/>\n\t<meta property=\"og:image:width\" content=\"990\" \/>\n\t<meta property=\"og:image:height\" content=\"660\" \/>\n\t<meta property=\"og:image:type\" content=\"image\/jpeg\" \/>\n<meta name=\"author\" content=\"We Love Cycling Spain\" \/>\n<meta name=\"twitter:card\" content=\"summary_large_image\" \/>\n<meta name=\"twitter:title\" content=\"Los abanicos en el Tour de Francia\" \/>\n<meta name=\"twitter:description\" content=\"Los abanicos en el Tour de Francia, Cuando se crean y que condiciones se tienen que dar de viento para que haya abanicos.\" \/>\n<meta name=\"twitter:label1\" content=\"Written by\" \/>\n\t<meta name=\"twitter:data1\" content=\"Joshua Donaldson\" \/>\n\t<meta name=\"twitter:label2\" content=\"Est. reading time\" \/>\n\t<meta name=\"twitter:data2\" content=\"6\" \/>\n<script type=\"application\/ld+json\" class=\"yoast-schema-graph\">{\"@context\":\"https:\/\/schema.org\",\"@graph\":[{\"@type\":\"WebPage\",\"@id\":\"https:\/\/www.welovecycling.com\/es\/2022\/07\/18\/abanicos-tour-de-francia\/\",\"url\":\"https:\/\/www.welovecycling.com\/es\/2022\/07\/18\/abanicos-tour-de-francia\/\",\"name\":\"Los abanicos en el Tour de Francia - We Love Cycling\",\"isPartOf\":{\"@id\":\"https:\/\/www.welovecycling.com\/es\/#website\"},\"primaryImageOfPage\":{\"@id\":\"https:\/\/www.welovecycling.com\/es\/2022\/07\/18\/abanicos-tour-de-francia\/#primaryimage\"},\"image\":{\"@id\":\"https:\/\/www.welovecycling.com\/es\/2022\/07\/18\/abanicos-tour-de-francia\/#primaryimage\"},\"thumbnailUrl\":\"https:\/\/d2p6e6u75xmxt8.cloudfront.net\/6\/2022\/07\/2022_Tour-Peloton-profimedia-0707321175-CVR.jpg\",\"datePublished\":\"2022-07-18T11:48:39+00:00\",\"author\":{\"@id\":\"https:\/\/www.welovecycling.com\/es\/#\/schema\/person\/deb61715b5812698ee79fb96f343ccd4\"},\"description\":\"Los abanicos en el Tour de Francia, Cuando se crean y que condiciones se tienen que dar de viento para que haya abanicos.\",\"breadcrumb\":{\"@id\":\"https:\/\/www.welovecycling.com\/es\/2022\/07\/18\/abanicos-tour-de-francia\/#breadcrumb\"},\"inLanguage\":\"es-ES\",\"potentialAction\":[{\"@type\":\"ReadAction\",\"target\":[\"https:\/\/www.welovecycling.com\/es\/2022\/07\/18\/abanicos-tour-de-francia\/\"]}]},{\"@type\":\"ImageObject\",\"inLanguage\":\"es-ES\",\"@id\":\"https:\/\/www.welovecycling.com\/es\/2022\/07\/18\/abanicos-tour-de-francia\/#primaryimage\",\"url\":\"https:\/\/d2p6e6u75xmxt8.cloudfront.net\/6\/2022\/07\/2022_Tour-Peloton-profimedia-0707321175-CVR.jpg\",\"contentUrl\":\"https:\/\/d2p6e6u75xmxt8.cloudfront.net\/6\/2022\/07\/2022_Tour-Peloton-profimedia-0707321175-CVR.jpg\",\"width\":990,\"height\":660,\"caption\":\"2022 Tour de France Peloton\"},{\"@type\":\"BreadcrumbList\",\"@id\":\"https:\/\/www.welovecycling.com\/es\/2022\/07\/18\/abanicos-tour-de-francia\/#breadcrumb\",\"itemListElement\":[{\"@type\":\"ListItem\",\"position\":1,\"name\":\"Home\",\"item\":\"https:\/\/www.welovecycling.com\/es\/\"},{\"@type\":\"ListItem\",\"position\":2,\"name\":\"Los abanicos en el Tour de Francia\"}]},{\"@type\":\"WebSite\",\"@id\":\"https:\/\/www.welovecycling.com\/es\/#website\",\"url\":\"https:\/\/www.welovecycling.com\/es\/\",\"name\":\"\u0160koda We Love Cycling - Spain\",\"description\":\"\u0160koda WeLoveCycling Spain\",\"potentialAction\":[{\"@type\":\"SearchAction\",\"target\":{\"@type\":\"EntryPoint\",\"urlTemplate\":\"https:\/\/www.welovecycling.com\/es\/?s={search_term_string}\"},\"query-input\":{\"@type\":\"PropertyValueSpecification\",\"valueRequired\":true,\"valueName\":\"search_term_string\"}}],\"inLanguage\":\"es-ES\"},{\"@type\":\"Person\",\"@id\":\"https:\/\/www.welovecycling.com\/es\/#\/schema\/person\/deb61715b5812698ee79fb96f343ccd4\",\"name\":\"We Love Cycling Spain\",\"image\":{\"@type\":\"ImageObject\",\"inLanguage\":\"es-ES\",\"@id\":\"https:\/\/www.welovecycling.com\/es\/#\/schema\/person\/image\/\",\"url\":\"https:\/\/secure.gravatar.com\/avatar\/c824b04e6df0e37a03219d0b6481672889df542894588964102459e46513159c?s=96&d=mm&r=g\",\"contentUrl\":\"https:\/\/secure.gravatar.com\/avatar\/c824b04e6df0e37a03219d0b6481672889df542894588964102459e46513159c?s=96&d=mm&r=g\",\"caption\":\"We Love Cycling Spain\"},\"url\":\"https:\/\/www.welovecycling.com\/es\/author\/amunoz\/\"}]}<\/script>\n<!-- \/ Yoast SEO Premium plugin. -->","yoast_head_json":{"title":"Los abanicos en el Tour de Francia - We Love Cycling","description":"Los abanicos en el Tour de Francia, Cuando se crean y que condiciones se tienen que dar de viento para que haya abanicos.","robots":{"index":"index","follow":"follow","max-snippet":"max-snippet:-1","max-image-preview":"max-image-preview:large","max-video-preview":"max-video-preview:-1"},"canonical":"https:\/\/www.welovecycling.com\/es\/2022\/07\/18\/abanicos-tour-de-francia\/","og_locale":"es_ES","og_type":"article","og_title":"Los abanicos en el Tour de Francia","og_description":"Los abanicos en el Tour de Francia, Cuando se crean y que condiciones se tienen que dar de viento para que haya abanicos.","og_url":"https:\/\/www.welovecycling.com\/es\/2022\/07\/18\/abanicos-tour-de-francia\/","og_site_name":"\u0160koda We Love Cycling - Spain","article_published_time":"2022-07-18T11:48:39+00:00","og_image":[{"width":990,"height":660,"url":"https:\/\/d2p6e6u75xmxt8.cloudfront.net\/6\/2022\/07\/2022_Tour-Peloton-profimedia-0707321175-CVR.jpg","type":"image\/jpeg"}],"author":"We Love Cycling Spain","twitter_card":"summary_large_image","twitter_title":"Los abanicos en el Tour de Francia","twitter_description":"Los abanicos en el Tour de Francia, Cuando se crean y que condiciones se tienen que dar de viento para que haya abanicos.","twitter_misc":{"Written by":"Joshua Donaldson","Est. reading time":"6"},"schema":{"@context":"https:\/\/schema.org","@graph":[{"@type":"WebPage","@id":"https:\/\/www.welovecycling.com\/es\/2022\/07\/18\/abanicos-tour-de-francia\/","url":"https:\/\/www.welovecycling.com\/es\/2022\/07\/18\/abanicos-tour-de-francia\/","name":"Los abanicos en el Tour de Francia - We Love Cycling","isPartOf":{"@id":"https:\/\/www.welovecycling.com\/es\/#website"},"primaryImageOfPage":{"@id":"https:\/\/www.welovecycling.com\/es\/2022\/07\/18\/abanicos-tour-de-francia\/#primaryimage"},"image":{"@id":"https:\/\/www.welovecycling.com\/es\/2022\/07\/18\/abanicos-tour-de-francia\/#primaryimage"},"thumbnailUrl":"https:\/\/d2p6e6u75xmxt8.cloudfront.net\/6\/2022\/07\/2022_Tour-Peloton-profimedia-0707321175-CVR.jpg","datePublished":"2022-07-18T11:48:39+00:00","author":{"@id":"https:\/\/www.welovecycling.com\/es\/#\/schema\/person\/deb61715b5812698ee79fb96f343ccd4"},"description":"Los abanicos en el Tour de Francia, Cuando se crean y que condiciones se tienen que dar de viento para que haya abanicos.","breadcrumb":{"@id":"https:\/\/www.welovecycling.com\/es\/2022\/07\/18\/abanicos-tour-de-francia\/#breadcrumb"},"inLanguage":"es-ES","potentialAction":[{"@type":"ReadAction","target":["https:\/\/www.welovecycling.com\/es\/2022\/07\/18\/abanicos-tour-de-francia\/"]}]},{"@type":"ImageObject","inLanguage":"es-ES","@id":"https:\/\/www.welovecycling.com\/es\/2022\/07\/18\/abanicos-tour-de-francia\/#primaryimage","url":"https:\/\/d2p6e6u75xmxt8.cloudfront.net\/6\/2022\/07\/2022_Tour-Peloton-profimedia-0707321175-CVR.jpg","contentUrl":"https:\/\/d2p6e6u75xmxt8.cloudfront.net\/6\/2022\/07\/2022_Tour-Peloton-profimedia-0707321175-CVR.jpg","width":990,"height":660,"caption":"2022 Tour de France Peloton"},{"@type":"BreadcrumbList","@id":"https:\/\/www.welovecycling.com\/es\/2022\/07\/18\/abanicos-tour-de-francia\/#breadcrumb","itemListElement":[{"@type":"ListItem","position":1,"name":"Home","item":"https:\/\/www.welovecycling.com\/es\/"},{"@type":"ListItem","position":2,"name":"Los abanicos en el Tour de Francia"}]},{"@type":"WebSite","@id":"https:\/\/www.welovecycling.com\/es\/#website","url":"https:\/\/www.welovecycling.com\/es\/","name":"\u0160koda We Love Cycling - Spain","description":"\u0160koda WeLoveCycling Spain","potentialAction":[{"@type":"SearchAction","target":{"@type":"EntryPoint","urlTemplate":"https:\/\/www.welovecycling.com\/es\/?s={search_term_string}"},"query-input":{"@type":"PropertyValueSpecification","valueRequired":true,"valueName":"search_term_string"}}],"inLanguage":"es-ES"},{"@type":"Person","@id":"https:\/\/www.welovecycling.com\/es\/#\/schema\/person\/deb61715b5812698ee79fb96f343ccd4","name":"We Love Cycling Spain","image":{"@type":"ImageObject","inLanguage":"es-ES","@id":"https:\/\/www.welovecycling.com\/es\/#\/schema\/person\/image\/","url":"https:\/\/secure.gravatar.com\/avatar\/c824b04e6df0e37a03219d0b6481672889df542894588964102459e46513159c?s=96&d=mm&r=g","contentUrl":"https:\/\/secure.gravatar.com\/avatar\/c824b04e6df0e37a03219d0b6481672889df542894588964102459e46513159c?s=96&d=mm&r=g","caption":"We Love Cycling Spain"},"url":"https:\/\/www.welovecycling.com\/es\/author\/amunoz\/"}]}},"_links":{"self":[{"href":"https:\/\/www.welovecycling.com\/es\/wp-json\/wp\/v2\/posts\/9112","targetHints":{"allow":["GET"]}}],"collection":[{"href":"https:\/\/www.welovecycling.com\/es\/wp-json\/wp\/v2\/posts"}],"about":[{"href":"https:\/\/www.welovecycling.com\/es\/wp-json\/wp\/v2\/types\/post"}],"author":[{"embeddable":true,"href":"https:\/\/www.welovecycling.com\/es\/wp-json\/wp\/v2\/users\/29"}],"replies":[{"embeddable":true,"href":"https:\/\/www.welovecycling.com\/es\/wp-json\/wp\/v2\/comments?post=9112"}],"version-history":[{"count":2,"href":"https:\/\/www.welovecycling.com\/es\/wp-json\/wp\/v2\/posts\/9112\/revisions"}],"predecessor-version":[{"id":9120,"href":"https:\/\/www.welovecycling.com\/es\/wp-json\/wp\/v2\/posts\/9112\/revisions\/9120"}],"wp:featuredmedia":[{"embeddable":true,"href":"https:\/\/www.welovecycling.com\/es\/wp-json\/wp\/v2\/media\/9119"}],"wp:attachment":[{"href":"https:\/\/www.welovecycling.com\/es\/wp-json\/wp\/v2\/media?parent=9112"}],"wp:term":[{"taxonomy":"category","embeddable":true,"href":"https:\/\/www.welovecycling.com\/es\/wp-json\/wp\/v2\/categories?post=9112"},{"taxonomy":"post_tag","embeddable":true,"href":"https:\/\/www.welovecycling.com\/es\/wp-json\/wp\/v2\/tags?post=9112"},{"taxonomy":"global-categories","embeddable":true,"href":"https:\/\/www.welovecycling.com\/es\/wp-json\/wp\/v2\/global-categories?post=9112"}],"curies":[{"name":"wp","href":"https:\/\/api.w.org\/{rel}","templated":true}]}}