{"id":9102,"date":"2022-07-14T17:19:29","date_gmt":"2022-07-14T15:19:29","guid":{"rendered":"https:\/\/www.welovecycling.com\/es\/?p=9102"},"modified":"2022-07-14T17:19:29","modified_gmt":"2022-07-14T15:19:29","slug":"maillot-verde-skoda-tour-2022","status":"publish","type":"post","link":"https:\/\/www.welovecycling.com\/es\/2022\/07\/14\/maillot-verde-skoda-tour-2022\/","title":{"rendered":"Maillot verde \u0160koda del Tour 2022. Coto privado de Van Aert"},"content":{"rendered":"<p><strong>Era uno de los objetivos del Jumbo Visma a principios del Tour y mediada la carrera parece que lo tienen asegurado. El candidato para el Maillot verde \u0160koda del Tour 2022 era Wout Van Aert y en solo 11 etapas ya ha<a href=\"https:\/\/www.letour.fr\/es\/clasificaciones\"> conseguido doblar en puntos<\/a> a sus dos inmediatos perseguidores, Fabio Jakobsen y Tadej Pogacar. Parece que lo tiene asegurado, pero tendr\u00e1 que llegar a Paris.<br \/>\n<\/strong><\/p>\n<p><!--more--><\/p>\n<p>Como ya te explicamos, para hacerse con el Maillot verde <strong>\u0160koda del Tour 2022 hay que tener en cuenta que el <a href=\"https:\/\/www.welovecycling.com\/es\/2022\/06\/28\/favoritos-para-el-maillot-verde-skoda-del-tour-2022\/\">reparto de puntos no es igual para todas las etapas.\u00a0<\/a><\/strong> Llegar el primero en las etapas llanas o de media monta\u00f1a vale m\u00e1s que hacerlo en las jornadas de alta monta\u00f1a o en la contrarreloj. Y sumar puntos en los sprints especiales repartidos en cada una de las etapas suma tanto como si ganases una etapa de alta monta\u00f1a.<\/p>\n<h2><strong>Van Aert, sin rival<\/strong><\/h2>\n<p>Pues en este Tour 2022 ya adelantamos que hab\u00eda menos opciones de llegada al sprint que nunca, as\u00ed que los velocistas ten\u00edan que &#8216;ganarse&#8217; la vida para conseguir puntos para el maillot verde en los sprints especiales. En lo que llevamos de Tour solo ha habido dos llegadas con un sprint masivo, las dos primeras jornadas en Dinamarca y en la mayor parte de las etapas ha habido una fuga que se ha quedado con los puntos de los sprints especiales.<\/p>\n<p>Adem\u00e1s, por delante solo hay tres o cuatro d\u00edas, incluyendo Par\u00eds, en los que los velocistas podr\u00e1n sumar puntos en la volatta. Por lo que Jakobsen, el inmediato perseguidor de Van Aert, lo va a tener complicado para recortar puntos.<\/p>\n<p><a href=\"https:\/\/d2p6e6u75xmxt8.cloudfront.net\/6\/2022\/07\/van_aert_verde.jpg\"><img loading=\"lazy\" decoding=\"async\" class=\"aligncenter size-full wp-image-9106\" src=\"https:\/\/d2p6e6u75xmxt8.cloudfront.net\/6\/2022\/07\/van_aert_verde.jpg\" alt=\"\" width=\"1000\" height=\"667\" srcset=\"https:\/\/d2p6e6u75xmxt8.cloudfront.net\/6\/2022\/07\/van_aert_verde.jpg 1000w, https:\/\/d2p6e6u75xmxt8.cloudfront.net\/6\/2022\/07\/van_aert_verde-300x200.jpg 300w, https:\/\/d2p6e6u75xmxt8.cloudfront.net\/6\/2022\/07\/van_aert_verde-768x512.jpg 768w, https:\/\/d2p6e6u75xmxt8.cloudfront.net\/6\/2022\/07\/van_aert_verde-272x182.jpg 272w\" sizes=\"auto, (max-width: 1000px) 100vw, 1000px\" \/><\/a><br \/>\nVan Aert ha sacado un gran bot\u00edn en las 10 primeras etapas de Tour con un recorrido que le iba a la perfecci\u00f3n. Segundo en las tres primeras etapas, ganador de la cuarta y de la sexta, fugado en la s\u00e9ptima, en la novena y en la d\u00e9cima para conseguir puntos en el sprint especial. Solo en lo que llevamos de Tour ya tiene casi el 80% de los puntos que hizo en 2022.<\/p>\n<p>En estos primeros 10 d\u00edas tambi\u00e9n ha influido la ausencia de sus dos m\u00e1ximos rivales en este tipo de &#8216;cl\u00e1sicas&#8217;. Julien Alaphilippe, que no ha venido al Tour por lesi\u00f3n, y Van der Poel, que si tom\u00f3 la salida, pero que no ha estado a la altura de lo que se espera de \u00e9l. Es m\u00e1s, en la etapa de Col du Granon se baj\u00f3 de la bicicleta para marcharse a casa.<\/p>\n<h2><strong>Pogacar&#8230; aunque muy lejos<\/strong><\/h2>\n<p>Aunque solo sumar\u00e1 puntos en las etapas de monta\u00f1a (o alguna de media monta\u00f1a como la de Mend\u00e9), realmente solo Tadej Pogacar tiene relativas opciones de aspirar al maillot verde, aunque despu\u00e9s de la explosi\u00f3n en Col du Granon lo tiene mucho m\u00e1s complicado. El esloveno deber\u00eda pr\u00e1cticamente ganar casi todas las etapas de monta\u00f1a que quedan a partir de ahora y esperar a que Van Aert no sume demasiado. Algo m\u00e1s que complicado.<\/p>\n<p>En resumen, ahora mismo Van Aert tiene casi asegurado el maillot verde <strong>\u0160koda del Tour salvo ca\u00edda o retirada.<br \/>\n<img loading=\"lazy\" decoding=\"async\" class=\"alignnone size-extra-large\" src=\"https:\/\/img.aso.fr\/core_app\/img-cycling-tdf-jpg\/van-aert\/41239\/0:0,1200:801-1000-0-70\/88c5b\" alt=\"Van Aert y Pogacar\" width=\"1000\" height=\"668\" \/><br \/>\n<\/strong><\/p>\n","protected":false},"excerpt":{"rendered":"<p>Era uno de los objetivos del Jumbo Visma a principios del Tour y mediada la carrera parece que lo tienen [&hellip;]<\/p>\n","protected":false},"author":29,"featured_media":9105,"comment_status":"open","ping_status":"open","sticky":false,"template":"","format":"standard","meta":{"footnotes":""},"categories":[7],"tags":[2177,2155],"global-categories":[1164],"class_list":["post-9102","post","type-post","status-publish","format-standard","has-post-thumbnail","hentry","category-carretera","tag-tour-2022","tag-tour-de-francia-2022","global-categories-cycling"],"yoast_head":"<!-- This site is optimized with the Yoast SEO Premium plugin v25.3 (Yoast SEO v25.9) - https:\/\/yoast.com\/wordpress\/plugins\/seo\/ -->\n<title>Maillot verde \u0160koda del Tour 2022. Coto privado de Van Aert - \u0160koda We Love Cycling - Spain<\/title>\n<meta name=\"description\" content=\"Maillot verde \u0160koda del Tour 2022. Coto vedado para Van Aert. El belga del Jumbo Visma no tiene rival en la regularidad.\" \/>\n<meta name=\"robots\" content=\"index, follow, max-snippet:-1, max-image-preview:large, max-video-preview:-1\" \/>\n<link rel=\"canonical\" href=\"https:\/\/www.welovecycling.com\/es\/2022\/07\/14\/maillot-verde-skoda-tour-2022\/\" \/>\n<meta property=\"og:locale\" content=\"es_ES\" \/>\n<meta property=\"og:type\" content=\"article\" \/>\n<meta property=\"og:title\" content=\"Maillot verde \u0160koda del Tour 2022. Coto vedado para Van Aert\" \/>\n<meta property=\"og:description\" content=\"Maillot verde \u0160koda del Tour 2022. Coto vedado para Van Aert. El belga del Jumbo Visma no tiene rival en la regularidad.\" \/>\n<meta property=\"og:url\" content=\"https:\/\/www.welovecycling.com\/es\/2022\/07\/14\/maillot-verde-skoda-tour-2022\/\" \/>\n<meta property=\"og:site_name\" content=\"\u0160koda We Love Cycling - Spain\" \/>\n<meta property=\"article:published_time\" content=\"2022-07-14T15:19:29+00:00\" \/>\n<meta property=\"og:image\" content=\"https:\/\/d2p6e6u75xmxt8.cloudfront.net\/6\/2022\/07\/VAn-Aert.jpg\" \/>\n\t<meta property=\"og:image:width\" content=\"1000\" \/>\n\t<meta property=\"og:image:height\" content=\"668\" \/>\n\t<meta property=\"og:image:type\" content=\"image\/jpeg\" \/>\n<meta name=\"author\" content=\"We Love Cycling Spain\" \/>\n<meta name=\"twitter:card\" content=\"summary_large_image\" \/>\n<meta name=\"twitter:title\" content=\"Maillot verde \u0160koda del Tour 2022. Coto vedado para Van Aert\" \/>\n<meta name=\"twitter:description\" content=\"Maillot verde \u0160koda del Tour 2022. Coto vedado para Van Aert. El belga del Jumbo Visma no tiene rival en la regularidad.\" \/>\n<meta name=\"twitter:label1\" content=\"Written by\" \/>\n\t<meta name=\"twitter:data1\" content=\"Luis Ortega @Ciclored\" \/>\n\t<meta name=\"twitter:label2\" content=\"Est. reading time\" \/>\n\t<meta name=\"twitter:data2\" content=\"3 minutes\" \/>\n<script type=\"application\/ld+json\" class=\"yoast-schema-graph\">{\"@context\":\"https:\/\/schema.org\",\"@graph\":[{\"@type\":\"WebPage\",\"@id\":\"https:\/\/www.welovecycling.com\/es\/2022\/07\/14\/maillot-verde-skoda-tour-2022\/\",\"url\":\"https:\/\/www.welovecycling.com\/es\/2022\/07\/14\/maillot-verde-skoda-tour-2022\/\",\"name\":\"Maillot verde \u0160koda del Tour 2022. Coto privado de Van Aert - \u0160koda We Love Cycling - Spain\",\"isPartOf\":{\"@id\":\"https:\/\/www.welovecycling.com\/es\/#website\"},\"primaryImageOfPage\":{\"@id\":\"https:\/\/www.welovecycling.com\/es\/2022\/07\/14\/maillot-verde-skoda-tour-2022\/#primaryimage\"},\"image\":{\"@id\":\"https:\/\/www.welovecycling.com\/es\/2022\/07\/14\/maillot-verde-skoda-tour-2022\/#primaryimage\"},\"thumbnailUrl\":\"https:\/\/d2p6e6u75xmxt8.cloudfront.net\/6\/2022\/07\/VAn-Aert.jpg\",\"datePublished\":\"2022-07-14T15:19:29+00:00\",\"author\":{\"@id\":\"https:\/\/www.welovecycling.com\/es\/#\/schema\/person\/deb61715b5812698ee79fb96f343ccd4\"},\"description\":\"Maillot verde \u0160koda del Tour 2022. Coto vedado para Van Aert. El belga del Jumbo Visma no tiene rival en la regularidad.\",\"breadcrumb\":{\"@id\":\"https:\/\/www.welovecycling.com\/es\/2022\/07\/14\/maillot-verde-skoda-tour-2022\/#breadcrumb\"},\"inLanguage\":\"es-ES\",\"potentialAction\":[{\"@type\":\"ReadAction\",\"target\":[\"https:\/\/www.welovecycling.com\/es\/2022\/07\/14\/maillot-verde-skoda-tour-2022\/\"]}]},{\"@type\":\"ImageObject\",\"inLanguage\":\"es-ES\",\"@id\":\"https:\/\/www.welovecycling.com\/es\/2022\/07\/14\/maillot-verde-skoda-tour-2022\/#primaryimage\",\"url\":\"https:\/\/d2p6e6u75xmxt8.cloudfront.net\/6\/2022\/07\/VAn-Aert.jpg\",\"contentUrl\":\"https:\/\/d2p6e6u75xmxt8.cloudfront.net\/6\/2022\/07\/VAn-Aert.jpg\",\"width\":1000,\"height\":668},{\"@type\":\"BreadcrumbList\",\"@id\":\"https:\/\/www.welovecycling.com\/es\/2022\/07\/14\/maillot-verde-skoda-tour-2022\/#breadcrumb\",\"itemListElement\":[{\"@type\":\"ListItem\",\"position\":1,\"name\":\"Home\",\"item\":\"https:\/\/www.welovecycling.com\/es\/\"},{\"@type\":\"ListItem\",\"position\":2,\"name\":\"Maillot verde \u0160koda del Tour 2022. Coto privado de Van Aert\"}]},{\"@type\":\"WebSite\",\"@id\":\"https:\/\/www.welovecycling.com\/es\/#website\",\"url\":\"https:\/\/www.welovecycling.com\/es\/\",\"name\":\"\u0160koda We Love Cycling - Spain\",\"description\":\"\u0160koda WeLoveCycling Spain\",\"potentialAction\":[{\"@type\":\"SearchAction\",\"target\":{\"@type\":\"EntryPoint\",\"urlTemplate\":\"https:\/\/www.welovecycling.com\/es\/?s={search_term_string}\"},\"query-input\":{\"@type\":\"PropertyValueSpecification\",\"valueRequired\":true,\"valueName\":\"search_term_string\"}}],\"inLanguage\":\"es-ES\"},{\"@type\":\"Person\",\"@id\":\"https:\/\/www.welovecycling.com\/es\/#\/schema\/person\/deb61715b5812698ee79fb96f343ccd4\",\"name\":\"We Love Cycling Spain\",\"image\":{\"@type\":\"ImageObject\",\"inLanguage\":\"es-ES\",\"@id\":\"https:\/\/www.welovecycling.com\/es\/#\/schema\/person\/image\/\",\"url\":\"https:\/\/secure.gravatar.com\/avatar\/c824b04e6df0e37a03219d0b6481672889df542894588964102459e46513159c?s=96&d=mm&r=g\",\"contentUrl\":\"https:\/\/secure.gravatar.com\/avatar\/c824b04e6df0e37a03219d0b6481672889df542894588964102459e46513159c?s=96&d=mm&r=g\",\"caption\":\"We Love Cycling Spain\"},\"url\":\"https:\/\/www.welovecycling.com\/es\/author\/amunoz\/\"}]}<\/script>\n<!-- \/ Yoast SEO Premium plugin. -->","yoast_head_json":{"title":"Maillot verde \u0160koda del Tour 2022. Coto privado de Van Aert - \u0160koda We Love Cycling - Spain","description":"Maillot verde \u0160koda del Tour 2022. Coto vedado para Van Aert. El belga del Jumbo Visma no tiene rival en la regularidad.","robots":{"index":"index","follow":"follow","max-snippet":"max-snippet:-1","max-image-preview":"max-image-preview:large","max-video-preview":"max-video-preview:-1"},"canonical":"https:\/\/www.welovecycling.com\/es\/2022\/07\/14\/maillot-verde-skoda-tour-2022\/","og_locale":"es_ES","og_type":"article","og_title":"Maillot verde \u0160koda del Tour 2022. Coto vedado para Van Aert","og_description":"Maillot verde \u0160koda del Tour 2022. Coto vedado para Van Aert. El belga del Jumbo Visma no tiene rival en la regularidad.","og_url":"https:\/\/www.welovecycling.com\/es\/2022\/07\/14\/maillot-verde-skoda-tour-2022\/","og_site_name":"\u0160koda We Love Cycling - Spain","article_published_time":"2022-07-14T15:19:29+00:00","og_image":[{"width":1000,"height":668,"url":"https:\/\/d2p6e6u75xmxt8.cloudfront.net\/6\/2022\/07\/VAn-Aert.jpg","type":"image\/jpeg"}],"author":"We Love Cycling Spain","twitter_card":"summary_large_image","twitter_title":"Maillot verde \u0160koda del Tour 2022. Coto vedado para Van Aert","twitter_description":"Maillot verde \u0160koda del Tour 2022. Coto vedado para Van Aert. El belga del Jumbo Visma no tiene rival en la regularidad.","twitter_misc":{"Written by":"Luis Ortega @Ciclored","Est. reading time":"3 minutes"},"schema":{"@context":"https:\/\/schema.org","@graph":[{"@type":"WebPage","@id":"https:\/\/www.welovecycling.com\/es\/2022\/07\/14\/maillot-verde-skoda-tour-2022\/","url":"https:\/\/www.welovecycling.com\/es\/2022\/07\/14\/maillot-verde-skoda-tour-2022\/","name":"Maillot verde \u0160koda del Tour 2022. Coto privado de Van Aert - \u0160koda We Love Cycling - Spain","isPartOf":{"@id":"https:\/\/www.welovecycling.com\/es\/#website"},"primaryImageOfPage":{"@id":"https:\/\/www.welovecycling.com\/es\/2022\/07\/14\/maillot-verde-skoda-tour-2022\/#primaryimage"},"image":{"@id":"https:\/\/www.welovecycling.com\/es\/2022\/07\/14\/maillot-verde-skoda-tour-2022\/#primaryimage"},"thumbnailUrl":"https:\/\/d2p6e6u75xmxt8.cloudfront.net\/6\/2022\/07\/VAn-Aert.jpg","datePublished":"2022-07-14T15:19:29+00:00","author":{"@id":"https:\/\/www.welovecycling.com\/es\/#\/schema\/person\/deb61715b5812698ee79fb96f343ccd4"},"description":"Maillot verde \u0160koda del Tour 2022. Coto vedado para Van Aert. El belga del Jumbo Visma no tiene rival en la regularidad.","breadcrumb":{"@id":"https:\/\/www.welovecycling.com\/es\/2022\/07\/14\/maillot-verde-skoda-tour-2022\/#breadcrumb"},"inLanguage":"es-ES","potentialAction":[{"@type":"ReadAction","target":["https:\/\/www.welovecycling.com\/es\/2022\/07\/14\/maillot-verde-skoda-tour-2022\/"]}]},{"@type":"ImageObject","inLanguage":"es-ES","@id":"https:\/\/www.welovecycling.com\/es\/2022\/07\/14\/maillot-verde-skoda-tour-2022\/#primaryimage","url":"https:\/\/d2p6e6u75xmxt8.cloudfront.net\/6\/2022\/07\/VAn-Aert.jpg","contentUrl":"https:\/\/d2p6e6u75xmxt8.cloudfront.net\/6\/2022\/07\/VAn-Aert.jpg","width":1000,"height":668},{"@type":"BreadcrumbList","@id":"https:\/\/www.welovecycling.com\/es\/2022\/07\/14\/maillot-verde-skoda-tour-2022\/#breadcrumb","itemListElement":[{"@type":"ListItem","position":1,"name":"Home","item":"https:\/\/www.welovecycling.com\/es\/"},{"@type":"ListItem","position":2,"name":"Maillot verde \u0160koda del Tour 2022. Coto privado de Van Aert"}]},{"@type":"WebSite","@id":"https:\/\/www.welovecycling.com\/es\/#website","url":"https:\/\/www.welovecycling.com\/es\/","name":"\u0160koda We Love Cycling - Spain","description":"\u0160koda WeLoveCycling Spain","potentialAction":[{"@type":"SearchAction","target":{"@type":"EntryPoint","urlTemplate":"https:\/\/www.welovecycling.com\/es\/?s={search_term_string}"},"query-input":{"@type":"PropertyValueSpecification","valueRequired":true,"valueName":"search_term_string"}}],"inLanguage":"es-ES"},{"@type":"Person","@id":"https:\/\/www.welovecycling.com\/es\/#\/schema\/person\/deb61715b5812698ee79fb96f343ccd4","name":"We Love Cycling Spain","image":{"@type":"ImageObject","inLanguage":"es-ES","@id":"https:\/\/www.welovecycling.com\/es\/#\/schema\/person\/image\/","url":"https:\/\/secure.gravatar.com\/avatar\/c824b04e6df0e37a03219d0b6481672889df542894588964102459e46513159c?s=96&d=mm&r=g","contentUrl":"https:\/\/secure.gravatar.com\/avatar\/c824b04e6df0e37a03219d0b6481672889df542894588964102459e46513159c?s=96&d=mm&r=g","caption":"We Love Cycling Spain"},"url":"https:\/\/www.welovecycling.com\/es\/author\/amunoz\/"}]}},"_links":{"self":[{"href":"https:\/\/www.welovecycling.com\/es\/wp-json\/wp\/v2\/posts\/9102","targetHints":{"allow":["GET"]}}],"collection":[{"href":"https:\/\/www.welovecycling.com\/es\/wp-json\/wp\/v2\/posts"}],"about":[{"href":"https:\/\/www.welovecycling.com\/es\/wp-json\/wp\/v2\/types\/post"}],"author":[{"embeddable":true,"href":"https:\/\/www.welovecycling.com\/es\/wp-json\/wp\/v2\/users\/29"}],"replies":[{"embeddable":true,"href":"https:\/\/www.welovecycling.com\/es\/wp-json\/wp\/v2\/comments?post=9102"}],"version-history":[{"count":2,"href":"https:\/\/www.welovecycling.com\/es\/wp-json\/wp\/v2\/posts\/9102\/revisions"}],"predecessor-version":[{"id":9124,"href":"https:\/\/www.welovecycling.com\/es\/wp-json\/wp\/v2\/posts\/9102\/revisions\/9124"}],"wp:featuredmedia":[{"embeddable":true,"href":"https:\/\/www.welovecycling.com\/es\/wp-json\/wp\/v2\/media\/9105"}],"wp:attachment":[{"href":"https:\/\/www.welovecycling.com\/es\/wp-json\/wp\/v2\/media?parent=9102"}],"wp:term":[{"taxonomy":"category","embeddable":true,"href":"https:\/\/www.welovecycling.com\/es\/wp-json\/wp\/v2\/categories?post=9102"},{"taxonomy":"post_tag","embeddable":true,"href":"https:\/\/www.welovecycling.com\/es\/wp-json\/wp\/v2\/tags?post=9102"},{"taxonomy":"global-categories","embeddable":true,"href":"https:\/\/www.welovecycling.com\/es\/wp-json\/wp\/v2\/global-categories?post=9102"}],"curies":[{"name":"wp","href":"https:\/\/api.w.org\/{rel}","templated":true}]}}