{"id":9096,"date":"2022-07-15T12:57:56","date_gmt":"2022-07-15T10:57:56","guid":{"rendered":"https:\/\/www.welovecycling.com\/es\/?p=9096"},"modified":"2022-07-13T13:23:39","modified_gmt":"2022-07-13T11:23:39","slug":"coche-canyon-sram","status":"publish","type":"post","link":"https:\/\/www.welovecycling.com\/es\/2022\/07\/15\/coche-canyon-sram\/","title":{"rendered":"Dentro del Tour, el coche del CANYON-SRAM"},"content":{"rendered":"<p><strong>Durante la Grande Boucle, muchos canales de televisi\u00f3n y de deportes en las redes sociales est\u00e1n ansiosos por conocer los puntos de vista de los ciclistas y, sobre todo, de los ganadores, pero centr\u00e9monos en la columna vertebral de cada equipo para variar: los coches del equipo y su tripulaci\u00f3n. Este a\u00f1o, a la flota se unir\u00e1n a\u00fan m\u00e1s veh\u00edculos \u0160koda para apoyar la tan esperada llegada del Tour de Francia Femenino. Uno de ellos, el coche del Canyon-Sram. <\/strong><!--more--><\/p>\n<p>El habit\u00e1culo de un coche de equipo del Tour de Francia se convierte en un mundo propio durante la carrera, ya que contiene un taller de reparaciones, un centro de asistencia, un puesto de primeros auxilios, un punto de avituallamiento y mucho m\u00e1s. Para comprender bien la importancia de todo esto, hay que ir a la fuente. Ronny Lauke, cofundador y director de equipo de CANYON\/\/SRAM Racing y director deportivo del Tour de France Femmes avec Zwift, tuvo la amabilidad de sentarse con We Love Cycling y ofrecer su visi\u00f3n privilegiada de lo que ocurre en un coche de equipo.<\/p>\n<figure id=\"attachment_9097\" aria-describedby=\"caption-attachment-9097\" style=\"width: 1078px\" class=\"wp-caption alignnone\"><a href=\"https:\/\/d2p6e6u75xmxt8.cloudfront.net\/6\/2022\/07\/CANYON__SRAM-car-1.jpg\"><img loading=\"lazy\" decoding=\"async\" class=\"wp-image-9097 size-full\" src=\"https:\/\/d2p6e6u75xmxt8.cloudfront.net\/6\/2022\/07\/CANYON__SRAM-car-1.jpg\" alt=\"\u0160koda Team Car\" width=\"1078\" height=\"718\" srcset=\"https:\/\/d2p6e6u75xmxt8.cloudfront.net\/6\/2022\/07\/CANYON__SRAM-car-1.jpg 1078w, https:\/\/d2p6e6u75xmxt8.cloudfront.net\/6\/2022\/07\/CANYON__SRAM-car-1-300x200.jpg 300w, https:\/\/d2p6e6u75xmxt8.cloudfront.net\/6\/2022\/07\/CANYON__SRAM-car-1-1024x682.jpg 1024w, https:\/\/d2p6e6u75xmxt8.cloudfront.net\/6\/2022\/07\/CANYON__SRAM-car-1-768x512.jpg 768w, https:\/\/d2p6e6u75xmxt8.cloudfront.net\/6\/2022\/07\/CANYON__SRAM-car-1-272x182.jpg 272w\" sizes=\"auto, (max-width: 1078px) 100vw, 1078px\" \/><\/a><figcaption id=\"caption-attachment-9097\" class=\"wp-caption-text\">Ser conductor de un coche de equipo es un ejercicio duro, pero alimentado por el amor a este deporte y lleno de emoci\u00f3n.. \u00a9 Thomas Maheux<\/figcaption><\/figure>\n<p>Empezando por la configuraci\u00f3n del equipo, la describe: &#8220;Por el momento, tenemos ocho coches de equipo por diversas razones. Utilizamos los coches de carrera para transportar las bicicletas de repuesto y el equipo, el mec\u00e1nico, el director deportivo y, a veces, un entrenador. Dependiendo del n\u00famero de atletas, cada veh\u00edculo de carrera suele ir cargado con seis bicicletas completas de repuesto, cinco juegos de ruedas, una nevera con los bidones, chubasqueros, una caja de herramientas y otros equipos&#8221;. En cuanto a los coches, el equipo utiliza los <a href=\"https:\/\/www.skoda-auto.com\/models\/range\/superb-iv\">\u0160koda SUPERB<\/a> y <a href=\"https:\/\/www.skoda-auto.com\/models\/range\/octavia\">OCTAVIA<\/a>, ya sean iV, h\u00edbridos o di\u00e9sel. Est\u00e1n satisfechos con todos ellos.<\/p>\n<p>Cuando un ciclista tiene problemas durante una carrera, el coche del equipo obtiene el permiso de los organizadores de la carrera para romper el rango asignado y acelerar. Es m\u00e1s f\u00e1cil decirlo que hacerlo. &#8220;Todo depende del tr\u00e1fico y de la anchura y las condiciones de la carretera. Tenemos comunicaci\u00f3n por radio con los pilotos, y ellos nos avisan cuando tienen alg\u00fan problema. Si la comunicaci\u00f3n no es fiable al 100%, dan una se\u00f1al a un comisario de carrera que nos llama, e inmediatamente intentamos encontrar el camino hasta el pelot\u00f3n para ayudar al corredor&#8221;. Cuando se le pregunt\u00f3 por las cualidades necesarias del conductor, se\u00f1al\u00f3: &#8220;Es muy importante que la persona que conduzca el coche sea extremadamente cuidadosa, observadora y tenga una visi\u00f3n de 360 grados durante la carrera. Es responsable de la salud y el bienestar de los atletas: son el eslab\u00f3n m\u00e1s vulnerable de nuestra cadena de tr\u00e1fico&#8221;.<\/p>\n<div id='gallery-1' class='gallery galleryid-9096 gallery-columns-2 gallery-size-large'><figure class='gallery-item'>\n\t\t\t<div class='gallery-icon landscape'>\n\t\t\t\t<a href='https:\/\/d2p6e6u75xmxt8.cloudfront.net\/6\/2022\/07\/CANYON_SRAM-Car_2.jpg'><img loading=\"lazy\" decoding=\"async\" width=\"1024\" height=\"683\" src=\"https:\/\/d2p6e6u75xmxt8.cloudfront.net\/6\/2022\/07\/CANYON_SRAM-Car_2-1024x683.jpg\" class=\"attachment-large size-large\" alt=\"\" srcset=\"https:\/\/d2p6e6u75xmxt8.cloudfront.net\/6\/2022\/07\/CANYON_SRAM-Car_2-1024x683.jpg 1024w, https:\/\/d2p6e6u75xmxt8.cloudfront.net\/6\/2022\/07\/CANYON_SRAM-Car_2-300x200.jpg 300w, https:\/\/d2p6e6u75xmxt8.cloudfront.net\/6\/2022\/07\/CANYON_SRAM-Car_2-768x512.jpg 768w, https:\/\/d2p6e6u75xmxt8.cloudfront.net\/6\/2022\/07\/CANYON_SRAM-Car_2-272x182.jpg 272w, https:\/\/d2p6e6u75xmxt8.cloudfront.net\/6\/2022\/07\/CANYON_SRAM-Car_2.jpg 1087w\" sizes=\"auto, (max-width: 1024px) 100vw, 1024px\" \/><\/a>\n\t\t\t<\/div><\/figure><figure class='gallery-item'>\n\t\t\t<div class='gallery-icon landscape'>\n\t\t\t\t<a href='https:\/\/d2p6e6u75xmxt8.cloudfront.net\/6\/2022\/07\/ThomasMaheux_Gandia_Team_Skoda_111617.jpg'><img loading=\"lazy\" decoding=\"async\" width=\"1024\" height=\"682\" src=\"https:\/\/d2p6e6u75xmxt8.cloudfront.net\/6\/2022\/07\/ThomasMaheux_Gandia_Team_Skoda_111617-1024x682.jpg\" class=\"attachment-large size-large\" alt=\"\" srcset=\"https:\/\/d2p6e6u75xmxt8.cloudfront.net\/6\/2022\/07\/ThomasMaheux_Gandia_Team_Skoda_111617-1024x682.jpg 1024w, https:\/\/d2p6e6u75xmxt8.cloudfront.net\/6\/2022\/07\/ThomasMaheux_Gandia_Team_Skoda_111617-300x200.jpg 300w, https:\/\/d2p6e6u75xmxt8.cloudfront.net\/6\/2022\/07\/ThomasMaheux_Gandia_Team_Skoda_111617-768x512.jpg 768w, https:\/\/d2p6e6u75xmxt8.cloudfront.net\/6\/2022\/07\/ThomasMaheux_Gandia_Team_Skoda_111617-272x182.jpg 272w, https:\/\/d2p6e6u75xmxt8.cloudfront.net\/6\/2022\/07\/ThomasMaheux_Gandia_Team_Skoda_111617.jpg 1097w\" sizes=\"auto, (max-width: 1024px) 100vw, 1024px\" \/><\/a>\n\t\t\t<\/div><\/figure>\n\t\t<\/div>\n\n<div class=\"mceTemp\"><\/div>\n<p>No mucha gente se da cuenta de lo decisivos que son los coches y su equipo para el \u00e9xito individual de los corredores. Una ca\u00edda, un pinchazo, el fr\u00edo y la sed o el hambre abordados demasiado tarde cuestan al equipo los preciosos segundos necesarios para el podio. &#8220;Hay que tener veh\u00edculos fiables con una tripulaci\u00f3n que siga al equipo durante toda la temporada y que sepa lo que necesita cada corredor en cuanto a equipamiento y nutrici\u00f3n. Todo tiene que estar empaquetado de forma eficaz y listo para ser utilizado en caso de que alguien se caiga, por ejemplo&#8221;, explica el Sr. Lauke.<\/p>\n<p>Al hablar de la conducci\u00f3n entre todo el ca\u00f3tico tr\u00e1fico de la carrera, el Sr. Lauke entiende lo esencial que es estar familiarizado con el funcionamiento interno del pelot\u00f3n, ya que fue ciclista profesional entre 1997 y 2004. &#8220;En mi opini\u00f3n, es importante que los conductores sean antiguos ciclistas. Porque es dif\u00edcil anticipar los movimientos de un pelot\u00f3n de varios centenares de corredores, que reacciona de forma diferente en determinadas situaciones.&#8221;<\/p>\n<p>&#8220;En primer lugar, creo que no debes estar estresado mientras est\u00e1s sentado en el coche del equipo. Eres responsable de los atletas en las bicicletas, que no tienen todas las medidas de seguridad que ofrece el coche. As\u00ed que el estr\u00e9s no es una buena parte de estar en el coche. Pero las situaciones m\u00e1s tensas son probablemente cuando quieres seguir a un grupo de escapada, por lo que tienes que pasar a cientos de ciclistas en condiciones bastante estrechas. Hay que prestar m\u00e1s atenci\u00f3n&#8221;, observ\u00f3.<\/p>\n<figure id=\"attachment_9098\" aria-describedby=\"caption-attachment-9098\" style=\"width: 1029px\" class=\"wp-caption alignnone\"><a href=\"https:\/\/d2p6e6u75xmxt8.cloudfront.net\/6\/2022\/07\/CANYON__SRAM_Cars-3.jpg\"><img loading=\"lazy\" decoding=\"async\" class=\"wp-image-9098 size-full\" src=\"https:\/\/d2p6e6u75xmxt8.cloudfront.net\/6\/2022\/07\/CANYON__SRAM_Cars-3.jpg\" alt=\"\u0160koda Team Car\" width=\"1029\" height=\"686\" srcset=\"https:\/\/d2p6e6u75xmxt8.cloudfront.net\/6\/2022\/07\/CANYON__SRAM_Cars-3.jpg 1029w, https:\/\/d2p6e6u75xmxt8.cloudfront.net\/6\/2022\/07\/CANYON__SRAM_Cars-3-300x200.jpg 300w, https:\/\/d2p6e6u75xmxt8.cloudfront.net\/6\/2022\/07\/CANYON__SRAM_Cars-3-1024x683.jpg 1024w, https:\/\/d2p6e6u75xmxt8.cloudfront.net\/6\/2022\/07\/CANYON__SRAM_Cars-3-768x512.jpg 768w, https:\/\/d2p6e6u75xmxt8.cloudfront.net\/6\/2022\/07\/CANYON__SRAM_Cars-3-272x182.jpg 272w\" sizes=\"auto, (max-width: 1029px) 100vw, 1029px\" \/><\/a><figcaption id=\"caption-attachment-9098\" class=\"wp-caption-text\">Cada a\u00f1o que pasa, los preparativos del Tour son m\u00e1s rigurosos para las tripulaciones de los coches de los equipos, pero los corredores siempre pueden confiar plenamente en ellos y centrarse en su rendimiento. \u00a9 Thomas Maheux<\/figcaption><\/figure>\n<p>CANYON\/\/SRAM Racing es un grupo profesional, diverso y pionero de mujeres, con corredoras estrella como <a href=\"https:\/\/www.welovecycling.com\/es\/2022\/05\/27\/kasia-niewiadoma\/\">Katarzyna Niewiadoma<\/a> y Tiffany Cromwell, creado como plataforma para aquellas que se esfuerzan por alcanzar su mejor marca personal con el apoyo total de un personal experimentado y formado y de expertos dentro y fuera de la bicicleta. Cada a\u00f1o, el equipo tambi\u00e9n busca nuevos talentos incorporando a su plantilla al ganador de la Academia Zwift. Dado que el Sr. Lauke ha sido fundamental en estos esfuerzos y es un viejo defensor del ciclismo femenino, est\u00e1 naturalmente entusiasmado con Le Tour Femmes.<\/p>\n<p>&#8220;Es un nuevo hito. Creo que las ciclistas han invertido muchas horas, d\u00edas y meses sobre la bicicleta; tambi\u00e9n sudor, sufrimiento y dolor. Es bonito verlas por fin competir en la mayor plataforma posible. [Todo el equipo est\u00e1 muy contento de que esto ocurra. Es incre\u00edble que podamos mostrar a los actuales y futuros aficionados a este deporte lo emotivo que es. Es un gran momento de la temporada&#8221;, concluy\u00f3 el Sr. Lauke.<\/p>\n","protected":false},"excerpt":{"rendered":"<p>Durante la Grande Boucle, muchos canales de televisi\u00f3n y de deportes en las redes sociales est\u00e1n ansiosos por conocer los [&hellip;]<\/p>\n","protected":false},"author":29,"featured_media":9100,"comment_status":"open","ping_status":"open","sticky":false,"template":"","format":"standard","meta":{"footnotes":""},"categories":[7],"tags":[2177,570,2174],"global-categories":[],"class_list":["post-9096","post","type-post","status-publish","format-standard","has-post-thumbnail","hentry","category-carretera","tag-tour-2022","tag-tour-de-francia-femenino","tag-tour-francia-femmes"],"yoast_head":"<!-- This site is optimized with the Yoast SEO Premium plugin v25.3 (Yoast SEO v25.9) - https:\/\/yoast.com\/wordpress\/plugins\/seo\/ -->\n<title>Inside Tour de France \u0160koda Team Cars - We Love Cycling Magazine<\/title>\n<meta name=\"description\" content=\"El coche del CANYON-SRAM. As\u00ed son por dentro los coches de los equipos profesionales del Tour de Francia Femmes.\" \/>\n<meta name=\"robots\" content=\"index, follow, max-snippet:-1, max-image-preview:large, max-video-preview:-1\" \/>\n<link rel=\"canonical\" href=\"https:\/\/www.welovecycling.com\/es\/2022\/07\/15\/coche-canyon-sram\/\" \/>\n<meta property=\"og:locale\" content=\"es_ES\" \/>\n<meta property=\"og:type\" content=\"article\" \/>\n<meta property=\"og:title\" content=\"Dentro del Tour, el coche del CANYON-SRAM\" \/>\n<meta property=\"og:description\" content=\"El coche del CANYON-SRAM. As\u00ed son por dentro los coches de los equipos profesionales del Tour de Francia Femmes.\" \/>\n<meta property=\"og:url\" content=\"https:\/\/www.welovecycling.com\/es\/2022\/07\/15\/coche-canyon-sram\/\" \/>\n<meta property=\"og:site_name\" content=\"\u0160koda We Love Cycling - Spain\" \/>\n<meta property=\"article:published_time\" content=\"2022-07-15T10:57:56+00:00\" \/>\n<meta property=\"og:image\" content=\"https:\/\/d2p6e6u75xmxt8.cloudfront.net\/6\/2022\/07\/SKODA-CANYON_SRAM-CVR.jpg\" \/>\n\t<meta property=\"og:image:width\" content=\"990\" \/>\n\t<meta property=\"og:image:height\" content=\"660\" \/>\n\t<meta property=\"og:image:type\" content=\"image\/jpeg\" \/>\n<meta name=\"author\" content=\"We Love Cycling Spain\" \/>\n<meta name=\"twitter:card\" content=\"summary_large_image\" \/>\n<meta name=\"twitter:title\" content=\"Dentro del Tour, el coche del CANYON-SRAM\" \/>\n<meta name=\"twitter:description\" content=\"El coche del CANYON-SRAM. As\u00ed son por dentro los coches de los equipos profesionales del Tour de Francia Femmes.\" \/>\n<meta name=\"twitter:label1\" content=\"Written by\" \/>\n\t<meta name=\"twitter:data1\" content=\"We Love Cycling\" \/>\n\t<meta name=\"twitter:label2\" content=\"Est. reading time\" \/>\n\t<meta name=\"twitter:data2\" content=\"6\" \/>\n<script type=\"application\/ld+json\" class=\"yoast-schema-graph\">{\"@context\":\"https:\/\/schema.org\",\"@graph\":[{\"@type\":\"WebPage\",\"@id\":\"https:\/\/www.welovecycling.com\/es\/2022\/07\/15\/coche-canyon-sram\/\",\"url\":\"https:\/\/www.welovecycling.com\/es\/2022\/07\/15\/coche-canyon-sram\/\",\"name\":\"Inside Tour de France \u0160koda Team Cars - We Love Cycling Magazine\",\"isPartOf\":{\"@id\":\"https:\/\/www.welovecycling.com\/es\/#website\"},\"primaryImageOfPage\":{\"@id\":\"https:\/\/www.welovecycling.com\/es\/2022\/07\/15\/coche-canyon-sram\/#primaryimage\"},\"image\":{\"@id\":\"https:\/\/www.welovecycling.com\/es\/2022\/07\/15\/coche-canyon-sram\/#primaryimage\"},\"thumbnailUrl\":\"https:\/\/d2p6e6u75xmxt8.cloudfront.net\/6\/2022\/07\/SKODA-CANYON_SRAM-CVR.jpg\",\"datePublished\":\"2022-07-15T10:57:56+00:00\",\"author\":{\"@id\":\"https:\/\/www.welovecycling.com\/es\/#\/schema\/person\/deb61715b5812698ee79fb96f343ccd4\"},\"description\":\"El coche del CANYON-SRAM. As\u00ed son por dentro los coches de los equipos profesionales del Tour de Francia Femmes.\",\"breadcrumb\":{\"@id\":\"https:\/\/www.welovecycling.com\/es\/2022\/07\/15\/coche-canyon-sram\/#breadcrumb\"},\"inLanguage\":\"es-ES\",\"potentialAction\":[{\"@type\":\"ReadAction\",\"target\":[\"https:\/\/www.welovecycling.com\/es\/2022\/07\/15\/coche-canyon-sram\/\"]}]},{\"@type\":\"ImageObject\",\"inLanguage\":\"es-ES\",\"@id\":\"https:\/\/www.welovecycling.com\/es\/2022\/07\/15\/coche-canyon-sram\/#primaryimage\",\"url\":\"https:\/\/d2p6e6u75xmxt8.cloudfront.net\/6\/2022\/07\/SKODA-CANYON_SRAM-CVR.jpg\",\"contentUrl\":\"https:\/\/d2p6e6u75xmxt8.cloudfront.net\/6\/2022\/07\/SKODA-CANYON_SRAM-CVR.jpg\",\"width\":990,\"height\":660,\"caption\":\"\u0160koda SUPERB iV\"},{\"@type\":\"BreadcrumbList\",\"@id\":\"https:\/\/www.welovecycling.com\/es\/2022\/07\/15\/coche-canyon-sram\/#breadcrumb\",\"itemListElement\":[{\"@type\":\"ListItem\",\"position\":1,\"name\":\"Home\",\"item\":\"https:\/\/www.welovecycling.com\/es\/\"},{\"@type\":\"ListItem\",\"position\":2,\"name\":\"Dentro del Tour, el coche del CANYON-SRAM\"}]},{\"@type\":\"WebSite\",\"@id\":\"https:\/\/www.welovecycling.com\/es\/#website\",\"url\":\"https:\/\/www.welovecycling.com\/es\/\",\"name\":\"\u0160koda We Love Cycling - Spain\",\"description\":\"\u0160koda WeLoveCycling Spain\",\"potentialAction\":[{\"@type\":\"SearchAction\",\"target\":{\"@type\":\"EntryPoint\",\"urlTemplate\":\"https:\/\/www.welovecycling.com\/es\/?s={search_term_string}\"},\"query-input\":{\"@type\":\"PropertyValueSpecification\",\"valueRequired\":true,\"valueName\":\"search_term_string\"}}],\"inLanguage\":\"es-ES\"},{\"@type\":\"Person\",\"@id\":\"https:\/\/www.welovecycling.com\/es\/#\/schema\/person\/deb61715b5812698ee79fb96f343ccd4\",\"name\":\"We Love Cycling Spain\",\"image\":{\"@type\":\"ImageObject\",\"inLanguage\":\"es-ES\",\"@id\":\"https:\/\/www.welovecycling.com\/es\/#\/schema\/person\/image\/\",\"url\":\"https:\/\/secure.gravatar.com\/avatar\/c824b04e6df0e37a03219d0b6481672889df542894588964102459e46513159c?s=96&d=mm&r=g\",\"contentUrl\":\"https:\/\/secure.gravatar.com\/avatar\/c824b04e6df0e37a03219d0b6481672889df542894588964102459e46513159c?s=96&d=mm&r=g\",\"caption\":\"We Love Cycling Spain\"},\"url\":\"https:\/\/www.welovecycling.com\/es\/author\/amunoz\/\"}]}<\/script>\n<!-- \/ Yoast SEO Premium plugin. -->","yoast_head_json":{"title":"Inside Tour de France \u0160koda Team Cars - We Love Cycling Magazine","description":"El coche del CANYON-SRAM. As\u00ed son por dentro los coches de los equipos profesionales del Tour de Francia Femmes.","robots":{"index":"index","follow":"follow","max-snippet":"max-snippet:-1","max-image-preview":"max-image-preview:large","max-video-preview":"max-video-preview:-1"},"canonical":"https:\/\/www.welovecycling.com\/es\/2022\/07\/15\/coche-canyon-sram\/","og_locale":"es_ES","og_type":"article","og_title":"Dentro del Tour, el coche del CANYON-SRAM","og_description":"El coche del CANYON-SRAM. As\u00ed son por dentro los coches de los equipos profesionales del Tour de Francia Femmes.","og_url":"https:\/\/www.welovecycling.com\/es\/2022\/07\/15\/coche-canyon-sram\/","og_site_name":"\u0160koda We Love Cycling - Spain","article_published_time":"2022-07-15T10:57:56+00:00","og_image":[{"width":990,"height":660,"url":"https:\/\/d2p6e6u75xmxt8.cloudfront.net\/6\/2022\/07\/SKODA-CANYON_SRAM-CVR.jpg","type":"image\/jpeg"}],"author":"We Love Cycling Spain","twitter_card":"summary_large_image","twitter_title":"Dentro del Tour, el coche del CANYON-SRAM","twitter_description":"El coche del CANYON-SRAM. As\u00ed son por dentro los coches de los equipos profesionales del Tour de Francia Femmes.","twitter_misc":{"Written by":"We Love Cycling","Est. reading time":"6"},"schema":{"@context":"https:\/\/schema.org","@graph":[{"@type":"WebPage","@id":"https:\/\/www.welovecycling.com\/es\/2022\/07\/15\/coche-canyon-sram\/","url":"https:\/\/www.welovecycling.com\/es\/2022\/07\/15\/coche-canyon-sram\/","name":"Inside Tour de France \u0160koda Team Cars - We Love Cycling Magazine","isPartOf":{"@id":"https:\/\/www.welovecycling.com\/es\/#website"},"primaryImageOfPage":{"@id":"https:\/\/www.welovecycling.com\/es\/2022\/07\/15\/coche-canyon-sram\/#primaryimage"},"image":{"@id":"https:\/\/www.welovecycling.com\/es\/2022\/07\/15\/coche-canyon-sram\/#primaryimage"},"thumbnailUrl":"https:\/\/d2p6e6u75xmxt8.cloudfront.net\/6\/2022\/07\/SKODA-CANYON_SRAM-CVR.jpg","datePublished":"2022-07-15T10:57:56+00:00","author":{"@id":"https:\/\/www.welovecycling.com\/es\/#\/schema\/person\/deb61715b5812698ee79fb96f343ccd4"},"description":"El coche del CANYON-SRAM. As\u00ed son por dentro los coches de los equipos profesionales del Tour de Francia Femmes.","breadcrumb":{"@id":"https:\/\/www.welovecycling.com\/es\/2022\/07\/15\/coche-canyon-sram\/#breadcrumb"},"inLanguage":"es-ES","potentialAction":[{"@type":"ReadAction","target":["https:\/\/www.welovecycling.com\/es\/2022\/07\/15\/coche-canyon-sram\/"]}]},{"@type":"ImageObject","inLanguage":"es-ES","@id":"https:\/\/www.welovecycling.com\/es\/2022\/07\/15\/coche-canyon-sram\/#primaryimage","url":"https:\/\/d2p6e6u75xmxt8.cloudfront.net\/6\/2022\/07\/SKODA-CANYON_SRAM-CVR.jpg","contentUrl":"https:\/\/d2p6e6u75xmxt8.cloudfront.net\/6\/2022\/07\/SKODA-CANYON_SRAM-CVR.jpg","width":990,"height":660,"caption":"\u0160koda SUPERB iV"},{"@type":"BreadcrumbList","@id":"https:\/\/www.welovecycling.com\/es\/2022\/07\/15\/coche-canyon-sram\/#breadcrumb","itemListElement":[{"@type":"ListItem","position":1,"name":"Home","item":"https:\/\/www.welovecycling.com\/es\/"},{"@type":"ListItem","position":2,"name":"Dentro del Tour, el coche del CANYON-SRAM"}]},{"@type":"WebSite","@id":"https:\/\/www.welovecycling.com\/es\/#website","url":"https:\/\/www.welovecycling.com\/es\/","name":"\u0160koda We Love Cycling - Spain","description":"\u0160koda WeLoveCycling Spain","potentialAction":[{"@type":"SearchAction","target":{"@type":"EntryPoint","urlTemplate":"https:\/\/www.welovecycling.com\/es\/?s={search_term_string}"},"query-input":{"@type":"PropertyValueSpecification","valueRequired":true,"valueName":"search_term_string"}}],"inLanguage":"es-ES"},{"@type":"Person","@id":"https:\/\/www.welovecycling.com\/es\/#\/schema\/person\/deb61715b5812698ee79fb96f343ccd4","name":"We Love Cycling Spain","image":{"@type":"ImageObject","inLanguage":"es-ES","@id":"https:\/\/www.welovecycling.com\/es\/#\/schema\/person\/image\/","url":"https:\/\/secure.gravatar.com\/avatar\/c824b04e6df0e37a03219d0b6481672889df542894588964102459e46513159c?s=96&d=mm&r=g","contentUrl":"https:\/\/secure.gravatar.com\/avatar\/c824b04e6df0e37a03219d0b6481672889df542894588964102459e46513159c?s=96&d=mm&r=g","caption":"We Love Cycling Spain"},"url":"https:\/\/www.welovecycling.com\/es\/author\/amunoz\/"}]}},"_links":{"self":[{"href":"https:\/\/www.welovecycling.com\/es\/wp-json\/wp\/v2\/posts\/9096","targetHints":{"allow":["GET"]}}],"collection":[{"href":"https:\/\/www.welovecycling.com\/es\/wp-json\/wp\/v2\/posts"}],"about":[{"href":"https:\/\/www.welovecycling.com\/es\/wp-json\/wp\/v2\/types\/post"}],"author":[{"embeddable":true,"href":"https:\/\/www.welovecycling.com\/es\/wp-json\/wp\/v2\/users\/29"}],"replies":[{"embeddable":true,"href":"https:\/\/www.welovecycling.com\/es\/wp-json\/wp\/v2\/comments?post=9096"}],"version-history":[{"count":2,"href":"https:\/\/www.welovecycling.com\/es\/wp-json\/wp\/v2\/posts\/9096\/revisions"}],"predecessor-version":[{"id":9101,"href":"https:\/\/www.welovecycling.com\/es\/wp-json\/wp\/v2\/posts\/9096\/revisions\/9101"}],"wp:featuredmedia":[{"embeddable":true,"href":"https:\/\/www.welovecycling.com\/es\/wp-json\/wp\/v2\/media\/9100"}],"wp:attachment":[{"href":"https:\/\/www.welovecycling.com\/es\/wp-json\/wp\/v2\/media?parent=9096"}],"wp:term":[{"taxonomy":"category","embeddable":true,"href":"https:\/\/www.welovecycling.com\/es\/wp-json\/wp\/v2\/categories?post=9096"},{"taxonomy":"post_tag","embeddable":true,"href":"https:\/\/www.welovecycling.com\/es\/wp-json\/wp\/v2\/tags?post=9096"},{"taxonomy":"global-categories","embeddable":true,"href":"https:\/\/www.welovecycling.com\/es\/wp-json\/wp\/v2\/global-categories?post=9096"}],"curies":[{"name":"wp","href":"https:\/\/api.w.org\/{rel}","templated":true}]}}