{"id":9087,"date":"2022-07-11T10:58:02","date_gmt":"2022-07-11T08:58:02","guid":{"rendered":"https:\/\/www.welovecycling.com\/es\/?p=9087"},"modified":"2022-07-11T11:02:34","modified_gmt":"2022-07-11T09:02:34","slug":"la-debilidad-de-pogacar","status":"publish","type":"post","link":"https:\/\/www.welovecycling.com\/es\/2022\/07\/11\/la-debilidad-de-pogacar\/","title":{"rendered":"Tour de Francia en Alpes. En busca de la debilidad de Pogacar"},"content":{"rendered":"<p><strong>En las primeras nueve etapas del Tour de Francia 2022 ha habido: Contrarreloj corta, adoquines de Roubaix, etapas largas de m\u00e1s de 200 kil\u00f3metros, etapas con viento, llegadas en repechos cortos y explosivos, llegadas en puertos duros con sterrato, puertos largos y finales en bajada. Pues bien, en todos los terrenos ha dominado con maestr\u00eda un ciclista esloveno. Ahora llega la alt\u00edmisima monta\u00f1a en los Alpes y sus rivales est\u00e1n buscando la &#8216;debilidad&#8217; de Pogacar (si es que la tiene, claro).<\/strong><\/p>\n<p><!--more--><\/p>\n<p>Este a\u00f1o el Tour decidi\u00f3 que en sus primeras nueve etapas (quedan 11 efectivas por disputarse, porque la 12 es el paseo por Par\u00eds) hubiese un terreno variado en el que los equipos fuertes pudiesen plantar cara a Tadej Pogacar. Los adoquines de<strong><a href=\"https:\/\/www.welovecycling.com\/es\/2022\/04\/19\/paris-roubaix\/\"> Roubaix<\/a> camino de Arenberg<\/strong> eran una invitaci\u00f3n clara al Jumbo Visma de Van Aert y al Ineos de Van Baarle (quiz\u00e1s los dos mejores especialistas del pelot\u00f3n) a buscarle las vueltas al UAE de Pogacar, que ademas hab\u00eda perdido por Covid a Trentin, su mejor adoquinero.<\/p>\n<p>No hace falta que os explique lo que pas\u00f3, porque lo pudisteis ver todos por televisi\u00f3n. El Jumbo Visma se desarbol\u00f3 despu\u00e9s de la ca\u00edda de <strong>Roglic y la aver\u00eda de Vingegaard<\/strong> y bastante tuvo con echar mano de Van Aert para no perder una minutada. El Ineos, con Van Baarle y cuatro aspirantes, <strong>Thomas, Yates, Pidcock y Daniel Felipe<\/strong>, se pas\u00f3 la \u00faltima parte de los adoquines persiguiendo. \u00bfEn busca de qui\u00e9n iban? Pues de Pogacar, que \u00e9l solo, sin equipo, decidi\u00f3 arrancar junto a Jasper Stuyven (uno de los que comen adoquines para desayunar) y marcharse por delante de todos los favoritos en los adoquines. La ventaja con Vingegaard y los Ineos estuvo en un minuto, aunque se acab\u00f3 reduciendo a 15 segundos en meta. No fue tanto el beneficio en tiempo, sino las sensaciones de que el &#8216;ni\u00f1o&#8217; prodigio del ciclismo estaba m\u00e1s fuerte que nadie y tambi\u00e9n dominaba el \u00fanico terreno que le faltaba por &#8216;pisar&#8217; en competici\u00f3n.<\/p>\n<p><img loading=\"lazy\" decoding=\"async\" class=\"alignnone size-extra-large\" src=\"https:\/\/img.aso.fr\/core_app\/img-cycling-tdf-jpg\/echappee-3\/40122\/0:0,1200:800-1000-0-70\/95494\" width=\"1000\" height=\"667\" \/><\/p>\n<p>Si entre 2020 y 2021 Pogacar ya hab\u00eda dejado claro que era capaz de ganar en casi cualquier sitio, <strong>Lieja-Bastogne- Lieja, Giro de Lombardia, Tirreno-Adri\u00e1tico, Tour de Francia, medalla ol\u00edmpica, contrarreloj, alta monta\u00f1a.<\/strong>.. en este 2022 ha dominado el sterrato en Strade, los adoquines de Flandes (aunque no ganase) y ahora las piedras de Roubaix, las m\u00e1s complicadas del mundo. Va camino de ser un Merckx-Hinault (pese a que el franc\u00e9s odiaba la Paris-Roubaix)<\/p>\n<p>Los adoquines de <strong>Roubaix<\/strong> se cobraron dos &#8216;victimas&#8217; ilustres. Roglic, que se volvi\u00f3 a caer y perdi\u00f3 dos minutos. Y O&#8217;Connor, que se dej\u00f3 m\u00e1s de cuatro y todas las opciones de meterse en el podio. El australiano hab\u00eda sido el \u00fanico en aguantar a la dupla de Jumbo Visma en Dauphine y llegaba con la vitola de su cuarto puesto en Par\u00eds en 2021.<\/p>\n<h2><strong>Repechos y media monta\u00f1a<\/strong><\/h2>\n<p>Con Pogacar como dominador claro, llegaban cuatro etapas para que Jumbo e Ineos jugasen sus bazas de equipos potentes y le buscaran las vueltas al UAE del esloveno. Pues bien, nada de nada. Los holandeses solo jugaron al despiste con <strong>Van Aert (al belga tambi\u00e9n le despitaron, ojo)<\/strong>. El d\u00eda de Lonwgy con una escapada lejana en la que acab\u00f3 trabajando \u00e9l solo y en la media monta\u00f1a suiza camino del domingo tambi\u00e9n en fuga, pero sin ning\u00fan movimiento trasero de sus l\u00edderes. Es cierto que en el repecho final de Lonwgy arranc\u00f3 <strong>Roglic,<\/strong> para que le rematase Pogacar, que en el final en la Planche des Belles Filles atac\u00f3 en los \u00faltimos 150 metros <strong>Vingegaard<\/strong>, para que&#8230; adivinen, le rematase tambi\u00e9n Pogacar. Y que en la llegada a Lausana no hicieron trabajar antes a Van Aert&#8230; y fue el belga el que gan\u00f3 a un Pogacar que estaba esperando a Matthews para devolverle los favores al <strong>Bike Exchange<\/strong>.<\/p>\n<figure style=\"width: 1000px\" class=\"wp-caption alignnone\"><img loading=\"lazy\" decoding=\"async\" src=\"https:\/\/img.aso.fr\/core_app\/img-cycling-tdf-jpg\/arrivee\/40741\/0:0,1200:800-1000-0-70\/729fe\" alt=\"\" width=\"1000\" height=\"667\" \/><figcaption class=\"wp-caption-text\">Van Aert con el &#8216;verde&#8217;, el otro protagonista del Tour.<\/figcaption><\/figure>\n<p>Si lo de Jumbo ha sido, extra\u00f1o, por definirlo de alguna manera, lo de Ineos es m\u00e1s sencillo de resumir. En la octava etapa ten\u00eda a cuatro corredores a menos de dos minutos de Pogacar, Geraint Thomas, Adam Yates, Tom Pidcock y Daniel Felipe Mart\u00ednez. Suficiente, al menos, para jugar alguna de las bazas en una escapada lejana por las monta\u00f1as suizas, como hizo Rigobert Ur\u00e1n. Pues bien, el que se meti\u00f3 en la fuga fue Castroviejo y Mart\u00ednez explot\u00f3 en el \u00faltimo puerto para perder m\u00e1s de 16 minutos. Uno menos para jugar.<\/p>\n<h2><strong>Granon, Galibier y Alpe d&#8217;Huez<\/strong><\/h2>\n<p>En esta segunda semana de Tour llega la alt\u00edsima monta\u00f1a, algo que todav\u00eda no &#8216;hemos degustado&#8217; (No, la Planche des Belles Filles no es alta monta\u00f1a). Puertos largos, esfuerzos de m\u00e1s de una hora, m\u00e1s de 2.000 metros de altitud y puertos finales duros que se afrontan con m\u00e1s de 3.500 metros de desnivel en las piernas. <strong>Vingegaard, el aspirante, dice que ese tipo de monta\u00f1as son las que mejor le vienen<\/strong>, que va a hacer calor y que se adapta muy bien y que solo ha perdido 35 segundos con Pogacar en la general. Tambi\u00e9n que tiene a todo el Jumbo a su disposici\u00f3n (otra cosa es que acierten a utilizarlo) y que claro, que no es cuesti\u00f3n de arriesgar antes.<\/p>\n<p>As\u00ed que parece que los holandeses van a volver a jugar a eso de poner ritmo fuerte en carrera,\u00a0 esperar al \u00faltimo puerto para soltar a todos los UAE, lanzar a <strong>Roglic por delante<\/strong> (si es que est\u00e1 para eso) y esperar que Vingegaard encuentre la debilidad de Pogacar y le suelte de rueda. Esto \u00faltimo no parece lo m\u00e1s probable que vaya a suceder, pero Jumbo suele jugar as\u00ed.<\/p>\n<p>Lo cierto es que terreno hay de sobra para optar por otras formas de afrontar la carrera. No solo Jumbo, sino tambi\u00e9n Ineos.\u00a0 La etapa del martes 12 de julio es corta, solo 150 kil\u00f3metros, pero no hay ninguno llano y discurre por los Alpes. Puertos cortos y no demasiado duros, en los que se puede meter velocidad y hacer trabajar a los equipos. Y un final en <strong>Megeve despu\u00e9s de 20 kil\u00f3metros de subida al 4%<\/strong>.<\/p>\n<p>La alt\u00edmisima monta\u00f1a de Alpes se resumen en dos d\u00edas. El mi\u00e9rcoles<strong> 13 de julio Jumbo e Ineos<\/strong> tienen el puerto de paso m\u00e1s duro del ciclismo, <strong>Galibier por Telegraphe,<\/strong> para intentar romper la carrera. 32 kil\u00f3metros de ascensi\u00f3n (con los 3 de bajada hacia Valloire incluidos) para salvar m\u00e1s de 2.000 metros de desnivel. Los \u00faltimos diez kil\u00f3metros van casi todos por encima de los 2.000 metros y siempre a m\u00e1s del 8%. Larga bajada sin complicaciones t\u00e9cnicas hasta Serre Chevalier y una ascensi\u00f3n dur\u00edsima al<strong> Col du Granon de m\u00e1s de 10 kil\u00f3metros al 9,3% de media y sin ning\u00fan descanso.<\/strong><\/p>\n<p><img loading=\"lazy\" decoding=\"async\" class=\"alignnone size-extra-large\" src=\"https:\/\/img.aso.fr\/core_app\/img-cycling-tdf-jpg\/11\/35671\/0:0,1500:904-960-0-90\/b6d09\" width=\"960\" height=\"579\" \/>Y al d\u00eda siguiente una jornada m\u00edtica del Tour y de la historia del ciclismo. Los tres puertos <a href=\"https:\/\/www.letour.fr\/es\/etapa-12\">con m\u00e1s nombre de los Alpes.<\/a> El encadenado, <strong>Galibier (por Lautaret), Croix de Fer y Alpe d\u00b4Huez<\/strong> con salida en Briancon. Hasta a alguien que no le gusta esto de las bicicletas esperar\u00eda que pasasen grandes cosas este d\u00eda. Es sin duda la etapa reina de este Tour, con sus casi 5.000 metros de desnivel, todos de alta monta\u00f1a y solo dos tramos &#8216;llanos&#8217; los enlaces entre Galibier y Croix de Fer y entre este \u00faltimo Alpe d&#8217;Huez. 20 llanos de 165 kil\u00f3metros totales. No est\u00e1 mal el escenario.<\/p>\n<p><img loading=\"lazy\" decoding=\"async\" class=\"alignnone size-extra-large\" src=\"https:\/\/img.aso.fr\/core_app\/img-cycling-tdf-jpg\/12\/35670\/0:0,1500:904-960-0-90\/295bb\" width=\"960\" height=\"579\" \/><\/p>\n<p>Despu\u00e9s de los Alpes queda una jornada de media monta\u00f1a camino de Saint Etienne, en la que previsiblemente volver\u00e1n los velocistas (y Van Aert, que le da a todo y querr\u00e1 asegurar su<a href=\"https:\/\/www.welovecycling.com\/es\/2022\/06\/28\/favoritos-para-el-maillot-verde-skoda-del-tour-2022\/\"> maillot verde \u0160koda<\/a>). El s\u00e1bado 16 de julio se llega a <a href=\"https:\/\/www.letour.fr\/es\/etapa-14\">Mend\u00e9<\/a> despu\u00e9s de atravesar el Macizo Central. Eso supone cuatro puertos de tercera, un mill\u00f3n de repechos escondidos, 192 kil\u00f3metros, m\u00e1s de 4.000 metros de desnivel y un final de tres kil\u00f3metros al 10% que lleva el apellido de Laurent Jalabert. Si eres veterano en esto de ver el Tour sabr\u00e1s que en 1995 la <strong>Once de Jalabert (y Manolo Saiz)<\/strong> pusieron contra la cuerdas (un poquito solo) al todopoderoso Miguel Indurain en una etapa similar. No tiene por qu\u00e9 suceder lo mismo, pero terreno hay para jugar, sobre todo porque el domingo 17 de julio, solo hay una etapa llana con final en Carcassone a la espera de los Pirineos.<\/p>\n<p>&#8220;Y llegado al final solo has hablado de tres equipos, UAE, Jumbo Visma e Ineos. Que <strong>Enric M\u00e1s<\/strong> est\u00e1 ah\u00ed&#8221;. Pues eso, est\u00e1 ah\u00ed, pero ni \u00e9l ni Movistar parecen dispuestos a buscar alguna debilidad de Pogacar ni a jugar otras opciones que esperar a que se vayan &#8216;cayendo&#8217; rivales (el Covid est\u00e1 haciendo estragos) y aspirar al podio en Par\u00eds. Que, ojo, estar ah\u00ed en la alta monta\u00f1a y resistir 20 d\u00edas de Tour de Francia tiene mucho m\u00e9rito y m\u00e1s si el premio es salir en la foto de los Campos El\u00edseos (con un porr\u00f3n de puntos Pro Tour incluidos), pero de cara al gui\u00f3n de la carrera es un papel poco relevante.<\/p>\n","protected":false},"excerpt":{"rendered":"<p>En las primeras nueve etapas del Tour de Francia 2022 ha habido: Contrarreloj corta, adoquines de Roubaix, etapas largas de [&hellip;]<\/p>\n","protected":false},"author":29,"featured_media":9090,"comment_status":"open","ping_status":"open","sticky":false,"template":"","format":"standard","meta":{"footnotes":""},"categories":[7],"tags":[],"global-categories":[1164],"class_list":["post-9087","post","type-post","status-publish","format-standard","has-post-thumbnail","hentry","category-carretera","global-categories-cycling"],"yoast_head":"<!-- This site is optimized with the Yoast SEO Premium plugin v25.3 (Yoast SEO v25.9) - https:\/\/yoast.com\/wordpress\/plugins\/seo\/ -->\n<title>Tour de Francia en Alpes. En busca de la debilidad de Pogacar<\/title>\n<meta name=\"description\" content=\"Tour de Francia en Alpes. En busca de la debilidad de Pogacar. \u00bfPueden el Jumbo Visma y el Ineos cambiar el gui\u00f3n de este Tour?\" \/>\n<meta name=\"robots\" content=\"index, follow, max-snippet:-1, max-image-preview:large, max-video-preview:-1\" \/>\n<link rel=\"canonical\" href=\"https:\/\/www.welovecycling.com\/es\/2022\/07\/11\/la-debilidad-de-pogacar\/\" \/>\n<meta property=\"og:locale\" content=\"es_ES\" \/>\n<meta property=\"og:type\" content=\"article\" \/>\n<meta property=\"og:title\" content=\"Tour de Francia en Alpes. En busca de la debilidad de Pogacar\" \/>\n<meta property=\"og:description\" content=\"Tour de Francia en Alpes. En busca de la debilidad de Pogacar. \u00bfPueden el Jumbo Visma y el Ineos cambiar el gui\u00f3n de este Tour?\" \/>\n<meta property=\"og:url\" content=\"https:\/\/www.welovecycling.com\/es\/2022\/07\/11\/la-debilidad-de-pogacar\/\" \/>\n<meta property=\"og:site_name\" content=\"\u0160koda We Love Cycling - Spain\" \/>\n<meta property=\"article:published_time\" content=\"2022-07-11T08:58:02+00:00\" \/>\n<meta property=\"article:modified_time\" content=\"2022-07-11T09:02:34+00:00\" \/>\n<meta property=\"og:image\" content=\"https:\/\/d2p6e6u75xmxt8.cloudfront.net\/6\/2022\/07\/Pogacar_Vingegaard.jpg\" \/>\n\t<meta property=\"og:image:width\" content=\"1000\" \/>\n\t<meta property=\"og:image:height\" content=\"665\" \/>\n\t<meta property=\"og:image:type\" content=\"image\/jpeg\" \/>\n<meta name=\"author\" content=\"We Love Cycling Spain\" \/>\n<meta name=\"twitter:card\" content=\"summary_large_image\" \/>\n<meta name=\"twitter:title\" content=\"Tour de Francia en Alpes. En busca de la debilidad de Pogacar\" \/>\n<meta name=\"twitter:description\" content=\"Tour de Francia en Alpes. En busca de la debilidad de Pogacar. \u00bfPueden el Jumbo Visma y el Ineos cambiar el gui\u00f3n de este Tour?\" \/>\n<meta name=\"twitter:label1\" content=\"Written by\" \/>\n\t<meta name=\"twitter:data1\" content=\"Luis Ortega @Ciclored\" \/>\n\t<meta name=\"twitter:label2\" content=\"Est. reading time\" \/>\n\t<meta name=\"twitter:data2\" content=\"8 minutes\" \/>\n<script type=\"application\/ld+json\" class=\"yoast-schema-graph\">{\"@context\":\"https:\/\/schema.org\",\"@graph\":[{\"@type\":\"WebPage\",\"@id\":\"https:\/\/www.welovecycling.com\/es\/2022\/07\/11\/la-debilidad-de-pogacar\/\",\"url\":\"https:\/\/www.welovecycling.com\/es\/2022\/07\/11\/la-debilidad-de-pogacar\/\",\"name\":\"Tour de Francia en Alpes. En busca de la debilidad de Pogacar\",\"isPartOf\":{\"@id\":\"https:\/\/www.welovecycling.com\/es\/#website\"},\"primaryImageOfPage\":{\"@id\":\"https:\/\/www.welovecycling.com\/es\/2022\/07\/11\/la-debilidad-de-pogacar\/#primaryimage\"},\"image\":{\"@id\":\"https:\/\/www.welovecycling.com\/es\/2022\/07\/11\/la-debilidad-de-pogacar\/#primaryimage\"},\"thumbnailUrl\":\"https:\/\/d2p6e6u75xmxt8.cloudfront.net\/6\/2022\/07\/Pogacar_Vingegaard.jpg\",\"datePublished\":\"2022-07-11T08:58:02+00:00\",\"dateModified\":\"2022-07-11T09:02:34+00:00\",\"author\":{\"@id\":\"https:\/\/www.welovecycling.com\/es\/#\/schema\/person\/deb61715b5812698ee79fb96f343ccd4\"},\"description\":\"Tour de Francia en Alpes. En busca de la debilidad de Pogacar. \u00bfPueden el Jumbo Visma y el Ineos cambiar el gui\u00f3n de este Tour?\",\"breadcrumb\":{\"@id\":\"https:\/\/www.welovecycling.com\/es\/2022\/07\/11\/la-debilidad-de-pogacar\/#breadcrumb\"},\"inLanguage\":\"es-ES\",\"potentialAction\":[{\"@type\":\"ReadAction\",\"target\":[\"https:\/\/www.welovecycling.com\/es\/2022\/07\/11\/la-debilidad-de-pogacar\/\"]}]},{\"@type\":\"ImageObject\",\"inLanguage\":\"es-ES\",\"@id\":\"https:\/\/www.welovecycling.com\/es\/2022\/07\/11\/la-debilidad-de-pogacar\/#primaryimage\",\"url\":\"https:\/\/d2p6e6u75xmxt8.cloudfront.net\/6\/2022\/07\/Pogacar_Vingegaard.jpg\",\"contentUrl\":\"https:\/\/d2p6e6u75xmxt8.cloudfront.net\/6\/2022\/07\/Pogacar_Vingegaard.jpg\",\"width\":1000,\"height\":665},{\"@type\":\"BreadcrumbList\",\"@id\":\"https:\/\/www.welovecycling.com\/es\/2022\/07\/11\/la-debilidad-de-pogacar\/#breadcrumb\",\"itemListElement\":[{\"@type\":\"ListItem\",\"position\":1,\"name\":\"Home\",\"item\":\"https:\/\/www.welovecycling.com\/es\/\"},{\"@type\":\"ListItem\",\"position\":2,\"name\":\"Tour de Francia en Alpes. En busca de la debilidad de Pogacar\"}]},{\"@type\":\"WebSite\",\"@id\":\"https:\/\/www.welovecycling.com\/es\/#website\",\"url\":\"https:\/\/www.welovecycling.com\/es\/\",\"name\":\"\u0160koda We Love Cycling - Spain\",\"description\":\"\u0160koda WeLoveCycling Spain\",\"potentialAction\":[{\"@type\":\"SearchAction\",\"target\":{\"@type\":\"EntryPoint\",\"urlTemplate\":\"https:\/\/www.welovecycling.com\/es\/?s={search_term_string}\"},\"query-input\":{\"@type\":\"PropertyValueSpecification\",\"valueRequired\":true,\"valueName\":\"search_term_string\"}}],\"inLanguage\":\"es-ES\"},{\"@type\":\"Person\",\"@id\":\"https:\/\/www.welovecycling.com\/es\/#\/schema\/person\/deb61715b5812698ee79fb96f343ccd4\",\"name\":\"We Love Cycling Spain\",\"image\":{\"@type\":\"ImageObject\",\"inLanguage\":\"es-ES\",\"@id\":\"https:\/\/www.welovecycling.com\/es\/#\/schema\/person\/image\/\",\"url\":\"https:\/\/secure.gravatar.com\/avatar\/c824b04e6df0e37a03219d0b6481672889df542894588964102459e46513159c?s=96&d=mm&r=g\",\"contentUrl\":\"https:\/\/secure.gravatar.com\/avatar\/c824b04e6df0e37a03219d0b6481672889df542894588964102459e46513159c?s=96&d=mm&r=g\",\"caption\":\"We Love Cycling Spain\"},\"url\":\"https:\/\/www.welovecycling.com\/es\/author\/amunoz\/\"}]}<\/script>\n<!-- \/ Yoast SEO Premium plugin. -->","yoast_head_json":{"title":"Tour de Francia en Alpes. En busca de la debilidad de Pogacar","description":"Tour de Francia en Alpes. En busca de la debilidad de Pogacar. \u00bfPueden el Jumbo Visma y el Ineos cambiar el gui\u00f3n de este Tour?","robots":{"index":"index","follow":"follow","max-snippet":"max-snippet:-1","max-image-preview":"max-image-preview:large","max-video-preview":"max-video-preview:-1"},"canonical":"https:\/\/www.welovecycling.com\/es\/2022\/07\/11\/la-debilidad-de-pogacar\/","og_locale":"es_ES","og_type":"article","og_title":"Tour de Francia en Alpes. En busca de la debilidad de Pogacar","og_description":"Tour de Francia en Alpes. En busca de la debilidad de Pogacar. \u00bfPueden el Jumbo Visma y el Ineos cambiar el gui\u00f3n de este Tour?","og_url":"https:\/\/www.welovecycling.com\/es\/2022\/07\/11\/la-debilidad-de-pogacar\/","og_site_name":"\u0160koda We Love Cycling - Spain","article_published_time":"2022-07-11T08:58:02+00:00","article_modified_time":"2022-07-11T09:02:34+00:00","og_image":[{"width":1000,"height":665,"url":"https:\/\/d2p6e6u75xmxt8.cloudfront.net\/6\/2022\/07\/Pogacar_Vingegaard.jpg","type":"image\/jpeg"}],"author":"We Love Cycling Spain","twitter_card":"summary_large_image","twitter_title":"Tour de Francia en Alpes. En busca de la debilidad de Pogacar","twitter_description":"Tour de Francia en Alpes. En busca de la debilidad de Pogacar. \u00bfPueden el Jumbo Visma y el Ineos cambiar el gui\u00f3n de este Tour?","twitter_misc":{"Written by":"Luis Ortega @Ciclored","Est. reading time":"8 minutes"},"schema":{"@context":"https:\/\/schema.org","@graph":[{"@type":"WebPage","@id":"https:\/\/www.welovecycling.com\/es\/2022\/07\/11\/la-debilidad-de-pogacar\/","url":"https:\/\/www.welovecycling.com\/es\/2022\/07\/11\/la-debilidad-de-pogacar\/","name":"Tour de Francia en Alpes. En busca de la debilidad de Pogacar","isPartOf":{"@id":"https:\/\/www.welovecycling.com\/es\/#website"},"primaryImageOfPage":{"@id":"https:\/\/www.welovecycling.com\/es\/2022\/07\/11\/la-debilidad-de-pogacar\/#primaryimage"},"image":{"@id":"https:\/\/www.welovecycling.com\/es\/2022\/07\/11\/la-debilidad-de-pogacar\/#primaryimage"},"thumbnailUrl":"https:\/\/d2p6e6u75xmxt8.cloudfront.net\/6\/2022\/07\/Pogacar_Vingegaard.jpg","datePublished":"2022-07-11T08:58:02+00:00","dateModified":"2022-07-11T09:02:34+00:00","author":{"@id":"https:\/\/www.welovecycling.com\/es\/#\/schema\/person\/deb61715b5812698ee79fb96f343ccd4"},"description":"Tour de Francia en Alpes. En busca de la debilidad de Pogacar. \u00bfPueden el Jumbo Visma y el Ineos cambiar el gui\u00f3n de este Tour?","breadcrumb":{"@id":"https:\/\/www.welovecycling.com\/es\/2022\/07\/11\/la-debilidad-de-pogacar\/#breadcrumb"},"inLanguage":"es-ES","potentialAction":[{"@type":"ReadAction","target":["https:\/\/www.welovecycling.com\/es\/2022\/07\/11\/la-debilidad-de-pogacar\/"]}]},{"@type":"ImageObject","inLanguage":"es-ES","@id":"https:\/\/www.welovecycling.com\/es\/2022\/07\/11\/la-debilidad-de-pogacar\/#primaryimage","url":"https:\/\/d2p6e6u75xmxt8.cloudfront.net\/6\/2022\/07\/Pogacar_Vingegaard.jpg","contentUrl":"https:\/\/d2p6e6u75xmxt8.cloudfront.net\/6\/2022\/07\/Pogacar_Vingegaard.jpg","width":1000,"height":665},{"@type":"BreadcrumbList","@id":"https:\/\/www.welovecycling.com\/es\/2022\/07\/11\/la-debilidad-de-pogacar\/#breadcrumb","itemListElement":[{"@type":"ListItem","position":1,"name":"Home","item":"https:\/\/www.welovecycling.com\/es\/"},{"@type":"ListItem","position":2,"name":"Tour de Francia en Alpes. En busca de la debilidad de Pogacar"}]},{"@type":"WebSite","@id":"https:\/\/www.welovecycling.com\/es\/#website","url":"https:\/\/www.welovecycling.com\/es\/","name":"\u0160koda We Love Cycling - Spain","description":"\u0160koda WeLoveCycling Spain","potentialAction":[{"@type":"SearchAction","target":{"@type":"EntryPoint","urlTemplate":"https:\/\/www.welovecycling.com\/es\/?s={search_term_string}"},"query-input":{"@type":"PropertyValueSpecification","valueRequired":true,"valueName":"search_term_string"}}],"inLanguage":"es-ES"},{"@type":"Person","@id":"https:\/\/www.welovecycling.com\/es\/#\/schema\/person\/deb61715b5812698ee79fb96f343ccd4","name":"We Love Cycling Spain","image":{"@type":"ImageObject","inLanguage":"es-ES","@id":"https:\/\/www.welovecycling.com\/es\/#\/schema\/person\/image\/","url":"https:\/\/secure.gravatar.com\/avatar\/c824b04e6df0e37a03219d0b6481672889df542894588964102459e46513159c?s=96&d=mm&r=g","contentUrl":"https:\/\/secure.gravatar.com\/avatar\/c824b04e6df0e37a03219d0b6481672889df542894588964102459e46513159c?s=96&d=mm&r=g","caption":"We Love Cycling Spain"},"url":"https:\/\/www.welovecycling.com\/es\/author\/amunoz\/"}]}},"_links":{"self":[{"href":"https:\/\/www.welovecycling.com\/es\/wp-json\/wp\/v2\/posts\/9087","targetHints":{"allow":["GET"]}}],"collection":[{"href":"https:\/\/www.welovecycling.com\/es\/wp-json\/wp\/v2\/posts"}],"about":[{"href":"https:\/\/www.welovecycling.com\/es\/wp-json\/wp\/v2\/types\/post"}],"author":[{"embeddable":true,"href":"https:\/\/www.welovecycling.com\/es\/wp-json\/wp\/v2\/users\/29"}],"replies":[{"embeddable":true,"href":"https:\/\/www.welovecycling.com\/es\/wp-json\/wp\/v2\/comments?post=9087"}],"version-history":[{"count":2,"href":"https:\/\/www.welovecycling.com\/es\/wp-json\/wp\/v2\/posts\/9087\/revisions"}],"predecessor-version":[{"id":9093,"href":"https:\/\/www.welovecycling.com\/es\/wp-json\/wp\/v2\/posts\/9087\/revisions\/9093"}],"wp:featuredmedia":[{"embeddable":true,"href":"https:\/\/www.welovecycling.com\/es\/wp-json\/wp\/v2\/media\/9090"}],"wp:attachment":[{"href":"https:\/\/www.welovecycling.com\/es\/wp-json\/wp\/v2\/media?parent=9087"}],"wp:term":[{"taxonomy":"category","embeddable":true,"href":"https:\/\/www.welovecycling.com\/es\/wp-json\/wp\/v2\/categories?post=9087"},{"taxonomy":"post_tag","embeddable":true,"href":"https:\/\/www.welovecycling.com\/es\/wp-json\/wp\/v2\/tags?post=9087"},{"taxonomy":"global-categories","embeddable":true,"href":"https:\/\/www.welovecycling.com\/es\/wp-json\/wp\/v2\/global-categories?post=9087"}],"curies":[{"name":"wp","href":"https:\/\/api.w.org\/{rel}","templated":true}]}}