{"id":9081,"date":"2022-07-13T09:06:34","date_gmt":"2022-07-13T07:06:34","guid":{"rendered":"https:\/\/www.welovecycling.com\/es\/?p=9081"},"modified":"2022-07-11T09:22:41","modified_gmt":"2022-07-11T07:22:41","slug":"origen-tour-francia","status":"publish","type":"post","link":"https:\/\/www.welovecycling.com\/es\/2022\/07\/13\/origen-tour-francia\/","title":{"rendered":"El origen del Tour de Francia. Una guerra period\u00edstica"},"content":{"rendered":"<p><strong>El primer Tour de Francia se celebr\u00f3 hace m\u00e1s de 100 a\u00f1os, en 1903. \u00bfSabe por qu\u00e9 se celebr\u00f3 la carrera y qui\u00e9n tuvo la idea de que los ciclistas recorrieran toda Francia? \u00bfCu\u00e1l fue el origen del Tour de Francia?<\/strong><\/p>\n<p><!--more--><\/p>\n<p>La historia comienza a principios del siglo XX con dos peri\u00f3dicos franceses que compiten por los lectores. El redactor jefe del peri\u00f3dico ciclista Le V\u00e9lo, Pierre Giffard, ten\u00eda opiniones pol\u00edticas diferentes a las de uno de los principales patrocinadores del peri\u00f3dico, Jules-Albert Dion. Ambos se situaban en bandos opuestos en el caso Dreyfus. Alfred Dreyfus era un jud\u00edo alsaciano al que se le inculp\u00f3 con pruebas fabricadas y se le conden\u00f3 a cadena perpetua por pasar supuestamente secretos a los alemanes. Este asunto dividi\u00f3 a Francia, la parte conservadora quer\u00eda que fuera condenado, mientras que los progresistas quer\u00edan que fuera exonerado. Jules-Albert Dion decidi\u00f3 dejar de apoyar a Le V\u00e9lo y crear un nuevo peri\u00f3dico llamado L&#8217;Auto-V\u00e9lo para expulsar a Le V\u00e9lo de Pierre Giffard.<\/p>\n<p><a href=\"https:\/\/www.welovecycling.com\/es\/2021\/07\/10\/historia-maillots-tour\/\">Henri Desgrange<\/a> fue elegido como editor del nuevo peri\u00f3dico L&#8217;Auto-V\u00e9lo. Henri Desgrange era un hombre con mucho talento, era abogado, promotor de ciclismo y antiguo competidor. Estableci\u00f3 el primer r\u00e9cord mundial de la hora con 35.325 kil\u00f3metros en 1893. Escribi\u00f3 un exitoso libro sobre las carreras, Head and Legs. Y tambi\u00e9n dirigi\u00f3 un vel\u00f3dromo que apenas fue mencionado por Giffard, lo que fue una motivaci\u00f3n m\u00e1s para que tuviera \u00e9xito con L&#8217;Auto-V\u00e9lo.<\/p>\n<figure id=\"attachment_9082\" aria-describedby=\"caption-attachment-9082\" style=\"width: 1000px\" class=\"wp-caption alignnone\"><a href=\"https:\/\/d2p6e6u75xmxt8.cloudfront.net\/6\/2022\/07\/Henri-Desgrange-profimedia-0287458553.jpg\"><img loading=\"lazy\" decoding=\"async\" class=\"size-full wp-image-9082\" src=\"https:\/\/d2p6e6u75xmxt8.cloudfront.net\/6\/2022\/07\/Henri-Desgrange-profimedia-0287458553.jpg\" alt=\"Henri Desgrange\" width=\"1000\" height=\"715\" srcset=\"https:\/\/d2p6e6u75xmxt8.cloudfront.net\/6\/2022\/07\/Henri-Desgrange-profimedia-0287458553.jpg 1000w, https:\/\/d2p6e6u75xmxt8.cloudfront.net\/6\/2022\/07\/Henri-Desgrange-profimedia-0287458553-300x215.jpg 300w, https:\/\/d2p6e6u75xmxt8.cloudfront.net\/6\/2022\/07\/Henri-Desgrange-profimedia-0287458553-768x549.jpg 768w\" sizes=\"auto, (max-width: 1000px) 100vw, 1000px\" \/><\/a><figcaption id=\"caption-attachment-9082\" class=\"wp-caption-text\">Henri Desgrange con Gino Bartali en 1930. \u00a9 Profimedia<\/figcaption><\/figure>\n<p>&nbsp;<\/p>\n<p>En 1900, el primer n\u00famero de L&#8217;Auto-V\u00e9lo sali\u00f3 impreso en papel amarillo para diferenciarse del papel verde de Le V\u00e9lo. Le V\u00e9lo se apresur\u00f3 a demandar a la nueva revista por plagio, alegando que hab\u00edan elegido un nombre demasiado parecido. Le V\u00e9lo gan\u00f3 la demanda y L&#8217;Auto-V\u00e9lo se vio obligado a cambiar de nombre a L&#8217;Auto, lo que supuso el primer golpe para el nuevo peri\u00f3dico. Con el paso del tiempo, L&#8217;Auto sigui\u00f3 perdiendo la batalla por los lectores de deportes con el m\u00e1s establecido Le V\u00e9lo. Necesitaban algo grande para atraer a los aficionados al ciclismo.<\/p>\n<p>En noviembre de 1902, Desgrange convoc\u00f3 a su personal principal a un almuerzo de emergencia para pensar en ideas que pudieran revitalizar el peri\u00f3dico y darle una ventaja. G\u00e9orges Lef\u00e8vre, un escritor que cubr\u00eda el ciclismo y el rugby, lleg\u00f3 preparado y se dio la conversaci\u00f3n que ser\u00eda el origen del Tour de Francia.<\/p>\n<p><strong>G\u00e9orges Lef\u00e8vre:<\/strong> &#8220;Vamos a organizar una carrera que dure varios d\u00edas m\u00e1s que cualquier otra. Como las de seis d\u00edas en pista, pero en carretera. Nuestras grandes ciudades acoger\u00e1n a los corredores&#8221;.<\/p>\n<p><strong>Henri Desgrange:<\/strong> &#8220;Si te he entendido bien, petit G\u00e9o, \u00bfpropones un Tour de Francia?&#8221;<\/p>\n<p><strong>G\u00e9orges Lef\u00e8vre:<\/strong> &#8220;S\u00ed, \u00bfpor qu\u00e9 no?&#8221;<\/p>\n<p><strong>Henri Desgrange:<\/strong> &#8220;Se lo preguntar\u00e9 a Victor&#8221;.<\/p>\n<p>Al parecer, Desgrange se atribuy\u00f3 la idea cuando propuso la carrera al interventor de L&#8217;Auto, Victor Goddet. Goddet, para sorpresa de Desgrange, aprob\u00f3 la idea, a pesar de los enormes costes que supondr\u00eda. Comprendi\u00f3 el valor promocional de esta propuesta \u00e9pica.<\/p>\n<p>La p\u00e9rdida de la demanda por plagio y el descenso del n\u00famero de lectores dieron a L&#8217;Auto razones para proceder con rapidez a la carrera con el fin de promocionar la revista entre los aficionados al ciclismo. Las otras revistas deportivas ten\u00edan sus propias carreras, pero la idea de Lef\u00e8vre superar\u00eda por completo a estas otras carreras en cuanto a alcance y atractivo.<\/p>\n<p>El 19 de enero de 1903, L&#8217;Auto anunci\u00f3 la mayor carrera ciclista que abarcar\u00eda 2.428 km en 6 etapas, del 31 de mayo al 5 de julio. Sin asistencia, sin entrenadores, sin masajistas para que todos los corredores tuvieran las mismas condiciones. Era el origen del Tour de Francia.<\/p>\n<p>S\u00f3lo hubo 15 inscripciones para esta monstruosa carrera una semana antes de la salida. Henri actu\u00f3 r\u00e1pidamente. Traslad\u00f3 la fecha de salida al 19 de julio y prometi\u00f3 5 francos por d\u00eda para los 50 primeros corredores y aument\u00f3 la bolsa de premios a 20.000 francos. Pronto tiene un pelot\u00f3n de 60 competidores dispuestos a dar espect\u00e1culo, 49 franceses, 4 belgas, 4 suizos, 2 alemanes y 1 ciclista italiano. S\u00f3lo 21 de ellos son ciclistas profesionales y muchos de ellos ni siquiera son competidores a tiempo completo. La mayor\u00eda de los participantes son simplemente aventureros o desempleados.<\/p>\n<p>Henri Desgrange se muestra esc\u00e9ptico ante toda esta arriesgada empresa y permanece escondido en la oficina del peri\u00f3dico el primer d\u00eda de la carrera. G\u00e9o Lef\u00e8vre es el verdadero h\u00e9roe de <a href=\"https:\/\/es.wikipedia.org\/wiki\/L%27%C3%89quipe\">L&#8217;Auto (despu\u00e9s L&#8217;Equipe).<\/a> Sigue toda la carrera, unas veces en bicicleta, otras en coche o cogiendo trenes para no perderse ni un solo control. Se convierte en director de la carrera, comisario y reportero a la vez.<\/p>\n<p>La carrera se convierte en una sensaci\u00f3n. Cientos de miles de aficionados salen a la calle para animar a los corredores en su agotador recorrido y m\u00e1s de 20.000 esperan en el vel\u00f3dromo de Par\u00eds en la l\u00ednea de meta. L&#8217;Auto se aprovecha del \u00e9xito y casi triplica su n\u00famero de lectores durante la carrera.<\/p>\n<p>S\u00f3lo hace falta un a\u00f1o m\u00e1s para que L&#8217;Auto domine por completo el mundo del ciclismo con el \u00e9xito del Tour de Francia y haga quebrar a su competidor Le V\u00e9lo. Pierre Giffard pierde la batalla de los peri\u00f3dicos de ciclismo y con ello su puesto de trabajo. No pasa mucho tiempo y Henri Desgrange le ofrece un puesto de reportero de ciclismo en su creciente revista L&#8217;Auto.<\/p>\n","protected":false},"excerpt":{"rendered":"<p>El primer Tour de Francia se celebr\u00f3 hace m\u00e1s de 100 a\u00f1os, en 1903. \u00bfSabe por qu\u00e9 se celebr\u00f3 la [&hellip;]<\/p>\n","protected":false},"author":29,"featured_media":9084,"comment_status":"open","ping_status":"open","sticky":false,"template":"","format":"standard","meta":{"footnotes":""},"categories":[7],"tags":[2177,1108],"global-categories":[],"class_list":["post-9081","post","type-post","status-publish","format-standard","has-post-thumbnail","hentry","category-carretera","tag-tour-2022","tag-tour-francia"],"yoast_head":"<!-- This site is optimized with the Yoast SEO Premium plugin v25.3 (Yoast SEO v25.9) - https:\/\/yoast.com\/wordpress\/plugins\/seo\/ -->\n<title>El origen del Tour de Francia. Una guerra period\u00edstica - \u0160koda We Love Cycling - Spain<\/title>\n<meta name=\"description\" content=\"El origen del Tour de Francia. Una guerra period\u00edstica. La pelea entre dos peri\u00f3dicos por encontrar lectores dio lugar al Tour.\" \/>\n<meta name=\"robots\" content=\"index, follow, max-snippet:-1, max-image-preview:large, max-video-preview:-1\" \/>\n<link rel=\"canonical\" href=\"https:\/\/www.welovecycling.com\/es\/2022\/07\/13\/origen-tour-francia\/\" \/>\n<meta property=\"og:locale\" content=\"es_ES\" \/>\n<meta property=\"og:type\" content=\"article\" \/>\n<meta property=\"og:title\" content=\"El origen del Tour de Francia. Una guerra period\u00edstica\" \/>\n<meta property=\"og:description\" content=\"El origen del Tour de Francia. Una guerra period\u00edstica. La pelea entre dos peri\u00f3dicos por encontrar lectores dio lugar al Tour.\" \/>\n<meta property=\"og:url\" content=\"https:\/\/www.welovecycling.com\/es\/2022\/07\/13\/origen-tour-francia\/\" \/>\n<meta property=\"og:site_name\" content=\"\u0160koda We Love Cycling - Spain\" \/>\n<meta property=\"article:published_time\" content=\"2022-07-13T07:06:34+00:00\" \/>\n<meta property=\"og:image\" content=\"https:\/\/d2p6e6u75xmxt8.cloudfront.net\/6\/2022\/07\/1905-Tour-profimedia-0067934122-CVR.jpg\" \/>\n\t<meta property=\"og:image:width\" content=\"990\" \/>\n\t<meta property=\"og:image:height\" content=\"660\" \/>\n\t<meta property=\"og:image:type\" content=\"image\/jpeg\" \/>\n<meta name=\"author\" content=\"We Love Cycling Spain\" \/>\n<meta name=\"twitter:card\" content=\"summary_large_image\" \/>\n<meta name=\"twitter:title\" content=\"El origen del Tour de Francia. Una guerra period\u00edstica\" \/>\n<meta name=\"twitter:description\" content=\"El origen del Tour de Francia. Una guerra period\u00edstica. La pelea entre dos peri\u00f3dicos por encontrar lectores dio lugar al Tour.\" \/>\n<meta name=\"twitter:label1\" content=\"Written by\" \/>\n\t<meta name=\"twitter:data1\" content=\"Jiri Kaloc\" \/>\n\t<meta name=\"twitter:label2\" content=\"Est. reading time\" \/>\n\t<meta name=\"twitter:data2\" content=\"5\" \/>\n<script type=\"application\/ld+json\" class=\"yoast-schema-graph\">{\"@context\":\"https:\/\/schema.org\",\"@graph\":[{\"@type\":\"WebPage\",\"@id\":\"https:\/\/www.welovecycling.com\/es\/2022\/07\/13\/origen-tour-francia\/\",\"url\":\"https:\/\/www.welovecycling.com\/es\/2022\/07\/13\/origen-tour-francia\/\",\"name\":\"El origen del Tour de Francia. Una guerra period\u00edstica - \u0160koda We Love Cycling - Spain\",\"isPartOf\":{\"@id\":\"https:\/\/www.welovecycling.com\/es\/#website\"},\"primaryImageOfPage\":{\"@id\":\"https:\/\/www.welovecycling.com\/es\/2022\/07\/13\/origen-tour-francia\/#primaryimage\"},\"image\":{\"@id\":\"https:\/\/www.welovecycling.com\/es\/2022\/07\/13\/origen-tour-francia\/#primaryimage\"},\"thumbnailUrl\":\"https:\/\/d2p6e6u75xmxt8.cloudfront.net\/6\/2022\/07\/1905-Tour-profimedia-0067934122-CVR.jpg\",\"datePublished\":\"2022-07-13T07:06:34+00:00\",\"author\":{\"@id\":\"https:\/\/www.welovecycling.com\/es\/#\/schema\/person\/deb61715b5812698ee79fb96f343ccd4\"},\"description\":\"El origen del Tour de Francia. Una guerra period\u00edstica. La pelea entre dos peri\u00f3dicos por encontrar lectores dio lugar al Tour.\",\"breadcrumb\":{\"@id\":\"https:\/\/www.welovecycling.com\/es\/2022\/07\/13\/origen-tour-francia\/#breadcrumb\"},\"inLanguage\":\"es-ES\",\"potentialAction\":[{\"@type\":\"ReadAction\",\"target\":[\"https:\/\/www.welovecycling.com\/es\/2022\/07\/13\/origen-tour-francia\/\"]}]},{\"@type\":\"ImageObject\",\"inLanguage\":\"es-ES\",\"@id\":\"https:\/\/www.welovecycling.com\/es\/2022\/07\/13\/origen-tour-francia\/#primaryimage\",\"url\":\"https:\/\/d2p6e6u75xmxt8.cloudfront.net\/6\/2022\/07\/1905-Tour-profimedia-0067934122-CVR.jpg\",\"contentUrl\":\"https:\/\/d2p6e6u75xmxt8.cloudfront.net\/6\/2022\/07\/1905-Tour-profimedia-0067934122-CVR.jpg\",\"width\":990,\"height\":660,\"caption\":\"1905 Tour\"},{\"@type\":\"BreadcrumbList\",\"@id\":\"https:\/\/www.welovecycling.com\/es\/2022\/07\/13\/origen-tour-francia\/#breadcrumb\",\"itemListElement\":[{\"@type\":\"ListItem\",\"position\":1,\"name\":\"Home\",\"item\":\"https:\/\/www.welovecycling.com\/es\/\"},{\"@type\":\"ListItem\",\"position\":2,\"name\":\"El origen del Tour de Francia. Una guerra period\u00edstica\"}]},{\"@type\":\"WebSite\",\"@id\":\"https:\/\/www.welovecycling.com\/es\/#website\",\"url\":\"https:\/\/www.welovecycling.com\/es\/\",\"name\":\"\u0160koda We Love Cycling - Spain\",\"description\":\"\u0160koda WeLoveCycling Spain\",\"potentialAction\":[{\"@type\":\"SearchAction\",\"target\":{\"@type\":\"EntryPoint\",\"urlTemplate\":\"https:\/\/www.welovecycling.com\/es\/?s={search_term_string}\"},\"query-input\":{\"@type\":\"PropertyValueSpecification\",\"valueRequired\":true,\"valueName\":\"search_term_string\"}}],\"inLanguage\":\"es-ES\"},{\"@type\":\"Person\",\"@id\":\"https:\/\/www.welovecycling.com\/es\/#\/schema\/person\/deb61715b5812698ee79fb96f343ccd4\",\"name\":\"We Love Cycling Spain\",\"image\":{\"@type\":\"ImageObject\",\"inLanguage\":\"es-ES\",\"@id\":\"https:\/\/www.welovecycling.com\/es\/#\/schema\/person\/image\/\",\"url\":\"https:\/\/secure.gravatar.com\/avatar\/c824b04e6df0e37a03219d0b6481672889df542894588964102459e46513159c?s=96&d=mm&r=g\",\"contentUrl\":\"https:\/\/secure.gravatar.com\/avatar\/c824b04e6df0e37a03219d0b6481672889df542894588964102459e46513159c?s=96&d=mm&r=g\",\"caption\":\"We Love Cycling Spain\"},\"url\":\"https:\/\/www.welovecycling.com\/es\/author\/amunoz\/\"}]}<\/script>\n<!-- \/ Yoast SEO Premium plugin. -->","yoast_head_json":{"title":"El origen del Tour de Francia. Una guerra period\u00edstica - \u0160koda We Love Cycling - Spain","description":"El origen del Tour de Francia. Una guerra period\u00edstica. La pelea entre dos peri\u00f3dicos por encontrar lectores dio lugar al Tour.","robots":{"index":"index","follow":"follow","max-snippet":"max-snippet:-1","max-image-preview":"max-image-preview:large","max-video-preview":"max-video-preview:-1"},"canonical":"https:\/\/www.welovecycling.com\/es\/2022\/07\/13\/origen-tour-francia\/","og_locale":"es_ES","og_type":"article","og_title":"El origen del Tour de Francia. Una guerra period\u00edstica","og_description":"El origen del Tour de Francia. Una guerra period\u00edstica. La pelea entre dos peri\u00f3dicos por encontrar lectores dio lugar al Tour.","og_url":"https:\/\/www.welovecycling.com\/es\/2022\/07\/13\/origen-tour-francia\/","og_site_name":"\u0160koda We Love Cycling - Spain","article_published_time":"2022-07-13T07:06:34+00:00","og_image":[{"width":990,"height":660,"url":"https:\/\/d2p6e6u75xmxt8.cloudfront.net\/6\/2022\/07\/1905-Tour-profimedia-0067934122-CVR.jpg","type":"image\/jpeg"}],"author":"We Love Cycling Spain","twitter_card":"summary_large_image","twitter_title":"El origen del Tour de Francia. Una guerra period\u00edstica","twitter_description":"El origen del Tour de Francia. Una guerra period\u00edstica. La pelea entre dos peri\u00f3dicos por encontrar lectores dio lugar al Tour.","twitter_misc":{"Written by":"Jiri Kaloc","Est. reading time":"5"},"schema":{"@context":"https:\/\/schema.org","@graph":[{"@type":"WebPage","@id":"https:\/\/www.welovecycling.com\/es\/2022\/07\/13\/origen-tour-francia\/","url":"https:\/\/www.welovecycling.com\/es\/2022\/07\/13\/origen-tour-francia\/","name":"El origen del Tour de Francia. Una guerra period\u00edstica - \u0160koda We Love Cycling - Spain","isPartOf":{"@id":"https:\/\/www.welovecycling.com\/es\/#website"},"primaryImageOfPage":{"@id":"https:\/\/www.welovecycling.com\/es\/2022\/07\/13\/origen-tour-francia\/#primaryimage"},"image":{"@id":"https:\/\/www.welovecycling.com\/es\/2022\/07\/13\/origen-tour-francia\/#primaryimage"},"thumbnailUrl":"https:\/\/d2p6e6u75xmxt8.cloudfront.net\/6\/2022\/07\/1905-Tour-profimedia-0067934122-CVR.jpg","datePublished":"2022-07-13T07:06:34+00:00","author":{"@id":"https:\/\/www.welovecycling.com\/es\/#\/schema\/person\/deb61715b5812698ee79fb96f343ccd4"},"description":"El origen del Tour de Francia. Una guerra period\u00edstica. La pelea entre dos peri\u00f3dicos por encontrar lectores dio lugar al Tour.","breadcrumb":{"@id":"https:\/\/www.welovecycling.com\/es\/2022\/07\/13\/origen-tour-francia\/#breadcrumb"},"inLanguage":"es-ES","potentialAction":[{"@type":"ReadAction","target":["https:\/\/www.welovecycling.com\/es\/2022\/07\/13\/origen-tour-francia\/"]}]},{"@type":"ImageObject","inLanguage":"es-ES","@id":"https:\/\/www.welovecycling.com\/es\/2022\/07\/13\/origen-tour-francia\/#primaryimage","url":"https:\/\/d2p6e6u75xmxt8.cloudfront.net\/6\/2022\/07\/1905-Tour-profimedia-0067934122-CVR.jpg","contentUrl":"https:\/\/d2p6e6u75xmxt8.cloudfront.net\/6\/2022\/07\/1905-Tour-profimedia-0067934122-CVR.jpg","width":990,"height":660,"caption":"1905 Tour"},{"@type":"BreadcrumbList","@id":"https:\/\/www.welovecycling.com\/es\/2022\/07\/13\/origen-tour-francia\/#breadcrumb","itemListElement":[{"@type":"ListItem","position":1,"name":"Home","item":"https:\/\/www.welovecycling.com\/es\/"},{"@type":"ListItem","position":2,"name":"El origen del Tour de Francia. Una guerra period\u00edstica"}]},{"@type":"WebSite","@id":"https:\/\/www.welovecycling.com\/es\/#website","url":"https:\/\/www.welovecycling.com\/es\/","name":"\u0160koda We Love Cycling - Spain","description":"\u0160koda WeLoveCycling Spain","potentialAction":[{"@type":"SearchAction","target":{"@type":"EntryPoint","urlTemplate":"https:\/\/www.welovecycling.com\/es\/?s={search_term_string}"},"query-input":{"@type":"PropertyValueSpecification","valueRequired":true,"valueName":"search_term_string"}}],"inLanguage":"es-ES"},{"@type":"Person","@id":"https:\/\/www.welovecycling.com\/es\/#\/schema\/person\/deb61715b5812698ee79fb96f343ccd4","name":"We Love Cycling Spain","image":{"@type":"ImageObject","inLanguage":"es-ES","@id":"https:\/\/www.welovecycling.com\/es\/#\/schema\/person\/image\/","url":"https:\/\/secure.gravatar.com\/avatar\/c824b04e6df0e37a03219d0b6481672889df542894588964102459e46513159c?s=96&d=mm&r=g","contentUrl":"https:\/\/secure.gravatar.com\/avatar\/c824b04e6df0e37a03219d0b6481672889df542894588964102459e46513159c?s=96&d=mm&r=g","caption":"We Love Cycling Spain"},"url":"https:\/\/www.welovecycling.com\/es\/author\/amunoz\/"}]}},"_links":{"self":[{"href":"https:\/\/www.welovecycling.com\/es\/wp-json\/wp\/v2\/posts\/9081","targetHints":{"allow":["GET"]}}],"collection":[{"href":"https:\/\/www.welovecycling.com\/es\/wp-json\/wp\/v2\/posts"}],"about":[{"href":"https:\/\/www.welovecycling.com\/es\/wp-json\/wp\/v2\/types\/post"}],"author":[{"embeddable":true,"href":"https:\/\/www.welovecycling.com\/es\/wp-json\/wp\/v2\/users\/29"}],"replies":[{"embeddable":true,"href":"https:\/\/www.welovecycling.com\/es\/wp-json\/wp\/v2\/comments?post=9081"}],"version-history":[{"count":2,"href":"https:\/\/www.welovecycling.com\/es\/wp-json\/wp\/v2\/posts\/9081\/revisions"}],"predecessor-version":[{"id":9086,"href":"https:\/\/www.welovecycling.com\/es\/wp-json\/wp\/v2\/posts\/9081\/revisions\/9086"}],"wp:featuredmedia":[{"embeddable":true,"href":"https:\/\/www.welovecycling.com\/es\/wp-json\/wp\/v2\/media\/9084"}],"wp:attachment":[{"href":"https:\/\/www.welovecycling.com\/es\/wp-json\/wp\/v2\/media?parent=9081"}],"wp:term":[{"taxonomy":"category","embeddable":true,"href":"https:\/\/www.welovecycling.com\/es\/wp-json\/wp\/v2\/categories?post=9081"},{"taxonomy":"post_tag","embeddable":true,"href":"https:\/\/www.welovecycling.com\/es\/wp-json\/wp\/v2\/tags?post=9081"},{"taxonomy":"global-categories","embeddable":true,"href":"https:\/\/www.welovecycling.com\/es\/wp-json\/wp\/v2\/global-categories?post=9081"}],"curies":[{"name":"wp","href":"https:\/\/api.w.org\/{rel}","templated":true}]}}