{"id":9077,"date":"2022-07-11T09:04:51","date_gmt":"2022-07-11T07:04:51","guid":{"rendered":"https:\/\/www.welovecycling.com\/es\/?p=9077"},"modified":"2022-07-11T09:04:51","modified_gmt":"2022-07-11T07:04:51","slug":"programa-vip-skoda-tour","status":"publish","type":"post","link":"https:\/\/www.welovecycling.com\/es\/2022\/07\/11\/programa-vip-skoda-tour\/","title":{"rendered":"Programa VIP \u0160koda para el Tour: Haz realidad tu sue\u00f1o"},"content":{"rendered":"<p><strong>Codearse con los grandes del ciclismo, ver en primera fila uno de los mayores espect\u00e1culos deportivos del mundo y disfrutarlo con una bebida espumosa en la mano&#8230; \u00a1s\u00ed, se puede! As\u00ed es el programa VIP de \u0160koda para el Tour.<\/strong><\/p>\n<p><!--more--><\/p>\n<p>En primer lugar, \u00a1prep\u00e1rate para ser tratado como un aut\u00e9ntico VIP! Despu\u00e9s de tu viaje, te recibir\u00e1n, te invitar\u00e1n a cenar mientras nuestro incre\u00edble anfitri\u00f3n, Simon, te hace preguntas divertidas sobre la carrera. A continuaci\u00f3n, ser\u00e1 el momento de conocer a tus h\u00e9roes.<\/p>\n<p>\u00bfAlguna vez te has imaginado charlando con un profesional del ciclismo, haci\u00e9ndole preguntas sofisticadas y dejando una gran impresi\u00f3n? Sabemos que s\u00ed. \u00bfQui\u00e9n no lo ha hecho? Ahora tienes la oportunidad de hacer realidad este sue\u00f1o. As\u00ed que prepara tu lista y practica frente al espejo si quieres, ya que tendr\u00e1s la oportunidad de preguntar al ex campe\u00f3n del <a href=\"https:\/\/www.welovecycling.com\/es\/2021\/02\/23\/andy-schleck-consejos-ayudar-a-tu-hijo-ser-ciclista-profesional\/\">TDF Andy Schleck<\/a> cualquier duda que tengas en una sesi\u00f3n de preguntas y respuestas en directo.<\/p>\n<figure id=\"attachment_9078\" aria-describedby=\"caption-attachment-9078\" style=\"width: 1000px\" class=\"wp-caption alignnone\"><a href=\"https:\/\/d2p6e6u75xmxt8.cloudfront.net\/6\/2022\/07\/Hospitality-Programme-2022-3.jpg\"><img loading=\"lazy\" decoding=\"async\" class=\"wp-image-9078 size-full\" src=\"https:\/\/d2p6e6u75xmxt8.cloudfront.net\/6\/2022\/07\/Hospitality-Programme-2022-3.jpg\" alt=\"\u0160koda Hospitality Programme\" width=\"1000\" height=\"667\" srcset=\"https:\/\/d2p6e6u75xmxt8.cloudfront.net\/6\/2022\/07\/Hospitality-Programme-2022-3.jpg 1000w, https:\/\/d2p6e6u75xmxt8.cloudfront.net\/6\/2022\/07\/Hospitality-Programme-2022-3-300x200.jpg 300w, https:\/\/d2p6e6u75xmxt8.cloudfront.net\/6\/2022\/07\/Hospitality-Programme-2022-3-768x512.jpg 768w, https:\/\/d2p6e6u75xmxt8.cloudfront.net\/6\/2022\/07\/Hospitality-Programme-2022-3-272x182.jpg 272w\" sizes=\"auto, (max-width: 1000px) 100vw, 1000px\" \/><\/a><figcaption id=\"caption-attachment-9078\" class=\"wp-caption-text\">Formar parte del programa VIP \u0160koda para el Tour es inolvidable. \u00a9 photogomezsport<\/figcaption><\/figure>\n<p>M\u00e1s tarde, podr\u00e1s continuar la conversaci\u00f3n con los conductores P, todos ellos antiguos ciclistas profesionales, cada uno con numerosas historias que compartir de sus d\u00edas de competici\u00f3n. Estar en el coche con estas personas que saben c\u00f3mo funciona el Tour te brinda la oportunidad de tu vida. Ellos ser\u00e1n tus gu\u00edas durante todos estos d\u00edas.<\/p>\n<p>Al d\u00eda siguiente, comenzar\u00e1 con un paseo en bicicleta a primera hora, saliendo del hotel hacia el paisaje franc\u00e9s acompa\u00f1ado por tu conductor y los dem\u00e1s invitados. Todo estar\u00e1 preparado para que puedas disfrutar y el ritmo ser\u00e1 puramente agradable, adaptado a la capacidad de cada ciclista<\/p>\n<p>Finalmente&#8230; vamos a la carrera!<\/p>\n<p>Despu\u00e9s de la relajante vuelta, te llevar\u00e1n a la salida de la etapa y a la zona de hospitalidad, donde podr\u00e1s empaparte del bullicio de la carrera. Esta es tu oportunidad de echar un vistazo a los autobuses de los equipos, servirte comida y souvenirs de la carrera, y sumergirte en el ambiente de la salida de la etapa.<\/p>\n<div id='gallery-1' class='gallery galleryid-9077 gallery-columns-2 gallery-size-large'><figure class='gallery-item'>\n\t\t\t<div class='gallery-icon landscape'>\n\t\t\t\t<a href='https:\/\/d2p6e6u75xmxt8.cloudfront.net\/6\/2022\/07\/Hospitality-Programme-2022-1.jpg'><img loading=\"lazy\" decoding=\"async\" width=\"1020\" height=\"680\" src=\"https:\/\/d2p6e6u75xmxt8.cloudfront.net\/6\/2022\/07\/Hospitality-Programme-2022-1.jpg\" class=\"attachment-large size-large\" alt=\"\" srcset=\"https:\/\/d2p6e6u75xmxt8.cloudfront.net\/6\/2022\/07\/Hospitality-Programme-2022-1.jpg 1020w, https:\/\/d2p6e6u75xmxt8.cloudfront.net\/6\/2022\/07\/Hospitality-Programme-2022-1-300x200.jpg 300w, https:\/\/d2p6e6u75xmxt8.cloudfront.net\/6\/2022\/07\/Hospitality-Programme-2022-1-768x512.jpg 768w, https:\/\/d2p6e6u75xmxt8.cloudfront.net\/6\/2022\/07\/Hospitality-Programme-2022-1-272x182.jpg 272w\" sizes=\"auto, (max-width: 1020px) 100vw, 1020px\" \/><\/a>\n\t\t\t<\/div><\/figure><figure class='gallery-item'>\n\t\t\t<div class='gallery-icon landscape'>\n\t\t\t\t<a href='https:\/\/d2p6e6u75xmxt8.cloudfront.net\/6\/2022\/07\/Hospitality-Programme-2022-2.jpg'><img loading=\"lazy\" decoding=\"async\" width=\"1000\" height=\"667\" src=\"https:\/\/d2p6e6u75xmxt8.cloudfront.net\/6\/2022\/07\/Hospitality-Programme-2022-2.jpg\" class=\"attachment-large size-large\" alt=\"\" srcset=\"https:\/\/d2p6e6u75xmxt8.cloudfront.net\/6\/2022\/07\/Hospitality-Programme-2022-2.jpg 1000w, https:\/\/d2p6e6u75xmxt8.cloudfront.net\/6\/2022\/07\/Hospitality-Programme-2022-2-300x200.jpg 300w, https:\/\/d2p6e6u75xmxt8.cloudfront.net\/6\/2022\/07\/Hospitality-Programme-2022-2-768x512.jpg 768w, https:\/\/d2p6e6u75xmxt8.cloudfront.net\/6\/2022\/07\/Hospitality-Programme-2022-2-272x182.jpg 272w\" sizes=\"auto, (max-width: 1000px) 100vw, 1000px\" \/><\/a>\n\t\t\t<\/div><\/figure>\n\t\t<\/div>\n\n<p>Justo antes de que los corredores tomen la salida de la etapa, iras a tu coche del programa VIP \u0160koda del Tour para dirigirse al KM 0 (la salida oficial de la carrera). Anima a los corredores a su paso antes de&#8230; subir a un helic\u00f3ptero VIP para ver la carrera a vista de p\u00e1jaro. Creme, esto te pondr\u00e1 la piel de gallina y no lo olvidar\u00e1s jam\u00e1s.<\/p>\n<p>Tras las alturas de ensue\u00f1o del viaje en helic\u00f3ptero, volver\u00e1s a suelo franc\u00e9s para disfrutar de una de las cosas que todos amamos de Francia: \u00a1la deliciosa comida! Esta vez, se servir\u00e1 como un almuerzo de picnic. Una vez que te hayas deleitado con una comida abundante y una bebida fr\u00eda, te dirigir\u00e1s directamente a la meta para ver a los ciclistas pelear por el triunfo<\/p>\n<p>De acuerdo: tener una vista exclusiva de la l\u00ednea de meta desde la zona VIP mientras se bebe champ\u00e1n&#8230; es algo de lo que podr\u00e1s presumir toda tu vida.<\/p>\n<p>Despu\u00e9s s\u00f3lo quedar\u00e1 una cosa por hacer: digerir todas las experiencias del d\u00eda con una incre\u00edble cena servida en el hotel, dormir un poco y prepararse para una dura vuelta a la realidad. Es probable que tus amigos empiecen a odiarte muy pronto, ya que no podr\u00e1n evitar que hables de tu experiencia VIP en el Tour de Francia. Pero lo entendemos, cr\u00e9enos. No es culpa tuya.<\/p>\n","protected":false},"excerpt":{"rendered":"<p>Codearse con los grandes del ciclismo, ver en primera fila uno de los mayores espect\u00e1culos deportivos del mundo y disfrutarlo [&hellip;]<\/p>\n","protected":false},"author":29,"featured_media":9080,"comment_status":"open","ping_status":"open","sticky":false,"template":"","format":"standard","meta":{"footnotes":""},"categories":[7],"tags":[2177,557],"global-categories":[],"class_list":["post-9077","post","type-post","status-publish","format-standard","has-post-thumbnail","hentry","category-carretera","tag-tour-2022","tag-tour-de-francia"],"yoast_head":"<!-- This site is optimized with the Yoast SEO Premium plugin v25.3 (Yoast SEO v25.9) - https:\/\/yoast.com\/wordpress\/plugins\/seo\/ -->\n<title>Programa VIP \u0160koda para el Tour: Haz realidad tu sue\u00f1o<\/title>\n<meta name=\"description\" content=\"Programa VIP \u0160koda del Tour de Francia 2022. Desde ver la carrera en directo en helic\u00f3ptero a pedalear con Andy Schleck.\" \/>\n<meta name=\"robots\" content=\"index, follow, max-snippet:-1, max-image-preview:large, max-video-preview:-1\" \/>\n<link rel=\"canonical\" href=\"https:\/\/www.welovecycling.com\/es\/2022\/07\/11\/programa-vip-skoda-tour\/\" \/>\n<meta property=\"og:locale\" content=\"es_ES\" \/>\n<meta property=\"og:type\" content=\"article\" \/>\n<meta property=\"og:title\" content=\"Programa VIP \u0160koda para el Tour: Haz realidad tu sue\u00f1o\" \/>\n<meta property=\"og:description\" content=\"Programa VIP \u0160koda del Tour de Francia 2022. Desde ver la carrera en directo en helic\u00f3ptero a pedalear con Andy Schleck.\" \/>\n<meta property=\"og:url\" content=\"https:\/\/www.welovecycling.com\/es\/2022\/07\/11\/programa-vip-skoda-tour\/\" \/>\n<meta property=\"og:site_name\" content=\"\u0160koda We Love Cycling - Spain\" \/>\n<meta property=\"article:published_time\" content=\"2022-07-11T07:04:51+00:00\" \/>\n<meta property=\"og:image\" content=\"https:\/\/d2p6e6u75xmxt8.cloudfront.net\/6\/2022\/07\/PG_0649.jpg\" \/>\n\t<meta property=\"og:image:width\" content=\"1000\" \/>\n\t<meta property=\"og:image:height\" content=\"667\" \/>\n\t<meta property=\"og:image:type\" content=\"image\/jpeg\" \/>\n<meta name=\"author\" content=\"We Love Cycling Spain\" \/>\n<meta name=\"twitter:card\" content=\"summary_large_image\" \/>\n<meta name=\"twitter:title\" content=\"Programa VIP \u0160koda para el Tour: Haz realidad tu sue\u00f1o\" \/>\n<meta name=\"twitter:description\" content=\"Programa VIP \u0160koda del Tour de Francia 2022. Desde ver la carrera en directo en helic\u00f3ptero a pedalear con Andy Schleck.\" \/>\n<meta name=\"twitter:label1\" content=\"Written by\" \/>\n\t<meta name=\"twitter:data1\" content=\"We Love Cycling\" \/>\n\t<meta name=\"twitter:label2\" content=\"Est. reading time\" \/>\n\t<meta name=\"twitter:data2\" content=\"5\" \/>\n<script type=\"application\/ld+json\" class=\"yoast-schema-graph\">{\"@context\":\"https:\/\/schema.org\",\"@graph\":[{\"@type\":\"WebPage\",\"@id\":\"https:\/\/www.welovecycling.com\/es\/2022\/07\/11\/programa-vip-skoda-tour\/\",\"url\":\"https:\/\/www.welovecycling.com\/es\/2022\/07\/11\/programa-vip-skoda-tour\/\",\"name\":\"Programa VIP \u0160koda para el Tour: Haz realidad tu sue\u00f1o\",\"isPartOf\":{\"@id\":\"https:\/\/www.welovecycling.com\/es\/#website\"},\"primaryImageOfPage\":{\"@id\":\"https:\/\/www.welovecycling.com\/es\/2022\/07\/11\/programa-vip-skoda-tour\/#primaryimage\"},\"image\":{\"@id\":\"https:\/\/www.welovecycling.com\/es\/2022\/07\/11\/programa-vip-skoda-tour\/#primaryimage\"},\"thumbnailUrl\":\"https:\/\/d2p6e6u75xmxt8.cloudfront.net\/6\/2022\/07\/PG_0649.jpg\",\"datePublished\":\"2022-07-11T07:04:51+00:00\",\"author\":{\"@id\":\"https:\/\/www.welovecycling.com\/es\/#\/schema\/person\/deb61715b5812698ee79fb96f343ccd4\"},\"description\":\"Programa VIP \u0160koda del Tour de Francia 2022. Desde ver la carrera en directo en helic\u00f3ptero a pedalear con Andy Schleck.\",\"breadcrumb\":{\"@id\":\"https:\/\/www.welovecycling.com\/es\/2022\/07\/11\/programa-vip-skoda-tour\/#breadcrumb\"},\"inLanguage\":\"es-ES\",\"potentialAction\":[{\"@type\":\"ReadAction\",\"target\":[\"https:\/\/www.welovecycling.com\/es\/2022\/07\/11\/programa-vip-skoda-tour\/\"]}]},{\"@type\":\"ImageObject\",\"inLanguage\":\"es-ES\",\"@id\":\"https:\/\/www.welovecycling.com\/es\/2022\/07\/11\/programa-vip-skoda-tour\/#primaryimage\",\"url\":\"https:\/\/d2p6e6u75xmxt8.cloudfront.net\/6\/2022\/07\/PG_0649.jpg\",\"contentUrl\":\"https:\/\/d2p6e6u75xmxt8.cloudfront.net\/6\/2022\/07\/PG_0649.jpg\",\"width\":1000,\"height\":667,\"caption\":\"\u0160koda Hospitality Programme\"},{\"@type\":\"BreadcrumbList\",\"@id\":\"https:\/\/www.welovecycling.com\/es\/2022\/07\/11\/programa-vip-skoda-tour\/#breadcrumb\",\"itemListElement\":[{\"@type\":\"ListItem\",\"position\":1,\"name\":\"Home\",\"item\":\"https:\/\/www.welovecycling.com\/es\/\"},{\"@type\":\"ListItem\",\"position\":2,\"name\":\"Programa VIP \u0160koda para el Tour: Haz realidad tu sue\u00f1o\"}]},{\"@type\":\"WebSite\",\"@id\":\"https:\/\/www.welovecycling.com\/es\/#website\",\"url\":\"https:\/\/www.welovecycling.com\/es\/\",\"name\":\"\u0160koda We Love Cycling - Spain\",\"description\":\"\u0160koda WeLoveCycling Spain\",\"potentialAction\":[{\"@type\":\"SearchAction\",\"target\":{\"@type\":\"EntryPoint\",\"urlTemplate\":\"https:\/\/www.welovecycling.com\/es\/?s={search_term_string}\"},\"query-input\":{\"@type\":\"PropertyValueSpecification\",\"valueRequired\":true,\"valueName\":\"search_term_string\"}}],\"inLanguage\":\"es-ES\"},{\"@type\":\"Person\",\"@id\":\"https:\/\/www.welovecycling.com\/es\/#\/schema\/person\/deb61715b5812698ee79fb96f343ccd4\",\"name\":\"We Love Cycling Spain\",\"image\":{\"@type\":\"ImageObject\",\"inLanguage\":\"es-ES\",\"@id\":\"https:\/\/www.welovecycling.com\/es\/#\/schema\/person\/image\/\",\"url\":\"https:\/\/secure.gravatar.com\/avatar\/c824b04e6df0e37a03219d0b6481672889df542894588964102459e46513159c?s=96&d=mm&r=g\",\"contentUrl\":\"https:\/\/secure.gravatar.com\/avatar\/c824b04e6df0e37a03219d0b6481672889df542894588964102459e46513159c?s=96&d=mm&r=g\",\"caption\":\"We Love Cycling Spain\"},\"url\":\"https:\/\/www.welovecycling.com\/es\/author\/amunoz\/\"}]}<\/script>\n<!-- \/ Yoast SEO Premium plugin. -->","yoast_head_json":{"title":"Programa VIP \u0160koda para el Tour: Haz realidad tu sue\u00f1o","description":"Programa VIP \u0160koda del Tour de Francia 2022. Desde ver la carrera en directo en helic\u00f3ptero a pedalear con Andy Schleck.","robots":{"index":"index","follow":"follow","max-snippet":"max-snippet:-1","max-image-preview":"max-image-preview:large","max-video-preview":"max-video-preview:-1"},"canonical":"https:\/\/www.welovecycling.com\/es\/2022\/07\/11\/programa-vip-skoda-tour\/","og_locale":"es_ES","og_type":"article","og_title":"Programa VIP \u0160koda para el Tour: Haz realidad tu sue\u00f1o","og_description":"Programa VIP \u0160koda del Tour de Francia 2022. Desde ver la carrera en directo en helic\u00f3ptero a pedalear con Andy Schleck.","og_url":"https:\/\/www.welovecycling.com\/es\/2022\/07\/11\/programa-vip-skoda-tour\/","og_site_name":"\u0160koda We Love Cycling - Spain","article_published_time":"2022-07-11T07:04:51+00:00","og_image":[{"width":1000,"height":667,"url":"https:\/\/d2p6e6u75xmxt8.cloudfront.net\/6\/2022\/07\/PG_0649.jpg","type":"image\/jpeg"}],"author":"We Love Cycling Spain","twitter_card":"summary_large_image","twitter_title":"Programa VIP \u0160koda para el Tour: Haz realidad tu sue\u00f1o","twitter_description":"Programa VIP \u0160koda del Tour de Francia 2022. Desde ver la carrera en directo en helic\u00f3ptero a pedalear con Andy Schleck.","twitter_misc":{"Written by":"We Love Cycling","Est. reading time":"5"},"schema":{"@context":"https:\/\/schema.org","@graph":[{"@type":"WebPage","@id":"https:\/\/www.welovecycling.com\/es\/2022\/07\/11\/programa-vip-skoda-tour\/","url":"https:\/\/www.welovecycling.com\/es\/2022\/07\/11\/programa-vip-skoda-tour\/","name":"Programa VIP \u0160koda para el Tour: Haz realidad tu sue\u00f1o","isPartOf":{"@id":"https:\/\/www.welovecycling.com\/es\/#website"},"primaryImageOfPage":{"@id":"https:\/\/www.welovecycling.com\/es\/2022\/07\/11\/programa-vip-skoda-tour\/#primaryimage"},"image":{"@id":"https:\/\/www.welovecycling.com\/es\/2022\/07\/11\/programa-vip-skoda-tour\/#primaryimage"},"thumbnailUrl":"https:\/\/d2p6e6u75xmxt8.cloudfront.net\/6\/2022\/07\/PG_0649.jpg","datePublished":"2022-07-11T07:04:51+00:00","author":{"@id":"https:\/\/www.welovecycling.com\/es\/#\/schema\/person\/deb61715b5812698ee79fb96f343ccd4"},"description":"Programa VIP \u0160koda del Tour de Francia 2022. Desde ver la carrera en directo en helic\u00f3ptero a pedalear con Andy Schleck.","breadcrumb":{"@id":"https:\/\/www.welovecycling.com\/es\/2022\/07\/11\/programa-vip-skoda-tour\/#breadcrumb"},"inLanguage":"es-ES","potentialAction":[{"@type":"ReadAction","target":["https:\/\/www.welovecycling.com\/es\/2022\/07\/11\/programa-vip-skoda-tour\/"]}]},{"@type":"ImageObject","inLanguage":"es-ES","@id":"https:\/\/www.welovecycling.com\/es\/2022\/07\/11\/programa-vip-skoda-tour\/#primaryimage","url":"https:\/\/d2p6e6u75xmxt8.cloudfront.net\/6\/2022\/07\/PG_0649.jpg","contentUrl":"https:\/\/d2p6e6u75xmxt8.cloudfront.net\/6\/2022\/07\/PG_0649.jpg","width":1000,"height":667,"caption":"\u0160koda Hospitality Programme"},{"@type":"BreadcrumbList","@id":"https:\/\/www.welovecycling.com\/es\/2022\/07\/11\/programa-vip-skoda-tour\/#breadcrumb","itemListElement":[{"@type":"ListItem","position":1,"name":"Home","item":"https:\/\/www.welovecycling.com\/es\/"},{"@type":"ListItem","position":2,"name":"Programa VIP \u0160koda para el Tour: Haz realidad tu sue\u00f1o"}]},{"@type":"WebSite","@id":"https:\/\/www.welovecycling.com\/es\/#website","url":"https:\/\/www.welovecycling.com\/es\/","name":"\u0160koda We Love Cycling - Spain","description":"\u0160koda WeLoveCycling Spain","potentialAction":[{"@type":"SearchAction","target":{"@type":"EntryPoint","urlTemplate":"https:\/\/www.welovecycling.com\/es\/?s={search_term_string}"},"query-input":{"@type":"PropertyValueSpecification","valueRequired":true,"valueName":"search_term_string"}}],"inLanguage":"es-ES"},{"@type":"Person","@id":"https:\/\/www.welovecycling.com\/es\/#\/schema\/person\/deb61715b5812698ee79fb96f343ccd4","name":"We Love Cycling Spain","image":{"@type":"ImageObject","inLanguage":"es-ES","@id":"https:\/\/www.welovecycling.com\/es\/#\/schema\/person\/image\/","url":"https:\/\/secure.gravatar.com\/avatar\/c824b04e6df0e37a03219d0b6481672889df542894588964102459e46513159c?s=96&d=mm&r=g","contentUrl":"https:\/\/secure.gravatar.com\/avatar\/c824b04e6df0e37a03219d0b6481672889df542894588964102459e46513159c?s=96&d=mm&r=g","caption":"We Love Cycling Spain"},"url":"https:\/\/www.welovecycling.com\/es\/author\/amunoz\/"}]}},"_links":{"self":[{"href":"https:\/\/www.welovecycling.com\/es\/wp-json\/wp\/v2\/posts\/9077","targetHints":{"allow":["GET"]}}],"collection":[{"href":"https:\/\/www.welovecycling.com\/es\/wp-json\/wp\/v2\/posts"}],"about":[{"href":"https:\/\/www.welovecycling.com\/es\/wp-json\/wp\/v2\/types\/post"}],"author":[{"embeddable":true,"href":"https:\/\/www.welovecycling.com\/es\/wp-json\/wp\/v2\/users\/29"}],"replies":[{"embeddable":true,"href":"https:\/\/www.welovecycling.com\/es\/wp-json\/wp\/v2\/comments?post=9077"}],"version-history":[{"count":2,"href":"https:\/\/www.welovecycling.com\/es\/wp-json\/wp\/v2\/posts\/9077\/revisions"}],"predecessor-version":[{"id":9085,"href":"https:\/\/www.welovecycling.com\/es\/wp-json\/wp\/v2\/posts\/9077\/revisions\/9085"}],"wp:featuredmedia":[{"embeddable":true,"href":"https:\/\/www.welovecycling.com\/es\/wp-json\/wp\/v2\/media\/9080"}],"wp:attachment":[{"href":"https:\/\/www.welovecycling.com\/es\/wp-json\/wp\/v2\/media?parent=9077"}],"wp:term":[{"taxonomy":"category","embeddable":true,"href":"https:\/\/www.welovecycling.com\/es\/wp-json\/wp\/v2\/categories?post=9077"},{"taxonomy":"post_tag","embeddable":true,"href":"https:\/\/www.welovecycling.com\/es\/wp-json\/wp\/v2\/tags?post=9077"},{"taxonomy":"global-categories","embeddable":true,"href":"https:\/\/www.welovecycling.com\/es\/wp-json\/wp\/v2\/global-categories?post=9077"}],"curies":[{"name":"wp","href":"https:\/\/api.w.org\/{rel}","templated":true}]}}