{"id":9065,"date":"2022-07-09T13:23:12","date_gmt":"2022-07-09T11:23:12","guid":{"rendered":"https:\/\/www.welovecycling.com\/es\/?p=9065"},"modified":"2022-07-08T13:33:31","modified_gmt":"2022-07-08T11:33:31","slug":"coche-director-tour-2022","status":"publish","type":"post","link":"https:\/\/www.welovecycling.com\/es\/2022\/07\/09\/coche-director-tour-2022\/","title":{"rendered":"El \u0160koda ENYAQ iV, el coche del director del Tour 2022"},"content":{"rendered":"<p><strong>Adem\u00e1s del Arco del Triunfo, las sinuosas subidas de monta\u00f1a y, por supuesto, el pelot\u00f3n, el llamativo coche rojo del director es uno de los s\u00edmbolos m\u00e1s caracter\u00edsticos de la Grande Boucle. El coche del director del Tour 2022, que tradicionalmente se encuentra en la salida de cada etapa y en la punta del pelot\u00f3n, sirve de &#8220;puente de mando m\u00f3vil&#8221; y es esencial para la organizaci\u00f3n de la carrera. Ve\u00e1moslo m\u00e1s de cerca.<\/strong><\/p>\n<p><!--more--><\/p>\n<p>Los coches de los directores son b\u00e1sicamente cuarteles generales sobre cuatro ruedas con un trabajo esencial: servir de ch\u00f3fer a los directores del Tour. Este a\u00f1o, es Christian Prudhomme y, tras un par\u00e9ntesis de 33 a\u00f1os, tambi\u00e9n una directora del Tour de Francia Femenino, Marion Rousse. En 2020, \u0160koda, patrocinador del Tour durante casi dos d\u00e9cadas, present\u00f3 el \u0160koda ENYAQ iV totalmente el\u00e9ctrico como coche principal, siendo el modelo reci\u00e9n salido de la cadena de montaje en ese momento. Como precursor del cambio, el <a href=\"https:\/\/www.welovecycling.com\/es\/2020\/09\/02\/skoda-enyaq-iv-electrico-tour-de-francia\/\">ENYAQ iV no s\u00f3lo fue el primer veh\u00edculo totalmente el\u00e9ctrico<\/a> en liderar el pelot\u00f3n del Tour de Francia, sino tambi\u00e9n el primer modelo de \u0160koda que utiliz\u00f3 el kit de herramientas de electrificaci\u00f3n modular (MEB) como tren motriz en una apuesta por la sostenibilidad. Tras el \u00e9xito de la prueba inicial, el ENYAQ iV sustituy\u00f3 definitivamente a los tradicionales \u0160koda SUPERB.<\/p>\n<p>https:\/\/www.youtube.com\/watch?v=d4QPYT5SebI&#038;feature=emb_title<\/p>\n<p>La fabricaci\u00f3n de los coches punteros entra en la categor\u00eda de &#8220;alto secreto&#8221;, pero tuvimos la suerte de conocer algunos detalles el a\u00f1o pasado. La <a href=\"https:\/\/www.welovecycling.com\/es\/2021\/07\/01\/enyaq-iv-rojo-director-tour-francia\/\">transformaci\u00f3n de los coches<\/a> tiene lugar cerca de Mlad\u00e1 Boleslav, en la Rep\u00fablica Checa, bajo las h\u00e1biles manos del Sr. Martin Smutn\u00fd y otros en Best Modell, un peque\u00f1o taller especializado. Los cambios a los que se someten los veh\u00edculos antes de obtener su papel de honor no son s\u00f3lo cosm\u00e9ticos, aunque los complementos externos -la pintura &#8220;Velvet Red&#8221;, las banderas y calcoman\u00edas, el aditamento amarillo sobre el parabrisas, las seis antenas- suelen ser los detalles que se notan primero.<\/p>\n<p>En el taller, los coches se desmontan hasta los huesos, se recablean, se retapizan y se equipan con un techo solar panor\u00e1mico retr\u00e1ctil, una radio bidireccional y una consola de comunicaci\u00f3n que se encuentra entre los asientos delanteros del coche, junto con una mininevera para dos botellas de champ\u00e1n acompa\u00f1ada de unos exclusivos soportes de cristal impresos en 3D, y bater\u00edas adicionales para alimentar todo este hardware adicional. El techo solar, que seg\u00fan los constructores es la parte m\u00e1s complicada de fabricar, es utilizado por los directores, que se colocan y agitan la bandera de salida en el &#8220;kil\u00f3metro cero&#8221; y tambi\u00e9n observan al pelot\u00f3n desde el coche del director del Tour 2022.<\/p>\n<p><a href=\"https:\/\/d2p6e6u75xmxt8.cloudfront.net\/6\/2022\/07\/Tour-ENYAQ-Peloton-CVR.jpg\"><img loading=\"lazy\" decoding=\"async\" class=\"alignnone size-full wp-image-9069\" src=\"https:\/\/d2p6e6u75xmxt8.cloudfront.net\/6\/2022\/07\/Tour-ENYAQ-Peloton-CVR.jpg\" alt=\"ENYAQ iV\" width=\"990\" height=\"660\" srcset=\"https:\/\/d2p6e6u75xmxt8.cloudfront.net\/6\/2022\/07\/Tour-ENYAQ-Peloton-CVR.jpg 990w, https:\/\/d2p6e6u75xmxt8.cloudfront.net\/6\/2022\/07\/Tour-ENYAQ-Peloton-CVR-300x200.jpg 300w, https:\/\/d2p6e6u75xmxt8.cloudfront.net\/6\/2022\/07\/Tour-ENYAQ-Peloton-CVR-768x512.jpg 768w, https:\/\/d2p6e6u75xmxt8.cloudfront.net\/6\/2022\/07\/Tour-ENYAQ-Peloton-CVR-272x182.jpg 272w\" sizes=\"auto, (max-width: 990px) 100vw, 990px\" \/><\/a><\/p>\n<div id='gallery-1' class='gallery galleryid-9065 gallery-columns-3 gallery-size-large'><figure class='gallery-item'>\n\t\t\t<div class='gallery-icon landscape'>\n\t\t\t\t<a href='https:\/\/d2p6e6u75xmxt8.cloudfront.net\/6\/2020\/09\/Enyaq-tdf-5.jpg'><img loading=\"lazy\" decoding=\"async\" width=\"1024\" height=\"576\" src=\"https:\/\/d2p6e6u75xmxt8.cloudfront.net\/6\/2020\/09\/Enyaq-tdf-5-1024x576.jpg\" class=\"attachment-large size-large\" alt=\"\u0160koda ENYAQ iV\" srcset=\"https:\/\/d2p6e6u75xmxt8.cloudfront.net\/6\/2020\/09\/Enyaq-tdf-5-1024x576.jpg 1024w, https:\/\/d2p6e6u75xmxt8.cloudfront.net\/6\/2020\/09\/Enyaq-tdf-5-300x169.jpg 300w, https:\/\/d2p6e6u75xmxt8.cloudfront.net\/6\/2020\/09\/Enyaq-tdf-5-768x432.jpg 768w, https:\/\/d2p6e6u75xmxt8.cloudfront.net\/6\/2020\/09\/Enyaq-tdf-5.jpg 1458w\" sizes=\"auto, (max-width: 1024px) 100vw, 1024px\" \/><\/a>\n\t\t\t<\/div><\/figure><figure class='gallery-item'>\n\t\t\t<div class='gallery-icon landscape'>\n\t\t\t\t<a href='https:\/\/d2p6e6u75xmxt8.cloudfront.net\/6\/2021\/06\/ENYAQ-iV-CVR.jpg'><img loading=\"lazy\" decoding=\"async\" width=\"1024\" height=\"447\" src=\"https:\/\/d2p6e6u75xmxt8.cloudfront.net\/6\/2021\/06\/ENYAQ-iV-CVR-1024x447.jpg\" class=\"attachment-large size-large\" alt=\"\u0160koda ENYAQ iV\" srcset=\"https:\/\/d2p6e6u75xmxt8.cloudfront.net\/6\/2021\/06\/ENYAQ-iV-CVR-1024x447.jpg 1024w, https:\/\/d2p6e6u75xmxt8.cloudfront.net\/6\/2021\/06\/ENYAQ-iV-CVR-300x131.jpg 300w, https:\/\/d2p6e6u75xmxt8.cloudfront.net\/6\/2021\/06\/ENYAQ-iV-CVR-768x335.jpg 768w, https:\/\/d2p6e6u75xmxt8.cloudfront.net\/6\/2021\/06\/ENYAQ-iV-CVR.jpg 1366w\" sizes=\"auto, (max-width: 1024px) 100vw, 1024px\" \/><\/a>\n\t\t\t<\/div><\/figure><figure class='gallery-item'>\n\t\t\t<div class='gallery-icon landscape'>\n\t\t\t\t<a href='https:\/\/d2p6e6u75xmxt8.cloudfront.net\/6\/2020\/09\/Enyaq-tdf-1.jpg'><img loading=\"lazy\" decoding=\"async\" width=\"1024\" height=\"576\" src=\"https:\/\/d2p6e6u75xmxt8.cloudfront.net\/6\/2020\/09\/Enyaq-tdf-1-1024x576.jpg\" class=\"attachment-large size-large\" alt=\"\" srcset=\"https:\/\/d2p6e6u75xmxt8.cloudfront.net\/6\/2020\/09\/Enyaq-tdf-1-1024x576.jpg 1024w, https:\/\/d2p6e6u75xmxt8.cloudfront.net\/6\/2020\/09\/Enyaq-tdf-1-300x169.jpg 300w, https:\/\/d2p6e6u75xmxt8.cloudfront.net\/6\/2020\/09\/Enyaq-tdf-1-768x432.jpg 768w, https:\/\/d2p6e6u75xmxt8.cloudfront.net\/6\/2020\/09\/Enyaq-tdf-1.jpg 1458w\" sizes=\"auto, (max-width: 1024px) 100vw, 1024px\" \/><\/a>\n\t\t\t<\/div><\/figure>\n\t\t<\/div>\n\n<p>&nbsp;<\/p>\n<p>Volviendo a la radio incorporada, es probablemente la pieza m\u00e1s importante del equipo que lleva el coche del director del Tour 2022. En un evento de tales proporciones, la comunicaci\u00f3n es clave. Los directores de carrera utilizan la radio para recibir informaci\u00f3n de la carrera y para comunicarse con sus comisarios (que tambi\u00e9n van en los <a href=\"https:\/\/www.skoda-auto.com\/models\/range\/enyaq-iv\">ENYAQ iV &#8220;Velvet Red&#8221;<\/a>), as\u00ed como con los coches de apoyo neutrales, y con los coches individuales de los equipos para dar \u00f3rdenes, consejos y, si es necesario, el permiso para romper la fila. Esta \u00faltima situaci\u00f3n se produce cuando un ciclista tiene problemas mec\u00e1nicos, se ha ca\u00eddo (o a veces ambas cosas) y necesita asistencia r\u00e1pida. Dado que las posiciones de salida de los corredores en cada etapa dependen de los puntos actuales y del orden de marcha de sus equipos, una clasificaci\u00f3n baja podr\u00eda significar un coche de equipo muy alejado de un corredor con problemas. Si se solicita, los directores del Tour pueden dar permiso a los coches de equipo para que se adelanten al rescate.<\/p>\n<p>Por \u00faltimo, pero no por ello menos importante, los coches de cabeza sirven de oficina de representaci\u00f3n donde los directores del Tour reciben a sus estimados invitados VIP, incluido el presidente franc\u00e9s. Gracias a la mencionada nevera para el champ\u00e1n y a los soportes, pueden obsequiar a sus afortunados visitantes con una visita tur\u00edstica \u00fanica del, bueno, Tour, acompa\u00f1ada de un refrigerio.<\/p>\n<p>Con el Tour de Francia (del 1 al 24 de julio) en marcha y el Tour de Francia Femenino (del 24 al 31 de julio) pr\u00f3ximamente, estamos encantados de tener el doble de acci\u00f3n este a\u00f1o. Esperamos que te unas a nosotros en la mayor celebraci\u00f3n de nuestro amado deporte.<\/p>\n","protected":false},"excerpt":{"rendered":"<p>Adem\u00e1s del Arco del Triunfo, las sinuosas subidas de monta\u00f1a y, por supuesto, el pelot\u00f3n, el llamativo coche rojo del [&hellip;]<\/p>\n","protected":false},"author":29,"featured_media":9071,"comment_status":"open","ping_status":"open","sticky":false,"template":"","format":"standard","meta":{"footnotes":""},"categories":[7],"tags":[2177,2155],"global-categories":[],"class_list":["post-9065","post","type-post","status-publish","format-standard","has-post-thumbnail","hentry","category-carretera","tag-tour-2022","tag-tour-de-francia-2022"],"yoast_head":"<!-- This site is optimized with the Yoast SEO Premium plugin v25.3 (Yoast SEO v25.9) - https:\/\/yoast.com\/wordpress\/plugins\/seo\/ -->\n<title>El \u0160koda ENYAQ iV, el coche del director del Tour 2022<\/title>\n<meta name=\"description\" content=\"El coche del director del Tour 2022. El \u0160koda ENYAQ iV significa la apuesta por un veh\u00edculo el\u00e9ctrico para liderar el Tour.\" \/>\n<meta name=\"robots\" content=\"index, follow, max-snippet:-1, max-image-preview:large, max-video-preview:-1\" \/>\n<link rel=\"canonical\" href=\"https:\/\/www.welovecycling.com\/es\/2022\/07\/09\/coche-director-tour-2022\/\" \/>\n<meta property=\"og:locale\" content=\"es_ES\" \/>\n<meta property=\"og:type\" content=\"article\" \/>\n<meta property=\"og:title\" content=\"El \u0160koda ENYAQ iV, el coche del director del Tour 2022\" \/>\n<meta property=\"og:description\" content=\"El coche del director del Tour 2022. El \u0160koda ENYAQ iV significa la apuesta por un veh\u00edculo el\u00e9ctrico para liderar el Tour.\" \/>\n<meta property=\"og:url\" content=\"https:\/\/www.welovecycling.com\/es\/2022\/07\/09\/coche-director-tour-2022\/\" \/>\n<meta property=\"og:site_name\" content=\"\u0160koda We Love Cycling - Spain\" \/>\n<meta property=\"article:published_time\" content=\"2022-07-09T11:23:12+00:00\" \/>\n<meta property=\"og:image\" content=\"https:\/\/d2p6e6u75xmxt8.cloudfront.net\/6\/2022\/07\/SKODA-ENYAQ-iV-Copenhagen-CVR.jpg\" \/>\n\t<meta property=\"og:image:width\" content=\"990\" \/>\n\t<meta property=\"og:image:height\" content=\"660\" \/>\n\t<meta property=\"og:image:type\" content=\"image\/jpeg\" \/>\n<meta name=\"author\" content=\"We Love Cycling Spain\" \/>\n<meta name=\"twitter:card\" content=\"summary_large_image\" \/>\n<meta name=\"twitter:title\" content=\"El coche del director del Tour 2022\" \/>\n<meta name=\"twitter:description\" content=\"El coche del director del Tour 2022. El \u0160koda ENYAQ iV significa la apuesta por un veh\u00edculo el\u00e9ctrico para liderar el Tour.\" \/>\n<meta name=\"twitter:label1\" content=\"Written by\" \/>\n\t<meta name=\"twitter:data1\" content=\"We Love Cycling\" \/>\n\t<meta name=\"twitter:label2\" content=\"Est. reading time\" \/>\n\t<meta name=\"twitter:data2\" content=\"5\" \/>\n<script type=\"application\/ld+json\" class=\"yoast-schema-graph\">{\"@context\":\"https:\/\/schema.org\",\"@graph\":[{\"@type\":\"WebPage\",\"@id\":\"https:\/\/www.welovecycling.com\/es\/2022\/07\/09\/coche-director-tour-2022\/\",\"url\":\"https:\/\/www.welovecycling.com\/es\/2022\/07\/09\/coche-director-tour-2022\/\",\"name\":\"El \u0160koda ENYAQ iV, el coche del director del Tour 2022\",\"isPartOf\":{\"@id\":\"https:\/\/www.welovecycling.com\/es\/#website\"},\"primaryImageOfPage\":{\"@id\":\"https:\/\/www.welovecycling.com\/es\/2022\/07\/09\/coche-director-tour-2022\/#primaryimage\"},\"image\":{\"@id\":\"https:\/\/www.welovecycling.com\/es\/2022\/07\/09\/coche-director-tour-2022\/#primaryimage\"},\"thumbnailUrl\":\"https:\/\/d2p6e6u75xmxt8.cloudfront.net\/6\/2022\/07\/SKODA-ENYAQ-iV-Copenhagen-CVR.jpg\",\"datePublished\":\"2022-07-09T11:23:12+00:00\",\"author\":{\"@id\":\"https:\/\/www.welovecycling.com\/es\/#\/schema\/person\/deb61715b5812698ee79fb96f343ccd4\"},\"description\":\"El coche del director del Tour 2022. El \u0160koda ENYAQ iV significa la apuesta por un veh\u00edculo el\u00e9ctrico para liderar el Tour.\",\"breadcrumb\":{\"@id\":\"https:\/\/www.welovecycling.com\/es\/2022\/07\/09\/coche-director-tour-2022\/#breadcrumb\"},\"inLanguage\":\"es-ES\",\"potentialAction\":[{\"@type\":\"ReadAction\",\"target\":[\"https:\/\/www.welovecycling.com\/es\/2022\/07\/09\/coche-director-tour-2022\/\"]}]},{\"@type\":\"ImageObject\",\"inLanguage\":\"es-ES\",\"@id\":\"https:\/\/www.welovecycling.com\/es\/2022\/07\/09\/coche-director-tour-2022\/#primaryimage\",\"url\":\"https:\/\/d2p6e6u75xmxt8.cloudfront.net\/6\/2022\/07\/SKODA-ENYAQ-iV-Copenhagen-CVR.jpg\",\"contentUrl\":\"https:\/\/d2p6e6u75xmxt8.cloudfront.net\/6\/2022\/07\/SKODA-ENYAQ-iV-Copenhagen-CVR.jpg\",\"width\":990,\"height\":660,\"caption\":\"\u0160koda ENYAQ iV\"},{\"@type\":\"BreadcrumbList\",\"@id\":\"https:\/\/www.welovecycling.com\/es\/2022\/07\/09\/coche-director-tour-2022\/#breadcrumb\",\"itemListElement\":[{\"@type\":\"ListItem\",\"position\":1,\"name\":\"Home\",\"item\":\"https:\/\/www.welovecycling.com\/es\/\"},{\"@type\":\"ListItem\",\"position\":2,\"name\":\"El \u0160koda ENYAQ iV, el coche del director del Tour 2022\"}]},{\"@type\":\"WebSite\",\"@id\":\"https:\/\/www.welovecycling.com\/es\/#website\",\"url\":\"https:\/\/www.welovecycling.com\/es\/\",\"name\":\"\u0160koda We Love Cycling - Spain\",\"description\":\"\u0160koda WeLoveCycling Spain\",\"potentialAction\":[{\"@type\":\"SearchAction\",\"target\":{\"@type\":\"EntryPoint\",\"urlTemplate\":\"https:\/\/www.welovecycling.com\/es\/?s={search_term_string}\"},\"query-input\":{\"@type\":\"PropertyValueSpecification\",\"valueRequired\":true,\"valueName\":\"search_term_string\"}}],\"inLanguage\":\"es-ES\"},{\"@type\":\"Person\",\"@id\":\"https:\/\/www.welovecycling.com\/es\/#\/schema\/person\/deb61715b5812698ee79fb96f343ccd4\",\"name\":\"We Love Cycling Spain\",\"image\":{\"@type\":\"ImageObject\",\"inLanguage\":\"es-ES\",\"@id\":\"https:\/\/www.welovecycling.com\/es\/#\/schema\/person\/image\/\",\"url\":\"https:\/\/secure.gravatar.com\/avatar\/c824b04e6df0e37a03219d0b6481672889df542894588964102459e46513159c?s=96&d=mm&r=g\",\"contentUrl\":\"https:\/\/secure.gravatar.com\/avatar\/c824b04e6df0e37a03219d0b6481672889df542894588964102459e46513159c?s=96&d=mm&r=g\",\"caption\":\"We Love Cycling Spain\"},\"url\":\"https:\/\/www.welovecycling.com\/es\/author\/amunoz\/\"}]}<\/script>\n<!-- \/ Yoast SEO Premium plugin. -->","yoast_head_json":{"title":"El \u0160koda ENYAQ iV, el coche del director del Tour 2022","description":"El coche del director del Tour 2022. El \u0160koda ENYAQ iV significa la apuesta por un veh\u00edculo el\u00e9ctrico para liderar el Tour.","robots":{"index":"index","follow":"follow","max-snippet":"max-snippet:-1","max-image-preview":"max-image-preview:large","max-video-preview":"max-video-preview:-1"},"canonical":"https:\/\/www.welovecycling.com\/es\/2022\/07\/09\/coche-director-tour-2022\/","og_locale":"es_ES","og_type":"article","og_title":"El \u0160koda ENYAQ iV, el coche del director del Tour 2022","og_description":"El coche del director del Tour 2022. El \u0160koda ENYAQ iV significa la apuesta por un veh\u00edculo el\u00e9ctrico para liderar el Tour.","og_url":"https:\/\/www.welovecycling.com\/es\/2022\/07\/09\/coche-director-tour-2022\/","og_site_name":"\u0160koda We Love Cycling - Spain","article_published_time":"2022-07-09T11:23:12+00:00","og_image":[{"width":990,"height":660,"url":"https:\/\/d2p6e6u75xmxt8.cloudfront.net\/6\/2022\/07\/SKODA-ENYAQ-iV-Copenhagen-CVR.jpg","type":"image\/jpeg"}],"author":"We Love Cycling Spain","twitter_card":"summary_large_image","twitter_title":"El coche del director del Tour 2022","twitter_description":"El coche del director del Tour 2022. El \u0160koda ENYAQ iV significa la apuesta por un veh\u00edculo el\u00e9ctrico para liderar el Tour.","twitter_misc":{"Written by":"We Love Cycling","Est. reading time":"5"},"schema":{"@context":"https:\/\/schema.org","@graph":[{"@type":"WebPage","@id":"https:\/\/www.welovecycling.com\/es\/2022\/07\/09\/coche-director-tour-2022\/","url":"https:\/\/www.welovecycling.com\/es\/2022\/07\/09\/coche-director-tour-2022\/","name":"El \u0160koda ENYAQ iV, el coche del director del Tour 2022","isPartOf":{"@id":"https:\/\/www.welovecycling.com\/es\/#website"},"primaryImageOfPage":{"@id":"https:\/\/www.welovecycling.com\/es\/2022\/07\/09\/coche-director-tour-2022\/#primaryimage"},"image":{"@id":"https:\/\/www.welovecycling.com\/es\/2022\/07\/09\/coche-director-tour-2022\/#primaryimage"},"thumbnailUrl":"https:\/\/d2p6e6u75xmxt8.cloudfront.net\/6\/2022\/07\/SKODA-ENYAQ-iV-Copenhagen-CVR.jpg","datePublished":"2022-07-09T11:23:12+00:00","author":{"@id":"https:\/\/www.welovecycling.com\/es\/#\/schema\/person\/deb61715b5812698ee79fb96f343ccd4"},"description":"El coche del director del Tour 2022. El \u0160koda ENYAQ iV significa la apuesta por un veh\u00edculo el\u00e9ctrico para liderar el Tour.","breadcrumb":{"@id":"https:\/\/www.welovecycling.com\/es\/2022\/07\/09\/coche-director-tour-2022\/#breadcrumb"},"inLanguage":"es-ES","potentialAction":[{"@type":"ReadAction","target":["https:\/\/www.welovecycling.com\/es\/2022\/07\/09\/coche-director-tour-2022\/"]}]},{"@type":"ImageObject","inLanguage":"es-ES","@id":"https:\/\/www.welovecycling.com\/es\/2022\/07\/09\/coche-director-tour-2022\/#primaryimage","url":"https:\/\/d2p6e6u75xmxt8.cloudfront.net\/6\/2022\/07\/SKODA-ENYAQ-iV-Copenhagen-CVR.jpg","contentUrl":"https:\/\/d2p6e6u75xmxt8.cloudfront.net\/6\/2022\/07\/SKODA-ENYAQ-iV-Copenhagen-CVR.jpg","width":990,"height":660,"caption":"\u0160koda ENYAQ iV"},{"@type":"BreadcrumbList","@id":"https:\/\/www.welovecycling.com\/es\/2022\/07\/09\/coche-director-tour-2022\/#breadcrumb","itemListElement":[{"@type":"ListItem","position":1,"name":"Home","item":"https:\/\/www.welovecycling.com\/es\/"},{"@type":"ListItem","position":2,"name":"El \u0160koda ENYAQ iV, el coche del director del Tour 2022"}]},{"@type":"WebSite","@id":"https:\/\/www.welovecycling.com\/es\/#website","url":"https:\/\/www.welovecycling.com\/es\/","name":"\u0160koda We Love Cycling - Spain","description":"\u0160koda WeLoveCycling Spain","potentialAction":[{"@type":"SearchAction","target":{"@type":"EntryPoint","urlTemplate":"https:\/\/www.welovecycling.com\/es\/?s={search_term_string}"},"query-input":{"@type":"PropertyValueSpecification","valueRequired":true,"valueName":"search_term_string"}}],"inLanguage":"es-ES"},{"@type":"Person","@id":"https:\/\/www.welovecycling.com\/es\/#\/schema\/person\/deb61715b5812698ee79fb96f343ccd4","name":"We Love Cycling Spain","image":{"@type":"ImageObject","inLanguage":"es-ES","@id":"https:\/\/www.welovecycling.com\/es\/#\/schema\/person\/image\/","url":"https:\/\/secure.gravatar.com\/avatar\/c824b04e6df0e37a03219d0b6481672889df542894588964102459e46513159c?s=96&d=mm&r=g","contentUrl":"https:\/\/secure.gravatar.com\/avatar\/c824b04e6df0e37a03219d0b6481672889df542894588964102459e46513159c?s=96&d=mm&r=g","caption":"We Love Cycling Spain"},"url":"https:\/\/www.welovecycling.com\/es\/author\/amunoz\/"}]}},"_links":{"self":[{"href":"https:\/\/www.welovecycling.com\/es\/wp-json\/wp\/v2\/posts\/9065","targetHints":{"allow":["GET"]}}],"collection":[{"href":"https:\/\/www.welovecycling.com\/es\/wp-json\/wp\/v2\/posts"}],"about":[{"href":"https:\/\/www.welovecycling.com\/es\/wp-json\/wp\/v2\/types\/post"}],"author":[{"embeddable":true,"href":"https:\/\/www.welovecycling.com\/es\/wp-json\/wp\/v2\/users\/29"}],"replies":[{"embeddable":true,"href":"https:\/\/www.welovecycling.com\/es\/wp-json\/wp\/v2\/comments?post=9065"}],"version-history":[{"count":2,"href":"https:\/\/www.welovecycling.com\/es\/wp-json\/wp\/v2\/posts\/9065\/revisions"}],"predecessor-version":[{"id":9073,"href":"https:\/\/www.welovecycling.com\/es\/wp-json\/wp\/v2\/posts\/9065\/revisions\/9073"}],"wp:featuredmedia":[{"embeddable":true,"href":"https:\/\/www.welovecycling.com\/es\/wp-json\/wp\/v2\/media\/9071"}],"wp:attachment":[{"href":"https:\/\/www.welovecycling.com\/es\/wp-json\/wp\/v2\/media?parent=9065"}],"wp:term":[{"taxonomy":"category","embeddable":true,"href":"https:\/\/www.welovecycling.com\/es\/wp-json\/wp\/v2\/categories?post=9065"},{"taxonomy":"post_tag","embeddable":true,"href":"https:\/\/www.welovecycling.com\/es\/wp-json\/wp\/v2\/tags?post=9065"},{"taxonomy":"global-categories","embeddable":true,"href":"https:\/\/www.welovecycling.com\/es\/wp-json\/wp\/v2\/global-categories?post=9065"}],"curies":[{"name":"wp","href":"https:\/\/api.w.org\/{rel}","templated":true}]}}