{"id":9057,"date":"2022-07-01T19:27:42","date_gmt":"2022-07-01T17:27:42","guid":{"rendered":"https:\/\/www.welovecycling.com\/es\/?p=9057"},"modified":"2022-07-01T09:29:31","modified_gmt":"2022-07-01T07:29:31","slug":"coches-tour-francia-2022","status":"publish","type":"post","link":"https:\/\/www.welovecycling.com\/es\/2022\/07\/01\/coches-tour-francia-2022\/","title":{"rendered":"Los coches del Tour de Francia 2022"},"content":{"rendered":"<p><strong>Si echamos un vistazo a las cifras de este a\u00f1o, el Tour de Francia (del 1 al 24 de julio) y el Tour de Francia Femenino con Zwift (del 24 al 31 de julio) recorrer\u00e1n, en total, 4.411 kil\u00f3metros en cuatro semanas. Eventos de tales proporciones necesitan una estructura log\u00edstica y de apoyo adecuada. Los coches de \u0160koda, que han demostrado ser fiables, \u00e1giles y robustos, han sido la columna vertebral del Tour desde que \u0160koda se convirti\u00f3 en patrocinador oficial de la carrera hace 18 a\u00f1os. Entonces, \u00bfqu\u00e9 funciones cumplen los coches del Tour de Francia 2022?<\/strong><\/p>\n<p><!--more--><\/p>\n<p>Una breve introducci\u00f3n: \u0160koda naci\u00f3 como un peque\u00f1o taller de ciclismo fundado por Laurin y Klement en 1895. En palabras de <a href=\"https:\/\/www.skoda-storyboard.com\/en\/press-releases\/skoda-auto-is-the-official-main-partner-of-the-tour-de-france-for-the-18th-time\/\">Martin Jahn<\/a>, miembro del Consejo de Administraci\u00f3n de \u0160koda AUTO para ventas y marketing: &#8220;La larga historia de nuestra empresa est\u00e1 inextricablemente ligada al ciclismo. Por esta raz\u00f3n, \u0160koda AUTO se ha comprometido a ser un socio fuerte a largo plazo del ciclismo internacional de \u00e9lite y amateur. El apoyo al Tour de Francia ha sido una de las piedras angulares de nuestras actividades de asociaci\u00f3n deportiva desde 2004.&#8221; Adem\u00e1s, despu\u00e9s de un par\u00e9ntesis de 33 a\u00f1os, el <a href=\"https:\/\/www.letourfemmes.fr\/en\/overall-route\">Tour de Francia Femenino<\/a> finalmente tendr\u00e1 lugar de nuevo este a\u00f1o y \u0160koda, naturalmente, tambi\u00e9n asumi\u00f3 la asociaci\u00f3n.<\/p>\n<p>Cada a\u00f1o, unos 210 coches, en su mayor\u00eda <a href=\"https:\/\/www.skoda-auto.com\/models\/range\/octavia\">\u0160koda OCTAVIA<\/a> y SUPERB, tripulados por unos cuantos ex corredores y t\u00e9cnicos, se ponen a disposici\u00f3n de los equipos de organizaci\u00f3n, de direcci\u00f3n y de apoyo. Vamos a repasarlos por funciones.<\/p>\n<p><a href=\"https:\/\/d2p6e6u75xmxt8.cloudfront.net\/6\/2022\/07\/SUPERB-iV-Tour.jpg\"><img loading=\"lazy\" decoding=\"async\" class=\"alignnone size-full wp-image-9059\" src=\"https:\/\/d2p6e6u75xmxt8.cloudfront.net\/6\/2022\/07\/SUPERB-iV-Tour.jpg\" alt=\"\u0160koda SUPERB iV\" width=\"1000\" height=\"667\" srcset=\"https:\/\/d2p6e6u75xmxt8.cloudfront.net\/6\/2022\/07\/SUPERB-iV-Tour.jpg 1000w, https:\/\/d2p6e6u75xmxt8.cloudfront.net\/6\/2022\/07\/SUPERB-iV-Tour-300x200.jpg 300w, https:\/\/d2p6e6u75xmxt8.cloudfront.net\/6\/2022\/07\/SUPERB-iV-Tour-768x512.jpg 768w, https:\/\/d2p6e6u75xmxt8.cloudfront.net\/6\/2022\/07\/SUPERB-iV-Tour-272x182.jpg 272w\" sizes=\"auto, (max-width: 1000px) 100vw, 1000px\" \/><\/a><\/p>\n<div id='gallery-1' class='gallery galleryid-9057 gallery-columns-2 gallery-size-large'><figure class='gallery-item'>\n\t\t\t<div class='gallery-icon landscape'>\n\t\t\t\t<a href='https:\/\/d2p6e6u75xmxt8.cloudfront.net\/6\/2022\/07\/SKODA-OCTAVIA.jpg'><img loading=\"lazy\" decoding=\"async\" width=\"1022\" height=\"681\" src=\"https:\/\/d2p6e6u75xmxt8.cloudfront.net\/6\/2022\/07\/SKODA-OCTAVIA.jpg\" class=\"attachment-large size-large\" alt=\"&quot;It\u2019s important for the drivers to be former cyclists. Because it\u2019s difficult to anticipate the movements of a peloton of several hundred riders, which reacts differently in certain situations.&quot;\" srcset=\"https:\/\/d2p6e6u75xmxt8.cloudfront.net\/6\/2022\/07\/SKODA-OCTAVIA.jpg 1022w, https:\/\/d2p6e6u75xmxt8.cloudfront.net\/6\/2022\/07\/SKODA-OCTAVIA-300x200.jpg 300w, https:\/\/d2p6e6u75xmxt8.cloudfront.net\/6\/2022\/07\/SKODA-OCTAVIA-768x512.jpg 768w, https:\/\/d2p6e6u75xmxt8.cloudfront.net\/6\/2022\/07\/SKODA-OCTAVIA-272x182.jpg 272w\" sizes=\"auto, (max-width: 1022px) 100vw, 1022px\" \/><\/a>\n\t\t\t<\/div><\/figure><figure class='gallery-item'>\n\t\t\t<div class='gallery-icon landscape'>\n\t\t\t\t<a href='https:\/\/d2p6e6u75xmxt8.cloudfront.net\/6\/2021\/07\/Medium-Gent-Wevelgem-1.jpg'><img loading=\"lazy\" decoding=\"async\" width=\"800\" height=\"532\" src=\"https:\/\/d2p6e6u75xmxt8.cloudfront.net\/6\/2021\/07\/Medium-Gent-Wevelgem-1.jpg\" class=\"attachment-large size-large\" alt=\"Two cars per team follow the peloton. \u00a9 Bram Berkien\" srcset=\"https:\/\/d2p6e6u75xmxt8.cloudfront.net\/6\/2021\/07\/Medium-Gent-Wevelgem-1.jpg 800w, https:\/\/d2p6e6u75xmxt8.cloudfront.net\/6\/2021\/07\/Medium-Gent-Wevelgem-1-300x200.jpg 300w, https:\/\/d2p6e6u75xmxt8.cloudfront.net\/6\/2021\/07\/Medium-Gent-Wevelgem-1-768x511.jpg 768w, https:\/\/d2p6e6u75xmxt8.cloudfront.net\/6\/2021\/07\/Medium-Gent-Wevelgem-1-272x182.jpg 272w\" sizes=\"auto, (max-width: 800px) 100vw, 800px\" \/><\/a>\n\t\t\t<\/div><\/figure>\n\t\t<\/div>\n\n<h2><strong>Coche del director de carrera y de otros altos cargos<\/strong><\/h2>\n<p>Este a\u00f1o, el honor de liderar el pelot\u00f3n volver\u00e1 a recaer en el<a href=\"https:\/\/www.skoda-auto.com\/models\/range\/enyaq-iv\"> \u0160koda ENYAQ iV<\/a>, especialmente adaptado, que transportar\u00e1 al Director del Tour de Francia, Christian Prudhomme, y a la Directora del Tour de Francia Femenino, Marion Rousse. \u00a0El llamativo y conocido SUV &#8220;rojo terciopelo&#8221; se utiliza como centro de mando m\u00f3vil, equipado con una radio bidireccional, seis antenas, un techo solar panor\u00e1mico retr\u00e1ctil y todas las comodidades que los Directores de Carrera y su equipo necesitan para las cuatro semanas que pasan en el habit\u00e1culo, incluyendo soportes para copas de champ\u00e1n. El sistema de radio se utiliza para comunicarse con sus comisarios de carrera y otros oficiales del Tour que les ayudan a ellos y a los corredores en la carretera, que viajan en coches del mismo tono rojo brillante de terciopelo.<\/p>\n<p>El coche no es dif\u00edcil de reconocer en medio del bullicio del Tour, gracias a las calcoman\u00edas personalizadas, a la caracter\u00edstica visera amarilla del parabrisas y al hecho de que los Directores del Tour a menudo observan y eval\u00faan la situaci\u00f3n de pie a trav\u00e9s del techo solar &#8211; as\u00ed es tambi\u00e9n como lanzan la carrera agitando una bandera en el &#8220;Kil\u00f3metro Cero&#8221;. Si quieres echar un vistazo a c\u00f3mo se ensamblan, personalizan y preparan los veh\u00edculos de los l\u00edderes y de los organizadores para su gran d\u00eda, echa un vistazo a nuestro <a href=\"https:\/\/www.welovecycling.com\/es\/2021\/07\/01\/enyaq-iv-rojo-director-tour-francia\/\">art\u00edculo anterior<\/a> que documenta su proceso de modificaci\u00f3n especial en un taller &#8220;ultra secreto&#8221; en la Rep\u00fablica Checa.<\/p>\n<p>https:\/\/www.youtube.com\/watch?v=d4QPYT5SebI&#038;feature=emb_title&#038;ab_channel=WeLoveCycling<\/p>\n<h2><strong>Coches de equipo<\/strong><\/h2>\n<p>No se puede exagerar la <a href=\"https:\/\/www.skoda-storyboard.com\/en\/lifestyle\/sports\/team-command-vehicle\/\">importancia<\/a> de los coches del equipo del Tour de Francia 2022, normalmente los \u0160koda SUPERB y <a href=\"https:\/\/www.skoda-auto.com\/models\/range\/octavia\">OCTAVIA<\/a>, ya sean iV, h\u00edbridos o di\u00e9sel. Sus cabinas y techos se convierten en talleres de reparaci\u00f3n, puestos de primeros auxilios, proveedores de piezas de repuesto, puntos de avituallamiento y cambio de marchas, y mucho m\u00e1s durante la carrera. Esto hace que sean fundamentales para el \u00e9xito tanto de los pilotos individuales como de todo el equipo. Los coches tienen un rango asignado en funci\u00f3n de la clasificaci\u00f3n del ciclista l\u00edder del equipo. La ecuaci\u00f3n es sencilla: cuanto m\u00e1s cerca del pelot\u00f3n, menos segundos se invierten en llegar hasta un ciclista en apuros. El \u00fanico que puede dar permiso para romper dicho rango es el Director de Carrera y los coches de equipo tienen una l\u00ednea directa de radio con su coche l\u00edder.<\/p>\n<p>Abordar un problema demasiado tarde puede costar al equipo una victoria de etapa o incluso el <a href=\"https:\/\/www.welovecycling.com\/es\/2022\/06\/28\/favoritos-para-el-maillot-verde-skoda-del-tour-2022\/\">maillot verde<\/a> de \u0160koda. Por eso se necesitan personas capacitadas y totalmente centradas al volante. Como nos dijo Ronny Lauke, cofundador y director del equipo CANYON\/\/SRAM Racing y director deportivo del Tour de Francia femenino con Zwift, en una entrevista: &#8220;En mi opini\u00f3n, es importante que los conductores sean antiguos ciclistas. Porque es dif\u00edcil anticipar los movimientos de un pelot\u00f3n de casi dos centeneras de corredores, que reacciona de forma diferente en determinadas situaciones. [&#8230;] Son responsables de la salud y el bienestar de los deportistas: son el eslab\u00f3n m\u00e1s vulnerable de nuestra cadena de tr\u00e1fico&#8221;.<\/p>\n<h2><strong>Coches neutros<\/strong><\/h2>\n<p><a href=\"https:\/\/d2p6e6u75xmxt8.cloudfront.net\/6\/2021\/06\/Shimano-neutral-vehicle-2.jpg\"><img loading=\"lazy\" decoding=\"async\" class=\"alignnone wp-image-7776 size-full\" src=\"https:\/\/d2p6e6u75xmxt8.cloudfront.net\/6\/2021\/06\/Shimano-neutral-vehicle-2.jpg\" alt=\"Many people watching cycling events such as the Tour de France often don\u2019t realize that the race organizers need the help of these cars.\" width=\"1063\" height=\"709\" srcset=\"https:\/\/d2p6e6u75xmxt8.cloudfront.net\/6\/2021\/06\/Shimano-neutral-vehicle-2.jpg 1063w, https:\/\/d2p6e6u75xmxt8.cloudfront.net\/6\/2021\/06\/Shimano-neutral-vehicle-2-300x200.jpg 300w, https:\/\/d2p6e6u75xmxt8.cloudfront.net\/6\/2021\/06\/Shimano-neutral-vehicle-2-1024x683.jpg 1024w, https:\/\/d2p6e6u75xmxt8.cloudfront.net\/6\/2021\/06\/Shimano-neutral-vehicle-2-768x512.jpg 768w, https:\/\/d2p6e6u75xmxt8.cloudfront.net\/6\/2021\/06\/Shimano-neutral-vehicle-2-272x182.jpg 272w\" sizes=\"auto, (max-width: 1063px) 100vw, 1063px\" \/><\/a><\/p>\n<p>Los aficionados al Tour tendr\u00e1n que acostumbrarse a esta nueva tonalidad, ya que los coches de apoyo neutrales han lucido el soleado amarillo Mavic desde 1977. El a\u00f1o pasado, el gigante japon\u00e9s de los componentes Shimano tom\u00f3 el relevo como proveedor de los equipos de apoyo y los modelos <a href=\"https:\/\/www.skoda-auto.com\/models\/range\/superb-iv\">\u0160koda SUBERB iV<\/a> utilizados como coches de apoyo neutrales cambiaron de abrigo al azul real. Estos &#8220;\u00e1ngeles de cuatro ruedas&#8221; est\u00e1n preparados para ayudar a cualquier corredor que lo necesite cuando los coches de su propio equipo est\u00e9n ocupados en otro lugar o demasiado lejos. Un coche Shimano tambi\u00e9n se mantendr\u00e1 cerca de los coches de los directores de carrera, con tres bicicletas especialmente ajustadas para los tres primeros clasificados de la general, por si tienen mala suerte.<\/p>\n<p>Normalmente, los coches de apoyo neutrales est\u00e1n equipados con neum\u00e1ticos de repuesto, cadenas, juegos de bielas e incluso bicicletas enteras, as\u00ed como accesorios como chubasqueros o cosas varias como geles energ\u00e9ticos y bebidas. Al comentar el cambio de proveedor, Thierry Gouvenou, jefe del departamento de organizaci\u00f3n de carreras ciclistas de A.S.O., <a href=\"https:\/\/www.letour.fr\/en\/news\/2021\/shimano-blue-for-neutral-support-at-tour-de-france\/1291752\">dijo:<\/a> &#8220;Contar con Shimano es una gran declaraci\u00f3n sobre la calidad de las carreras que ofrecemos. Confiamos plenamente en el equipo de Shimano para que ofrezca un servicio profesional a los equipos y a los corredores, como ha hecho durante gran parte de sus 100 a\u00f1os de historia&#8221;.<\/p>\n<h2><strong>Coches del programa VIP<\/strong><\/h2>\n<p>Y por \u00faltimo, pero no por ello menos importante, una flota dedicada de coches \u0160koda permite a algunos afortunados ganadores vivir el Tour m\u00e1s importante de sus vidas. Cada a\u00f1o, lanzamos el concurso del Programa de Hospitalidad VIP de \u0160koda, que lleva a varios aficionados lo m\u00e1s cerca posible del Tour con un servicio todo incluido. Los ganadores disfrutan de tres d\u00edas de ch\u00f3fer en el <a href=\"https:\/\/www.skoda-auto.com\/models\/range\/enyaq-iv\">\u0160koda ENYAQ iVs<\/a> o en el <a href=\"https:\/\/www.skoda-auto.com\/models\/range\/superb-iv\">\u0160koda SUPERB iVs<\/a>, incluyendo un paseo delante del pelot\u00f3n, un vuelo en helic\u00f3ptero sobre los corredores y el paisaje, y la famosa cocina y hospitalidad francesa. \u00bfTe parece la experiencia de tu vida? Pruebe su suerte, participe usted mismo en el concurso del Programa de Hospitalidad VIP \u0160koda aqu\u00ed y vea lo que ocurre.<\/p>\n<p>Este a\u00f1o, no pierdas de vista a los inmensamente dedicados y valientes equipos de apoyo y a todos los dem\u00e1s que hacen realidad el sue\u00f1o del Tour de Francia.<\/p>\n","protected":false},"excerpt":{"rendered":"<p>Si echamos un vistazo a las cifras de este a\u00f1o, el Tour de Francia (del 1 al 24 de julio) [&hellip;]<\/p>\n","protected":false},"author":29,"featured_media":9061,"comment_status":"open","ping_status":"open","sticky":false,"template":"","format":"standard","meta":{"footnotes":""},"categories":[7],"tags":[2177,1108,2181],"global-categories":[],"class_list":["post-9057","post","type-post","status-publish","format-standard","has-post-thumbnail","hentry","category-carretera","tag-tour-2022","tag-tour-francia","tag-tour-francia-2022"],"yoast_head":"<!-- This site is optimized with the Yoast SEO Premium plugin v25.3 (Yoast SEO v25.9) - https:\/\/yoast.com\/wordpress\/plugins\/seo\/ -->\n<title>Los coches del Tour de Francia 2022 - We Love Cycling<\/title>\n<meta name=\"description\" content=\"Los coches del Tour de Francia 2022 y del Tour Femenino. Desde el \u0160koda ENYAQ iV del director de carrera a los neutros.\" \/>\n<meta name=\"robots\" content=\"index, follow, max-snippet:-1, max-image-preview:large, max-video-preview:-1\" \/>\n<link rel=\"canonical\" href=\"https:\/\/www.welovecycling.com\/es\/2022\/07\/01\/coches-tour-francia-2022\/\" \/>\n<meta property=\"og:locale\" content=\"es_ES\" \/>\n<meta property=\"og:type\" content=\"article\" \/>\n<meta property=\"og:title\" content=\"Los coches del Tour de Francia 2022\" \/>\n<meta property=\"og:description\" content=\"Los coches del Tour de Francia 2022 y del Tour Femenino. Desde el \u0160koda ENYAQ iV del director de carrera a los neutros.\" \/>\n<meta property=\"og:url\" content=\"https:\/\/www.welovecycling.com\/es\/2022\/07\/01\/coches-tour-francia-2022\/\" \/>\n<meta property=\"og:site_name\" content=\"\u0160koda We Love Cycling - Spain\" \/>\n<meta property=\"article:published_time\" content=\"2022-07-01T17:27:42+00:00\" \/>\n<meta property=\"og:image\" content=\"https:\/\/d2p6e6u75xmxt8.cloudfront.net\/6\/2022\/07\/Tour-Peloton-profimedia-0620128044-CVR.jpg\" \/>\n\t<meta property=\"og:image:width\" content=\"990\" \/>\n\t<meta property=\"og:image:height\" content=\"660\" \/>\n\t<meta property=\"og:image:type\" content=\"image\/jpeg\" \/>\n<meta name=\"author\" content=\"We Love Cycling Spain\" \/>\n<meta name=\"twitter:card\" content=\"summary_large_image\" \/>\n<meta name=\"twitter:title\" content=\"Los coches del Tour de Francia 2022 y del Tour Femenino\" \/>\n<meta name=\"twitter:description\" content=\"Los coches del Tour de Francia 2022 y del Tour Femenino. Desde el \u0160koda ENYAQ iV del director de carrera a los neutros.\" \/>\n<meta name=\"twitter:label1\" content=\"Written by\" \/>\n\t<meta name=\"twitter:data1\" content=\"We Love Cycling\" \/>\n\t<meta name=\"twitter:label2\" content=\"Est. reading time\" \/>\n\t<meta name=\"twitter:data2\" content=\"5\" \/>\n<script type=\"application\/ld+json\" class=\"yoast-schema-graph\">{\"@context\":\"https:\/\/schema.org\",\"@graph\":[{\"@type\":\"WebPage\",\"@id\":\"https:\/\/www.welovecycling.com\/es\/2022\/07\/01\/coches-tour-francia-2022\/\",\"url\":\"https:\/\/www.welovecycling.com\/es\/2022\/07\/01\/coches-tour-francia-2022\/\",\"name\":\"Los coches del Tour de Francia 2022 - We Love Cycling\",\"isPartOf\":{\"@id\":\"https:\/\/www.welovecycling.com\/es\/#website\"},\"primaryImageOfPage\":{\"@id\":\"https:\/\/www.welovecycling.com\/es\/2022\/07\/01\/coches-tour-francia-2022\/#primaryimage\"},\"image\":{\"@id\":\"https:\/\/www.welovecycling.com\/es\/2022\/07\/01\/coches-tour-francia-2022\/#primaryimage\"},\"thumbnailUrl\":\"https:\/\/d2p6e6u75xmxt8.cloudfront.net\/6\/2022\/07\/Tour-Peloton-profimedia-0620128044-CVR.jpg\",\"datePublished\":\"2022-07-01T17:27:42+00:00\",\"author\":{\"@id\":\"https:\/\/www.welovecycling.com\/es\/#\/schema\/person\/deb61715b5812698ee79fb96f343ccd4\"},\"description\":\"Los coches del Tour de Francia 2022 y del Tour Femenino. Desde el \u0160koda ENYAQ iV del director de carrera a los neutros.\",\"breadcrumb\":{\"@id\":\"https:\/\/www.welovecycling.com\/es\/2022\/07\/01\/coches-tour-francia-2022\/#breadcrumb\"},\"inLanguage\":\"es-ES\",\"potentialAction\":[{\"@type\":\"ReadAction\",\"target\":[\"https:\/\/www.welovecycling.com\/es\/2022\/07\/01\/coches-tour-francia-2022\/\"]}]},{\"@type\":\"ImageObject\",\"inLanguage\":\"es-ES\",\"@id\":\"https:\/\/www.welovecycling.com\/es\/2022\/07\/01\/coches-tour-francia-2022\/#primaryimage\",\"url\":\"https:\/\/d2p6e6u75xmxt8.cloudfront.net\/6\/2022\/07\/Tour-Peloton-profimedia-0620128044-CVR.jpg\",\"contentUrl\":\"https:\/\/d2p6e6u75xmxt8.cloudfront.net\/6\/2022\/07\/Tour-Peloton-profimedia-0620128044-CVR.jpg\",\"width\":990,\"height\":660,\"caption\":\"Tour de France\"},{\"@type\":\"BreadcrumbList\",\"@id\":\"https:\/\/www.welovecycling.com\/es\/2022\/07\/01\/coches-tour-francia-2022\/#breadcrumb\",\"itemListElement\":[{\"@type\":\"ListItem\",\"position\":1,\"name\":\"Home\",\"item\":\"https:\/\/www.welovecycling.com\/es\/\"},{\"@type\":\"ListItem\",\"position\":2,\"name\":\"Los coches del Tour de Francia 2022\"}]},{\"@type\":\"WebSite\",\"@id\":\"https:\/\/www.welovecycling.com\/es\/#website\",\"url\":\"https:\/\/www.welovecycling.com\/es\/\",\"name\":\"\u0160koda We Love Cycling - Spain\",\"description\":\"\u0160koda WeLoveCycling Spain\",\"potentialAction\":[{\"@type\":\"SearchAction\",\"target\":{\"@type\":\"EntryPoint\",\"urlTemplate\":\"https:\/\/www.welovecycling.com\/es\/?s={search_term_string}\"},\"query-input\":{\"@type\":\"PropertyValueSpecification\",\"valueRequired\":true,\"valueName\":\"search_term_string\"}}],\"inLanguage\":\"es-ES\"},{\"@type\":\"Person\",\"@id\":\"https:\/\/www.welovecycling.com\/es\/#\/schema\/person\/deb61715b5812698ee79fb96f343ccd4\",\"name\":\"We Love Cycling Spain\",\"image\":{\"@type\":\"ImageObject\",\"inLanguage\":\"es-ES\",\"@id\":\"https:\/\/www.welovecycling.com\/es\/#\/schema\/person\/image\/\",\"url\":\"https:\/\/secure.gravatar.com\/avatar\/c824b04e6df0e37a03219d0b6481672889df542894588964102459e46513159c?s=96&d=mm&r=g\",\"contentUrl\":\"https:\/\/secure.gravatar.com\/avatar\/c824b04e6df0e37a03219d0b6481672889df542894588964102459e46513159c?s=96&d=mm&r=g\",\"caption\":\"We Love Cycling Spain\"},\"url\":\"https:\/\/www.welovecycling.com\/es\/author\/amunoz\/\"}]}<\/script>\n<!-- \/ Yoast SEO Premium plugin. -->","yoast_head_json":{"title":"Los coches del Tour de Francia 2022 - We Love Cycling","description":"Los coches del Tour de Francia 2022 y del Tour Femenino. Desde el \u0160koda ENYAQ iV del director de carrera a los neutros.","robots":{"index":"index","follow":"follow","max-snippet":"max-snippet:-1","max-image-preview":"max-image-preview:large","max-video-preview":"max-video-preview:-1"},"canonical":"https:\/\/www.welovecycling.com\/es\/2022\/07\/01\/coches-tour-francia-2022\/","og_locale":"es_ES","og_type":"article","og_title":"Los coches del Tour de Francia 2022","og_description":"Los coches del Tour de Francia 2022 y del Tour Femenino. Desde el \u0160koda ENYAQ iV del director de carrera a los neutros.","og_url":"https:\/\/www.welovecycling.com\/es\/2022\/07\/01\/coches-tour-francia-2022\/","og_site_name":"\u0160koda We Love Cycling - Spain","article_published_time":"2022-07-01T17:27:42+00:00","og_image":[{"width":990,"height":660,"url":"https:\/\/d2p6e6u75xmxt8.cloudfront.net\/6\/2022\/07\/Tour-Peloton-profimedia-0620128044-CVR.jpg","type":"image\/jpeg"}],"author":"We Love Cycling Spain","twitter_card":"summary_large_image","twitter_title":"Los coches del Tour de Francia 2022 y del Tour Femenino","twitter_description":"Los coches del Tour de Francia 2022 y del Tour Femenino. Desde el \u0160koda ENYAQ iV del director de carrera a los neutros.","twitter_misc":{"Written by":"We Love Cycling","Est. reading time":"5"},"schema":{"@context":"https:\/\/schema.org","@graph":[{"@type":"WebPage","@id":"https:\/\/www.welovecycling.com\/es\/2022\/07\/01\/coches-tour-francia-2022\/","url":"https:\/\/www.welovecycling.com\/es\/2022\/07\/01\/coches-tour-francia-2022\/","name":"Los coches del Tour de Francia 2022 - We Love Cycling","isPartOf":{"@id":"https:\/\/www.welovecycling.com\/es\/#website"},"primaryImageOfPage":{"@id":"https:\/\/www.welovecycling.com\/es\/2022\/07\/01\/coches-tour-francia-2022\/#primaryimage"},"image":{"@id":"https:\/\/www.welovecycling.com\/es\/2022\/07\/01\/coches-tour-francia-2022\/#primaryimage"},"thumbnailUrl":"https:\/\/d2p6e6u75xmxt8.cloudfront.net\/6\/2022\/07\/Tour-Peloton-profimedia-0620128044-CVR.jpg","datePublished":"2022-07-01T17:27:42+00:00","author":{"@id":"https:\/\/www.welovecycling.com\/es\/#\/schema\/person\/deb61715b5812698ee79fb96f343ccd4"},"description":"Los coches del Tour de Francia 2022 y del Tour Femenino. Desde el \u0160koda ENYAQ iV del director de carrera a los neutros.","breadcrumb":{"@id":"https:\/\/www.welovecycling.com\/es\/2022\/07\/01\/coches-tour-francia-2022\/#breadcrumb"},"inLanguage":"es-ES","potentialAction":[{"@type":"ReadAction","target":["https:\/\/www.welovecycling.com\/es\/2022\/07\/01\/coches-tour-francia-2022\/"]}]},{"@type":"ImageObject","inLanguage":"es-ES","@id":"https:\/\/www.welovecycling.com\/es\/2022\/07\/01\/coches-tour-francia-2022\/#primaryimage","url":"https:\/\/d2p6e6u75xmxt8.cloudfront.net\/6\/2022\/07\/Tour-Peloton-profimedia-0620128044-CVR.jpg","contentUrl":"https:\/\/d2p6e6u75xmxt8.cloudfront.net\/6\/2022\/07\/Tour-Peloton-profimedia-0620128044-CVR.jpg","width":990,"height":660,"caption":"Tour de France"},{"@type":"BreadcrumbList","@id":"https:\/\/www.welovecycling.com\/es\/2022\/07\/01\/coches-tour-francia-2022\/#breadcrumb","itemListElement":[{"@type":"ListItem","position":1,"name":"Home","item":"https:\/\/www.welovecycling.com\/es\/"},{"@type":"ListItem","position":2,"name":"Los coches del Tour de Francia 2022"}]},{"@type":"WebSite","@id":"https:\/\/www.welovecycling.com\/es\/#website","url":"https:\/\/www.welovecycling.com\/es\/","name":"\u0160koda We Love Cycling - Spain","description":"\u0160koda WeLoveCycling Spain","potentialAction":[{"@type":"SearchAction","target":{"@type":"EntryPoint","urlTemplate":"https:\/\/www.welovecycling.com\/es\/?s={search_term_string}"},"query-input":{"@type":"PropertyValueSpecification","valueRequired":true,"valueName":"search_term_string"}}],"inLanguage":"es-ES"},{"@type":"Person","@id":"https:\/\/www.welovecycling.com\/es\/#\/schema\/person\/deb61715b5812698ee79fb96f343ccd4","name":"We Love Cycling Spain","image":{"@type":"ImageObject","inLanguage":"es-ES","@id":"https:\/\/www.welovecycling.com\/es\/#\/schema\/person\/image\/","url":"https:\/\/secure.gravatar.com\/avatar\/c824b04e6df0e37a03219d0b6481672889df542894588964102459e46513159c?s=96&d=mm&r=g","contentUrl":"https:\/\/secure.gravatar.com\/avatar\/c824b04e6df0e37a03219d0b6481672889df542894588964102459e46513159c?s=96&d=mm&r=g","caption":"We Love Cycling Spain"},"url":"https:\/\/www.welovecycling.com\/es\/author\/amunoz\/"}]}},"_links":{"self":[{"href":"https:\/\/www.welovecycling.com\/es\/wp-json\/wp\/v2\/posts\/9057","targetHints":{"allow":["GET"]}}],"collection":[{"href":"https:\/\/www.welovecycling.com\/es\/wp-json\/wp\/v2\/posts"}],"about":[{"href":"https:\/\/www.welovecycling.com\/es\/wp-json\/wp\/v2\/types\/post"}],"author":[{"embeddable":true,"href":"https:\/\/www.welovecycling.com\/es\/wp-json\/wp\/v2\/users\/29"}],"replies":[{"embeddable":true,"href":"https:\/\/www.welovecycling.com\/es\/wp-json\/wp\/v2\/comments?post=9057"}],"version-history":[{"count":2,"href":"https:\/\/www.welovecycling.com\/es\/wp-json\/wp\/v2\/posts\/9057\/revisions"}],"predecessor-version":[{"id":9062,"href":"https:\/\/www.welovecycling.com\/es\/wp-json\/wp\/v2\/posts\/9057\/revisions\/9062"}],"wp:featuredmedia":[{"embeddable":true,"href":"https:\/\/www.welovecycling.com\/es\/wp-json\/wp\/v2\/media\/9061"}],"wp:attachment":[{"href":"https:\/\/www.welovecycling.com\/es\/wp-json\/wp\/v2\/media?parent=9057"}],"wp:term":[{"taxonomy":"category","embeddable":true,"href":"https:\/\/www.welovecycling.com\/es\/wp-json\/wp\/v2\/categories?post=9057"},{"taxonomy":"post_tag","embeddable":true,"href":"https:\/\/www.welovecycling.com\/es\/wp-json\/wp\/v2\/tags?post=9057"},{"taxonomy":"global-categories","embeddable":true,"href":"https:\/\/www.welovecycling.com\/es\/wp-json\/wp\/v2\/global-categories?post=9057"}],"curies":[{"name":"wp","href":"https:\/\/api.w.org\/{rel}","templated":true}]}}