{"id":9042,"date":"2022-07-03T12:55:31","date_gmt":"2022-07-03T10:55:31","guid":{"rendered":"https:\/\/www.welovecycling.com\/es\/?p=9042"},"modified":"2022-06-29T12:55:51","modified_gmt":"2022-06-29T10:55:51","slug":"evolucion-ciclismo-femenino","status":"publish","type":"post","link":"https:\/\/www.welovecycling.com\/es\/2022\/07\/03\/evolucion-ciclismo-femenino\/","title":{"rendered":"La evoluci\u00f3n del ciclismo femenino, por Kasia Niewiadoma"},"content":{"rendered":"<p><strong>Con el Tour de Francia Femenino a la vuelta de la esquina, es un momento de emoci\u00f3n y reflexi\u00f3n para todos nosotros en el pelot\u00f3n femenino. Estos momentos sin precedentes ofrecen la oportunidad perfecta para ver lo lejos que hemos llegado, y hoy me gustar\u00eda compartir algunas de mis reflexiones sobre la evoluci\u00f3n del ciclismo femenino durante mi carrera y lo que significa para m\u00ed competir en el Tour de Francia Femenino.<\/strong><br \/>\n<!--more--><\/p>\n<h2><strong>La evoluci\u00f3n del ciclismo femenino<\/strong><\/h2>\n<p>Mi primer contrato profesional comenz\u00f3 en 2014. Firm\u00e9 por dos a\u00f1os con el equipo holand\u00e9s Rabobank. Por aquel entonces, era el \u00fanico grupo bien desarrollado con una estructura profesional. \u00c9ramos los \u00fanicos con un autob\u00fas de equipo adecuado transmitido desde un equipo profesional masculino. Todos los dem\u00e1s equipos eran relativamente peque\u00f1os, con no muchos corredores o miembros del personal. Cada a\u00f1o, empezamos a notar m\u00e1s inter\u00e9s por parte de diferentes patrocinadores y de directores de equipo comprometidos con hacer grande el ciclismo femenino.<\/p>\n<p>Pensando en ello, creo que todo el mundo sab\u00eda que nuestro deporte era lo suficientemente bello y emocionante como para merecer la atenci\u00f3n de un mayor n\u00famero de aficionados. Gracias a este apoyo, poco a poco nuestras carreras empezaron a ser <a href=\"https:\/\/www.welovecycling.com\/es\/2018\/08\/07\/el-ciclismo-femenino-en-numeros\/\">retransmitidas<\/a> y a llegar a un p\u00fablico m\u00e1s amplio. Por supuesto, no ocurri\u00f3 todo de golpe, pero as\u00ed fue como las ruedas empezaron a girar.<\/p>\n<p>https:\/\/www.instagram.com\/p\/CfV7QmZosx_\/?hl=cs<\/p>\n<p>Creo que ese fue el momento cr\u00edtico: cuando el p\u00fablico pudo por fin vernos, la atenci\u00f3n de los medios de comunicaci\u00f3n aument\u00f3 r\u00e1pidamente y los patrocinadores se mostraron deseosos de invertir su dinero. A partir de ese momento, m\u00e1s ciclistas pudieron centrarse en el entrenamiento y la competici\u00f3n en lugar de intentar compaginar un trabajo regular con lo que se consideraba todav\u00eda principalmente un &#8220;hobby&#8221;.<\/p>\n<p>Fue una \u00e9poca complicada pero muy inspiradora, tuve la suerte de formar parte del equipo principal, as\u00ed que siempre cre\u00ed que hab\u00eda un futuro para nosotros, \u00a1siempre que sigui\u00e9ramos luchando por \u00e9l! Me encant\u00f3 ese proceso de hablar en voz alta sobre los cambios que hab\u00eda que aplicar. Todo el pelot\u00f3n quer\u00eda empezar a progresar, y creo que fuimos capaces de unir nuestras fuerzas y luchar por m\u00e1s.<\/p>\n<h2><strong>Lo que queda por hacer<\/strong><\/h2>\n<p>Ahora, es estupendo mirar hacia atr\u00e1s y ver lo mucho que hemos avanzado, pero tambi\u00e9n tenemos que reflexionar sobre los aspectos en los que todav\u00eda tenemos que mejorar las condiciones para nuestros ciclistas. Creo que hay una gran brecha entre las carreras en la categor\u00eda junior y las carreras en la categor\u00eda \u00e9lite que hay que llenar. No hay nada entre medias que permita a las j\u00f3venes corredoras hacer la transici\u00f3n a un nivel superior con calma y sin demasiada presi\u00f3n. Echamos de menos las carreras de la categor\u00eda sub-23, en las que las j\u00f3venes podr\u00edan desarrollarse a un ritmo adecuado, sin tener que exagerar los entrenamientos y sin desanimarse por la diferencia de fuerzas al competir con alguien que tiene m\u00e1s de 10 a\u00f1os que ellos.<\/p>\n<p>https:\/\/www.instagram.com\/p\/CfW3LXTINFW\/?hl=cs<\/p>\n<p>En general, tengo esperanzas de <strong>evoluci\u00f3n del ciclismo femenino.\u00a0<\/strong> Hemos visto cambios significativos en el dinero de los premios y en los salarios. Todo est\u00e1 mejorando poco a poco. Creo que este trabajo dar\u00e1 sus frutos en un par de a\u00f1os m\u00e1s, \u00a1y es estimulante para las j\u00f3venes que se inician en este deporte!<\/p>\n<h2><strong>Oportunidades para el futuro<\/strong><\/h2>\n<p>En cierto modo, el ciclismo femenino se est\u00e1 pareciendo m\u00e1s al masculino, lo que no es necesariamente bueno. Sin embargo, tambi\u00e9n es dif\u00edcil de evitar, ya que la mayor\u00eda de los principales equipos femeninos se han fusionado con los masculinos. Esto significa que comparten muchos conocimientos\u00a0 e incluso tienen los mismos campos de entrenamiento, por lo que, naturalmente, ambos deportes se parecen.<\/p>\n<p>En los \u00faltimos a\u00f1os, muchas de nuestras carreras importantes han empezado a celebrarse el mismo d\u00eda que las masculinas. Gracias a ello, conseguimos una mayor exposici\u00f3n en los medios de comunicaci\u00f3n y una mayor difusi\u00f3n por televisi\u00f3n, lo cual es fant\u00e1stico. Sin embargo, a diferencia de los equipos masculinos, la mayor\u00eda de nuestros equipos est\u00e1n formados por entre 12 y 16 corredoras, lo que es muy poco para un calendario tan apretado. Si tenemos en cuenta las lesiones, las enfermedades y otros problemas, a veces un equipo echa de menos a una corredora para completar el roster de la carrera. Esto es algo que tiene que cambiar. Cuantas m\u00e1s carreras tengamos, m\u00e1s grande debe ser el equipo.<\/p>\n<h2><strong>Igualdad m\u00e1s amplia<\/strong><\/h2>\n<p>Creo que el ciclismo es un deporte en desarrollo ahora mismo, y es genial formar parte de ese cambio. La madre de mi novio sol\u00eda correr en los a\u00f1os 80, cuando nada cambiaba ni se desarrollaba. As\u00ed que ver este contraste me hace estar muy agradecida. Creo que todav\u00eda hay una gran brecha entre lo que nosotras y el tenis, por ejemplo, pero tambi\u00e9n s\u00e9 que tenemos mucha gente dedicada a trabajar por el cambio, y lo conseguiremos.<\/p>\n<p>https:\/\/www.instagram.com\/p\/CedOdI9IoI4\/?hl=cs<\/p>\n<p>Me gustar\u00eda que el p\u00fablico supiera que la mayor\u00eda de nosotras decidimos ser ciclistas por nuestra pasi\u00f3n y amor por este deporte. No muchos de nosotros pensamos en \u00e9l como un trabajo, y creo que por eso nuestras carreras son tan imprevisibles, intensas y llenas de emociones. Todo el mundo se preocupa tanto por ganar, no porque queramos hacernos ricos, sino porque todos sentimos ese hambre de victoria en nuestros corazones.<\/p>\n<h2><strong>El pr\u00f3ximo Tour de Francia Femenino<\/strong><\/h2>\n<p>Y para m\u00ed, toda esa pasi\u00f3n est\u00e1, por supuesto, centrada actualmente en el <a href=\"https:\/\/www.letourfemmes.fr\/fr\">Tour de Francia Femenino.<\/a> Es una de las carreras m\u00e1s emocionantes de toda mi carrera. Gracias a mi edad y al momento en que me encuentro, me siento muy tranquila al respecto. Antes me estresaba mucho y me pon\u00eda nerviosa con la simple idea de correr. Por suerte, ya lo he superado. Mi plan para la carrera es alimentarme bien, dar lo mejor de m\u00ed, divertirme y sonre\u00edr.<\/p>\n<p>A veces pienso en ser abuela y contar a mis nietos c\u00f3mo particip\u00e9 en este evento y c\u00f3mo pude experimentar el cambio y sentir c\u00f3mo hemos progresado a lo largo de los a\u00f1os en el ciclismo femenino. Es un orgullo para m\u00ed. Mi sue\u00f1o no es s\u00f3lo decir que he corrido el Tour de Francia, sino poder decir que he luchado por las victorias. S\u00e9 que muchas mujeres piensan lo mismo, pero mientras creas en ti misma, todo es posible.<\/p>\n","protected":false},"excerpt":{"rendered":"<p>Con el Tour de Francia Femenino a la vuelta de la esquina, es un momento de emoci\u00f3n y reflexi\u00f3n para [&hellip;]<\/p>\n","protected":false},"author":29,"featured_media":9051,"comment_status":"open","ping_status":"open","sticky":false,"template":"","format":"standard","meta":{"footnotes":""},"categories":[7],"tags":[2177,2173],"global-categories":[],"class_list":["post-9042","post","type-post","status-publish","format-standard","has-post-thumbnail","hentry","category-carretera","tag-tour-2022","tag-tour-francia-femenino"],"yoast_head":"<!-- This site is optimized with the Yoast SEO Premium plugin v25.3 (Yoast SEO v25.9) - https:\/\/yoast.com\/wordpress\/plugins\/seo\/ -->\n<title>La evoluci\u00f3n del ciclismo femenino, por Kasia Niewiadoma<\/title>\n<meta name=\"description\" content=\"La evoluci\u00f3n del ciclismo femenino, por Kasia Niewiadoma. Un an\u00e1lisis del ciclismo femenino antes de la edici\u00f3n del Tour Femenino 2022.\" \/>\n<meta name=\"robots\" content=\"index, follow, max-snippet:-1, max-image-preview:large, max-video-preview:-1\" \/>\n<link rel=\"canonical\" href=\"https:\/\/www.welovecycling.com\/es\/2022\/07\/03\/evolucion-ciclismo-femenino\/\" \/>\n<meta property=\"og:locale\" content=\"es_ES\" \/>\n<meta property=\"og:type\" content=\"article\" \/>\n<meta property=\"og:title\" content=\"La evoluci\u00f3n del ciclismo femenino, por Kasia Niewiadoma\" \/>\n<meta property=\"og:description\" content=\"La evoluci\u00f3n del ciclismo femenino, por Kasia Niewiadoma. Un an\u00e1lisis del ciclismo femenino antes de la edici\u00f3n del Tour Femenino 2022.\" \/>\n<meta property=\"og:url\" content=\"https:\/\/www.welovecycling.com\/es\/2022\/07\/03\/evolucion-ciclismo-femenino\/\" \/>\n<meta property=\"og:site_name\" content=\"\u0160koda We Love Cycling - Spain\" \/>\n<meta property=\"article:published_time\" content=\"2022-07-03T10:55:31+00:00\" \/>\n<meta property=\"og:image\" content=\"https:\/\/d2p6e6u75xmxt8.cloudfront.net\/6\/2022\/06\/Kasia-CVR-profimedia-0698518323.jpg\" \/>\n\t<meta property=\"og:image:width\" content=\"990\" \/>\n\t<meta property=\"og:image:height\" content=\"660\" \/>\n\t<meta property=\"og:image:type\" content=\"image\/jpeg\" \/>\n<meta name=\"author\" content=\"We Love Cycling Spain\" \/>\n<meta name=\"twitter:card\" content=\"summary_large_image\" \/>\n<meta name=\"twitter:title\" content=\"La evoluci\u00f3n del ciclismo femenino, por Kasia Niewiadoma\" \/>\n<meta name=\"twitter:description\" content=\"La evoluci\u00f3n del ciclismo femenino, por Kasia Niewiadoma. Un an\u00e1lisis del ciclismo femenino antes de la edici\u00f3n del Tour Femenino 2022.\" \/>\n<meta name=\"twitter:label1\" content=\"Written by\" \/>\n\t<meta name=\"twitter:data1\" content=\"Kasia Niewiadoma\" \/>\n\t<meta name=\"twitter:label2\" content=\"Est. reading time\" \/>\n\t<meta name=\"twitter:data2\" content=\"7\" \/>\n<script type=\"application\/ld+json\" class=\"yoast-schema-graph\">{\"@context\":\"https:\/\/schema.org\",\"@graph\":[{\"@type\":\"WebPage\",\"@id\":\"https:\/\/www.welovecycling.com\/es\/2022\/07\/03\/evolucion-ciclismo-femenino\/\",\"url\":\"https:\/\/www.welovecycling.com\/es\/2022\/07\/03\/evolucion-ciclismo-femenino\/\",\"name\":\"La evoluci\u00f3n del ciclismo femenino, por Kasia Niewiadoma\",\"isPartOf\":{\"@id\":\"https:\/\/www.welovecycling.com\/es\/#website\"},\"primaryImageOfPage\":{\"@id\":\"https:\/\/www.welovecycling.com\/es\/2022\/07\/03\/evolucion-ciclismo-femenino\/#primaryimage\"},\"image\":{\"@id\":\"https:\/\/www.welovecycling.com\/es\/2022\/07\/03\/evolucion-ciclismo-femenino\/#primaryimage\"},\"thumbnailUrl\":\"https:\/\/d2p6e6u75xmxt8.cloudfront.net\/6\/2022\/06\/Kasia-CVR-profimedia-0698518323.jpg\",\"datePublished\":\"2022-07-03T10:55:31+00:00\",\"author\":{\"@id\":\"https:\/\/www.welovecycling.com\/es\/#\/schema\/person\/deb61715b5812698ee79fb96f343ccd4\"},\"description\":\"La evoluci\u00f3n del ciclismo femenino, por Kasia Niewiadoma. Un an\u00e1lisis del ciclismo femenino antes de la edici\u00f3n del Tour Femenino 2022.\",\"breadcrumb\":{\"@id\":\"https:\/\/www.welovecycling.com\/es\/2022\/07\/03\/evolucion-ciclismo-femenino\/#breadcrumb\"},\"inLanguage\":\"es-ES\",\"potentialAction\":[{\"@type\":\"ReadAction\",\"target\":[\"https:\/\/www.welovecycling.com\/es\/2022\/07\/03\/evolucion-ciclismo-femenino\/\"]}]},{\"@type\":\"ImageObject\",\"inLanguage\":\"es-ES\",\"@id\":\"https:\/\/www.welovecycling.com\/es\/2022\/07\/03\/evolucion-ciclismo-femenino\/#primaryimage\",\"url\":\"https:\/\/d2p6e6u75xmxt8.cloudfront.net\/6\/2022\/06\/Kasia-CVR-profimedia-0698518323.jpg\",\"contentUrl\":\"https:\/\/d2p6e6u75xmxt8.cloudfront.net\/6\/2022\/06\/Kasia-CVR-profimedia-0698518323.jpg\",\"width\":990,\"height\":660},{\"@type\":\"BreadcrumbList\",\"@id\":\"https:\/\/www.welovecycling.com\/es\/2022\/07\/03\/evolucion-ciclismo-femenino\/#breadcrumb\",\"itemListElement\":[{\"@type\":\"ListItem\",\"position\":1,\"name\":\"Home\",\"item\":\"https:\/\/www.welovecycling.com\/es\/\"},{\"@type\":\"ListItem\",\"position\":2,\"name\":\"La evoluci\u00f3n del ciclismo femenino, por Kasia Niewiadoma\"}]},{\"@type\":\"WebSite\",\"@id\":\"https:\/\/www.welovecycling.com\/es\/#website\",\"url\":\"https:\/\/www.welovecycling.com\/es\/\",\"name\":\"\u0160koda We Love Cycling - Spain\",\"description\":\"\u0160koda WeLoveCycling Spain\",\"potentialAction\":[{\"@type\":\"SearchAction\",\"target\":{\"@type\":\"EntryPoint\",\"urlTemplate\":\"https:\/\/www.welovecycling.com\/es\/?s={search_term_string}\"},\"query-input\":{\"@type\":\"PropertyValueSpecification\",\"valueRequired\":true,\"valueName\":\"search_term_string\"}}],\"inLanguage\":\"es-ES\"},{\"@type\":\"Person\",\"@id\":\"https:\/\/www.welovecycling.com\/es\/#\/schema\/person\/deb61715b5812698ee79fb96f343ccd4\",\"name\":\"We Love Cycling Spain\",\"image\":{\"@type\":\"ImageObject\",\"inLanguage\":\"es-ES\",\"@id\":\"https:\/\/www.welovecycling.com\/es\/#\/schema\/person\/image\/\",\"url\":\"https:\/\/secure.gravatar.com\/avatar\/c824b04e6df0e37a03219d0b6481672889df542894588964102459e46513159c?s=96&d=mm&r=g\",\"contentUrl\":\"https:\/\/secure.gravatar.com\/avatar\/c824b04e6df0e37a03219d0b6481672889df542894588964102459e46513159c?s=96&d=mm&r=g\",\"caption\":\"We Love Cycling Spain\"},\"url\":\"https:\/\/www.welovecycling.com\/es\/author\/amunoz\/\"}]}<\/script>\n<!-- \/ Yoast SEO Premium plugin. -->","yoast_head_json":{"title":"La evoluci\u00f3n del ciclismo femenino, por Kasia Niewiadoma","description":"La evoluci\u00f3n del ciclismo femenino, por Kasia Niewiadoma. Un an\u00e1lisis del ciclismo femenino antes de la edici\u00f3n del Tour Femenino 2022.","robots":{"index":"index","follow":"follow","max-snippet":"max-snippet:-1","max-image-preview":"max-image-preview:large","max-video-preview":"max-video-preview:-1"},"canonical":"https:\/\/www.welovecycling.com\/es\/2022\/07\/03\/evolucion-ciclismo-femenino\/","og_locale":"es_ES","og_type":"article","og_title":"La evoluci\u00f3n del ciclismo femenino, por Kasia Niewiadoma","og_description":"La evoluci\u00f3n del ciclismo femenino, por Kasia Niewiadoma. Un an\u00e1lisis del ciclismo femenino antes de la edici\u00f3n del Tour Femenino 2022.","og_url":"https:\/\/www.welovecycling.com\/es\/2022\/07\/03\/evolucion-ciclismo-femenino\/","og_site_name":"\u0160koda We Love Cycling - Spain","article_published_time":"2022-07-03T10:55:31+00:00","og_image":[{"width":990,"height":660,"url":"https:\/\/d2p6e6u75xmxt8.cloudfront.net\/6\/2022\/06\/Kasia-CVR-profimedia-0698518323.jpg","type":"image\/jpeg"}],"author":"We Love Cycling Spain","twitter_card":"summary_large_image","twitter_title":"La evoluci\u00f3n del ciclismo femenino, por Kasia Niewiadoma","twitter_description":"La evoluci\u00f3n del ciclismo femenino, por Kasia Niewiadoma. Un an\u00e1lisis del ciclismo femenino antes de la edici\u00f3n del Tour Femenino 2022.","twitter_misc":{"Written by":"Kasia Niewiadoma","Est. reading time":"7"},"schema":{"@context":"https:\/\/schema.org","@graph":[{"@type":"WebPage","@id":"https:\/\/www.welovecycling.com\/es\/2022\/07\/03\/evolucion-ciclismo-femenino\/","url":"https:\/\/www.welovecycling.com\/es\/2022\/07\/03\/evolucion-ciclismo-femenino\/","name":"La evoluci\u00f3n del ciclismo femenino, por Kasia Niewiadoma","isPartOf":{"@id":"https:\/\/www.welovecycling.com\/es\/#website"},"primaryImageOfPage":{"@id":"https:\/\/www.welovecycling.com\/es\/2022\/07\/03\/evolucion-ciclismo-femenino\/#primaryimage"},"image":{"@id":"https:\/\/www.welovecycling.com\/es\/2022\/07\/03\/evolucion-ciclismo-femenino\/#primaryimage"},"thumbnailUrl":"https:\/\/d2p6e6u75xmxt8.cloudfront.net\/6\/2022\/06\/Kasia-CVR-profimedia-0698518323.jpg","datePublished":"2022-07-03T10:55:31+00:00","author":{"@id":"https:\/\/www.welovecycling.com\/es\/#\/schema\/person\/deb61715b5812698ee79fb96f343ccd4"},"description":"La evoluci\u00f3n del ciclismo femenino, por Kasia Niewiadoma. Un an\u00e1lisis del ciclismo femenino antes de la edici\u00f3n del Tour Femenino 2022.","breadcrumb":{"@id":"https:\/\/www.welovecycling.com\/es\/2022\/07\/03\/evolucion-ciclismo-femenino\/#breadcrumb"},"inLanguage":"es-ES","potentialAction":[{"@type":"ReadAction","target":["https:\/\/www.welovecycling.com\/es\/2022\/07\/03\/evolucion-ciclismo-femenino\/"]}]},{"@type":"ImageObject","inLanguage":"es-ES","@id":"https:\/\/www.welovecycling.com\/es\/2022\/07\/03\/evolucion-ciclismo-femenino\/#primaryimage","url":"https:\/\/d2p6e6u75xmxt8.cloudfront.net\/6\/2022\/06\/Kasia-CVR-profimedia-0698518323.jpg","contentUrl":"https:\/\/d2p6e6u75xmxt8.cloudfront.net\/6\/2022\/06\/Kasia-CVR-profimedia-0698518323.jpg","width":990,"height":660},{"@type":"BreadcrumbList","@id":"https:\/\/www.welovecycling.com\/es\/2022\/07\/03\/evolucion-ciclismo-femenino\/#breadcrumb","itemListElement":[{"@type":"ListItem","position":1,"name":"Home","item":"https:\/\/www.welovecycling.com\/es\/"},{"@type":"ListItem","position":2,"name":"La evoluci\u00f3n del ciclismo femenino, por Kasia Niewiadoma"}]},{"@type":"WebSite","@id":"https:\/\/www.welovecycling.com\/es\/#website","url":"https:\/\/www.welovecycling.com\/es\/","name":"\u0160koda We Love Cycling - Spain","description":"\u0160koda WeLoveCycling Spain","potentialAction":[{"@type":"SearchAction","target":{"@type":"EntryPoint","urlTemplate":"https:\/\/www.welovecycling.com\/es\/?s={search_term_string}"},"query-input":{"@type":"PropertyValueSpecification","valueRequired":true,"valueName":"search_term_string"}}],"inLanguage":"es-ES"},{"@type":"Person","@id":"https:\/\/www.welovecycling.com\/es\/#\/schema\/person\/deb61715b5812698ee79fb96f343ccd4","name":"We Love Cycling Spain","image":{"@type":"ImageObject","inLanguage":"es-ES","@id":"https:\/\/www.welovecycling.com\/es\/#\/schema\/person\/image\/","url":"https:\/\/secure.gravatar.com\/avatar\/c824b04e6df0e37a03219d0b6481672889df542894588964102459e46513159c?s=96&d=mm&r=g","contentUrl":"https:\/\/secure.gravatar.com\/avatar\/c824b04e6df0e37a03219d0b6481672889df542894588964102459e46513159c?s=96&d=mm&r=g","caption":"We Love Cycling Spain"},"url":"https:\/\/www.welovecycling.com\/es\/author\/amunoz\/"}]}},"_links":{"self":[{"href":"https:\/\/www.welovecycling.com\/es\/wp-json\/wp\/v2\/posts\/9042","targetHints":{"allow":["GET"]}}],"collection":[{"href":"https:\/\/www.welovecycling.com\/es\/wp-json\/wp\/v2\/posts"}],"about":[{"href":"https:\/\/www.welovecycling.com\/es\/wp-json\/wp\/v2\/types\/post"}],"author":[{"embeddable":true,"href":"https:\/\/www.welovecycling.com\/es\/wp-json\/wp\/v2\/users\/29"}],"replies":[{"embeddable":true,"href":"https:\/\/www.welovecycling.com\/es\/wp-json\/wp\/v2\/comments?post=9042"}],"version-history":[{"count":1,"href":"https:\/\/www.welovecycling.com\/es\/wp-json\/wp\/v2\/posts\/9042\/revisions"}],"predecessor-version":[{"id":9054,"href":"https:\/\/www.welovecycling.com\/es\/wp-json\/wp\/v2\/posts\/9042\/revisions\/9054"}],"wp:featuredmedia":[{"embeddable":true,"href":"https:\/\/www.welovecycling.com\/es\/wp-json\/wp\/v2\/media\/9051"}],"wp:attachment":[{"href":"https:\/\/www.welovecycling.com\/es\/wp-json\/wp\/v2\/media?parent=9042"}],"wp:term":[{"taxonomy":"category","embeddable":true,"href":"https:\/\/www.welovecycling.com\/es\/wp-json\/wp\/v2\/categories?post=9042"},{"taxonomy":"post_tag","embeddable":true,"href":"https:\/\/www.welovecycling.com\/es\/wp-json\/wp\/v2\/tags?post=9042"},{"taxonomy":"global-categories","embeddable":true,"href":"https:\/\/www.welovecycling.com\/es\/wp-json\/wp\/v2\/global-categories?post=9042"}],"curies":[{"name":"wp","href":"https:\/\/api.w.org\/{rel}","templated":true}]}}