{"id":9041,"date":"2022-06-30T11:51:30","date_gmt":"2022-06-30T09:51:30","guid":{"rendered":"https:\/\/www.welovecycling.com\/es\/?p=9041"},"modified":"2022-06-29T12:34:44","modified_gmt":"2022-06-29T10:34:44","slug":"ciclistas-sorpresa-tour-2022","status":"publish","type":"post","link":"https:\/\/www.welovecycling.com\/es\/2022\/06\/30\/ciclistas-sorpresa-tour-2022\/","title":{"rendered":"Los ciclistas sorpresa de Tour de Francia 2022"},"content":{"rendered":"<p><strong>A medida que nos acercamos a la Gran Salida de Copenhague, se ir\u00e1n ultimando los art\u00edculos sobre los corredores que van a arrasar en el Tour. Pero, como en cualquier edici\u00f3n, siempre hay ciclistas sorpresa y en el Tour 2022 no va a ser menos. En este art\u00edculo, vamos a dejar de lado a ciclistas como Tadej Poga\u010dar y Primo\u017e Roglic y vamos a analizar a los corredores que podr\u00edan dar que hablar este mes de julio.<\/strong><!--more--><\/p>\n<h2><strong>Mikkel Bjerg<\/strong><\/h2>\n<p>Bjerg, un s\u00f3lido contrarrelojista por derecho propio, podr\u00eda ser noticia en la primera <a href=\"https:\/\/www.welovecycling.com\/es\/2021\/10\/14\/tour-de-francia-2022\/\">jornada en Copenhague<\/a>. El primer d\u00eda es un pr\u00f3logo urbano alrededor de la capital danesa y, con s\u00f3lo 13 km, ser\u00e1 una prueba para los especialistas puros. Bjerg ha conseguido dos top 10 en sus \u00fanicos TT de este a\u00f1o y ser\u00e1 una de las grandes apuestas para conseguir el primer maillot amarillo de la carrera. Ambos recorridos eran cortos, lo que sugiere que puede acercarse a estas distancias. Sin embargo, competir\u00e1 con algunos de los mejores.<\/p>\n<p>https:\/\/www.instagram.com\/p\/Ca0QhePM1xF\/?hl=cs<\/p>\n<p>Filipo Ganna ya ha declarado que se centra en conseguir el amarillo, algo para lo que se siente favorito. Junto a ellos, Wout van Aert tendr\u00e1 su palabra con toda seguridad, as\u00ed como Stefan K\u00fcng, Matteo Cattaneo y Stefan Bissegger. Un maillot amarillo dan\u00e9s en la capital ser\u00eda una historia de cuento de hadas y si Bjerg lo consiguiera, ser\u00eda sin duda una sorpresa tanto como una historia para los tiempos.<\/p>\n<p>Para el resto de la carrera, Bjerg estar\u00e1 al servicio de <a href=\"https:\/\/www.welovecycling.com\/es\/2022\/01\/28\/tadej-pogacar\/\">Poga\u010dar<\/a>, que persigue una tercera victoria consecutiva en el Tour de Francia. Ser\u00e1 vital en la primera semana, protegiendo al esloveno en las etapas llanas y potencialmente ventosas. La quinta etapa puede ser su mayor prueba: los adoquines del norte de Francia. A partir de ah\u00ed, todav\u00eda puede sorprender a muchos con su ritmo de trabajo y sin duda ocupar\u00e1 el tiempo de la televisi\u00f3n durante las tres semanas en la parte delantera del pelot\u00f3n.<\/p>\n<h2><strong>Victor Lafay<\/strong><\/h2>\n<p>Este corredor de 26 a\u00f1os es muy divertido. Durante todo el<a href=\"https:\/\/www.welovecycling.com\/es\/2022\/06\/12\/dauphine\/\"> Dauphin\u00e9<\/a> de este a\u00f1o, estuvo al ataque, terminando en tercer lugar en la tercera etapa y sexto en la sexta. Tambi\u00e9n subi\u00f3 al podio en la clasificaci\u00f3n de la monta\u00f1a y es aqu\u00ed donde podr\u00eda dar la sorpresa en este Tour de Francia.<\/p>\n<p>https:\/\/www.instagram.com\/p\/CMPG9YHHFA6\/<\/p>\n<p>A lo largo de la primera semana, es poco probable que Lafay figure demasiado, ya que el llano no le conviene. Sin embargo, una vez que la carrera comience a subir a partir de la s\u00e9ptima etapa, es de esperar que est\u00e9 m\u00e1s activo. A partir de ah\u00ed, la estrategia de los aspirantes a la CG marcar\u00e1 la batalla por el maillot de la Monta\u00f1a. Si permiten las escapadas, Lafay estar\u00e1 en la lucha por las victorias de etapa y los puntos para el <a href=\"https:\/\/www.letour.fr\/es\/\">maillot de lunares<\/a>. De nuevo, al igual que Bjerg, tiene otros aspirantes como Esteban Chaves y Bauke Mollema. Sin embargo, es un gran candidato a las etapas y a la clasificaci\u00f3n del Rey de la Monta\u00f1a.<\/p>\n<h2><strong>Ineos Grenadiers<\/strong><\/h2>\n<p>Bien, el equipo con el mayor presupuesto no deber\u00eda ser una sorpresa, pero lo que podr\u00eda ser diferente es c\u00f3mo lo hacen. La reciente victoria de Geraint Thomas en el Tour de Suiza demuestra que tienen muchas cartas que jugar. El gal\u00e9s est\u00e1 evidentemente en buena forma y gente como Adam Yates y Dani Mart\u00ednez son grandes alternativas en la batalla de la CG. Les costar\u00e1 destronar a Poga\u010dar con las t\u00e1cticas tradicionales, as\u00ed que podr\u00eda haber fuegos artificiales una vez que los corredores empiecen a &#8216;jugar&#8217; con ataques consecutivos del tr\u00edo.<\/p>\n<div class=\"embed-controller-wrapper\">\n<blockquote class=\"twitter-tweet\" data-width=\"500\" data-dnt=\"true\">\n<p lang=\"en\" dir=\"ltr\">\ud83c\uddeb\ud83c\uddf7\ud83d\udc9b Vive Le Tour! \ud83d\udc9b\ud83c\uddeb\ud83c\uddf7<\/p>\n<p>Meet your 8\u20e3 Grenadiers: ready to go all in at <a href=\"https:\/\/twitter.com\/hashtag\/TDF2022?src=hash&amp;ref_src=twsrc%5Etfw\">#TDF2022<\/a> <a href=\"https:\/\/t.co\/70f4i3HgWV\">pic.twitter.com\/70f4i3HgWV<\/a><\/p>\n<p>&mdash; INEOS Grenadiers (@INEOSGrenadiers) <a href=\"https:\/\/twitter.com\/INEOSGrenadiers\/status\/1541677979193036803?ref_src=twsrc%5Etfw\">June 28, 2022<\/a><\/p><\/blockquote>\n<p><script async data-src=\"https:\/\/platform.twitter.com\/widgets.js\" charset=\"utf-8\"><\/script><\/div>\n<p>Para nosotros, los espectadores, este estilo de carrera podr\u00eda ser emocionante y poner al UAE Team Emirates, as\u00ed como al Team Jumbo-Visma, en la cuerda floja, abriendo la carrera a la imprevisibilidad. Esto, por supuesto, ser\u00e1 dif\u00edcil de conseguir y, por lo tanto, causar\u00eda una gran conmoci\u00f3n si alguno de los dos, Yates, Thomas o Mart\u00ednez, pudiera estar de amarillo cuando la carrera llegue a su cl\u00edmax. Pero con un equipo fuerte a su alrededor, podr\u00eda ser un espect\u00e1culo divertido.<\/p>\n<h2><strong>Romain Bardet<\/strong><\/h2>\n<p>Romain Bardet es probablemente la mayor esperanza de Francia para poner fin a su sequ\u00eda de casi cuatro d\u00e9cadas de maillots amarillos. En mayo, parec\u00eda estar a la altura de Richard Carapaz, Jai Hindley y Mikel Landa en la monta\u00f1a, pero tuvo que abandonar en la etapa 13 por enfermedad. Esto le ha permitido recuperarse y, con suerte, estar en liza durante este Tour.<\/p>\n<p>Si puede continuar con la forma que le hizo lucir tan bien en el Etna y el Blockhaus, podr\u00eda estar en el marco de su segundo podio en el Tour. Tambi\u00e9n es conocido por sus r\u00e1pidos descensos y sus h\u00e1biles t\u00e1cticas, por lo que meterse en una escapada tambi\u00e9n podr\u00eda estar en el men\u00fa de Bardet.<\/p>\n<div class=\"embed-controller-wrapper\">\n<blockquote class=\"twitter-tweet\" data-width=\"500\" data-dnt=\"true\">\n<p lang=\"en\" dir=\"ltr\">Really excited to announce that I will line up at <a href=\"https:\/\/twitter.com\/LeTour?ref_src=twsrc%5Etfw\">@LeTour<\/a> with <a href=\"https:\/\/twitter.com\/Teamdsm?ref_src=twsrc%5Etfw\">@TeamDSM<\/a>.<br \/>Can\u2019t wait to be at the Grand Depart in Copenhagen in a few weeks <a href=\"https:\/\/twitter.com\/Webex?ref_src=twsrc%5Etfw\">@Webex<\/a> ! <a href=\"https:\/\/t.co\/W1ieUCPQy2\">pic.twitter.com\/W1ieUCPQy2<\/a><\/p>\n<p>&mdash; Romain Bardet (@romainbardet) <a href=\"https:\/\/twitter.com\/romainbardet\/status\/1536244289176485889?ref_src=twsrc%5Etfw\">June 13, 2022<\/a><\/p><\/blockquote>\n<p><script async data-src=\"https:\/\/platform.twitter.com\/widgets.js\" charset=\"utf-8\"><\/script><\/div>\n<p>El corredor del DSM no tendr\u00e1 el equipo m\u00e1s fuerte detr\u00e1s de \u00e9l, pero incluso sin un tren de monta\u00f1a fuerte, cabe esperar que Bardet tenga un buen rendimiento en la monta\u00f1a y quiz\u00e1s se alimente de los equipos m\u00e1s grandes. Otro podio para el corredor de 31 a\u00f1os ser\u00eda una grata sorpresa para la naci\u00f3n francesa, que a\u00fan espera al heredero de Bernard Hinault.<\/p>\n<p>Aunque pensamos que el Tour podr\u00eda ser otra batalla eslovena, seguramente habr\u00e1 sorpresas y eso es lo que hace que una gran vuelta sea tan atractiva. Dinos en las redes sociales qui\u00e9n crees que podr\u00eda dar la sorpresa este a\u00f1o.<\/p>\n","protected":false},"excerpt":{"rendered":"<p>A medida que nos acercamos a la Gran Salida de Copenhague, se ir\u00e1n ultimando los art\u00edculos sobre los corredores que [&hellip;]<\/p>\n","protected":false},"author":29,"featured_media":9052,"comment_status":"open","ping_status":"open","sticky":false,"template":"","format":"standard","meta":{"footnotes":""},"categories":[7],"tags":[2177,557],"global-categories":[],"class_list":["post-9041","post","type-post","status-publish","format-standard","has-post-thumbnail","hentry","category-carretera","tag-tour-2022","tag-tour-de-francia"],"yoast_head":"<!-- This site is optimized with the Yoast SEO Premium plugin v25.3 (Yoast SEO v25.9) - https:\/\/yoast.com\/wordpress\/plugins\/seo\/ -->\n<title>Los ciclistas sorpresa de Tour de Francia 2022 - \u0160koda We Love Cycling - Spain<\/title>\n<meta name=\"description\" content=\"Los ciclistas sorpresa del Tour 2022. Fuera de los focos, como Lafay, Bardet, las opciones del Ineos o Mikkel Berjg.\" \/>\n<meta name=\"robots\" content=\"index, follow, max-snippet:-1, max-image-preview:large, max-video-preview:-1\" \/>\n<link rel=\"canonical\" href=\"https:\/\/www.welovecycling.com\/es\/2022\/06\/30\/ciclistas-sorpresa-tour-2022\/\" \/>\n<meta property=\"og:locale\" content=\"es_ES\" \/>\n<meta property=\"og:type\" content=\"article\" \/>\n<meta property=\"og:title\" content=\"Los ciclistas sorpresa de Tour de Francia 2022\" \/>\n<meta property=\"og:description\" content=\"Los ciclistas sorpresa del Tour 2022. Fuera de los focos, como Lafay, Bardet, las opciones del Ineos o Mikkel Berjg.\" \/>\n<meta property=\"og:url\" content=\"https:\/\/www.welovecycling.com\/es\/2022\/06\/30\/ciclistas-sorpresa-tour-2022\/\" \/>\n<meta property=\"og:site_name\" content=\"\u0160koda We Love Cycling - Spain\" \/>\n<meta property=\"article:published_time\" content=\"2022-06-30T09:51:30+00:00\" \/>\n<meta property=\"og:image\" content=\"https:\/\/d2p6e6u75xmxt8.cloudfront.net\/6\/2022\/06\/Victor-Lafay-CVR-profimedia-0610908402.jpg\" \/>\n\t<meta property=\"og:image:width\" content=\"990\" \/>\n\t<meta property=\"og:image:height\" content=\"660\" \/>\n\t<meta property=\"og:image:type\" content=\"image\/jpeg\" \/>\n<meta name=\"author\" content=\"We Love Cycling Spain\" \/>\n<meta name=\"twitter:card\" content=\"summary_large_image\" \/>\n<meta name=\"twitter:title\" content=\"Los ciclistas sorpresa de Tour de Francia 2022\" \/>\n<meta name=\"twitter:description\" content=\"Los ciclistas sorpresa del Tour 2022. Fuera de los focos, como Lafay, Bardet, las opciones del Ineos o Mikkel Berjg.\" \/>\n<meta name=\"twitter:label1\" content=\"Written by\" \/>\n\t<meta name=\"twitter:data1\" content=\"Josh Donaldson\" \/>\n\t<meta name=\"twitter:label2\" content=\"Est. reading time\" \/>\n\t<meta name=\"twitter:data2\" content=\"5\" \/>\n<script type=\"application\/ld+json\" class=\"yoast-schema-graph\">{\"@context\":\"https:\/\/schema.org\",\"@graph\":[{\"@type\":\"WebPage\",\"@id\":\"https:\/\/www.welovecycling.com\/es\/2022\/06\/30\/ciclistas-sorpresa-tour-2022\/\",\"url\":\"https:\/\/www.welovecycling.com\/es\/2022\/06\/30\/ciclistas-sorpresa-tour-2022\/\",\"name\":\"Los ciclistas sorpresa de Tour de Francia 2022 - \u0160koda We Love Cycling - Spain\",\"isPartOf\":{\"@id\":\"https:\/\/www.welovecycling.com\/es\/#website\"},\"primaryImageOfPage\":{\"@id\":\"https:\/\/www.welovecycling.com\/es\/2022\/06\/30\/ciclistas-sorpresa-tour-2022\/#primaryimage\"},\"image\":{\"@id\":\"https:\/\/www.welovecycling.com\/es\/2022\/06\/30\/ciclistas-sorpresa-tour-2022\/#primaryimage\"},\"thumbnailUrl\":\"https:\/\/d2p6e6u75xmxt8.cloudfront.net\/6\/2022\/06\/Victor-Lafay-CVR-profimedia-0610908402.jpg\",\"datePublished\":\"2022-06-30T09:51:30+00:00\",\"author\":{\"@id\":\"https:\/\/www.welovecycling.com\/es\/#\/schema\/person\/deb61715b5812698ee79fb96f343ccd4\"},\"description\":\"Los ciclistas sorpresa del Tour 2022. Fuera de los focos, como Lafay, Bardet, las opciones del Ineos o Mikkel Berjg.\",\"breadcrumb\":{\"@id\":\"https:\/\/www.welovecycling.com\/es\/2022\/06\/30\/ciclistas-sorpresa-tour-2022\/#breadcrumb\"},\"inLanguage\":\"es-ES\",\"potentialAction\":[{\"@type\":\"ReadAction\",\"target\":[\"https:\/\/www.welovecycling.com\/es\/2022\/06\/30\/ciclistas-sorpresa-tour-2022\/\"]}]},{\"@type\":\"ImageObject\",\"inLanguage\":\"es-ES\",\"@id\":\"https:\/\/www.welovecycling.com\/es\/2022\/06\/30\/ciclistas-sorpresa-tour-2022\/#primaryimage\",\"url\":\"https:\/\/d2p6e6u75xmxt8.cloudfront.net\/6\/2022\/06\/Victor-Lafay-CVR-profimedia-0610908402.jpg\",\"contentUrl\":\"https:\/\/d2p6e6u75xmxt8.cloudfront.net\/6\/2022\/06\/Victor-Lafay-CVR-profimedia-0610908402.jpg\",\"width\":990,\"height\":660},{\"@type\":\"BreadcrumbList\",\"@id\":\"https:\/\/www.welovecycling.com\/es\/2022\/06\/30\/ciclistas-sorpresa-tour-2022\/#breadcrumb\",\"itemListElement\":[{\"@type\":\"ListItem\",\"position\":1,\"name\":\"Home\",\"item\":\"https:\/\/www.welovecycling.com\/es\/\"},{\"@type\":\"ListItem\",\"position\":2,\"name\":\"Los ciclistas sorpresa de Tour de Francia 2022\"}]},{\"@type\":\"WebSite\",\"@id\":\"https:\/\/www.welovecycling.com\/es\/#website\",\"url\":\"https:\/\/www.welovecycling.com\/es\/\",\"name\":\"\u0160koda We Love Cycling - Spain\",\"description\":\"\u0160koda WeLoveCycling Spain\",\"potentialAction\":[{\"@type\":\"SearchAction\",\"target\":{\"@type\":\"EntryPoint\",\"urlTemplate\":\"https:\/\/www.welovecycling.com\/es\/?s={search_term_string}\"},\"query-input\":{\"@type\":\"PropertyValueSpecification\",\"valueRequired\":true,\"valueName\":\"search_term_string\"}}],\"inLanguage\":\"es-ES\"},{\"@type\":\"Person\",\"@id\":\"https:\/\/www.welovecycling.com\/es\/#\/schema\/person\/deb61715b5812698ee79fb96f343ccd4\",\"name\":\"We Love Cycling Spain\",\"image\":{\"@type\":\"ImageObject\",\"inLanguage\":\"es-ES\",\"@id\":\"https:\/\/www.welovecycling.com\/es\/#\/schema\/person\/image\/\",\"url\":\"https:\/\/secure.gravatar.com\/avatar\/c824b04e6df0e37a03219d0b6481672889df542894588964102459e46513159c?s=96&d=mm&r=g\",\"contentUrl\":\"https:\/\/secure.gravatar.com\/avatar\/c824b04e6df0e37a03219d0b6481672889df542894588964102459e46513159c?s=96&d=mm&r=g\",\"caption\":\"We Love Cycling Spain\"},\"url\":\"https:\/\/www.welovecycling.com\/es\/author\/amunoz\/\"}]}<\/script>\n<!-- \/ Yoast SEO Premium plugin. -->","yoast_head_json":{"title":"Los ciclistas sorpresa de Tour de Francia 2022 - \u0160koda We Love Cycling - Spain","description":"Los ciclistas sorpresa del Tour 2022. Fuera de los focos, como Lafay, Bardet, las opciones del Ineos o Mikkel Berjg.","robots":{"index":"index","follow":"follow","max-snippet":"max-snippet:-1","max-image-preview":"max-image-preview:large","max-video-preview":"max-video-preview:-1"},"canonical":"https:\/\/www.welovecycling.com\/es\/2022\/06\/30\/ciclistas-sorpresa-tour-2022\/","og_locale":"es_ES","og_type":"article","og_title":"Los ciclistas sorpresa de Tour de Francia 2022","og_description":"Los ciclistas sorpresa del Tour 2022. Fuera de los focos, como Lafay, Bardet, las opciones del Ineos o Mikkel Berjg.","og_url":"https:\/\/www.welovecycling.com\/es\/2022\/06\/30\/ciclistas-sorpresa-tour-2022\/","og_site_name":"\u0160koda We Love Cycling - Spain","article_published_time":"2022-06-30T09:51:30+00:00","og_image":[{"width":990,"height":660,"url":"https:\/\/d2p6e6u75xmxt8.cloudfront.net\/6\/2022\/06\/Victor-Lafay-CVR-profimedia-0610908402.jpg","type":"image\/jpeg"}],"author":"We Love Cycling Spain","twitter_card":"summary_large_image","twitter_title":"Los ciclistas sorpresa de Tour de Francia 2022","twitter_description":"Los ciclistas sorpresa del Tour 2022. Fuera de los focos, como Lafay, Bardet, las opciones del Ineos o Mikkel Berjg.","twitter_misc":{"Written by":"Josh Donaldson","Est. reading time":"5"},"schema":{"@context":"https:\/\/schema.org","@graph":[{"@type":"WebPage","@id":"https:\/\/www.welovecycling.com\/es\/2022\/06\/30\/ciclistas-sorpresa-tour-2022\/","url":"https:\/\/www.welovecycling.com\/es\/2022\/06\/30\/ciclistas-sorpresa-tour-2022\/","name":"Los ciclistas sorpresa de Tour de Francia 2022 - \u0160koda We Love Cycling - Spain","isPartOf":{"@id":"https:\/\/www.welovecycling.com\/es\/#website"},"primaryImageOfPage":{"@id":"https:\/\/www.welovecycling.com\/es\/2022\/06\/30\/ciclistas-sorpresa-tour-2022\/#primaryimage"},"image":{"@id":"https:\/\/www.welovecycling.com\/es\/2022\/06\/30\/ciclistas-sorpresa-tour-2022\/#primaryimage"},"thumbnailUrl":"https:\/\/d2p6e6u75xmxt8.cloudfront.net\/6\/2022\/06\/Victor-Lafay-CVR-profimedia-0610908402.jpg","datePublished":"2022-06-30T09:51:30+00:00","author":{"@id":"https:\/\/www.welovecycling.com\/es\/#\/schema\/person\/deb61715b5812698ee79fb96f343ccd4"},"description":"Los ciclistas sorpresa del Tour 2022. Fuera de los focos, como Lafay, Bardet, las opciones del Ineos o Mikkel Berjg.","breadcrumb":{"@id":"https:\/\/www.welovecycling.com\/es\/2022\/06\/30\/ciclistas-sorpresa-tour-2022\/#breadcrumb"},"inLanguage":"es-ES","potentialAction":[{"@type":"ReadAction","target":["https:\/\/www.welovecycling.com\/es\/2022\/06\/30\/ciclistas-sorpresa-tour-2022\/"]}]},{"@type":"ImageObject","inLanguage":"es-ES","@id":"https:\/\/www.welovecycling.com\/es\/2022\/06\/30\/ciclistas-sorpresa-tour-2022\/#primaryimage","url":"https:\/\/d2p6e6u75xmxt8.cloudfront.net\/6\/2022\/06\/Victor-Lafay-CVR-profimedia-0610908402.jpg","contentUrl":"https:\/\/d2p6e6u75xmxt8.cloudfront.net\/6\/2022\/06\/Victor-Lafay-CVR-profimedia-0610908402.jpg","width":990,"height":660},{"@type":"BreadcrumbList","@id":"https:\/\/www.welovecycling.com\/es\/2022\/06\/30\/ciclistas-sorpresa-tour-2022\/#breadcrumb","itemListElement":[{"@type":"ListItem","position":1,"name":"Home","item":"https:\/\/www.welovecycling.com\/es\/"},{"@type":"ListItem","position":2,"name":"Los ciclistas sorpresa de Tour de Francia 2022"}]},{"@type":"WebSite","@id":"https:\/\/www.welovecycling.com\/es\/#website","url":"https:\/\/www.welovecycling.com\/es\/","name":"\u0160koda We Love Cycling - Spain","description":"\u0160koda WeLoveCycling Spain","potentialAction":[{"@type":"SearchAction","target":{"@type":"EntryPoint","urlTemplate":"https:\/\/www.welovecycling.com\/es\/?s={search_term_string}"},"query-input":{"@type":"PropertyValueSpecification","valueRequired":true,"valueName":"search_term_string"}}],"inLanguage":"es-ES"},{"@type":"Person","@id":"https:\/\/www.welovecycling.com\/es\/#\/schema\/person\/deb61715b5812698ee79fb96f343ccd4","name":"We Love Cycling Spain","image":{"@type":"ImageObject","inLanguage":"es-ES","@id":"https:\/\/www.welovecycling.com\/es\/#\/schema\/person\/image\/","url":"https:\/\/secure.gravatar.com\/avatar\/c824b04e6df0e37a03219d0b6481672889df542894588964102459e46513159c?s=96&d=mm&r=g","contentUrl":"https:\/\/secure.gravatar.com\/avatar\/c824b04e6df0e37a03219d0b6481672889df542894588964102459e46513159c?s=96&d=mm&r=g","caption":"We Love Cycling Spain"},"url":"https:\/\/www.welovecycling.com\/es\/author\/amunoz\/"}]}},"_links":{"self":[{"href":"https:\/\/www.welovecycling.com\/es\/wp-json\/wp\/v2\/posts\/9041","targetHints":{"allow":["GET"]}}],"collection":[{"href":"https:\/\/www.welovecycling.com\/es\/wp-json\/wp\/v2\/posts"}],"about":[{"href":"https:\/\/www.welovecycling.com\/es\/wp-json\/wp\/v2\/types\/post"}],"author":[{"embeddable":true,"href":"https:\/\/www.welovecycling.com\/es\/wp-json\/wp\/v2\/users\/29"}],"replies":[{"embeddable":true,"href":"https:\/\/www.welovecycling.com\/es\/wp-json\/wp\/v2\/comments?post=9041"}],"version-history":[{"count":1,"href":"https:\/\/www.welovecycling.com\/es\/wp-json\/wp\/v2\/posts\/9041\/revisions"}],"predecessor-version":[{"id":9053,"href":"https:\/\/www.welovecycling.com\/es\/wp-json\/wp\/v2\/posts\/9041\/revisions\/9053"}],"wp:featuredmedia":[{"embeddable":true,"href":"https:\/\/www.welovecycling.com\/es\/wp-json\/wp\/v2\/media\/9052"}],"wp:attachment":[{"href":"https:\/\/www.welovecycling.com\/es\/wp-json\/wp\/v2\/media?parent=9041"}],"wp:term":[{"taxonomy":"category","embeddable":true,"href":"https:\/\/www.welovecycling.com\/es\/wp-json\/wp\/v2\/categories?post=9041"},{"taxonomy":"post_tag","embeddable":true,"href":"https:\/\/www.welovecycling.com\/es\/wp-json\/wp\/v2\/tags?post=9041"},{"taxonomy":"global-categories","embeddable":true,"href":"https:\/\/www.welovecycling.com\/es\/wp-json\/wp\/v2\/global-categories?post=9041"}],"curies":[{"name":"wp","href":"https:\/\/api.w.org\/{rel}","templated":true}]}}