{"id":9014,"date":"2022-06-30T11:49:53","date_gmt":"2022-06-30T09:49:53","guid":{"rendered":"https:\/\/www.welovecycling.com\/es\/?p=9014"},"modified":"2022-06-29T09:57:05","modified_gmt":"2022-06-29T07:57:05","slug":"enric-mas","status":"publish","type":"post","link":"https:\/\/www.welovecycling.com\/es\/2022\/06\/30\/enric-mas\/","title":{"rendered":"Tour de Francia 2022. Todo a Enric Mas"},"content":{"rendered":"<p><strong>La mayor parte de las opciones espa\u00f1olas para el Tour de Francia 2022 pasan por un solo hombre, Enric Mas. El mallorqu\u00edn volver\u00e1 a ser el l\u00edder de Movistar y su objetivo estar\u00e1 en el podio, aunque las dudas despu\u00e9s de su ca\u00edda en Dauphine, que le oblig\u00f3 a retirarse, plantean al equipo de Unzu\u00e9 la opci\u00f3n de tener tambi\u00e9n dispuesto un Plan B.<br \/>\n<\/strong><\/p>\n<p><!--more--><\/p>\n<p>En la relaci\u00f3n de ciclistas espa\u00f1oles para el Tour de Francia destacan la ausencias. La primera la de Alejandro Valverde, que ya se despidi\u00f3 de la carrera la temporada pasada. Despu\u00e9s las de <a href=\"https:\/\/www.welovecycling.com\/es\/2021\/12\/17\/vuelta-2022\/\">Mikel Landa y Peio Bilbao,<\/a> que en este 2022 har\u00e1n Giro y Vuelta. Y tambi\u00e9n la de dos j\u00f3venes promesas, Juan Ayuso y <a href=\"https:\/\/www.ideal.es\/deportes\/provincial-granada\/ciclismo-carlos-rodriguez-campeon-20220626133946-nt.html\">Carlos Rodr\u00edguez<\/a>, que pese a haber demostrado su buen nivel sus respectivos equipos, UAE e INEOS, prefieren dejarlos en la rec\u00e1mara para La Vuelta. Tampoco estar\u00e1 otro cl\u00e1sico, Jes\u00fas Herrada, que en los \u00faltimos a\u00f1os siempre ha rozado las victorias de etapa.<\/p>\n<h2><strong>Enric Mas y Movistar<\/strong><\/h2>\n<p>Si algo tiene a su favor Enric Mas en las grandes vueltas es la regularidad. Desde 2020 has sumado un quinto y un sexto puesto en el Tour y un quinto y un segundo puesto en La Vuelta. Por eso no es nada raro que el mallorqu\u00edn y el equipo Movistar puedan pensar que tiene opciones de, al menos, pelear por subirse al podio de la Grande Boucle. Otro asunto es la entidad de los rivales a los que se va a enfrentar.<\/p>\n<p>Si tomamos como referencia los \u00faltimos a\u00f1os, <strong>Enric Mas nunca<\/strong> ha demostrado ser capaz de superar a Tadej Pogacar o Primoz Roglic, ni en el Tour ni en La Vuelta. Si es cierto que ha estado a su altura en la monta\u00f1a en varias etapas, pero tambi\u00e9n que en la contrarreloj es inferior, aunque en este Tour solo hay 50 kil\u00f3metros de lucha contra el crono y todos son pr\u00e1cticamente llanos.<\/p>\n<p>Si ha estado al nivel de los <strong>Vingegaard y O&#8217;Connor<\/strong> (ojo a su \u00faltima <a href=\"https:\/\/www.welovecycling.com\/es\/2022\/06\/12\/dauphine\/\">Dauphine)<\/a>, <strong>Vlasov, Caruso, Simon y Adam Yates, Thomas, Higuita, Uran, Nairo Quintana<\/strong> y la larga lista que se sit\u00faa por detr\u00e1s de los dos eslovenos. Enric es uno m\u00e1s de ellos, con el aval de que puede rendir en tres semanas y de que a la \u00faltima parte del Tour siempre llega con buenas piernas y opciones de luchar por etapas.<\/p>\n<figure style=\"width: 1000px\" class=\"wp-caption alignnone\"><img loading=\"lazy\" decoding=\"async\" class=\"size-extra-large\" src=\"https:\/\/img.aso.fr\/core_app\/img-cycling-cdd-jpg\/verona\/7502\/0:0,1200:800-1000-0-70\/a1b7b\" width=\"1000\" height=\"667\" \/><figcaption class=\"wp-caption-text\"><em>Carlos Verona gan\u00f3 en Dauphine.<\/em><\/figcaption><\/figure>\n<p>Si el plan de Mas no saliese bien, Movistar ha descubierto en la \u00faltima Dauphine el nivel de Carlos Verona, que puede dar el salto de gregario de lujo a cazaetapas. Un ciclista que ha ganado despu\u00e9s de subir Galibier y Croix de Fer y aguantar el envite de Roglic en Vaujany tiene el aval suficiente como para confiar en \u00e9l.<\/p>\n<p>Junto a Mas y Verona el Movistar alinear\u00e1 a uno de los mejores gregarios del mundo, <strong>Imanol Erviti<\/strong>, a Gorka Izaguirre, que siempre tiene margen para filtrarse en las escapadas y buscar el triunfo parcial, y a Albert Torres, un debutante.<\/p>\n<h2><strong>Soler, Izaguirre, Luisle, Castroviejo&#8230;<\/strong><\/h2>\n<p>Fuera del Movistar la lista de corredores espa\u00f1oles es m\u00e1s reducida que en otras ocasiones y todos acudir\u00e1n en el rol de gregario. <strong>Marc Soler fich\u00f3<\/strong> por UAE para, entre otras cosas, ser una baza importante para Tadej Pogacar en la monta\u00f1a del Tour de Francia. El catal\u00e1n ya parece haber descartado tomar las riendas como l\u00edder de un equipo y se siente m\u00e1s c\u00f3modo en el rol de segunda fila. Junto a McNulty y Majka acabar\u00e1 siendo la guardia pretoriana del esloveno en el Tour.<\/p>\n<p>Si Erviti es uno de los mejores gregarios del mundo, <strong>Jonathan Castroviejo<\/strong> no le anda a la zaga. Disput\u00f3 el Giro y parece que INEOS tambi\u00e9n le quiere para el Tour. Es cierto que no tendr\u00e1n un l\u00edder tan s\u00f3lido como los Froome, Bernal o Carapaz, pero a buen seguro que al vizca\u00edno le va a tocar tirar del pelot\u00f3n o proteger a Thomas, Yates, y Daniel Felipe Mart\u00ednez. Lo mismo que a <strong>Luis Le\u00f3n S\u00e1nchez<\/strong>, que vuelve al Tour para trabajar con Caruso y Haig, pero que posiblemente tendr\u00e1 su margen de lucimiento.<\/p>\n<p><strong>Ion Izaguirre<\/strong> tendr\u00e1 algo m\u00e1s de libertad en Cofidis. Guillaume Martin ser\u00e1 el l\u00edder, pero despu\u00e9s de disputar el Giro y no acabar entre los mejores seguramente el fil\u00f3sofo franc\u00e9s no necesitar\u00e1 de un equipo plenamente centrado en \u00e9l. As\u00ed que Izaguirre podr\u00e1 filtrarse en escapadas y buscar la victoria parcial, esa que se le resiste al ciclismo espa\u00f1ol en el Tour desde el lejano 2018.<\/p>\n","protected":false},"excerpt":{"rendered":"<p>La mayor parte de las opciones espa\u00f1olas para el Tour de Francia 2022 pasan por un solo hombre, Enric Mas. [&hellip;]<\/p>\n","protected":false},"author":29,"featured_media":9018,"comment_status":"open","ping_status":"open","sticky":false,"template":"","format":"standard","meta":{"footnotes":""},"categories":[7],"tags":[168,2177,557,1108],"global-categories":[1164],"class_list":["post-9014","post","type-post","status-publish","format-standard","has-post-thumbnail","hentry","category-carretera","tag-tour","tag-tour-2022","tag-tour-de-francia","tag-tour-francia","global-categories-cycling"],"yoast_head":"<!-- This site is optimized with the Yoast SEO Premium plugin v25.3 (Yoast SEO v25.9) - https:\/\/yoast.com\/wordpress\/plugins\/seo\/ -->\n<title>Tour de Francia 2022. Todo a Enric Mas - \u0160koda We Love Cycling - Spain<\/title>\n<meta name=\"description\" content=\"Enric Mas es la mejor baza espa\u00f1ola para el Tour 2022. Verona, Erviti, los Izaguirre, Soler y Castroviejo completan la n\u00f3mina.\" \/>\n<meta name=\"robots\" content=\"index, follow, max-snippet:-1, max-image-preview:large, max-video-preview:-1\" \/>\n<link rel=\"canonical\" href=\"https:\/\/www.welovecycling.com\/es\/2022\/06\/30\/enric-mas\/\" \/>\n<meta property=\"og:locale\" content=\"es_ES\" \/>\n<meta property=\"og:type\" content=\"article\" \/>\n<meta property=\"og:title\" content=\"Enric Mas es la mejor baza espa\u00f1ola para el Tour 2022\" \/>\n<meta property=\"og:description\" content=\"Enric Mas es la mejor baza espa\u00f1ola para el Tour 2022. Verona, Erviti, los Izaguirre, Soler y Castroviejo completan la n\u00f3mina.\" \/>\n<meta property=\"og:url\" content=\"https:\/\/www.welovecycling.com\/es\/2022\/06\/30\/enric-mas\/\" \/>\n<meta property=\"og:site_name\" content=\"\u0160koda We Love Cycling - Spain\" \/>\n<meta property=\"article:published_time\" content=\"2022-06-30T09:49:53+00:00\" \/>\n<meta property=\"og:image\" content=\"https:\/\/d2p6e6u75xmxt8.cloudfront.net\/6\/2022\/06\/Enric-Mas.jpg\" \/>\n\t<meta property=\"og:image:width\" content=\"2048\" \/>\n\t<meta property=\"og:image:height\" content=\"1365\" \/>\n\t<meta property=\"og:image:type\" content=\"image\/jpeg\" \/>\n<meta name=\"author\" content=\"We Love Cycling Spain\" \/>\n<meta name=\"twitter:card\" content=\"summary_large_image\" \/>\n<meta name=\"twitter:title\" content=\"Enric Mas es la mejor baza espa\u00f1ola para el Tour 2022\" \/>\n<meta name=\"twitter:description\" content=\"Enric Mas es la mejor baza espa\u00f1ola para el Tour 2022. Verona, Erviti, los Izaguirre, Soler y Castroviejo completan la n\u00f3mina.\" \/>\n<meta name=\"twitter:label1\" content=\"Written by\" \/>\n\t<meta name=\"twitter:data1\" content=\"Luis Ortega @ciclored\" \/>\n\t<meta name=\"twitter:label2\" content=\"Est. reading time\" \/>\n\t<meta name=\"twitter:data2\" content=\"4 minutes\" \/>\n<script type=\"application\/ld+json\" class=\"yoast-schema-graph\">{\"@context\":\"https:\/\/schema.org\",\"@graph\":[{\"@type\":\"WebPage\",\"@id\":\"https:\/\/www.welovecycling.com\/es\/2022\/06\/30\/enric-mas\/\",\"url\":\"https:\/\/www.welovecycling.com\/es\/2022\/06\/30\/enric-mas\/\",\"name\":\"Tour de Francia 2022. Todo a Enric Mas - \u0160koda We Love Cycling - Spain\",\"isPartOf\":{\"@id\":\"https:\/\/www.welovecycling.com\/es\/#website\"},\"primaryImageOfPage\":{\"@id\":\"https:\/\/www.welovecycling.com\/es\/2022\/06\/30\/enric-mas\/#primaryimage\"},\"image\":{\"@id\":\"https:\/\/www.welovecycling.com\/es\/2022\/06\/30\/enric-mas\/#primaryimage\"},\"thumbnailUrl\":\"https:\/\/d2p6e6u75xmxt8.cloudfront.net\/6\/2022\/06\/Enric-Mas.jpg\",\"datePublished\":\"2022-06-30T09:49:53+00:00\",\"author\":{\"@id\":\"https:\/\/www.welovecycling.com\/es\/#\/schema\/person\/deb61715b5812698ee79fb96f343ccd4\"},\"description\":\"Enric Mas es la mejor baza espa\u00f1ola para el Tour 2022. Verona, Erviti, los Izaguirre, Soler y Castroviejo completan la n\u00f3mina.\",\"breadcrumb\":{\"@id\":\"https:\/\/www.welovecycling.com\/es\/2022\/06\/30\/enric-mas\/#breadcrumb\"},\"inLanguage\":\"es-ES\",\"potentialAction\":[{\"@type\":\"ReadAction\",\"target\":[\"https:\/\/www.welovecycling.com\/es\/2022\/06\/30\/enric-mas\/\"]}]},{\"@type\":\"ImageObject\",\"inLanguage\":\"es-ES\",\"@id\":\"https:\/\/www.welovecycling.com\/es\/2022\/06\/30\/enric-mas\/#primaryimage\",\"url\":\"https:\/\/d2p6e6u75xmxt8.cloudfront.net\/6\/2022\/06\/Enric-Mas.jpg\",\"contentUrl\":\"https:\/\/d2p6e6u75xmxt8.cloudfront.net\/6\/2022\/06\/Enric-Mas.jpg\",\"width\":2048,\"height\":1365},{\"@type\":\"BreadcrumbList\",\"@id\":\"https:\/\/www.welovecycling.com\/es\/2022\/06\/30\/enric-mas\/#breadcrumb\",\"itemListElement\":[{\"@type\":\"ListItem\",\"position\":1,\"name\":\"Home\",\"item\":\"https:\/\/www.welovecycling.com\/es\/\"},{\"@type\":\"ListItem\",\"position\":2,\"name\":\"Tour de Francia 2022. Todo a Enric Mas\"}]},{\"@type\":\"WebSite\",\"@id\":\"https:\/\/www.welovecycling.com\/es\/#website\",\"url\":\"https:\/\/www.welovecycling.com\/es\/\",\"name\":\"\u0160koda We Love Cycling - Spain\",\"description\":\"\u0160koda WeLoveCycling Spain\",\"potentialAction\":[{\"@type\":\"SearchAction\",\"target\":{\"@type\":\"EntryPoint\",\"urlTemplate\":\"https:\/\/www.welovecycling.com\/es\/?s={search_term_string}\"},\"query-input\":{\"@type\":\"PropertyValueSpecification\",\"valueRequired\":true,\"valueName\":\"search_term_string\"}}],\"inLanguage\":\"es-ES\"},{\"@type\":\"Person\",\"@id\":\"https:\/\/www.welovecycling.com\/es\/#\/schema\/person\/deb61715b5812698ee79fb96f343ccd4\",\"name\":\"We Love Cycling Spain\",\"image\":{\"@type\":\"ImageObject\",\"inLanguage\":\"es-ES\",\"@id\":\"https:\/\/www.welovecycling.com\/es\/#\/schema\/person\/image\/\",\"url\":\"https:\/\/secure.gravatar.com\/avatar\/c824b04e6df0e37a03219d0b6481672889df542894588964102459e46513159c?s=96&d=mm&r=g\",\"contentUrl\":\"https:\/\/secure.gravatar.com\/avatar\/c824b04e6df0e37a03219d0b6481672889df542894588964102459e46513159c?s=96&d=mm&r=g\",\"caption\":\"We Love Cycling Spain\"},\"url\":\"https:\/\/www.welovecycling.com\/es\/author\/amunoz\/\"}]}<\/script>\n<!-- \/ Yoast SEO Premium plugin. -->","yoast_head_json":{"title":"Tour de Francia 2022. Todo a Enric Mas - \u0160koda We Love Cycling - Spain","description":"Enric Mas es la mejor baza espa\u00f1ola para el Tour 2022. Verona, Erviti, los Izaguirre, Soler y Castroviejo completan la n\u00f3mina.","robots":{"index":"index","follow":"follow","max-snippet":"max-snippet:-1","max-image-preview":"max-image-preview:large","max-video-preview":"max-video-preview:-1"},"canonical":"https:\/\/www.welovecycling.com\/es\/2022\/06\/30\/enric-mas\/","og_locale":"es_ES","og_type":"article","og_title":"Enric Mas es la mejor baza espa\u00f1ola para el Tour 2022","og_description":"Enric Mas es la mejor baza espa\u00f1ola para el Tour 2022. Verona, Erviti, los Izaguirre, Soler y Castroviejo completan la n\u00f3mina.","og_url":"https:\/\/www.welovecycling.com\/es\/2022\/06\/30\/enric-mas\/","og_site_name":"\u0160koda We Love Cycling - Spain","article_published_time":"2022-06-30T09:49:53+00:00","og_image":[{"width":2048,"height":1365,"url":"https:\/\/d2p6e6u75xmxt8.cloudfront.net\/6\/2022\/06\/Enric-Mas.jpg","type":"image\/jpeg"}],"author":"We Love Cycling Spain","twitter_card":"summary_large_image","twitter_title":"Enric Mas es la mejor baza espa\u00f1ola para el Tour 2022","twitter_description":"Enric Mas es la mejor baza espa\u00f1ola para el Tour 2022. Verona, Erviti, los Izaguirre, Soler y Castroviejo completan la n\u00f3mina.","twitter_misc":{"Written by":"Luis Ortega @ciclored","Est. reading time":"4 minutes"},"schema":{"@context":"https:\/\/schema.org","@graph":[{"@type":"WebPage","@id":"https:\/\/www.welovecycling.com\/es\/2022\/06\/30\/enric-mas\/","url":"https:\/\/www.welovecycling.com\/es\/2022\/06\/30\/enric-mas\/","name":"Tour de Francia 2022. Todo a Enric Mas - \u0160koda We Love Cycling - Spain","isPartOf":{"@id":"https:\/\/www.welovecycling.com\/es\/#website"},"primaryImageOfPage":{"@id":"https:\/\/www.welovecycling.com\/es\/2022\/06\/30\/enric-mas\/#primaryimage"},"image":{"@id":"https:\/\/www.welovecycling.com\/es\/2022\/06\/30\/enric-mas\/#primaryimage"},"thumbnailUrl":"https:\/\/d2p6e6u75xmxt8.cloudfront.net\/6\/2022\/06\/Enric-Mas.jpg","datePublished":"2022-06-30T09:49:53+00:00","author":{"@id":"https:\/\/www.welovecycling.com\/es\/#\/schema\/person\/deb61715b5812698ee79fb96f343ccd4"},"description":"Enric Mas es la mejor baza espa\u00f1ola para el Tour 2022. Verona, Erviti, los Izaguirre, Soler y Castroviejo completan la n\u00f3mina.","breadcrumb":{"@id":"https:\/\/www.welovecycling.com\/es\/2022\/06\/30\/enric-mas\/#breadcrumb"},"inLanguage":"es-ES","potentialAction":[{"@type":"ReadAction","target":["https:\/\/www.welovecycling.com\/es\/2022\/06\/30\/enric-mas\/"]}]},{"@type":"ImageObject","inLanguage":"es-ES","@id":"https:\/\/www.welovecycling.com\/es\/2022\/06\/30\/enric-mas\/#primaryimage","url":"https:\/\/d2p6e6u75xmxt8.cloudfront.net\/6\/2022\/06\/Enric-Mas.jpg","contentUrl":"https:\/\/d2p6e6u75xmxt8.cloudfront.net\/6\/2022\/06\/Enric-Mas.jpg","width":2048,"height":1365},{"@type":"BreadcrumbList","@id":"https:\/\/www.welovecycling.com\/es\/2022\/06\/30\/enric-mas\/#breadcrumb","itemListElement":[{"@type":"ListItem","position":1,"name":"Home","item":"https:\/\/www.welovecycling.com\/es\/"},{"@type":"ListItem","position":2,"name":"Tour de Francia 2022. Todo a Enric Mas"}]},{"@type":"WebSite","@id":"https:\/\/www.welovecycling.com\/es\/#website","url":"https:\/\/www.welovecycling.com\/es\/","name":"\u0160koda We Love Cycling - Spain","description":"\u0160koda WeLoveCycling Spain","potentialAction":[{"@type":"SearchAction","target":{"@type":"EntryPoint","urlTemplate":"https:\/\/www.welovecycling.com\/es\/?s={search_term_string}"},"query-input":{"@type":"PropertyValueSpecification","valueRequired":true,"valueName":"search_term_string"}}],"inLanguage":"es-ES"},{"@type":"Person","@id":"https:\/\/www.welovecycling.com\/es\/#\/schema\/person\/deb61715b5812698ee79fb96f343ccd4","name":"We Love Cycling Spain","image":{"@type":"ImageObject","inLanguage":"es-ES","@id":"https:\/\/www.welovecycling.com\/es\/#\/schema\/person\/image\/","url":"https:\/\/secure.gravatar.com\/avatar\/c824b04e6df0e37a03219d0b6481672889df542894588964102459e46513159c?s=96&d=mm&r=g","contentUrl":"https:\/\/secure.gravatar.com\/avatar\/c824b04e6df0e37a03219d0b6481672889df542894588964102459e46513159c?s=96&d=mm&r=g","caption":"We Love Cycling Spain"},"url":"https:\/\/www.welovecycling.com\/es\/author\/amunoz\/"}]}},"_links":{"self":[{"href":"https:\/\/www.welovecycling.com\/es\/wp-json\/wp\/v2\/posts\/9014","targetHints":{"allow":["GET"]}}],"collection":[{"href":"https:\/\/www.welovecycling.com\/es\/wp-json\/wp\/v2\/posts"}],"about":[{"href":"https:\/\/www.welovecycling.com\/es\/wp-json\/wp\/v2\/types\/post"}],"author":[{"embeddable":true,"href":"https:\/\/www.welovecycling.com\/es\/wp-json\/wp\/v2\/users\/29"}],"replies":[{"embeddable":true,"href":"https:\/\/www.welovecycling.com\/es\/wp-json\/wp\/v2\/comments?post=9014"}],"version-history":[{"count":2,"href":"https:\/\/www.welovecycling.com\/es\/wp-json\/wp\/v2\/posts\/9014\/revisions"}],"predecessor-version":[{"id":9040,"href":"https:\/\/www.welovecycling.com\/es\/wp-json\/wp\/v2\/posts\/9014\/revisions\/9040"}],"wp:featuredmedia":[{"embeddable":true,"href":"https:\/\/www.welovecycling.com\/es\/wp-json\/wp\/v2\/media\/9018"}],"wp:attachment":[{"href":"https:\/\/www.welovecycling.com\/es\/wp-json\/wp\/v2\/media?parent=9014"}],"wp:term":[{"taxonomy":"category","embeddable":true,"href":"https:\/\/www.welovecycling.com\/es\/wp-json\/wp\/v2\/categories?post=9014"},{"taxonomy":"post_tag","embeddable":true,"href":"https:\/\/www.welovecycling.com\/es\/wp-json\/wp\/v2\/tags?post=9014"},{"taxonomy":"global-categories","embeddable":true,"href":"https:\/\/www.welovecycling.com\/es\/wp-json\/wp\/v2\/global-categories?post=9014"}],"curies":[{"name":"wp","href":"https:\/\/api.w.org\/{rel}","templated":true}]}}