{"id":9007,"date":"2022-06-28T20:31:57","date_gmt":"2022-06-28T18:31:57","guid":{"rendered":"https:\/\/www.welovecycling.com\/es\/?p=9007"},"modified":"2022-06-28T08:08:31","modified_gmt":"2022-06-28T06:08:31","slug":"favoritos-para-el-maillot-verde-skoda-del-tour-2022","status":"publish","type":"post","link":"https:\/\/www.welovecycling.com\/es\/2022\/06\/28\/favoritos-para-el-maillot-verde-skoda-del-tour-2022\/","title":{"rendered":"Favoritos para el maillot verde\u00a0\u0160koda del Tour 2022"},"content":{"rendered":"<p><strong>En 2021 el maillot verde de la regularidad patrocinado por \u00a0\u0160koda fue para Mark Cavendish. El ingl\u00e9s fue el que m\u00e1s victorias obtuvo, cuatro, as\u00ed que es normal que lo ganase. Pero Wout Van Aert, con tres triunfos, acab\u00f3 quinto con la mitad de puntos que el ciclista del entonces Deceuninck. Pogacar, que gan\u00f3 otras tres, el octavo. Sin embargo, Matthews y Colbrelli, que no sumaron ning\u00fan parcial, fueron segundo y tercero. \u00bfCu\u00e1l es la explicaci\u00f3n y cuales son los favoritos al maillot verde?<br \/>\n<\/strong><\/p>\n<p><!--more--><\/p>\n<p>Pues no hay que buscarla en las <a href=\"https:\/\/www.letour.fr\/es\/clasificaciones\">terceras, cuartas o quintas posiciones<\/a> en varias etapas de Matthews y Colbrelli, sino en la forma en que el Tour reparte los puntos de la clasificaci\u00f3n del maillot verde <strong>\u0160koda a la regularidad.<\/strong><\/p>\n<h2><strong>Reparto desigual de puntos<\/strong><\/h2>\n<p>Para sumar puntos y ganar el maillot verde se abren dos opciones en cada una de las etapas. Una es la l\u00ednea de meta, en la que\u00a0 la organizaci\u00f3n otorga puntos a los 15 primeros ciclistas que traspasan la l\u00ednea de meta en cada una de las etapas, pero, ojo, no siempre es la misma puntuaci\u00f3n.<\/p>\n<figure id=\"attachment_5068\" aria-describedby=\"caption-attachment-5068\" style=\"width: 1024px\" class=\"wp-caption aligncenter\"><a href=\"https:\/\/d2p6e6u75xmxt8.cloudfront.net\/6\/2019\/07\/Peter-Sagan-Tour-2019-profimedia-0456066878-1.jpg\"><img loading=\"lazy\" decoding=\"async\" class=\"size-large wp-image-5068\" src=\"https:\/\/d2p6e6u75xmxt8.cloudfront.net\/6\/2019\/07\/Peter-Sagan-Tour-2019-profimedia-0456066878-1-1024x682.jpg\" alt=\"\" width=\"1024\" height=\"682\" srcset=\"https:\/\/d2p6e6u75xmxt8.cloudfront.net\/6\/2019\/07\/Peter-Sagan-Tour-2019-profimedia-0456066878-1-1024x682.jpg 1024w, https:\/\/d2p6e6u75xmxt8.cloudfront.net\/6\/2019\/07\/Peter-Sagan-Tour-2019-profimedia-0456066878-1-300x200.jpg 300w, https:\/\/d2p6e6u75xmxt8.cloudfront.net\/6\/2019\/07\/Peter-Sagan-Tour-2019-profimedia-0456066878-1-768x512.jpg 768w, https:\/\/d2p6e6u75xmxt8.cloudfront.net\/6\/2019\/07\/Peter-Sagan-Tour-2019-profimedia-0456066878-1-272x182.jpg 272w, https:\/\/d2p6e6u75xmxt8.cloudfront.net\/6\/2019\/07\/Peter-Sagan-Tour-2019-profimedia-0456066878-1.jpg 1250w\" sizes=\"auto, (max-width: 1024px) 100vw, 1024px\" \/><\/a><figcaption id=\"caption-attachment-5068\" class=\"wp-caption-text\">Peter Sagan es el verde &#8216;eterno&#8217;. \u00a9 Profimedia, AFP<\/figcaption><\/figure>\n<p>Para este Tour, las etapas\u00a0<strong>m\u00e1s planas y con previsible final al sprint est\u00e1n evaluadas como nivel 1 y 2<\/strong>. En ellas es donde m\u00e1s puntos pueden conseguir los 15 primeros. Desde\u00a0<strong>50 el ganador<\/strong> hasta 2 puntos el que acaba el decimoquinto. Las etapas de nivel 3, de media monta\u00f1a,, dan 30 puntos al primero. Las de nivel 4 y 5, consideradas como de alta monta\u00f1a, como todas las de Pirineos y Alpes, y la de nivel 6, la contrarreloj final, solo dan 20 puntos al ganador.<\/p>\n<p>Desde hace unos a\u00f1os, el Tour ha modificado el criterio de puntuaci\u00f3n para favorecer a los velocistas y que tengan un aliciente extra para luchar por etapas. El otro cambio lleg\u00f3 con los <strong>sprints intermedios<\/strong>. Hace a\u00f1os solo daban un pu\u00f1ado de puntos, 6, 4 y 2 a los tres primeros, pero ahora mismo los sprints intermedios, que se sit\u00faan en cada una de las etapas, otorgan de 20 puntos al primero al 1 punto el decimoquinto, es decir, los mismo que las posiciones de las etapas de nivel 4, 5 y 6.<\/p>\n<p>Esta modificaci\u00f3n no solo ha cambiado la pelea por el maillot verde de\u00a0<strong>\u0160koda\u00a0<\/strong>sino que ha a\u00f1adido un punto m\u00e1s de inter\u00e9s a algunas etapas.\u00a0 En primer lugar hay velocistas que buscan meterse en las escapadas si el sprint especial est\u00e1 cerca del inicio, para as\u00ed poder sumar m\u00e1s puntos. Y luego est\u00e1 la batalla por el fuera de control, como la que se vivi\u00f3 en 2021 con<a href=\"https:\/\/www.welovecycling.com\/es\/2021\/06\/21\/maillot-verde-skoda-del-tour-2021\/\"> Mark Cavendish<\/a>. El ingl\u00e9s sufr\u00eda en las etapas de monta\u00f1a y los equipos rivales en la pelea por la batalla del verde se encargaban de endurecer para que llegase lo m\u00e1s tarde posible y fuera eliminado. Eso s\u00ed, Cavendish dispon\u00eda de todos sus compa\u00f1eros de equipo para ayudarle en la tarea de no caer fuera de la clasifaci\u00f3n.<\/p>\n<p>&nbsp;<\/p>\n<h2><strong>Favoritos: Jakobsen, Ewan, Matthews, Van Aert, Van der Poel&#8230;<\/strong><\/h2>\n<p>La lista de favoritos para ganar el maillot verde<strong> Skoda del Tour 2022<\/strong> es amplia. No solo porque en esta edici\u00f3n hay menos etapas con previsible final al sprint y por lo tanto m\u00e1s opciones para los &#8216;no velocistas&#8217;, sino porque ir\u00e1n los dos mejores &#8216;todoterreno&#8217; del ciclismo actual, Wout Van Aert y Van der Poel, y para ambos parece que es uno de los objetivos de esta edici\u00f3n del Tour.<\/p>\n<p>Lo que est\u00e1 claro es que Cavendish no defender\u00e1 el titulo, no est\u00e1 convocado por el Quick Step, y que el r\u00e9cordman <strong><a href=\"https:\/\/www.welovecycling.com\/es\/2020\/09\/06\/maillot-verde-skoda-tour-sagan\/\">Peter Sagan<\/a>, que si ir\u00e1 al Tour con el Total Energies,<\/strong> no parece en las mejores condiciones f\u00edsicas para obtener el octavo verde, aunque es cierto que retorn\u00f3 a la senda de la victoria en Suiza.<\/p>\n<figure style=\"width: 1000px\" class=\"wp-caption alignnone\"><img loading=\"lazy\" decoding=\"async\" src=\"https:\/\/img.aso.fr\/core_app\/img-cycling-tdf-jpg\/best-of-semaine-3-16\/33652\/0:0,1000:667-1000-0-70\/d4faf\" alt=\"\" width=\"1000\" height=\"667\" \/><figcaption class=\"wp-caption-text\">Cavendish no ir\u00e1 al Tour 2022.<\/figcaption><\/figure>\n<p>Quiz\u00e1s <strong>Van der Poel sea el m\u00e1ximo favorito.<\/strong> Al igual que en el Giro solo va a pensar en ese maillot y en ganar etapas y durante toda la primera semana tiene margen para sumar muchos puntos. Adem\u00e1s lleva a todo el equipo Alpecin a su disposici\u00f3n\u00a0 y es un corredor que ya sabe lo que es hacer una Gran Vuelta de Tres Semanas y que puede acumular puntos incluso en etapas con final al sprint (las que m\u00e1s puntos otorgan) y meterse a disputar los sprints intermedios.<\/p>\n<p>Si <strong>Wout Van Aert<\/strong> estuviese en la misma situaci\u00f3n que <strong>Van der Poel<\/strong> tambi\u00e9n sumar\u00eda muchos enteros como claro favorito. Pero el belga es la multiherramienta del Jumbo Visma y tan pronto tiene galones como debe trabajar para sus dos l\u00edderes, Roglic y Vingegaard, o ahorrar fuerzas con vistas a la jornada del d\u00eda siguiente.<\/p>\n<p>Entre la n\u00f3mina de velocistas puros no ha habido un claro dominador esta temporada. Jakobsen ha sumado victorias, pero tambi\u00e9n Philippsen, Ewan algo menos, al igual que <strong>Groenewegen,<\/strong> que adem\u00e1s tendr\u00e1 que competir con Matthews por el liderato del Bike-Exchange en las b\u00fasqueda por el maillot verde.<\/p>\n","protected":false},"excerpt":{"rendered":"<p>En 2021 el maillot verde de la regularidad patrocinado por \u00a0\u0160koda fue para Mark Cavendish. El ingl\u00e9s fue el que [&hellip;]<\/p>\n","protected":false},"author":29,"featured_media":8025,"comment_status":"open","ping_status":"open","sticky":false,"template":"","format":"standard","meta":{"footnotes":""},"categories":[7],"tags":[168,2177],"global-categories":[1164],"class_list":["post-9007","post","type-post","status-publish","format-standard","has-post-thumbnail","hentry","category-carretera","tag-tour","tag-tour-2022","global-categories-cycling"],"yoast_head":"<!-- This site is optimized with the Yoast SEO Premium plugin v25.3 (Yoast SEO v25.9) - https:\/\/yoast.com\/wordpress\/plugins\/seo\/ -->\n<title>Favoritos para el maillot verde\u00a0\u0160koda del Tour 2022<\/title>\n<meta name=\"description\" content=\"Favoritos para el maillot verde\u00a0\u0160koda del Tour 2022. Est\u00e1n Van Aert o Van der Poel con opciones de vestirse de verde en Paris.\" \/>\n<meta name=\"robots\" content=\"index, follow, max-snippet:-1, max-image-preview:large, max-video-preview:-1\" \/>\n<link rel=\"canonical\" href=\"https:\/\/www.welovecycling.com\/es\/2022\/06\/28\/favoritos-para-el-maillot-verde-skoda-del-tour-2022\/\" \/>\n<meta property=\"og:locale\" content=\"es_ES\" \/>\n<meta property=\"og:type\" content=\"article\" \/>\n<meta property=\"og:title\" content=\"Favoritos para el maillot verde\u00a0\u0160koda del Tour 2022\" \/>\n<meta property=\"og:description\" content=\"Favoritos para el maillot verde\u00a0\u0160koda del Tour 2022. Est\u00e1n Van Aert o Van der Poel con opciones de vestirse de verde en Paris.\" \/>\n<meta property=\"og:url\" content=\"https:\/\/www.welovecycling.com\/es\/2022\/06\/28\/favoritos-para-el-maillot-verde-skoda-del-tour-2022\/\" \/>\n<meta property=\"og:site_name\" content=\"\u0160koda We Love Cycling - Spain\" \/>\n<meta property=\"article:published_time\" content=\"2022-06-28T18:31:57+00:00\" \/>\n<meta property=\"og:image\" content=\"https:\/\/d2p6e6u75xmxt8.cloudfront.net\/6\/2021\/08\/Mark-Cavendish-profimedia-0620584127.jpg\" \/>\n\t<meta property=\"og:image:width\" content=\"1000\" \/>\n\t<meta property=\"og:image:height\" content=\"666\" \/>\n\t<meta property=\"og:image:type\" content=\"image\/jpeg\" \/>\n<meta name=\"author\" content=\"We Love Cycling Spain\" \/>\n<meta name=\"twitter:card\" content=\"summary_large_image\" \/>\n<meta name=\"twitter:label1\" content=\"Written by\" \/>\n\t<meta name=\"twitter:data1\" content=\"Luis Ortega @Ciclored\" \/>\n\t<meta name=\"twitter:label2\" content=\"Est. reading time\" \/>\n\t<meta name=\"twitter:data2\" content=\"4 minutes\" \/>\n<script type=\"application\/ld+json\" class=\"yoast-schema-graph\">{\"@context\":\"https:\/\/schema.org\",\"@graph\":[{\"@type\":\"WebPage\",\"@id\":\"https:\/\/www.welovecycling.com\/es\/2022\/06\/28\/favoritos-para-el-maillot-verde-skoda-del-tour-2022\/\",\"url\":\"https:\/\/www.welovecycling.com\/es\/2022\/06\/28\/favoritos-para-el-maillot-verde-skoda-del-tour-2022\/\",\"name\":\"Favoritos para el maillot verde\u00a0\u0160koda del Tour 2022\",\"isPartOf\":{\"@id\":\"https:\/\/www.welovecycling.com\/es\/#website\"},\"primaryImageOfPage\":{\"@id\":\"https:\/\/www.welovecycling.com\/es\/2022\/06\/28\/favoritos-para-el-maillot-verde-skoda-del-tour-2022\/#primaryimage\"},\"image\":{\"@id\":\"https:\/\/www.welovecycling.com\/es\/2022\/06\/28\/favoritos-para-el-maillot-verde-skoda-del-tour-2022\/#primaryimage\"},\"thumbnailUrl\":\"https:\/\/d2p6e6u75xmxt8.cloudfront.net\/6\/2021\/08\/Mark-Cavendish-profimedia-0620584127.jpg\",\"datePublished\":\"2022-06-28T18:31:57+00:00\",\"author\":{\"@id\":\"https:\/\/www.welovecycling.com\/es\/#\/schema\/person\/deb61715b5812698ee79fb96f343ccd4\"},\"description\":\"Favoritos para el maillot verde\u00a0\u0160koda del Tour 2022. Est\u00e1n Van Aert o Van der Poel con opciones de vestirse de verde en Paris.\",\"breadcrumb\":{\"@id\":\"https:\/\/www.welovecycling.com\/es\/2022\/06\/28\/favoritos-para-el-maillot-verde-skoda-del-tour-2022\/#breadcrumb\"},\"inLanguage\":\"es-ES\",\"potentialAction\":[{\"@type\":\"ReadAction\",\"target\":[\"https:\/\/www.welovecycling.com\/es\/2022\/06\/28\/favoritos-para-el-maillot-verde-skoda-del-tour-2022\/\"]}]},{\"@type\":\"ImageObject\",\"inLanguage\":\"es-ES\",\"@id\":\"https:\/\/www.welovecycling.com\/es\/2022\/06\/28\/favoritos-para-el-maillot-verde-skoda-del-tour-2022\/#primaryimage\",\"url\":\"https:\/\/d2p6e6u75xmxt8.cloudfront.net\/6\/2021\/08\/Mark-Cavendish-profimedia-0620584127.jpg\",\"contentUrl\":\"https:\/\/d2p6e6u75xmxt8.cloudfront.net\/6\/2021\/08\/Mark-Cavendish-profimedia-0620584127.jpg\",\"width\":1000,\"height\":666,\"caption\":\"Mark Cavendish\"},{\"@type\":\"BreadcrumbList\",\"@id\":\"https:\/\/www.welovecycling.com\/es\/2022\/06\/28\/favoritos-para-el-maillot-verde-skoda-del-tour-2022\/#breadcrumb\",\"itemListElement\":[{\"@type\":\"ListItem\",\"position\":1,\"name\":\"Home\",\"item\":\"https:\/\/www.welovecycling.com\/es\/\"},{\"@type\":\"ListItem\",\"position\":2,\"name\":\"Favoritos para el maillot verde\u00a0\u0160koda del Tour 2022\"}]},{\"@type\":\"WebSite\",\"@id\":\"https:\/\/www.welovecycling.com\/es\/#website\",\"url\":\"https:\/\/www.welovecycling.com\/es\/\",\"name\":\"\u0160koda We Love Cycling - Spain\",\"description\":\"\u0160koda WeLoveCycling Spain\",\"potentialAction\":[{\"@type\":\"SearchAction\",\"target\":{\"@type\":\"EntryPoint\",\"urlTemplate\":\"https:\/\/www.welovecycling.com\/es\/?s={search_term_string}\"},\"query-input\":{\"@type\":\"PropertyValueSpecification\",\"valueRequired\":true,\"valueName\":\"search_term_string\"}}],\"inLanguage\":\"es-ES\"},{\"@type\":\"Person\",\"@id\":\"https:\/\/www.welovecycling.com\/es\/#\/schema\/person\/deb61715b5812698ee79fb96f343ccd4\",\"name\":\"We Love Cycling Spain\",\"image\":{\"@type\":\"ImageObject\",\"inLanguage\":\"es-ES\",\"@id\":\"https:\/\/www.welovecycling.com\/es\/#\/schema\/person\/image\/\",\"url\":\"https:\/\/secure.gravatar.com\/avatar\/c824b04e6df0e37a03219d0b6481672889df542894588964102459e46513159c?s=96&d=mm&r=g\",\"contentUrl\":\"https:\/\/secure.gravatar.com\/avatar\/c824b04e6df0e37a03219d0b6481672889df542894588964102459e46513159c?s=96&d=mm&r=g\",\"caption\":\"We Love Cycling Spain\"},\"url\":\"https:\/\/www.welovecycling.com\/es\/author\/amunoz\/\"}]}<\/script>\n<!-- \/ Yoast SEO Premium plugin. -->","yoast_head_json":{"title":"Favoritos para el maillot verde\u00a0\u0160koda del Tour 2022","description":"Favoritos para el maillot verde\u00a0\u0160koda del Tour 2022. Est\u00e1n Van Aert o Van der Poel con opciones de vestirse de verde en Paris.","robots":{"index":"index","follow":"follow","max-snippet":"max-snippet:-1","max-image-preview":"max-image-preview:large","max-video-preview":"max-video-preview:-1"},"canonical":"https:\/\/www.welovecycling.com\/es\/2022\/06\/28\/favoritos-para-el-maillot-verde-skoda-del-tour-2022\/","og_locale":"es_ES","og_type":"article","og_title":"Favoritos para el maillot verde\u00a0\u0160koda del Tour 2022","og_description":"Favoritos para el maillot verde\u00a0\u0160koda del Tour 2022. Est\u00e1n Van Aert o Van der Poel con opciones de vestirse de verde en Paris.","og_url":"https:\/\/www.welovecycling.com\/es\/2022\/06\/28\/favoritos-para-el-maillot-verde-skoda-del-tour-2022\/","og_site_name":"\u0160koda We Love Cycling - Spain","article_published_time":"2022-06-28T18:31:57+00:00","og_image":[{"width":1000,"height":666,"url":"https:\/\/d2p6e6u75xmxt8.cloudfront.net\/6\/2021\/08\/Mark-Cavendish-profimedia-0620584127.jpg","type":"image\/jpeg"}],"author":"We Love Cycling Spain","twitter_card":"summary_large_image","twitter_misc":{"Written by":"Luis Ortega @Ciclored","Est. reading time":"4 minutes"},"schema":{"@context":"https:\/\/schema.org","@graph":[{"@type":"WebPage","@id":"https:\/\/www.welovecycling.com\/es\/2022\/06\/28\/favoritos-para-el-maillot-verde-skoda-del-tour-2022\/","url":"https:\/\/www.welovecycling.com\/es\/2022\/06\/28\/favoritos-para-el-maillot-verde-skoda-del-tour-2022\/","name":"Favoritos para el maillot verde\u00a0\u0160koda del Tour 2022","isPartOf":{"@id":"https:\/\/www.welovecycling.com\/es\/#website"},"primaryImageOfPage":{"@id":"https:\/\/www.welovecycling.com\/es\/2022\/06\/28\/favoritos-para-el-maillot-verde-skoda-del-tour-2022\/#primaryimage"},"image":{"@id":"https:\/\/www.welovecycling.com\/es\/2022\/06\/28\/favoritos-para-el-maillot-verde-skoda-del-tour-2022\/#primaryimage"},"thumbnailUrl":"https:\/\/d2p6e6u75xmxt8.cloudfront.net\/6\/2021\/08\/Mark-Cavendish-profimedia-0620584127.jpg","datePublished":"2022-06-28T18:31:57+00:00","author":{"@id":"https:\/\/www.welovecycling.com\/es\/#\/schema\/person\/deb61715b5812698ee79fb96f343ccd4"},"description":"Favoritos para el maillot verde\u00a0\u0160koda del Tour 2022. Est\u00e1n Van Aert o Van der Poel con opciones de vestirse de verde en Paris.","breadcrumb":{"@id":"https:\/\/www.welovecycling.com\/es\/2022\/06\/28\/favoritos-para-el-maillot-verde-skoda-del-tour-2022\/#breadcrumb"},"inLanguage":"es-ES","potentialAction":[{"@type":"ReadAction","target":["https:\/\/www.welovecycling.com\/es\/2022\/06\/28\/favoritos-para-el-maillot-verde-skoda-del-tour-2022\/"]}]},{"@type":"ImageObject","inLanguage":"es-ES","@id":"https:\/\/www.welovecycling.com\/es\/2022\/06\/28\/favoritos-para-el-maillot-verde-skoda-del-tour-2022\/#primaryimage","url":"https:\/\/d2p6e6u75xmxt8.cloudfront.net\/6\/2021\/08\/Mark-Cavendish-profimedia-0620584127.jpg","contentUrl":"https:\/\/d2p6e6u75xmxt8.cloudfront.net\/6\/2021\/08\/Mark-Cavendish-profimedia-0620584127.jpg","width":1000,"height":666,"caption":"Mark Cavendish"},{"@type":"BreadcrumbList","@id":"https:\/\/www.welovecycling.com\/es\/2022\/06\/28\/favoritos-para-el-maillot-verde-skoda-del-tour-2022\/#breadcrumb","itemListElement":[{"@type":"ListItem","position":1,"name":"Home","item":"https:\/\/www.welovecycling.com\/es\/"},{"@type":"ListItem","position":2,"name":"Favoritos para el maillot verde\u00a0\u0160koda del Tour 2022"}]},{"@type":"WebSite","@id":"https:\/\/www.welovecycling.com\/es\/#website","url":"https:\/\/www.welovecycling.com\/es\/","name":"\u0160koda We Love Cycling - Spain","description":"\u0160koda WeLoveCycling Spain","potentialAction":[{"@type":"SearchAction","target":{"@type":"EntryPoint","urlTemplate":"https:\/\/www.welovecycling.com\/es\/?s={search_term_string}"},"query-input":{"@type":"PropertyValueSpecification","valueRequired":true,"valueName":"search_term_string"}}],"inLanguage":"es-ES"},{"@type":"Person","@id":"https:\/\/www.welovecycling.com\/es\/#\/schema\/person\/deb61715b5812698ee79fb96f343ccd4","name":"We Love Cycling Spain","image":{"@type":"ImageObject","inLanguage":"es-ES","@id":"https:\/\/www.welovecycling.com\/es\/#\/schema\/person\/image\/","url":"https:\/\/secure.gravatar.com\/avatar\/c824b04e6df0e37a03219d0b6481672889df542894588964102459e46513159c?s=96&d=mm&r=g","contentUrl":"https:\/\/secure.gravatar.com\/avatar\/c824b04e6df0e37a03219d0b6481672889df542894588964102459e46513159c?s=96&d=mm&r=g","caption":"We Love Cycling Spain"},"url":"https:\/\/www.welovecycling.com\/es\/author\/amunoz\/"}]}},"_links":{"self":[{"href":"https:\/\/www.welovecycling.com\/es\/wp-json\/wp\/v2\/posts\/9007","targetHints":{"allow":["GET"]}}],"collection":[{"href":"https:\/\/www.welovecycling.com\/es\/wp-json\/wp\/v2\/posts"}],"about":[{"href":"https:\/\/www.welovecycling.com\/es\/wp-json\/wp\/v2\/types\/post"}],"author":[{"embeddable":true,"href":"https:\/\/www.welovecycling.com\/es\/wp-json\/wp\/v2\/users\/29"}],"replies":[{"embeddable":true,"href":"https:\/\/www.welovecycling.com\/es\/wp-json\/wp\/v2\/comments?post=9007"}],"version-history":[{"count":2,"href":"https:\/\/www.welovecycling.com\/es\/wp-json\/wp\/v2\/posts\/9007\/revisions"}],"predecessor-version":[{"id":9037,"href":"https:\/\/www.welovecycling.com\/es\/wp-json\/wp\/v2\/posts\/9007\/revisions\/9037"}],"wp:featuredmedia":[{"embeddable":true,"href":"https:\/\/www.welovecycling.com\/es\/wp-json\/wp\/v2\/media\/8025"}],"wp:attachment":[{"href":"https:\/\/www.welovecycling.com\/es\/wp-json\/wp\/v2\/media?parent=9007"}],"wp:term":[{"taxonomy":"category","embeddable":true,"href":"https:\/\/www.welovecycling.com\/es\/wp-json\/wp\/v2\/categories?post=9007"},{"taxonomy":"post_tag","embeddable":true,"href":"https:\/\/www.welovecycling.com\/es\/wp-json\/wp\/v2\/tags?post=9007"},{"taxonomy":"global-categories","embeddable":true,"href":"https:\/\/www.welovecycling.com\/es\/wp-json\/wp\/v2\/global-categories?post=9007"}],"curies":[{"name":"wp","href":"https:\/\/api.w.org\/{rel}","templated":true}]}}