{"id":8992,"date":"2022-06-22T09:26:37","date_gmt":"2022-06-22T07:26:37","guid":{"rendered":"https:\/\/www.welovecycling.com\/es\/?p=8992"},"modified":"2022-06-22T09:26:37","modified_gmt":"2022-06-22T07:26:37","slug":"un-dia-lider-tour","status":"publish","type":"post","link":"https:\/\/www.welovecycling.com\/es\/2022\/06\/22\/un-dia-lider-tour\/","title":{"rendered":"Un d\u00eda l\u00edder del Tour: Los mejores corredores que solo vistieron un maillot amarillo"},"content":{"rendered":"<p><strong>Los or\u00edgenes del maillot amarillo -el ic\u00f3nico maillot de l\u00edder del Tour de Francia- son a menudo discutidos. Un corredor del Tour de 1913, Phillipe Thys, dijo a Champions et Vedettes que Henri Desgrange, el padre de Le Tour, le pidi\u00f3 que llevara el maillot amarillo para poder ser identificado. Al principio se neg\u00f3, pero una vez que su equipo y sus patrocinadores se enteraron, la decisi\u00f3n fue revocada. As\u00ed naci\u00f3 y hay grandes ciclistas que solo han sido un d\u00eda l\u00edder del Tour.<\/strong><\/p>\n<p><!--more--><\/p>\n<p>Sin embargo, la historia oficial dice que el primer maillot se entreg\u00f3 el 19 de julio de 1919 a Eugene Christophe en Grenoble. Esa fue tambi\u00e9n la fecha que se celebr\u00f3 100 a\u00f1os despu\u00e9s, cuando se descubri\u00f3 una placa en la misma ciudad para conmemorar el momento. Desde entonces, un gran n\u00famero de corredores han llevado el maillot. Eddy Merckx, como es l\u00f3gico, ostenta el r\u00e9cord de d\u00edas con \u00e9l, con 96. De la cosecha actual, Chris Froome se encuentra en la cima con 59 d\u00edas. Pero el prestigio del maillot lo sienten todos los que lo llevan, ya sea un d\u00eda o 96.<\/p>\n<p>Y son esas maravillas de un d\u00eda las que analizaremos hoy. A continuaci\u00f3n, vamos a enumerar algunos de los corredores m\u00e1s notables que han llevado el legendario maillot amarillo s\u00f3lo una vez.<\/p>\n<h2><strong>Mark Cavendish<\/strong><\/h2>\n<p><a href=\"https:\/\/www.welovecycling.com\/es\/2021\/12\/19\/van-aert-skoda\/\">Mark Cavendish<\/a>, uno de los corredores m\u00e1s exitosos del Tour de Francia, con 33 victorias de etapa, es la persona perfecta para iniciar esta lista. Es cierto que las oportunidades del misil de Mann para vestir el maillot amarillo son limitadas debido a sus habilidades relativamente malas en la monta\u00f1a y la contrarreloj. Pero con su historial en la carrera, era de esperar que poseyera muchos m\u00e1s de uno a lo largo de los a\u00f1os.<\/p>\n<figure id=\"attachment_8025\" aria-describedby=\"caption-attachment-8025\" style=\"width: 1000px\" class=\"wp-caption alignnone\"><a href=\"https:\/\/d2p6e6u75xmxt8.cloudfront.net\/6\/2021\/08\/Mark-Cavendish-profimedia-0620584127.jpg\"><img loading=\"lazy\" decoding=\"async\" class=\"wp-image-8025 size-full\" src=\"https:\/\/d2p6e6u75xmxt8.cloudfront.net\/6\/2021\/08\/Mark-Cavendish-profimedia-0620584127.jpg\" alt=\"Mark Cavendish\" width=\"1000\" height=\"666\" srcset=\"https:\/\/d2p6e6u75xmxt8.cloudfront.net\/6\/2021\/08\/Mark-Cavendish-profimedia-0620584127.jpg 1000w, https:\/\/d2p6e6u75xmxt8.cloudfront.net\/6\/2021\/08\/Mark-Cavendish-profimedia-0620584127-300x200.jpg 300w, https:\/\/d2p6e6u75xmxt8.cloudfront.net\/6\/2021\/08\/Mark-Cavendish-profimedia-0620584127-768x511.jpg 768w, https:\/\/d2p6e6u75xmxt8.cloudfront.net\/6\/2021\/08\/Mark-Cavendish-profimedia-0620584127-272x182.jpg 272w\" sizes=\"auto, (max-width: 1000px) 100vw, 1000px\" \/><\/a><figcaption id=\"caption-attachment-8025\" class=\"wp-caption-text\">Cavendish con el maillot verde \u0160koda en el Tour.<\/figcaption><\/figure>\n<p>Sus mejores oportunidades llegaron en los primeros d\u00edas, cuando las etapas sol\u00edan ser llanas y los velocistas ten\u00edan margen. Su debut en la carrera fue en 2007, pero su primera oportunidad real de vestirse de amarillo lleg\u00f3 en 2013, con un final llano en Porto Vecchio. Sin embargo, una ca\u00edda arruin\u00f3 sus posibilidades y Marcel Kittel se hizo con el maillot.<\/p>\n<p>Kittel gan\u00f3 la primera etapa un a\u00f1o m\u00e1s tarde en Yorkshire despu\u00e9s de que Cavendish, una vez m\u00e1s, se cayera en el sprint final. A medida que surg\u00eda un patr\u00f3n, parec\u00eda que Cav nunca vestir\u00eda el codiciado maillot. Pero en 2016, el sue\u00f1o se hizo realidad. Con un final en la playa de Utah, Cavendish super\u00f3 a sus rivales para ganar la etapa inaugural y, por tanto, el maillot jaune.<\/p>\n<p>Desde entonces ha ganado m\u00e1s etapas, pero ese sigue siendo su \u00fanico maillot amarillo, del que se siente orgulloso. Tras la carrera, declar\u00f3 a Cyclingnews: &#8220;Es muy emotivo. Es el \u00fanico maillot que no hab\u00eda llevado en el ciclismo. He tenido los tres maillots de puntos, el del mundo y el del l\u00edder en el Giro y la Vuelta y ahora \u00e9ste. S\u00f3lo quer\u00eda ganar la etapa y llevar este maillot es un honor. He construido toda mi carrera sobre esta carrera&#8221;.<\/p>\n<h2><strong>Sean Kelly<\/strong><\/h2>\n<p>Al igual que Cavendish, <a href=\"https:\/\/www.welovecycling.com\/es\/2021\/01\/29\/idolos-ciclistas-80-90\/\">Sean Kelly<\/a> no es ajeno a las victorias en el Tour. Tambi\u00e9n visti\u00f3 muchos maillots de l\u00edder a lo largo de su carrera. Conocido como el &#8220;Se\u00f1or Par\u00eds-Niza&#8221;, gan\u00f3 un r\u00e9cord de siete ediciones de la &#8220;Carrera al Sol&#8221;, una haza\u00f1a incre\u00edble que se hace m\u00e1s poderosa por el hecho de que gan\u00f3 todas ellas una tras otra. No s\u00f3lo eso, sino que tambi\u00e9n ha ganado una gran vuelta: la Vuelta a Espa\u00f1a de 1988.<\/p>\n<p>Con todo esto en mente, es incre\u00edble pensar que Kelly s\u00f3lo ha pasado un d\u00eda con el maillot amarillo. Fue en 1983. Tras mantenerse en la general durante los primeros ocho d\u00edas, Kelly termin\u00f3 tercero en la novena etapa en Pau. Comenz\u00f3 el d\u00eda a 25 segundos de Kim Anderson, y termin\u00f3 el d\u00eda con un segundo de ventaja para catapultarse al liderato de la carrera. Sin embargo, como sugiere el t\u00edtulo del art\u00edculo, s\u00f3lo pudo mantenerlo durante 24 horas, cediendo casi nueve minutos a Pascal Simon cuando el pelot\u00f3n se enfrent\u00f3 al &#8220;c\u00edrculo de la muerte&#8221; pirenaico (Aubisque, Tourmalet, Aspin, Peyresaude). Laurent Fignon se impondr\u00eda en el 83, pero Kelly tuvo cierto \u00e9xito al ganar el maillot verde, el primero de los cuatro de su carrera.<\/p>\n<h2><strong>Jean-Francois Bernard<\/strong><\/h2>\n<figure id=\"attachment_8994\" aria-describedby=\"caption-attachment-8994\" style=\"width: 1000px\" class=\"wp-caption alignnone\"><a href=\"https:\/\/d2p6e6u75xmxt8.cloudfront.net\/6\/2022\/06\/Jean-Francois-Bernard-profimedia-0068376007.jpg\"><img loading=\"lazy\" decoding=\"async\" class=\"size-full wp-image-8994\" src=\"https:\/\/d2p6e6u75xmxt8.cloudfront.net\/6\/2022\/06\/Jean-Francois-Bernard-profimedia-0068376007.jpg\" alt=\"Jean-Francois Bernard\" width=\"1000\" height=\"666\" srcset=\"https:\/\/d2p6e6u75xmxt8.cloudfront.net\/6\/2022\/06\/Jean-Francois-Bernard-profimedia-0068376007.jpg 1000w, https:\/\/d2p6e6u75xmxt8.cloudfront.net\/6\/2022\/06\/Jean-Francois-Bernard-profimedia-0068376007-300x200.jpg 300w, https:\/\/d2p6e6u75xmxt8.cloudfront.net\/6\/2022\/06\/Jean-Francois-Bernard-profimedia-0068376007-768x511.jpg 768w, https:\/\/d2p6e6u75xmxt8.cloudfront.net\/6\/2022\/06\/Jean-Francois-Bernard-profimedia-0068376007-272x182.jpg 272w\" sizes=\"auto, (max-width: 1000px) 100vw, 1000px\" \/><\/a><figcaption id=\"caption-attachment-8994\" class=\"wp-caption-text\">Bernard en el Tour de 1987. \u00a9 Profimedia<\/figcaption><\/figure>\n<p>Posiblemente la historia m\u00e1s desgarradora de esta lista sea la de Jean-Francois Bernard. En 1987, el franc\u00e9s se presentaba como el heredero de la corona de rey del Tour de Francia de Bernard Hinault, que se hab\u00eda retirado en 1986 tras haber ganado cinco Tours.<\/p>\n<p>Bernard incluso corr\u00eda para el mismo equipo, La Vie Claire, y hab\u00eda sido una de las figuras centrales para mantener tanto a Hinault como a Greg LeMond en la carrera del 86. Su rivalidad dentro del equipo acapar\u00f3 los titulares ese a\u00f1o, pero Bernard parec\u00eda estar preparado para ser el protagonista un a\u00f1o despu\u00e9s, cuando gan\u00f3 la etapa 18 del Tour de 1987. Se trataba de una contrarreloj individual por el Mont Ventoux y Bernard hizo realidad su potencial, arrasando y ganando la etapa. Su rival m\u00e1s cercano estaba a un minuto y 39 segundos (Luis Herrera), mientras que en la clasificaci\u00f3n general ten\u00eda una ventaja de dos minutos y medio sobre el irland\u00e9s Stephen Roche.<\/p>\n<p>Con semejante ventaja, tendr\u00eda que ocurrir algo dr\u00e1stico para que perdiera el liderato en las \u00faltimas etapas de la carrera, y eso es exactamente lo que ocurri\u00f3. Para empezar, Bernard se vio obligado a perseguir durante un n\u00famero considerable de kil\u00f3metros en la etapa 19 tras reparar un neum\u00e1tico pinchado. Entonces, cuando el pelot\u00f3n pas\u00f3 por una zona de avituallamiento, Stephen Roche ide\u00f3 un plan para emboscar al l\u00edder. Hab\u00eda llevado comida extra, as\u00ed que cuando el pelot\u00f3n pas\u00f3 por la zona, atac\u00f3. Y con Bernard en la retaguardia, que ya hab\u00eda estado persiguiendo durante gran parte de la etapa, esta fue la gota que colm\u00f3 el vaso y perdi\u00f3 cuatro minutos en un d\u00eda dram\u00e1tico de carrera, as\u00ed como el maillot.<\/p>\n<p>Bernard ganar\u00eda otra etapa en 1987 -una segunda contrarreloj-, pero s\u00f3lo le bastar\u00eda para terminar en el podio, aunque gan\u00f3 la clasificaci\u00f3n combinada. Despu\u00e9s de eso, le cost\u00f3 repetir la forma que hab\u00eda mostrado en esa carrera, y nunca volvi\u00f3 a terminar entre los 10 primeros de una gran vuelta. Se retirar\u00eda en 1996 con 52 victorias en carreras, pero s\u00f3lo un d\u00eda de amarillo. El fallecido Richard Moore escribi\u00f3 un absorbente cap\u00edtulo en su libro, Etape, sobre esa etapa y merece la pena leerlo.<\/p>\n<h2><strong>Tom Simpson<\/strong><\/h2>\n<p><a href=\"https:\/\/www.amazon.es\/Mr-Tom-True-Story-Simpson\/dp\/1874739145\">Tom Simpson <\/a>fue un pionero de su tiempo, uno de los primeros corredores brit\u00e1nicos en tener \u00e9xito en el Tour, inspirando a muchos otros a hacer lo mismo. Sin embargo, su v\u00ednculo con el Tour es tr\u00e1gico, tras su prematura muerte durante la edici\u00f3n de 1967 de la carrera. El lugar de su fallecimiento por fallo card\u00edaco est\u00e1 consagrado en las laderas del Mont Ventoux.<\/p>\n<p>Cinco a\u00f1os antes, Simpson tuvo su d\u00eda de gloria. En 1962, corriendo para el Gitane-Leroux-Dunlop-R. Feminiani, Simpson lleg\u00f3 a la carrera como l\u00edder de su equipo. A lo largo de la primera semana, se mantuvo a una distancia prudencial del amarillo, bien instalado en el top 10 de la clasificaci\u00f3n general. En la und\u00e9cima etapa, era tercero y, cuando el pelot\u00f3n lleg\u00f3 al &#8220;c\u00edrculo de la muerte&#8221;, vio su oportunidad.<\/p>\n<p>En el temible Col du Tourmalet, se alej\u00f3 de sus rivales con un grupo de corredores, terminando la etapa en 18\u00ba lugar. Sin embargo, fue el mejor clasificado del pelot\u00f3n de cabeza y se hizo con el maillot amarillo de Andr\u00e9 Darrigade. De paso, hizo historia, convirti\u00e9ndose en el primer brit\u00e1nico en vestir el maillot de l\u00edder. Fue s\u00f3lo por un d\u00eda, ya que lo perdi\u00f3 en la contrarreloj del d\u00eda siguiente, pero allan\u00f3 el camino para que otros brit\u00e1nicos tuvieran \u00e9xito, como Philippa York, David Millar, Bradley Wiggins y Chris Froome, por nombrar s\u00f3lo algunos.<\/p>\n<h2><strong>Luc Leblanc<\/strong><\/h2>\n<p>El p\u00fablico franc\u00e9s siempre se enamora de un h\u00e9roe nacional capaz de deslumbrar en la monta\u00f1a. En la d\u00e9cada de 2000, fue el espadach\u00edn Thomas Voeckler quien desafi\u00f3 los pron\u00f3sticos y con su propi estilo pedale\u00f3 entre los grandes en 2011 y pas\u00f3 10 d\u00edas de amarillo. En los a\u00f1os 90, era Luc Leblanc quien realizaba actuaciones maravillosas para avivar la imaginaci\u00f3n de su p\u00fablico.<\/p>\n<p>Tambi\u00e9n ten\u00eda pedigr\u00ed. En 1994, gan\u00f3 el t\u00edtulo mundial en Italia. Pero fue tres a\u00f1os antes cuando su nombre se ilumin\u00f3 en Le Grande Boucle. Tras meterse en la escapada de la 12\u00aa etapa en los Pirineos, se vio rodeado por otros outsiders y aspirantes de la lista b como Charly Mottet y Pascal Richard. Por detr\u00e1s, LeMond -vencedor en 1989 y 1990- ten\u00eda problemas para organizar la persecuci\u00f3n como favorito y eso permiti\u00f3 que la escapada se escapara. Mottet ganar\u00eda la etapa de 192 km hasta Jaca, pero Leblanc se catapult\u00f3 al amarillo con m\u00e1s de dos minutos de ventaja.<\/p>\n<p>Hac\u00eda seis a\u00f1os que un franc\u00e9s no ganaba el Tour y esta parec\u00eda una buena oportunidad para acabar con la sequ\u00eda. Pero en la decimotercera etapa se produjo otra gran diferencia de tiempo, ya que Leblanc perdi\u00f3 m\u00e1s de 12 minutos y el liderato de la carrera en favor del ganador de la etapa, Claudio Chiappucci. Termin\u00f3 quinto en la general una vez que el pelot\u00f3n lleg\u00f3 a Par\u00eds, pero la espera de un ganador franc\u00e9s continu\u00f3 y contin\u00faa hasta hoy. Leblanc admitir\u00eda m\u00e1s tarde que utiliz\u00f3 EPO para prepararse para su carrera m\u00e1s importante del a\u00f1o, pero ese d\u00eda de amarillo a\u00fan perdurar\u00e1 en la memoria.<\/p>\n<h2><strong>Adrie van der Poel<\/strong><\/h2>\n<p>Este apellido te resultar\u00e1 familiar, pero quiz\u00e1s no el nombre de Adrie. En la carrera del a\u00f1o pasado, Mathieu -el hijo de Adrie- se hizo con el amarillo en la segunda etapa con una incre\u00edble carrera en Breta\u00f1a.<\/p>\n<p>Pero 38 a\u00f1os antes, fue Adrie quien se visti\u00f3 de amarillo, s\u00f3lo por un d\u00eda. Al igual que su hijo, Adrie tambi\u00e9n fue un corredor multidisciplinar. Gan\u00f3 m\u00faltiples monumentos y un t\u00edtulo mundial de ciclocross. Y en 1984, visti\u00f3 el maillot amarillo s\u00f3lo esta vez. En la cuarta etapa, estaba a un segundo del l\u00edder, <a href=\"https:\/\/en.wikipedia.org\/wiki\/Jacques_Hanegraaf\">Jacques Hanegraaf<\/a>, tras la contrarreloj por equipos de la ma\u00f1ana. Por la tarde, el pelot\u00f3n complet\u00f3 un recorrido segundo sector de 83 km hasta Bethune, en el norte de Francia, y un solitario corredor se escap\u00f3. Fue el belga Ferdi Van Den Haute quien, de forma bastante c\u00f3mica, celebr\u00f3 su victoria a cinco kil\u00f3metros de la l\u00ednea de meta. Sin embargo, acab\u00f3 ganando la etapa y Van der Poel termin\u00f3 tercero, llev\u00e1ndose el maillot tras usurpar a Hanegraaf y aventajar a Kim Anderson en ocho segundos.<\/p>\n<p>En la quinta etapa, la escapada volvi\u00f3 a hacer de las suyas y se impuso con la friolera de 17 minutos. Como era de esperar, van der Poel perdi\u00f3 el maillot, pero eso no le habr\u00eda importado, ya que habr\u00eda disfrutado de su d\u00eda de amarillo.<\/p>\n<p>En un giro del destino, se casar\u00eda con Corrinne, la hija del eterno segund\u00f3n Raymond Poulidor. Poulidor, de tres generaciones de corredores del Tour de Francia, fue el que m\u00e1s cerca estuvo de ganar la carrera, con m\u00faltiples podios, pero, sorprendentemente, es el \u00fanico que no ha vestido el maillot de l\u00edder. Cuando Mathieu cruz\u00f3 la l\u00ednea de meta el a\u00f1o pasado, la emoci\u00f3n fue para su difunto abuelo y le atribuy\u00f3 la victoria mientras se le llenaban los ojos de l\u00e1grimas. Esa fue para ti, Poupou.<\/p>\n<div class=\"embed-controller-wrapper\">\n<blockquote class=\"twitter-tweet\" data-width=\"500\" data-dnt=\"true\">\n<p lang=\"en\" dir=\"ltr\">A touching tribute from grandson to grandfather on Mathieu van der Poel&#39;s Instagram feed this week, too. Surely it&#39;s only a matter of time before MvdP dons the yellow jersey that eluded Poupou during his illustrious career. <a href=\"https:\/\/t.co\/zhpXSsOT3z\">pic.twitter.com\/zhpXSsOT3z<\/a><\/p>\n<p>&mdash; Felix Lowe (@saddleblaze) <a href=\"https:\/\/twitter.com\/saddleblaze\/status\/1195305490512830464?ref_src=twsrc%5Etfw\">November 15, 2019<\/a><\/p><\/blockquote>\n<p><script async data-src=\"https:\/\/platform.twitter.com\/widgets.js\" charset=\"utf-8\"><\/script><\/div>\n<h2><strong>Sean Yates<\/strong><\/h2>\n<p>Cuando se trata de garra y determinaci\u00f3n, no hay muchos m\u00e1s duros que Sean Yates. El brit\u00e1nico fue un elemento b\u00e1sico del pelot\u00f3n en la d\u00e9cada de 1990 y otro brit\u00e1nico que ayud\u00f3 a tender un puente a las generaciones futuras. No es conocido por sus escaladas, sino que era un rouleur y trabajaba duro para otros en el papel de gregario. Pero en sus 14 a\u00f1os de carrera hubo momentos de alegr\u00eda. Fue campe\u00f3n nacional en 1992 y gan\u00f3 la Vuelta a B\u00e9lgica en 1989. Sin embargo, al llegar a los \u00faltimos a\u00f1os de su carrera, a\u00fan no hab\u00eda vestido el maillot de l\u00edder en una gran vuelta.<\/p>\n<p>Eso cambi\u00f3 en 1994. Despu\u00e9s de que la carrera visitara las costas del Reino Unido, con etapas en Brighton y Portsmouth para celebrar la apertura del T\u00fanel del Canal, Yates se meti\u00f3 en la fuga en la sexta etapa. Estaba a 38 segundos del l\u00edder, Flavio Vanzella, cuando se inici\u00f3 la jornada en Cherburgo. Tras una jornada descomunal de 270,5 km sobre el sill\u00edn, la etapa fue ganada por Gianluca Bortolami. Yates termin\u00f3 dos segundos por detr\u00e1s y se llev\u00f3 el maillot por un solo segundo. Lo perder\u00eda al d\u00eda siguiente, pero le pareci\u00f3 un regalo apropiado para un corredor que hab\u00eda trabajado tan duro para los dem\u00e1s.<\/p>\n<p>Yates llegar\u00eda a ser un reputado director y dej\u00f3 su huella en el Team Sky, ganando el Tour con Wiggins en 2012. Wiggins, que posee \u00e9l mismo unos cuantos maillots amarillos, dijo a Cyclist que de su extensa colecci\u00f3n de ciclismo, la prenda con la que se quedar\u00eda ser\u00eda la de Yates.<\/p>\n<p>&#8220;Si me viera obligado a renunciar a mi colecci\u00f3n, el maillot amarillo de Yates ser\u00eda la \u00fanica cosa que conservar\u00eda. Ten\u00eda 14 a\u00f1os cuando Yates se visti\u00f3 de amarillo. Ese mismo a\u00f1o, el Tour pas\u00f3 por la ciudad natal de Yates, en el bosque de Ashdown, y le dejaron bajar de la cabeza para que pudiera parar y abrazar a su familia. Vi a este brit\u00e1nico en la tele con su pendiente en forma de aro y ten\u00eda esa reputaci\u00f3n de hombre duro. Me encantaba&#8221;.<\/p>\n<p>Sin embargo, el car\u00e1cter de hombre duro de Yates nunca se desvaneci\u00f3. Hizo que Wiggins -tras ganar el Tour en 2012- pagara por el privilegio de tener su \u00fanico maillot amarillo. La inspiraci\u00f3n que Wiggins busc\u00f3 en el \u00fanico d\u00eda de Yates al frente de la carrera demuestra lo importante y sagrado que es el maillot. Tanto si lo llevas un d\u00eda como si llevas 96, la historia de tu haza\u00f1a siempre te seguir\u00e1. Quien lo lleve en 2022 pasar\u00e1 a formar parte de un club exclusivo en el que puedes ser un h\u00e9roe, aunque s\u00f3lo sea por un d\u00eda.<\/p>\n","protected":false},"excerpt":{"rendered":"<p>Los or\u00edgenes del maillot amarillo -el ic\u00f3nico maillot de l\u00edder del Tour de Francia- son a menudo discutidos. Un corredor [&hellip;]<\/p>\n","protected":false},"author":29,"featured_media":8996,"comment_status":"open","ping_status":"open","sticky":false,"template":"","format":"standard","meta":{"footnotes":""},"categories":[7],"tags":[168],"global-categories":[],"class_list":["post-8992","post","type-post","status-publish","format-standard","has-post-thumbnail","hentry","category-carretera","tag-tour"],"yoast_head":"<!-- This site is optimized with the Yoast SEO Premium plugin v25.3 (Yoast SEO v25.9) - https:\/\/yoast.com\/wordpress\/plugins\/seo\/ -->\n<title>Un d\u00eda l\u00edder del Tour: Los mejores corredores de un maillot amarillo<\/title>\n<meta name=\"description\" content=\"Un d\u00eda l\u00edder del Tour: Los mejores corredores que solo vistieron un maillot amarillo. La lista de los grandes ciclistas de un solo amarillo\" \/>\n<meta name=\"robots\" content=\"index, follow, max-snippet:-1, max-image-preview:large, max-video-preview:-1\" \/>\n<link rel=\"canonical\" href=\"https:\/\/www.welovecycling.com\/es\/2022\/06\/22\/un-dia-lider-tour\/\" \/>\n<meta property=\"og:locale\" content=\"es_ES\" \/>\n<meta property=\"og:type\" content=\"article\" \/>\n<meta property=\"og:title\" content=\"Un d\u00eda l\u00edder del Tour: Los mejores corredores que solo vistieron un maillot amarillo\" \/>\n<meta property=\"og:description\" content=\"Un d\u00eda l\u00edder del Tour: Los mejores corredores que solo vistieron un maillot amarillo. La lista de los grandes ciclistas de un solo amarillo\" \/>\n<meta property=\"og:url\" content=\"https:\/\/www.welovecycling.com\/es\/2022\/06\/22\/un-dia-lider-tour\/\" \/>\n<meta property=\"og:site_name\" content=\"\u0160koda We Love Cycling - Spain\" \/>\n<meta property=\"article:published_time\" content=\"2022-06-22T07:26:37+00:00\" \/>\n<meta property=\"og:image\" content=\"https:\/\/d2p6e6u75xmxt8.cloudfront.net\/6\/2022\/06\/Sean-Kelly-profimedia-0220950516-CVR.jpg\" \/>\n\t<meta property=\"og:image:width\" content=\"990\" \/>\n\t<meta property=\"og:image:height\" content=\"660\" \/>\n\t<meta property=\"og:image:type\" content=\"image\/jpeg\" \/>\n<meta name=\"author\" content=\"We Love Cycling Spain\" \/>\n<meta name=\"twitter:card\" content=\"summary_large_image\" \/>\n<meta name=\"twitter:label1\" content=\"Written by\" \/>\n\t<meta name=\"twitter:data1\" content=\"Joshua Donaldson\" \/>\n\t<meta name=\"twitter:label2\" content=\"Est. reading time\" \/>\n\t<meta name=\"twitter:data2\" content=\"6\" \/>\n<script type=\"application\/ld+json\" class=\"yoast-schema-graph\">{\"@context\":\"https:\/\/schema.org\",\"@graph\":[{\"@type\":\"WebPage\",\"@id\":\"https:\/\/www.welovecycling.com\/es\/2022\/06\/22\/un-dia-lider-tour\/\",\"url\":\"https:\/\/www.welovecycling.com\/es\/2022\/06\/22\/un-dia-lider-tour\/\",\"name\":\"Un d\u00eda l\u00edder del Tour: Los mejores corredores de un maillot amarillo\",\"isPartOf\":{\"@id\":\"https:\/\/www.welovecycling.com\/es\/#website\"},\"primaryImageOfPage\":{\"@id\":\"https:\/\/www.welovecycling.com\/es\/2022\/06\/22\/un-dia-lider-tour\/#primaryimage\"},\"image\":{\"@id\":\"https:\/\/www.welovecycling.com\/es\/2022\/06\/22\/un-dia-lider-tour\/#primaryimage\"},\"thumbnailUrl\":\"https:\/\/d2p6e6u75xmxt8.cloudfront.net\/6\/2022\/06\/Sean-Kelly-profimedia-0220950516-CVR.jpg\",\"datePublished\":\"2022-06-22T07:26:37+00:00\",\"author\":{\"@id\":\"https:\/\/www.welovecycling.com\/es\/#\/schema\/person\/deb61715b5812698ee79fb96f343ccd4\"},\"description\":\"Un d\u00eda l\u00edder del Tour: Los mejores corredores que solo vistieron un maillot amarillo. La lista de los grandes ciclistas de un solo amarillo\",\"breadcrumb\":{\"@id\":\"https:\/\/www.welovecycling.com\/es\/2022\/06\/22\/un-dia-lider-tour\/#breadcrumb\"},\"inLanguage\":\"es-ES\",\"potentialAction\":[{\"@type\":\"ReadAction\",\"target\":[\"https:\/\/www.welovecycling.com\/es\/2022\/06\/22\/un-dia-lider-tour\/\"]}]},{\"@type\":\"ImageObject\",\"inLanguage\":\"es-ES\",\"@id\":\"https:\/\/www.welovecycling.com\/es\/2022\/06\/22\/un-dia-lider-tour\/#primaryimage\",\"url\":\"https:\/\/d2p6e6u75xmxt8.cloudfront.net\/6\/2022\/06\/Sean-Kelly-profimedia-0220950516-CVR.jpg\",\"contentUrl\":\"https:\/\/d2p6e6u75xmxt8.cloudfront.net\/6\/2022\/06\/Sean-Kelly-profimedia-0220950516-CVR.jpg\",\"width\":990,\"height\":660,\"caption\":\"Bernard at the 1987 Tour.\"},{\"@type\":\"BreadcrumbList\",\"@id\":\"https:\/\/www.welovecycling.com\/es\/2022\/06\/22\/un-dia-lider-tour\/#breadcrumb\",\"itemListElement\":[{\"@type\":\"ListItem\",\"position\":1,\"name\":\"Home\",\"item\":\"https:\/\/www.welovecycling.com\/es\/\"},{\"@type\":\"ListItem\",\"position\":2,\"name\":\"Un d\u00eda l\u00edder del Tour: Los mejores corredores que solo vistieron un maillot amarillo\"}]},{\"@type\":\"WebSite\",\"@id\":\"https:\/\/www.welovecycling.com\/es\/#website\",\"url\":\"https:\/\/www.welovecycling.com\/es\/\",\"name\":\"\u0160koda We Love Cycling - Spain\",\"description\":\"\u0160koda WeLoveCycling Spain\",\"potentialAction\":[{\"@type\":\"SearchAction\",\"target\":{\"@type\":\"EntryPoint\",\"urlTemplate\":\"https:\/\/www.welovecycling.com\/es\/?s={search_term_string}\"},\"query-input\":{\"@type\":\"PropertyValueSpecification\",\"valueRequired\":true,\"valueName\":\"search_term_string\"}}],\"inLanguage\":\"es-ES\"},{\"@type\":\"Person\",\"@id\":\"https:\/\/www.welovecycling.com\/es\/#\/schema\/person\/deb61715b5812698ee79fb96f343ccd4\",\"name\":\"We Love Cycling Spain\",\"image\":{\"@type\":\"ImageObject\",\"inLanguage\":\"es-ES\",\"@id\":\"https:\/\/www.welovecycling.com\/es\/#\/schema\/person\/image\/\",\"url\":\"https:\/\/secure.gravatar.com\/avatar\/c824b04e6df0e37a03219d0b6481672889df542894588964102459e46513159c?s=96&d=mm&r=g\",\"contentUrl\":\"https:\/\/secure.gravatar.com\/avatar\/c824b04e6df0e37a03219d0b6481672889df542894588964102459e46513159c?s=96&d=mm&r=g\",\"caption\":\"We Love Cycling Spain\"},\"url\":\"https:\/\/www.welovecycling.com\/es\/author\/amunoz\/\"}]}<\/script>\n<!-- \/ Yoast SEO Premium plugin. -->","yoast_head_json":{"title":"Un d\u00eda l\u00edder del Tour: Los mejores corredores de un maillot amarillo","description":"Un d\u00eda l\u00edder del Tour: Los mejores corredores que solo vistieron un maillot amarillo. La lista de los grandes ciclistas de un solo amarillo","robots":{"index":"index","follow":"follow","max-snippet":"max-snippet:-1","max-image-preview":"max-image-preview:large","max-video-preview":"max-video-preview:-1"},"canonical":"https:\/\/www.welovecycling.com\/es\/2022\/06\/22\/un-dia-lider-tour\/","og_locale":"es_ES","og_type":"article","og_title":"Un d\u00eda l\u00edder del Tour: Los mejores corredores que solo vistieron un maillot amarillo","og_description":"Un d\u00eda l\u00edder del Tour: Los mejores corredores que solo vistieron un maillot amarillo. La lista de los grandes ciclistas de un solo amarillo","og_url":"https:\/\/www.welovecycling.com\/es\/2022\/06\/22\/un-dia-lider-tour\/","og_site_name":"\u0160koda We Love Cycling - Spain","article_published_time":"2022-06-22T07:26:37+00:00","og_image":[{"width":990,"height":660,"url":"https:\/\/d2p6e6u75xmxt8.cloudfront.net\/6\/2022\/06\/Sean-Kelly-profimedia-0220950516-CVR.jpg","type":"image\/jpeg"}],"author":"We Love Cycling Spain","twitter_card":"summary_large_image","twitter_misc":{"Written by":"Joshua Donaldson","Est. reading time":"6"},"schema":{"@context":"https:\/\/schema.org","@graph":[{"@type":"WebPage","@id":"https:\/\/www.welovecycling.com\/es\/2022\/06\/22\/un-dia-lider-tour\/","url":"https:\/\/www.welovecycling.com\/es\/2022\/06\/22\/un-dia-lider-tour\/","name":"Un d\u00eda l\u00edder del Tour: Los mejores corredores de un maillot amarillo","isPartOf":{"@id":"https:\/\/www.welovecycling.com\/es\/#website"},"primaryImageOfPage":{"@id":"https:\/\/www.welovecycling.com\/es\/2022\/06\/22\/un-dia-lider-tour\/#primaryimage"},"image":{"@id":"https:\/\/www.welovecycling.com\/es\/2022\/06\/22\/un-dia-lider-tour\/#primaryimage"},"thumbnailUrl":"https:\/\/d2p6e6u75xmxt8.cloudfront.net\/6\/2022\/06\/Sean-Kelly-profimedia-0220950516-CVR.jpg","datePublished":"2022-06-22T07:26:37+00:00","author":{"@id":"https:\/\/www.welovecycling.com\/es\/#\/schema\/person\/deb61715b5812698ee79fb96f343ccd4"},"description":"Un d\u00eda l\u00edder del Tour: Los mejores corredores que solo vistieron un maillot amarillo. La lista de los grandes ciclistas de un solo amarillo","breadcrumb":{"@id":"https:\/\/www.welovecycling.com\/es\/2022\/06\/22\/un-dia-lider-tour\/#breadcrumb"},"inLanguage":"es-ES","potentialAction":[{"@type":"ReadAction","target":["https:\/\/www.welovecycling.com\/es\/2022\/06\/22\/un-dia-lider-tour\/"]}]},{"@type":"ImageObject","inLanguage":"es-ES","@id":"https:\/\/www.welovecycling.com\/es\/2022\/06\/22\/un-dia-lider-tour\/#primaryimage","url":"https:\/\/d2p6e6u75xmxt8.cloudfront.net\/6\/2022\/06\/Sean-Kelly-profimedia-0220950516-CVR.jpg","contentUrl":"https:\/\/d2p6e6u75xmxt8.cloudfront.net\/6\/2022\/06\/Sean-Kelly-profimedia-0220950516-CVR.jpg","width":990,"height":660,"caption":"Bernard at the 1987 Tour."},{"@type":"BreadcrumbList","@id":"https:\/\/www.welovecycling.com\/es\/2022\/06\/22\/un-dia-lider-tour\/#breadcrumb","itemListElement":[{"@type":"ListItem","position":1,"name":"Home","item":"https:\/\/www.welovecycling.com\/es\/"},{"@type":"ListItem","position":2,"name":"Un d\u00eda l\u00edder del Tour: Los mejores corredores que solo vistieron un maillot amarillo"}]},{"@type":"WebSite","@id":"https:\/\/www.welovecycling.com\/es\/#website","url":"https:\/\/www.welovecycling.com\/es\/","name":"\u0160koda We Love Cycling - Spain","description":"\u0160koda WeLoveCycling Spain","potentialAction":[{"@type":"SearchAction","target":{"@type":"EntryPoint","urlTemplate":"https:\/\/www.welovecycling.com\/es\/?s={search_term_string}"},"query-input":{"@type":"PropertyValueSpecification","valueRequired":true,"valueName":"search_term_string"}}],"inLanguage":"es-ES"},{"@type":"Person","@id":"https:\/\/www.welovecycling.com\/es\/#\/schema\/person\/deb61715b5812698ee79fb96f343ccd4","name":"We Love Cycling Spain","image":{"@type":"ImageObject","inLanguage":"es-ES","@id":"https:\/\/www.welovecycling.com\/es\/#\/schema\/person\/image\/","url":"https:\/\/secure.gravatar.com\/avatar\/c824b04e6df0e37a03219d0b6481672889df542894588964102459e46513159c?s=96&d=mm&r=g","contentUrl":"https:\/\/secure.gravatar.com\/avatar\/c824b04e6df0e37a03219d0b6481672889df542894588964102459e46513159c?s=96&d=mm&r=g","caption":"We Love Cycling Spain"},"url":"https:\/\/www.welovecycling.com\/es\/author\/amunoz\/"}]}},"_links":{"self":[{"href":"https:\/\/www.welovecycling.com\/es\/wp-json\/wp\/v2\/posts\/8992","targetHints":{"allow":["GET"]}}],"collection":[{"href":"https:\/\/www.welovecycling.com\/es\/wp-json\/wp\/v2\/posts"}],"about":[{"href":"https:\/\/www.welovecycling.com\/es\/wp-json\/wp\/v2\/types\/post"}],"author":[{"embeddable":true,"href":"https:\/\/www.welovecycling.com\/es\/wp-json\/wp\/v2\/users\/29"}],"replies":[{"embeddable":true,"href":"https:\/\/www.welovecycling.com\/es\/wp-json\/wp\/v2\/comments?post=8992"}],"version-history":[{"count":2,"href":"https:\/\/www.welovecycling.com\/es\/wp-json\/wp\/v2\/posts\/8992\/revisions"}],"predecessor-version":[{"id":8997,"href":"https:\/\/www.welovecycling.com\/es\/wp-json\/wp\/v2\/posts\/8992\/revisions\/8997"}],"wp:featuredmedia":[{"embeddable":true,"href":"https:\/\/www.welovecycling.com\/es\/wp-json\/wp\/v2\/media\/8996"}],"wp:attachment":[{"href":"https:\/\/www.welovecycling.com\/es\/wp-json\/wp\/v2\/media?parent=8992"}],"wp:term":[{"taxonomy":"category","embeddable":true,"href":"https:\/\/www.welovecycling.com\/es\/wp-json\/wp\/v2\/categories?post=8992"},{"taxonomy":"post_tag","embeddable":true,"href":"https:\/\/www.welovecycling.com\/es\/wp-json\/wp\/v2\/tags?post=8992"},{"taxonomy":"global-categories","embeddable":true,"href":"https:\/\/www.welovecycling.com\/es\/wp-json\/wp\/v2\/global-categories?post=8992"}],"curies":[{"name":"wp","href":"https:\/\/api.w.org\/{rel}","templated":true}]}}