{"id":8988,"date":"2022-06-29T21:23:22","date_gmt":"2022-06-29T19:23:22","guid":{"rendered":"https:\/\/www.welovecycling.com\/es\/?p=8988"},"modified":"2022-06-28T08:04:42","modified_gmt":"2022-06-28T06:04:42","slug":"un-inicio-de-tour-de-francia-2022-con-olor-a-clasicas","status":"publish","type":"post","link":"https:\/\/www.welovecycling.com\/es\/2022\/06\/29\/un-inicio-de-tour-de-francia-2022-con-olor-a-clasicas\/","title":{"rendered":"Un inicio de Tour de Francia 2022 con olor a cl\u00e1sicas"},"content":{"rendered":"<p><strong>El inicio del Tour de Francia 2022 poco tiene que ver con ediciones anteriores. En las nueve primeras jornadas hay un pr\u00f3logo largo, una etapa de descanso, adoquines de Roubaix pero sin llegar a Roubaix, muros como los de Flandes, repechos de las Ardenas, mucho viento, m\u00e1s muros cortos y duros y una etapa unipuerto en La Planche des Belles Filles, que ya se ha convertido en todo un cl\u00e1sico moderno de la carrera francesa.<br \/>\n<\/strong><\/p>\n<p><!--more--><\/p>\n<p>Lo primero que tienes que hacer es apuntar en la agenda que el Tour 2022 no empieza un s\u00e1bado, sino un viernes, el d\u00eda uno de julio concretamente. La raz\u00f3n, pues la misma que el <strong>Giro y <a href=\"https:\/\/www.welovecycling.com\/es\/2021\/12\/17\/vuelta-2022\/\">la Vuelta<\/a><\/strong>, la carrera no arranca dentro del territorio galo, sino en Dinamarca, y para retornar hace falta una jornada de descanso. \u00bfAdivinan cuando? pues el primer lunes de Tour. Si, tambi\u00e9n siguiendo la estela de Giro y Vuelta. Bueno, para que tomen nota. Ning\u00fan lunes hay Tour de Francia, por si quieren reservarlo para ir a la piscina y no discutir con su pareja.<\/p>\n<h2><strong>Dinamarca, crono y viento<\/strong><\/h2>\n<p>Que el Tour 2022 arranque en <strong>Dinamarca<\/strong> significa que en las tres primeras jornadas no hay nada de monta\u00f1a. Vale, han puesto cotas de un kil\u00f3metros porque alguien tiene que vestir el maillot de lunares, pero all\u00ed el mayor rival es el viento.<\/p>\n<p>El primer d\u00eda es un pr\u00f3logo largo. <a href=\"https:\/\/www.letour.fr\/es\/etapa-1\">Crono individual de 13,2 kil\u00f3metros<\/a> (un tercio de la crono larga del pen\u00faltimo d\u00eda) por las calles de Copenhague. Ning\u00fan metro de desnivel (sale a 8 metros de altitud, el punto m\u00e1s alto es 15 y acaba a 7, as\u00ed que echen sus cuentas) y trazado urbano, pero no demasiado complicado. Perfecto para rodadores fuertes tipo <strong>Ganna, Bissegger, Kung, Van Aert o Van der Poe<\/strong>l. A estos dos \u00faltimos les puede poner de favoritos en cualquiera de las etapas de la primera semana. Y al belga tambi\u00e9n en las dos semanas restantes. Ni Roglic ni Pogacar, los dos m\u00e1ximos favoritos. Deber\u00e1n pasar problemas aqu\u00ed.<\/p>\n<p>La segunda etapa busca que el pelot\u00f3n pelee contra el viento. 202 kil\u00f3metros entre Roskilde y Nyborg totalmente llanos. Lo m\u00e1s duro es una cota de 1,4 kil\u00f3metros al 5,8% a 115 de meta. Lo innovador son los 18 kil\u00f3metros del <strong>Puente du Gran Belt<\/strong>, donde sopla el<strong> viento<\/strong> de lo lindo y puede que se corte el pelot\u00f3n. Si sucede&#8230; quedar\u00e1n 20 kil\u00f3metros de persecuci\u00f3n hasta la meta.<\/p>\n<p><img loading=\"lazy\" decoding=\"async\" class=\"alignnone size-extra-large\" src=\"https:\/\/img.aso.fr\/core_app\/img-cycling-tdf-jpg\/2\/35662\/0:0,1500:904-960-0-90\/ca356\" width=\"960\" height=\"579\" \/><\/p>\n<p>Y el tercer y \u00faltimo dia en Dinamarca est\u00e1 indicado para velocistas. Sagan, Jakobsen, Ewan.. y Van Aert, claro. Seguramente habr\u00e1 menos viento y las cotas siguen siendo testimoniales. Solo la lluvia, que en Dinamarca no es extra\u00f1a en verano, puede crear algunas dificultades.<\/p>\n<h2><strong>Adoquines, muros y La Planche des Belles Filles<\/strong><\/h2>\n<p>El Tour reanuda su marcha el martes en el norte de Francia. La playa de Dunkerke ver\u00e1 la salida de la cuarta etapa el martes cinco de julio. Aunque la organizaci\u00f3n pone que es de media monta\u00f1a, lo cierto es que solo hay seis cotas de cuarta categor\u00eda y, una vez m\u00e1s, mucho viento. Es cierto que la \u00faltima, 900 metros al 7,5%, est\u00e1 a 11 kil\u00f3metros de la meta de Calais, pero se antoja demasiado poco para romper el pelot\u00f3n.<\/p>\n<p>Sobre todo porque el mi\u00e9rcoles <a href=\"https:\/\/www.letour.fr\/es\/etapa-5\"><strong>6 de julio llegan los adoquines.<\/strong><\/a> Y no los &#8216;sencillos&#8217; de la cercana Flandes, sino las piedras colocadas de cualquier manera de los alrededores de Roubaix. Al Tour le encantan los s\u00edmbolos y la etapa arranca en Lille, la metr\u00f3polis de Roubaix. Los ochenta kil\u00f3metros iniciales no tienen adoquines, pese a que circular\u00e1n a unos metros de Camphin en Pevel\u00e9 o Carrefour dl Arbre. Pero en los 70 \u00faltimos hay 11 tramos. No los busquen en el recorrido de la <strong>Paris Roubaix<\/strong>, porque no los encontrar\u00e1n. Son sectores &#8216;nuevos&#8217; con suficiente entidad para que dejar todo como el rosario de la aurora (y m\u00e1s si llueve). El \u00faltimo es de Hasnon a Wallers, si, donde est\u00e1 el <strong>Bosque de Arenberg<\/strong>. Justo all\u00ed acabar\u00e1 la etapa. Pero ojo, sin pasar por el tramo m\u00e1s duro de Roubaix, que solo est\u00e1 reservado para ese d\u00eda.<\/p>\n<p>No va a pillar por sorpresa a ninguno de los favoritos. Roglic ya corri\u00f3 en Denain y con buenos resultados. Pogacar y Mas entrenaron all\u00ed y hasta Nairo Quintana los ha probado. Pero, eso s\u00ed, si hay batalla alguno de los hombres de la general puede perder un tiempo precioso. Los adoquines de Roubaix son cosa de especialistas. Si, Van Aert y Van der Poel, otra vez, que estar\u00e1n peleando por el <a href=\"https:\/\/www.welovecycling.com\/es\/2021\/12\/19\/van-aert-skoda\/\">Maillot Verde de Skoda.<\/a><\/p>\n<p><img loading=\"lazy\" decoding=\"async\" class=\"alignnone size-extra-large\" src=\"https:\/\/img.aso.fr\/core_app\/img-cycling-tdf-jpg\/5\/35665\/0:0,1500:904-960-0-90\/7837a\" width=\"960\" height=\"579\" \/>Y si el mi\u00e9rcoles se &#8216;homenajea&#8217; a los adoquines, para el <a href=\"https:\/\/www.letour.fr\/es\/etapa-6\">jueves 7 de julio la sexta etapa toca las Ardenas belgas<\/a>. No van a hacer ninguno de los muros de la Lieja Bastogne Lieja, pero si los de Binche y con un final tipo Flecha Valona. Es cierto que el &#8216;Muro de Huy&#8217;, la <strong>Cote de Pulventeux (800 metros al 12,3% de media)<\/strong> est\u00e1 a seis kil\u00f3metros de meta, pero ya dentro de Longwy (Francia) acaban en la <strong>Cote des Religieuses (1,5 km al 5,8%)<\/strong> despu\u00e9s de 220 kil\u00f3metros de etapa. \u00bfHan pensado en Alaphilippe, verdad? La organizaci\u00f3n del Tour de Francia tambi\u00e9n, pero el franc\u00e9s no corre este Tour y puede ser un d\u00eda para los Pogacar y Roglic. Ambos han hecho podio en Lieja y Flecha Valona.<\/p>\n<p>El viernes 8 de julio llega el primer final en alto. No es una jornada de monta\u00f1a por los Vosgos como otras veces, sino casi unipuerto. Se suben tres peque\u00f1as cotas de tercera antes de <strong>La Super Planche des Belles Filles.<\/strong> El &#8216;super&#8217; significa que tiene un puntido de dureza m\u00e1s y finaliza en el tramo de sterrato donde en 2019 venci\u00f3 Teuns, Ciccone se visti\u00f3 de amarillo y Alaphilippe aprovech\u00f3 para atacar en el sterrato al 24% del final. El morbo vendr\u00e1 con el reencuentro de Roglic y Pogacar con la monta\u00f1a que decidi\u00f3 el Tour de 2020&#8230;<\/p>\n<p><img loading=\"lazy\" decoding=\"async\" class=\"alignnone size-extra-large\" src=\"https:\/\/img.aso.fr\/core_app\/img-cycling-tdf-jpg\/7\/35664\/0:0,1500:904-960-0-90\/fccb2\" width=\"960\" height=\"579\" \/><\/p>\n<h2><strong>Suiza, pero sin alta monta\u00f1a<\/strong><\/h2>\n<p>El Tour acaba su periplo antes de la alta monta\u00f1a en Suiza. Si, suena raro que en el pa\u00eds de las monta\u00f1as no haya ninguna etapa especialmente dura, pero la organizaci\u00f3n no ha querido adelantar acontecimientos.<\/p>\n<p>El s\u00e1bado<strong> 9 de julio la carrera atraviesa el departamento del Jura,<\/strong> que es una zona de media monta\u00f1a pero sin grandes desniveles, para entrar en <strong>Suiza<\/strong> por el cant\u00f3n de Vaud. Son 183 kil\u00f3metros, pero los \u00faltimos 40 son en continua bajada hasta Lausana. Eso s\u00ed, final explosivo con la subida al Estadio Ol\u00edmpico. Son cinco kil\u00f3metros al 4,6% de media, pero con un<strong> tramo de un kil\u00f3metro al 12%<\/strong>.<\/p>\n<p>Y antes de la segunda jornada de descanso, el <strong>domingo 10 de julio el Tour<\/strong> hace una etapa casi completa por Suiza con, esta vez si, monta\u00f1a. Tampoco excesivamente dura, pero sin con la <strong>Col de la Croix (8,1 km al 7,6%)<\/strong> para despedir tierras suizas y entrar a Francia por el <strong>Pas de la Morgins (15,4 km al 6,1%)<\/strong>. La cima est\u00e1 a solo seis kil\u00f3metros de la meta de Chatel Les Portes du Soleil, los tres primeros en bajada y los siguientes en continuo ascenso.<\/p>\n<p><img loading=\"lazy\" decoding=\"async\" class=\"alignnone size-extra-large\" src=\"https:\/\/img.aso.fr\/core_app\/img-cycling-tdf-jpg\/9\/35669\/0:0,1500:904-960-0-90\/c9033\" width=\"960\" height=\"579\" \/><\/p>\n","protected":false},"excerpt":{"rendered":"<p>El inicio del Tour de Francia 2022 poco tiene que ver con ediciones anteriores. En las nueve primeras jornadas hay [&hellip;]<\/p>\n","protected":false},"author":29,"featured_media":8776,"comment_status":"open","ping_status":"open","sticky":false,"template":"","format":"standard","meta":{"footnotes":""},"categories":[7],"tags":[2177,557],"global-categories":[1164],"class_list":["post-8988","post","type-post","status-publish","format-standard","has-post-thumbnail","hentry","category-carretera","tag-tour-2022","tag-tour-de-francia","global-categories-cycling"],"yoast_head":"<!-- This site is optimized with the Yoast SEO Premium plugin v25.3 (Yoast SEO v25.9) - https:\/\/yoast.com\/wordpress\/plugins\/seo\/ -->\n<title>Un inicio de Tour de Francia 2022 con olor a cl\u00e1sicas - \u0160koda We Love Cycling - Spain<\/title>\n<meta name=\"description\" content=\"Un inicio de Tour de Francia 2022 con olor a cl\u00e1sicas. El an\u00e1lisis de las nueve primera etapas. Adoquines, viento, muros y media monta\u00f1a.\" \/>\n<meta name=\"robots\" content=\"index, follow, max-snippet:-1, max-image-preview:large, max-video-preview:-1\" \/>\n<link rel=\"canonical\" href=\"https:\/\/www.welovecycling.com\/es\/2022\/06\/29\/un-inicio-de-tour-de-francia-2022-con-olor-a-clasicas\/\" \/>\n<meta property=\"og:locale\" content=\"es_ES\" \/>\n<meta property=\"og:type\" content=\"article\" \/>\n<meta property=\"og:title\" content=\"Un inicio de Tour de Francia 2022 con olor a cl\u00e1sicas\" \/>\n<meta property=\"og:description\" content=\"Un inicio de Tour de Francia 2022 con olor a cl\u00e1sicas. El an\u00e1lisis de las nueve primera etapas. Adoquines, viento, muros y media monta\u00f1a.\" \/>\n<meta property=\"og:url\" content=\"https:\/\/www.welovecycling.com\/es\/2022\/06\/29\/un-inicio-de-tour-de-francia-2022-con-olor-a-clasicas\/\" \/>\n<meta property=\"og:site_name\" content=\"\u0160koda We Love Cycling - Spain\" \/>\n<meta property=\"article:published_time\" content=\"2022-06-29T19:23:22+00:00\" \/>\n<meta property=\"og:image\" content=\"https:\/\/d2p6e6u75xmxt8.cloudfront.net\/6\/2022\/04\/2022-Paris-Roubaix-Peloton-profimedia-0683948606-CVR.jpg\" \/>\n\t<meta property=\"og:image:width\" content=\"1366\" \/>\n\t<meta property=\"og:image:height\" content=\"600\" \/>\n\t<meta property=\"og:image:type\" content=\"image\/jpeg\" \/>\n<meta name=\"author\" content=\"We Love Cycling Spain\" \/>\n<meta name=\"twitter:card\" content=\"summary_large_image\" \/>\n<meta name=\"twitter:title\" content=\"Un inicio de Tour de Francia 2022 con olor a cl\u00e1sicas\" \/>\n<meta name=\"twitter:description\" content=\"Un inicio de Tour de Francia 2022 con olor a cl\u00e1sicas. El an\u00e1lisis de las nueve primera etapas. Adoquines, viento, muros y media monta\u00f1a.\" \/>\n<meta name=\"twitter:label1\" content=\"Written by\" \/>\n\t<meta name=\"twitter:data1\" content=\"Luis Ortega @ciclored\" \/>\n\t<meta name=\"twitter:label2\" content=\"Est. reading time\" \/>\n\t<meta name=\"twitter:data2\" content=\"6 minutes\" \/>\n<script type=\"application\/ld+json\" class=\"yoast-schema-graph\">{\"@context\":\"https:\/\/schema.org\",\"@graph\":[{\"@type\":\"WebPage\",\"@id\":\"https:\/\/www.welovecycling.com\/es\/2022\/06\/29\/un-inicio-de-tour-de-francia-2022-con-olor-a-clasicas\/\",\"url\":\"https:\/\/www.welovecycling.com\/es\/2022\/06\/29\/un-inicio-de-tour-de-francia-2022-con-olor-a-clasicas\/\",\"name\":\"Un inicio de Tour de Francia 2022 con olor a cl\u00e1sicas - \u0160koda We Love Cycling - Spain\",\"isPartOf\":{\"@id\":\"https:\/\/www.welovecycling.com\/es\/#website\"},\"primaryImageOfPage\":{\"@id\":\"https:\/\/www.welovecycling.com\/es\/2022\/06\/29\/un-inicio-de-tour-de-francia-2022-con-olor-a-clasicas\/#primaryimage\"},\"image\":{\"@id\":\"https:\/\/www.welovecycling.com\/es\/2022\/06\/29\/un-inicio-de-tour-de-francia-2022-con-olor-a-clasicas\/#primaryimage\"},\"thumbnailUrl\":\"https:\/\/d2p6e6u75xmxt8.cloudfront.net\/6\/2022\/04\/2022-Paris-Roubaix-Peloton-profimedia-0683948606-CVR.jpg\",\"datePublished\":\"2022-06-29T19:23:22+00:00\",\"author\":{\"@id\":\"https:\/\/www.welovecycling.com\/es\/#\/schema\/person\/deb61715b5812698ee79fb96f343ccd4\"},\"description\":\"Un inicio de Tour de Francia 2022 con olor a cl\u00e1sicas. El an\u00e1lisis de las nueve primera etapas. Adoquines, viento, muros y media monta\u00f1a.\",\"breadcrumb\":{\"@id\":\"https:\/\/www.welovecycling.com\/es\/2022\/06\/29\/un-inicio-de-tour-de-francia-2022-con-olor-a-clasicas\/#breadcrumb\"},\"inLanguage\":\"es-ES\",\"potentialAction\":[{\"@type\":\"ReadAction\",\"target\":[\"https:\/\/www.welovecycling.com\/es\/2022\/06\/29\/un-inicio-de-tour-de-francia-2022-con-olor-a-clasicas\/\"]}]},{\"@type\":\"ImageObject\",\"inLanguage\":\"es-ES\",\"@id\":\"https:\/\/www.welovecycling.com\/es\/2022\/06\/29\/un-inicio-de-tour-de-francia-2022-con-olor-a-clasicas\/#primaryimage\",\"url\":\"https:\/\/d2p6e6u75xmxt8.cloudfront.net\/6\/2022\/04\/2022-Paris-Roubaix-Peloton-profimedia-0683948606-CVR.jpg\",\"contentUrl\":\"https:\/\/d2p6e6u75xmxt8.cloudfront.net\/6\/2022\/04\/2022-Paris-Roubaix-Peloton-profimedia-0683948606-CVR.jpg\",\"width\":1366,\"height\":600,\"caption\":\"2022 Paris-Roubaix\"},{\"@type\":\"BreadcrumbList\",\"@id\":\"https:\/\/www.welovecycling.com\/es\/2022\/06\/29\/un-inicio-de-tour-de-francia-2022-con-olor-a-clasicas\/#breadcrumb\",\"itemListElement\":[{\"@type\":\"ListItem\",\"position\":1,\"name\":\"Home\",\"item\":\"https:\/\/www.welovecycling.com\/es\/\"},{\"@type\":\"ListItem\",\"position\":2,\"name\":\"Un inicio de Tour de Francia 2022 con olor a cl\u00e1sicas\"}]},{\"@type\":\"WebSite\",\"@id\":\"https:\/\/www.welovecycling.com\/es\/#website\",\"url\":\"https:\/\/www.welovecycling.com\/es\/\",\"name\":\"\u0160koda We Love Cycling - Spain\",\"description\":\"\u0160koda WeLoveCycling Spain\",\"potentialAction\":[{\"@type\":\"SearchAction\",\"target\":{\"@type\":\"EntryPoint\",\"urlTemplate\":\"https:\/\/www.welovecycling.com\/es\/?s={search_term_string}\"},\"query-input\":{\"@type\":\"PropertyValueSpecification\",\"valueRequired\":true,\"valueName\":\"search_term_string\"}}],\"inLanguage\":\"es-ES\"},{\"@type\":\"Person\",\"@id\":\"https:\/\/www.welovecycling.com\/es\/#\/schema\/person\/deb61715b5812698ee79fb96f343ccd4\",\"name\":\"We Love Cycling Spain\",\"image\":{\"@type\":\"ImageObject\",\"inLanguage\":\"es-ES\",\"@id\":\"https:\/\/www.welovecycling.com\/es\/#\/schema\/person\/image\/\",\"url\":\"https:\/\/secure.gravatar.com\/avatar\/c824b04e6df0e37a03219d0b6481672889df542894588964102459e46513159c?s=96&d=mm&r=g\",\"contentUrl\":\"https:\/\/secure.gravatar.com\/avatar\/c824b04e6df0e37a03219d0b6481672889df542894588964102459e46513159c?s=96&d=mm&r=g\",\"caption\":\"We Love Cycling Spain\"},\"url\":\"https:\/\/www.welovecycling.com\/es\/author\/amunoz\/\"}]}<\/script>\n<!-- \/ Yoast SEO Premium plugin. -->","yoast_head_json":{"title":"Un inicio de Tour de Francia 2022 con olor a cl\u00e1sicas - \u0160koda We Love Cycling - Spain","description":"Un inicio de Tour de Francia 2022 con olor a cl\u00e1sicas. El an\u00e1lisis de las nueve primera etapas. Adoquines, viento, muros y media monta\u00f1a.","robots":{"index":"index","follow":"follow","max-snippet":"max-snippet:-1","max-image-preview":"max-image-preview:large","max-video-preview":"max-video-preview:-1"},"canonical":"https:\/\/www.welovecycling.com\/es\/2022\/06\/29\/un-inicio-de-tour-de-francia-2022-con-olor-a-clasicas\/","og_locale":"es_ES","og_type":"article","og_title":"Un inicio de Tour de Francia 2022 con olor a cl\u00e1sicas","og_description":"Un inicio de Tour de Francia 2022 con olor a cl\u00e1sicas. El an\u00e1lisis de las nueve primera etapas. Adoquines, viento, muros y media monta\u00f1a.","og_url":"https:\/\/www.welovecycling.com\/es\/2022\/06\/29\/un-inicio-de-tour-de-francia-2022-con-olor-a-clasicas\/","og_site_name":"\u0160koda We Love Cycling - Spain","article_published_time":"2022-06-29T19:23:22+00:00","og_image":[{"width":1366,"height":600,"url":"https:\/\/d2p6e6u75xmxt8.cloudfront.net\/6\/2022\/04\/2022-Paris-Roubaix-Peloton-profimedia-0683948606-CVR.jpg","type":"image\/jpeg"}],"author":"We Love Cycling Spain","twitter_card":"summary_large_image","twitter_title":"Un inicio de Tour de Francia 2022 con olor a cl\u00e1sicas","twitter_description":"Un inicio de Tour de Francia 2022 con olor a cl\u00e1sicas. El an\u00e1lisis de las nueve primera etapas. Adoquines, viento, muros y media monta\u00f1a.","twitter_misc":{"Written by":"Luis Ortega @ciclored","Est. reading time":"6 minutes"},"schema":{"@context":"https:\/\/schema.org","@graph":[{"@type":"WebPage","@id":"https:\/\/www.welovecycling.com\/es\/2022\/06\/29\/un-inicio-de-tour-de-francia-2022-con-olor-a-clasicas\/","url":"https:\/\/www.welovecycling.com\/es\/2022\/06\/29\/un-inicio-de-tour-de-francia-2022-con-olor-a-clasicas\/","name":"Un inicio de Tour de Francia 2022 con olor a cl\u00e1sicas - \u0160koda We Love Cycling - Spain","isPartOf":{"@id":"https:\/\/www.welovecycling.com\/es\/#website"},"primaryImageOfPage":{"@id":"https:\/\/www.welovecycling.com\/es\/2022\/06\/29\/un-inicio-de-tour-de-francia-2022-con-olor-a-clasicas\/#primaryimage"},"image":{"@id":"https:\/\/www.welovecycling.com\/es\/2022\/06\/29\/un-inicio-de-tour-de-francia-2022-con-olor-a-clasicas\/#primaryimage"},"thumbnailUrl":"https:\/\/d2p6e6u75xmxt8.cloudfront.net\/6\/2022\/04\/2022-Paris-Roubaix-Peloton-profimedia-0683948606-CVR.jpg","datePublished":"2022-06-29T19:23:22+00:00","author":{"@id":"https:\/\/www.welovecycling.com\/es\/#\/schema\/person\/deb61715b5812698ee79fb96f343ccd4"},"description":"Un inicio de Tour de Francia 2022 con olor a cl\u00e1sicas. El an\u00e1lisis de las nueve primera etapas. Adoquines, viento, muros y media monta\u00f1a.","breadcrumb":{"@id":"https:\/\/www.welovecycling.com\/es\/2022\/06\/29\/un-inicio-de-tour-de-francia-2022-con-olor-a-clasicas\/#breadcrumb"},"inLanguage":"es-ES","potentialAction":[{"@type":"ReadAction","target":["https:\/\/www.welovecycling.com\/es\/2022\/06\/29\/un-inicio-de-tour-de-francia-2022-con-olor-a-clasicas\/"]}]},{"@type":"ImageObject","inLanguage":"es-ES","@id":"https:\/\/www.welovecycling.com\/es\/2022\/06\/29\/un-inicio-de-tour-de-francia-2022-con-olor-a-clasicas\/#primaryimage","url":"https:\/\/d2p6e6u75xmxt8.cloudfront.net\/6\/2022\/04\/2022-Paris-Roubaix-Peloton-profimedia-0683948606-CVR.jpg","contentUrl":"https:\/\/d2p6e6u75xmxt8.cloudfront.net\/6\/2022\/04\/2022-Paris-Roubaix-Peloton-profimedia-0683948606-CVR.jpg","width":1366,"height":600,"caption":"2022 Paris-Roubaix"},{"@type":"BreadcrumbList","@id":"https:\/\/www.welovecycling.com\/es\/2022\/06\/29\/un-inicio-de-tour-de-francia-2022-con-olor-a-clasicas\/#breadcrumb","itemListElement":[{"@type":"ListItem","position":1,"name":"Home","item":"https:\/\/www.welovecycling.com\/es\/"},{"@type":"ListItem","position":2,"name":"Un inicio de Tour de Francia 2022 con olor a cl\u00e1sicas"}]},{"@type":"WebSite","@id":"https:\/\/www.welovecycling.com\/es\/#website","url":"https:\/\/www.welovecycling.com\/es\/","name":"\u0160koda We Love Cycling - Spain","description":"\u0160koda WeLoveCycling Spain","potentialAction":[{"@type":"SearchAction","target":{"@type":"EntryPoint","urlTemplate":"https:\/\/www.welovecycling.com\/es\/?s={search_term_string}"},"query-input":{"@type":"PropertyValueSpecification","valueRequired":true,"valueName":"search_term_string"}}],"inLanguage":"es-ES"},{"@type":"Person","@id":"https:\/\/www.welovecycling.com\/es\/#\/schema\/person\/deb61715b5812698ee79fb96f343ccd4","name":"We Love Cycling Spain","image":{"@type":"ImageObject","inLanguage":"es-ES","@id":"https:\/\/www.welovecycling.com\/es\/#\/schema\/person\/image\/","url":"https:\/\/secure.gravatar.com\/avatar\/c824b04e6df0e37a03219d0b6481672889df542894588964102459e46513159c?s=96&d=mm&r=g","contentUrl":"https:\/\/secure.gravatar.com\/avatar\/c824b04e6df0e37a03219d0b6481672889df542894588964102459e46513159c?s=96&d=mm&r=g","caption":"We Love Cycling Spain"},"url":"https:\/\/www.welovecycling.com\/es\/author\/amunoz\/"}]}},"_links":{"self":[{"href":"https:\/\/www.welovecycling.com\/es\/wp-json\/wp\/v2\/posts\/8988","targetHints":{"allow":["GET"]}}],"collection":[{"href":"https:\/\/www.welovecycling.com\/es\/wp-json\/wp\/v2\/posts"}],"about":[{"href":"https:\/\/www.welovecycling.com\/es\/wp-json\/wp\/v2\/types\/post"}],"author":[{"embeddable":true,"href":"https:\/\/www.welovecycling.com\/es\/wp-json\/wp\/v2\/users\/29"}],"replies":[{"embeddable":true,"href":"https:\/\/www.welovecycling.com\/es\/wp-json\/wp\/v2\/comments?post=8988"}],"version-history":[{"count":2,"href":"https:\/\/www.welovecycling.com\/es\/wp-json\/wp\/v2\/posts\/8988\/revisions"}],"predecessor-version":[{"id":9035,"href":"https:\/\/www.welovecycling.com\/es\/wp-json\/wp\/v2\/posts\/8988\/revisions\/9035"}],"wp:featuredmedia":[{"embeddable":true,"href":"https:\/\/www.welovecycling.com\/es\/wp-json\/wp\/v2\/media\/8776"}],"wp:attachment":[{"href":"https:\/\/www.welovecycling.com\/es\/wp-json\/wp\/v2\/media?parent=8988"}],"wp:term":[{"taxonomy":"category","embeddable":true,"href":"https:\/\/www.welovecycling.com\/es\/wp-json\/wp\/v2\/categories?post=8988"},{"taxonomy":"post_tag","embeddable":true,"href":"https:\/\/www.welovecycling.com\/es\/wp-json\/wp\/v2\/tags?post=8988"},{"taxonomy":"global-categories","embeddable":true,"href":"https:\/\/www.welovecycling.com\/es\/wp-json\/wp\/v2\/global-categories?post=8988"}],"curies":[{"name":"wp","href":"https:\/\/api.w.org\/{rel}","templated":true}]}}