{"id":8983,"date":"2022-06-16T12:54:40","date_gmt":"2022-06-16T10:54:40","guid":{"rendered":"https:\/\/www.welovecycling.com\/es\/?p=8983"},"modified":"2022-06-14T13:15:34","modified_gmt":"2022-06-14T11:15:34","slug":"libros-podcast-ciclistas","status":"publish","type":"post","link":"https:\/\/www.welovecycling.com\/es\/2022\/06\/16\/libros-podcast-ciclistas\/","title":{"rendered":"Libros y podcast ciclistas para este verano"},"content":{"rendered":"<p><strong>No hay nada como pedalear hasta un sereno mirador o un claro del bosque para relajarse con un buen libro o un podcast. Y m\u00e1s a\u00fan si el material de lectura\/escucha tiene que ver con la bicicleta. Con las vacaciones de verano en el horizonte tenemos una larga lista de libros y podcast ciclistas con los que aprovechar el tiempo de vacaciones. Con esto en mente, nos gustar\u00eda ofrecerle algunas sugerencias menos convencionales para disfrutar de este verano.<\/strong><\/p>\n<p><!--more--><\/p>\n<p>Adem\u00e1s de nuestros favoritos en cuanto a noticias, <a href=\"https:\/\/www.welovecycling.com\/es\/2022\/04\/26\/entrenamiento-ciclista-polarizado\/\">an\u00e1lisis y consejos de entrenamiento<\/a>, el mundo del ciclismo est\u00e1 lleno de relatos diversos y hermosos que capturan las diferentes formas en que las bicicletas juegan un papel en la vida de las personas. Estos son algunos de nuestros libros y podcast de ciclistas favoritos:<\/p>\n<h2><strong>Dentro del ciclismo profesional<\/strong><\/h2>\n<h4><strong>Dios ha muerto: El ascenso y la ca\u00edda de Frank Vandenbroucke, el gran talento desperdiciado del ciclismo, Andy McGrath<\/strong><\/h4>\n<p>Como antiguo editor de la revista Rouleur, uno espera que Andy McGrath tenga una historia convincente que respalde su llamativo t\u00edtulo y, afortunadamente, la tiene. Esta edici\u00f3n de 2022 cuenta la historia del prodigio de los 90 Frank Vandenbroucke. El talento belga alcanz\u00f3 r\u00e1pidamente la fama al ocupar el primer puesto en muchas de las carreras m\u00e1s importantes de este deporte pero, finalmente, muri\u00f3 tr\u00e1gicamente joven tras luchar contra la depresi\u00f3n y la adicci\u00f3n. <a href=\"https:\/\/www.amazon.com\/God-Dead-Vandenbroucke-Cyclings-Wasted\/dp\/1787631206\">McGrath capta los matices de su historia a trav\u00e9s<\/a> de la lente de la historia del ciclismo.<\/p>\n<h4><strong>La escapada, Nicole Cooke<\/strong><\/h4>\n<p>A un a\u00f1o del d\u00e9cimo aniversario de su publicaci\u00f3n, este libro de ciclismo sigue siendo tan convincente como siempre. La <a href=\"https:\/\/www.amazon.com\/Breakaway-Nicole-Cooke\/dp\/1471130339\">autobiograf\u00eda de Nicole Cooke<\/a> detalla la incre\u00edble lucha por la que pas\u00f3 para obtener el reconocimiento y la riqueza que le llegaron sin esfuerzo a sus hom\u00f3logos masculinos. El tel\u00f3n de fondo es la \u00e9poca m\u00e1s oscura del ciclismo, el dopaje, pero su experiencia \u00fanica como mujer sigue siendo relevante hoy en d\u00eda.<\/p>\n<h2><strong>Comunidad ciclista<\/strong><\/h2>\n<h4><strong>Back in the Frame, Jools Walker<\/strong><\/h4>\n<p>Esta delicia de libro es imprescindible para cualquiera que est\u00e9 redescubriendo su amor por el estilo de vida sobre dos ruedas. En \u00e9l, <a href=\"https:\/\/www.amazon.com\/Back-Frame-Jools-Walker\/dp\/0751570788\">Walker explora las m\u00faltiples identidades<\/a> que ha asumido en la comunidad ciclista y ofrece una visi\u00f3n muy necesaria de lo que supone ser una mujer de color en el mundo de las bicicletas. Tambi\u00e9n habla abiertamente de c\u00f3mo el ciclismo afecta a su salud mental y de c\u00f3mo ha tenido que luchar para mantener una relaci\u00f3n sana con el deporte.<\/p>\n<h4><strong>Women on Wheels: The Scandalous Untold Histories of Women in Bicycling, April Streeter<\/strong><\/h4>\n<p>Este libro sobre ciclismo, <a href=\"https:\/\/www.amazon.com\/Women-Wheels-Scandalous-Bicycling-Revolution\/dp\/1621062074\">una historia feminista<\/a>, fue claramente un trabajo de amor en el que la autora se comprometi\u00f3 a encontrar historias poco conocidas de las mujeres que han hecho del ciclismo lo que es hoy. Se remonta al nacimiento del ciclismo, y aqu\u00ed encontrar\u00e1 muchas cosas que le ayudar\u00e1n a contrarrestar los relatos tradicionales sobre el ascenso de este deporte.<\/p>\n<h2><strong>Inspiraci\u00f3n ciclista<\/strong><\/h2>\n<h4><strong>Where There\u2019s a Will: La dureza de una carrera ciclista a trav\u00e9s de un continente, Emily Chappell<\/strong><\/h4>\n<p>Emily Chappell, una consumada corredora de ultraresistencia, ha demostrado una y otra vez que es una fuerza a tener en cuenta. Tampoco se pone po\u00e9tica con el hecho de que ganar la Transcontinental Race no es ninguna broma. Este<a href=\"https:\/\/www.amazon.com\/Where-Theres-Will-Endurance-Continent-ebook\/dp\/B07RK4ZBVV\"> libro, reflexivo y sincero,<\/a> presenta una historia genuinamente relatable sobre la duda, el autodescubrimiento, el dolor y la consecuci\u00f3n de lo que al principio parece imposible.<\/p>\n<h4><strong>El ciclista que naci\u00f3 del fr\u00edo, Tim Moore<\/strong><\/h4>\n<p>Tim Moore vuelve a hacer de las suyas, y esta vez ha decidido llevar una bicicleta de paseo de dos marchas a lo largo de los 9.000 km de la Ruta del Tel\u00f3n de Acero. Contado desde el punto de vista de un ciclista al que le gusta superar sus l\u00edmites, pero que no se toma demasiado en serio a s\u00ed mismo, se trata de <a href=\"https:\/\/www.amazon.com\/Cyclist-Who-Went-Out-Cold\/dp\/0224100203\">una lectura atractiva e hist\u00f3ricamente informativa<\/a>.<\/p>\n<figure id=\"attachment_8984\" aria-describedby=\"caption-attachment-8984\" style=\"width: 1000px\" class=\"wp-caption alignnone\"><a href=\"https:\/\/d2p6e6u75xmxt8.cloudfront.net\/6\/2022\/06\/Man-reading-profimedia-0436354835.jpg\"><img loading=\"lazy\" decoding=\"async\" class=\"wp-image-8984 size-full\" src=\"https:\/\/d2p6e6u75xmxt8.cloudfront.net\/6\/2022\/06\/Man-reading-profimedia-0436354835.jpg\" alt=\"Cyclist reading\" width=\"1000\" height=\"664\" srcset=\"https:\/\/d2p6e6u75xmxt8.cloudfront.net\/6\/2022\/06\/Man-reading-profimedia-0436354835.jpg 1000w, https:\/\/d2p6e6u75xmxt8.cloudfront.net\/6\/2022\/06\/Man-reading-profimedia-0436354835-300x199.jpg 300w, https:\/\/d2p6e6u75xmxt8.cloudfront.net\/6\/2022\/06\/Man-reading-profimedia-0436354835-768x510.jpg 768w, https:\/\/d2p6e6u75xmxt8.cloudfront.net\/6\/2022\/06\/Man-reading-profimedia-0436354835-272x182.jpg 272w\" sizes=\"auto, (max-width: 1000px) 100vw, 1000px\" \/><\/a><figcaption id=\"caption-attachment-8984\" class=\"wp-caption-text\">Pasa tu verano con lecturas ciclistas. \u00a9 Profimedia<\/figcaption><\/figure>\n<h2><strong><br \/>\nPodcasts<\/strong><\/h2>\n<p>Y si prefieres escuchar ciclismo, tenemos estos podcast:<\/p>\n<h4>Como ser superhombre<\/h4>\n<p>Historias extraordinarias de ciclistas y otros atletas extremos de todo el mundo, <a href=\"https:\/\/www.redbull.com\/int-en\/podcast-shows\/red-bull-how-to-be-superhuman-podcast\">How To Be Superhuman<\/a> hace honor a su atrevido t\u00edtulo. Aqu\u00ed encontrar\u00e1s un atractivo programa de estilo entrevista centrado en atletas con una cosa en com\u00fan: el deseo de superar los l\u00edmites del cuerpo humano.<\/p>\n<h4>Pedalea o muere<\/h4>\n<p>Centrado en el bikepacking y el ciclismo de aventura, este programa parece una carta de amor al aire libre. Como tal, es bastante dif\u00edcil no inspirarse para ir a &#8220;montar tu maldita bicicleta&#8221; cuando escuchas las <a href=\"https:\/\/bikesordeath.com\/\">charlas de Patrick<\/a> con ciclistas entusiastas.<\/p>\n<h4>Cycling Fashion Week<\/h4>\n<p>Te encantar\u00e1 o lo odiar\u00e1s, pero este es el \u00fanico podcast del mundo dedicado a la moda ciclista. Los presentadores hacen un gran trabajo a caballo entre la <a href=\"https:\/\/cyclingfashionweek.com\/\">s\u00e1tira y el elitismo<\/a>, por lo que estar\u00e1s en buena compa\u00f1\u00eda si te gusta empollar sobre la moda ciclista.<\/p>\n<h4>El ciclista sincero<\/h4>\n<p><a href=\"https:\/\/outspokencyclist.com\/\">The Outspoken Cyclist,<\/a> un podcast con mucho coraz\u00f3n, est\u00e1 presentado por Diane Jenks, propietaria de una tienda de bicicletas e instructora de yoga con m\u00e1s de 35 a\u00f1os de experiencia en el sector. Los episodios de cada semana incluyen entrevistas con figuras notables del ciclismo, noticias sobre la bicicleta y charlas.<\/p>\n<h4>I RIDE A BIKE<\/h4>\n<p><a href=\"https:\/\/www.irideabike.com\/\">Un podcast divertido y estimulante<\/a> para cualquiera que haya encontrado la alegr\u00eda en una bicicleta. Este podcast presenta entrevistas desenfadadas con compa\u00f1eros ciclistas que comparten sus an\u00e9cdotas, cuentos y percances. Sea cual sea el invitado, seguro que escuchas muchas cosas sobre por qu\u00e9 les gusta montar en bici.<\/p>\n","protected":false},"excerpt":{"rendered":"<p>No hay nada como pedalear hasta un sereno mirador o un claro del bosque para relajarse con un buen libro [&hellip;]<\/p>\n","protected":false},"author":29,"featured_media":8986,"comment_status":"open","ping_status":"open","sticky":false,"template":"","format":"standard","meta":{"footnotes":""},"categories":[7,9],"tags":[234,2179],"global-categories":[],"class_list":["post-8983","post","type-post","status-publish","format-standard","has-post-thumbnail","hentry","category-carretera","category-mtb-aventura","tag-libros-ciclistas","tag-podcast-ciclismo"],"yoast_head":"<!-- This site is optimized with the Yoast SEO Premium plugin v25.3 (Yoast SEO v25.9) - https:\/\/yoast.com\/wordpress\/plugins\/seo\/ -->\n<title>Libros y podcast ciclistas para este verano - We Love Cycling<\/title>\n<meta name=\"description\" content=\"Libros y podcast ciclistas ciclista para este verano. Una selecci\u00f3n de libros y podcast sobre ciclismo diferentes y poco conocidos.\" \/>\n<meta name=\"robots\" content=\"index, follow, max-snippet:-1, max-image-preview:large, max-video-preview:-1\" \/>\n<link rel=\"canonical\" href=\"https:\/\/www.welovecycling.com\/es\/2022\/06\/16\/libros-podcast-ciclistas\/\" \/>\n<meta property=\"og:locale\" content=\"es_ES\" \/>\n<meta property=\"og:type\" content=\"article\" \/>\n<meta property=\"og:title\" content=\"Libros y podcast ciclistas para este verano\" \/>\n<meta property=\"og:description\" content=\"Libros y podcast ciclistas ciclista para este verano. Una selecci\u00f3n de libros y podcast sobre ciclismo diferentes y poco conocidos.\" \/>\n<meta property=\"og:url\" content=\"https:\/\/www.welovecycling.com\/es\/2022\/06\/16\/libros-podcast-ciclistas\/\" \/>\n<meta property=\"og:site_name\" content=\"\u0160koda We Love Cycling - Spain\" \/>\n<meta property=\"article:published_time\" content=\"2022-06-16T10:54:40+00:00\" \/>\n<meta property=\"og:image\" content=\"https:\/\/d2p6e6u75xmxt8.cloudfront.net\/6\/2022\/06\/Summer-books-profimedia-0699283327-CVR.jpg\" \/>\n\t<meta property=\"og:image:width\" content=\"990\" \/>\n\t<meta property=\"og:image:height\" content=\"660\" \/>\n\t<meta property=\"og:image:type\" content=\"image\/jpeg\" \/>\n<meta name=\"author\" content=\"We Love Cycling Spain\" \/>\n<meta name=\"twitter:card\" content=\"summary_large_image\" \/>\n<meta name=\"twitter:title\" content=\"Libros y podcast ciclistas ciclista para este verano\" \/>\n<meta name=\"twitter:description\" content=\"Libros y podcast ciclistas ciclista para este verano. Una selecci\u00f3n de libros y podcast sobre ciclismo diferentes y poco conocidos.\" \/>\n<meta name=\"twitter:label1\" content=\"Written by\" \/>\n\t<meta name=\"twitter:data1\" content=\"Megan Flottorp\" \/>\n\t<meta name=\"twitter:label2\" content=\"Est. reading time\" \/>\n\t<meta name=\"twitter:data2\" content=\"6\" \/>\n<script type=\"application\/ld+json\" class=\"yoast-schema-graph\">{\"@context\":\"https:\/\/schema.org\",\"@graph\":[{\"@type\":\"WebPage\",\"@id\":\"https:\/\/www.welovecycling.com\/es\/2022\/06\/16\/libros-podcast-ciclistas\/\",\"url\":\"https:\/\/www.welovecycling.com\/es\/2022\/06\/16\/libros-podcast-ciclistas\/\",\"name\":\"Libros y podcast ciclistas para este verano - We Love Cycling\",\"isPartOf\":{\"@id\":\"https:\/\/www.welovecycling.com\/es\/#website\"},\"primaryImageOfPage\":{\"@id\":\"https:\/\/www.welovecycling.com\/es\/2022\/06\/16\/libros-podcast-ciclistas\/#primaryimage\"},\"image\":{\"@id\":\"https:\/\/www.welovecycling.com\/es\/2022\/06\/16\/libros-podcast-ciclistas\/#primaryimage\"},\"thumbnailUrl\":\"https:\/\/d2p6e6u75xmxt8.cloudfront.net\/6\/2022\/06\/Summer-books-profimedia-0699283327-CVR.jpg\",\"datePublished\":\"2022-06-16T10:54:40+00:00\",\"author\":{\"@id\":\"https:\/\/www.welovecycling.com\/es\/#\/schema\/person\/deb61715b5812698ee79fb96f343ccd4\"},\"description\":\"Libros y podcast ciclistas ciclista para este verano. Una selecci\u00f3n de libros y podcast sobre ciclismo diferentes y poco conocidos.\",\"breadcrumb\":{\"@id\":\"https:\/\/www.welovecycling.com\/es\/2022\/06\/16\/libros-podcast-ciclistas\/#breadcrumb\"},\"inLanguage\":\"es-ES\",\"potentialAction\":[{\"@type\":\"ReadAction\",\"target\":[\"https:\/\/www.welovecycling.com\/es\/2022\/06\/16\/libros-podcast-ciclistas\/\"]}]},{\"@type\":\"ImageObject\",\"inLanguage\":\"es-ES\",\"@id\":\"https:\/\/www.welovecycling.com\/es\/2022\/06\/16\/libros-podcast-ciclistas\/#primaryimage\",\"url\":\"https:\/\/d2p6e6u75xmxt8.cloudfront.net\/6\/2022\/06\/Summer-books-profimedia-0699283327-CVR.jpg\",\"contentUrl\":\"https:\/\/d2p6e6u75xmxt8.cloudfront.net\/6\/2022\/06\/Summer-books-profimedia-0699283327-CVR.jpg\",\"width\":990,\"height\":660,\"caption\":\"Summer books\"},{\"@type\":\"BreadcrumbList\",\"@id\":\"https:\/\/www.welovecycling.com\/es\/2022\/06\/16\/libros-podcast-ciclistas\/#breadcrumb\",\"itemListElement\":[{\"@type\":\"ListItem\",\"position\":1,\"name\":\"Home\",\"item\":\"https:\/\/www.welovecycling.com\/es\/\"},{\"@type\":\"ListItem\",\"position\":2,\"name\":\"Libros y podcast ciclistas para este verano\"}]},{\"@type\":\"WebSite\",\"@id\":\"https:\/\/www.welovecycling.com\/es\/#website\",\"url\":\"https:\/\/www.welovecycling.com\/es\/\",\"name\":\"\u0160koda We Love Cycling - Spain\",\"description\":\"\u0160koda WeLoveCycling Spain\",\"potentialAction\":[{\"@type\":\"SearchAction\",\"target\":{\"@type\":\"EntryPoint\",\"urlTemplate\":\"https:\/\/www.welovecycling.com\/es\/?s={search_term_string}\"},\"query-input\":{\"@type\":\"PropertyValueSpecification\",\"valueRequired\":true,\"valueName\":\"search_term_string\"}}],\"inLanguage\":\"es-ES\"},{\"@type\":\"Person\",\"@id\":\"https:\/\/www.welovecycling.com\/es\/#\/schema\/person\/deb61715b5812698ee79fb96f343ccd4\",\"name\":\"We Love Cycling Spain\",\"image\":{\"@type\":\"ImageObject\",\"inLanguage\":\"es-ES\",\"@id\":\"https:\/\/www.welovecycling.com\/es\/#\/schema\/person\/image\/\",\"url\":\"https:\/\/secure.gravatar.com\/avatar\/c824b04e6df0e37a03219d0b6481672889df542894588964102459e46513159c?s=96&d=mm&r=g\",\"contentUrl\":\"https:\/\/secure.gravatar.com\/avatar\/c824b04e6df0e37a03219d0b6481672889df542894588964102459e46513159c?s=96&d=mm&r=g\",\"caption\":\"We Love Cycling Spain\"},\"url\":\"https:\/\/www.welovecycling.com\/es\/author\/amunoz\/\"}]}<\/script>\n<!-- \/ Yoast SEO Premium plugin. -->","yoast_head_json":{"title":"Libros y podcast ciclistas para este verano - We Love Cycling","description":"Libros y podcast ciclistas ciclista para este verano. Una selecci\u00f3n de libros y podcast sobre ciclismo diferentes y poco conocidos.","robots":{"index":"index","follow":"follow","max-snippet":"max-snippet:-1","max-image-preview":"max-image-preview:large","max-video-preview":"max-video-preview:-1"},"canonical":"https:\/\/www.welovecycling.com\/es\/2022\/06\/16\/libros-podcast-ciclistas\/","og_locale":"es_ES","og_type":"article","og_title":"Libros y podcast ciclistas para este verano","og_description":"Libros y podcast ciclistas ciclista para este verano. Una selecci\u00f3n de libros y podcast sobre ciclismo diferentes y poco conocidos.","og_url":"https:\/\/www.welovecycling.com\/es\/2022\/06\/16\/libros-podcast-ciclistas\/","og_site_name":"\u0160koda We Love Cycling - Spain","article_published_time":"2022-06-16T10:54:40+00:00","og_image":[{"width":990,"height":660,"url":"https:\/\/d2p6e6u75xmxt8.cloudfront.net\/6\/2022\/06\/Summer-books-profimedia-0699283327-CVR.jpg","type":"image\/jpeg"}],"author":"We Love Cycling Spain","twitter_card":"summary_large_image","twitter_title":"Libros y podcast ciclistas ciclista para este verano","twitter_description":"Libros y podcast ciclistas ciclista para este verano. Una selecci\u00f3n de libros y podcast sobre ciclismo diferentes y poco conocidos.","twitter_misc":{"Written by":"Megan Flottorp","Est. reading time":"6"},"schema":{"@context":"https:\/\/schema.org","@graph":[{"@type":"WebPage","@id":"https:\/\/www.welovecycling.com\/es\/2022\/06\/16\/libros-podcast-ciclistas\/","url":"https:\/\/www.welovecycling.com\/es\/2022\/06\/16\/libros-podcast-ciclistas\/","name":"Libros y podcast ciclistas para este verano - We Love Cycling","isPartOf":{"@id":"https:\/\/www.welovecycling.com\/es\/#website"},"primaryImageOfPage":{"@id":"https:\/\/www.welovecycling.com\/es\/2022\/06\/16\/libros-podcast-ciclistas\/#primaryimage"},"image":{"@id":"https:\/\/www.welovecycling.com\/es\/2022\/06\/16\/libros-podcast-ciclistas\/#primaryimage"},"thumbnailUrl":"https:\/\/d2p6e6u75xmxt8.cloudfront.net\/6\/2022\/06\/Summer-books-profimedia-0699283327-CVR.jpg","datePublished":"2022-06-16T10:54:40+00:00","author":{"@id":"https:\/\/www.welovecycling.com\/es\/#\/schema\/person\/deb61715b5812698ee79fb96f343ccd4"},"description":"Libros y podcast ciclistas ciclista para este verano. Una selecci\u00f3n de libros y podcast sobre ciclismo diferentes y poco conocidos.","breadcrumb":{"@id":"https:\/\/www.welovecycling.com\/es\/2022\/06\/16\/libros-podcast-ciclistas\/#breadcrumb"},"inLanguage":"es-ES","potentialAction":[{"@type":"ReadAction","target":["https:\/\/www.welovecycling.com\/es\/2022\/06\/16\/libros-podcast-ciclistas\/"]}]},{"@type":"ImageObject","inLanguage":"es-ES","@id":"https:\/\/www.welovecycling.com\/es\/2022\/06\/16\/libros-podcast-ciclistas\/#primaryimage","url":"https:\/\/d2p6e6u75xmxt8.cloudfront.net\/6\/2022\/06\/Summer-books-profimedia-0699283327-CVR.jpg","contentUrl":"https:\/\/d2p6e6u75xmxt8.cloudfront.net\/6\/2022\/06\/Summer-books-profimedia-0699283327-CVR.jpg","width":990,"height":660,"caption":"Summer books"},{"@type":"BreadcrumbList","@id":"https:\/\/www.welovecycling.com\/es\/2022\/06\/16\/libros-podcast-ciclistas\/#breadcrumb","itemListElement":[{"@type":"ListItem","position":1,"name":"Home","item":"https:\/\/www.welovecycling.com\/es\/"},{"@type":"ListItem","position":2,"name":"Libros y podcast ciclistas para este verano"}]},{"@type":"WebSite","@id":"https:\/\/www.welovecycling.com\/es\/#website","url":"https:\/\/www.welovecycling.com\/es\/","name":"\u0160koda We Love Cycling - Spain","description":"\u0160koda WeLoveCycling Spain","potentialAction":[{"@type":"SearchAction","target":{"@type":"EntryPoint","urlTemplate":"https:\/\/www.welovecycling.com\/es\/?s={search_term_string}"},"query-input":{"@type":"PropertyValueSpecification","valueRequired":true,"valueName":"search_term_string"}}],"inLanguage":"es-ES"},{"@type":"Person","@id":"https:\/\/www.welovecycling.com\/es\/#\/schema\/person\/deb61715b5812698ee79fb96f343ccd4","name":"We Love Cycling Spain","image":{"@type":"ImageObject","inLanguage":"es-ES","@id":"https:\/\/www.welovecycling.com\/es\/#\/schema\/person\/image\/","url":"https:\/\/secure.gravatar.com\/avatar\/c824b04e6df0e37a03219d0b6481672889df542894588964102459e46513159c?s=96&d=mm&r=g","contentUrl":"https:\/\/secure.gravatar.com\/avatar\/c824b04e6df0e37a03219d0b6481672889df542894588964102459e46513159c?s=96&d=mm&r=g","caption":"We Love Cycling Spain"},"url":"https:\/\/www.welovecycling.com\/es\/author\/amunoz\/"}]}},"_links":{"self":[{"href":"https:\/\/www.welovecycling.com\/es\/wp-json\/wp\/v2\/posts\/8983","targetHints":{"allow":["GET"]}}],"collection":[{"href":"https:\/\/www.welovecycling.com\/es\/wp-json\/wp\/v2\/posts"}],"about":[{"href":"https:\/\/www.welovecycling.com\/es\/wp-json\/wp\/v2\/types\/post"}],"author":[{"embeddable":true,"href":"https:\/\/www.welovecycling.com\/es\/wp-json\/wp\/v2\/users\/29"}],"replies":[{"embeddable":true,"href":"https:\/\/www.welovecycling.com\/es\/wp-json\/wp\/v2\/comments?post=8983"}],"version-history":[{"count":2,"href":"https:\/\/www.welovecycling.com\/es\/wp-json\/wp\/v2\/posts\/8983\/revisions"}],"predecessor-version":[{"id":8987,"href":"https:\/\/www.welovecycling.com\/es\/wp-json\/wp\/v2\/posts\/8983\/revisions\/8987"}],"wp:featuredmedia":[{"embeddable":true,"href":"https:\/\/www.welovecycling.com\/es\/wp-json\/wp\/v2\/media\/8986"}],"wp:attachment":[{"href":"https:\/\/www.welovecycling.com\/es\/wp-json\/wp\/v2\/media?parent=8983"}],"wp:term":[{"taxonomy":"category","embeddable":true,"href":"https:\/\/www.welovecycling.com\/es\/wp-json\/wp\/v2\/categories?post=8983"},{"taxonomy":"post_tag","embeddable":true,"href":"https:\/\/www.welovecycling.com\/es\/wp-json\/wp\/v2\/tags?post=8983"},{"taxonomy":"global-categories","embeddable":true,"href":"https:\/\/www.welovecycling.com\/es\/wp-json\/wp\/v2\/global-categories?post=8983"}],"curies":[{"name":"wp","href":"https:\/\/api.w.org\/{rel}","templated":true}]}}