{"id":8980,"date":"2022-06-12T19:16:44","date_gmt":"2022-06-12T17:16:44","guid":{"rendered":"https:\/\/www.welovecycling.com\/es\/?p=8980"},"modified":"2022-06-12T19:18:03","modified_gmt":"2022-06-12T17:18:03","slug":"dauphine","status":"publish","type":"post","link":"https:\/\/www.welovecycling.com\/es\/2022\/06\/12\/dauphine\/","title":{"rendered":"Al ritmo de Jumbo Visma &#8211; Dauphine 2022"},"content":{"rendered":"<p><strong>Van Aert, Vingegaard y Primoz Roglic. Con estos tres ciclistas del Jumbo Visma podemos resumir todo el Criterium Dauphine 2022. Tres actores principales del mismo equipo para ocho d\u00edas de competici\u00f3n. El resto, secundarios con m\u00e1s o menos apariciones en escena, pero sin una relevancia real en la lucha por el triunfo final.<br \/>\n<\/strong><\/p>\n<p><!--more--><\/p>\n<p>El bloque del Jumbo Visma domin\u00f3 a su antojo una carrera que sol\u00eda ser el escenario de batalla previo al Tour de Francia. Es cierto que en los \u00faltimos a\u00f1os se ha difuminado su relevancia, pero lo que pasa en Dauphin\u00e9 puede darnos una idea aproximada de c\u00f3mo ira el Tour. Es cierto que <strong>no estaba <a href=\"https:\/\/www.welovecycling.com\/es\/2022\/01\/28\/tadej-pogacar\/\">Pogacar<\/a><\/strong>, pero el bloque del <strong>UAE<\/strong> se resinti\u00f3 demasiado cuando dej\u00f3 la carrera Ayuso (que no tiene en los planes ir al Tour), tampoco Daniel Felipe Mart\u00ednez ni Adam Yates, los l\u00edderes del <strong>INEOS<\/strong> en la Gran Depart de Copenhagen, pero Tao no fue rival.<\/p>\n<h2><strong>Van Aert se basta<\/strong><\/h2>\n<p>En cambio, la maquinaria holandesa no tuvo ninguna fisura. Las seis primeras etapas, sin alta monta\u00f1a, se pueden resumir con un todo alrededor de <strong>Van Aert<\/strong>. El primer d\u00eda ech\u00f3 mano de Bennot para cerrar el hueco y de Laporte para que le lanzase y ganar el sprint. En la segunda etapa se les escap\u00f3 la fuga por cinco segundos, aunque Van Aert gan\u00f3 el sprint del grupo, y <strong>Vuillermoz<\/strong> se llev\u00f3 la victoria. El tercer d\u00eda el belga levant\u00f3 antes de los brazos y se le colo por la derecha <strong>Gaudu<\/strong>.<\/p>\n<p><img loading=\"lazy\" decoding=\"async\" class=\"alignnone size-extra-large\" src=\"https:\/\/img.aso.fr\/core_app\/img-cycling-cdd-jpg\/arrivee\/7091\/0:0,1200:800-1000-0-70\/cc8e2\" width=\"1000\" height=\"667\" \/><\/p>\n<p>La contrarreloj de Dauphine, llana y larga para los tiempos que corren ahora (32 kil\u00f3metros) se la llev\u00f3 <strong>Ganna<\/strong>, pero Van Aert fue segundo, Roglic quinto, Vingegaard s\u00e9ptimo y el resto de los favoritos para la general, Caruso fue el mejor, a m\u00e1s de 30 segundos del esloveno.\u00a0 El quinto d\u00eda sprint&#8230; as\u00ed que victoria de<strong> Van Aert<\/strong>, y para el sexto, con final en Gap dejaron que llegase la fuga y la noticia m\u00e1s relevante fue la exclusi\u00f3n de Molano por golpear a Hugo Hole.<\/p>\n<p>As\u00ed que quedaba el fin de semana de alta monta\u00f1a para comprobar si lo que hab\u00eda mostrado el Jumbo Visma en los d\u00edas previos era un espejismo o una realidad, si algunos de los te\u00f3ricos favoritos, M\u00e1s, Gaudu, <strong>O&#8217;Connor,<\/strong> Chaves, Tao&#8230; estaba al nivel de los ciclistas del equipo holand\u00e9s.\u00a0Y, sobre todo, si Van Aert iba a tratar de aguantar en cabeza o se dedicaba solo a ser gregario.<\/p>\n<blockquote class=\"twitter-tweet\">\n<p dir=\"ltr\" lang=\"fr\">\ud83c\udfd4 Deux cols hors cat\u00e9gorie, 18 coureurs \u00e0 l\u2019avant et la premi\u00e8re explication entre les favoris. \ud83e\udd75<br \/>\n\ud83c\udfa5 R\u00e9sum\u00e9 de la 7\u00e8me \u00e9tape du <a href=\"https:\/\/twitter.com\/hashtag\/Dauphin%C3%A9?src=hash&amp;ref_src=twsrc%5Etfw\">#Dauphin\u00e9<\/a> <a href=\"https:\/\/t.co\/91kImPdKH4\">pic.twitter.com\/91kImPdKH4<\/a><\/p>\n<p>\u2014 Crit\u00e9rium du Dauphin\u00e9 (@dauphine) <a href=\"https:\/\/twitter.com\/dauphine\/status\/1535673560173268994?ref_src=twsrc%5Etfw\">June 11, 2022<\/a><\/p><\/blockquote>\n<p><script async src=\"https:\/\/platform.twitter.com\/widgets.js\" charset=\"utf-8\"><\/script><\/p>\n<h2><strong>Vingegaard y Roglic para la alta monta\u00f1a<\/strong><\/h2>\n<p>Las dudas se empezaron a disipar el s\u00e1bado. Etapa con <strong>Galibier por Lautaret, Croix de Fer y final en Vaujany<\/strong>. Solo 140 kil\u00f3metros pero muy similar a la que ser\u00e1 la <a href=\"https:\/\/ciclored.com\/etapa-reina-tour-2022\/\">etapa reina del Tour 2022<\/a>, el \u00fanico cambio es el \u00faltimo puerto, que en julio ser\u00e1 Alpe d&#8217;Huez. Volvi\u00f3 a ser un monol\u00f3go del Jumbo Visma. Dej\u00f3 margen a una escapada de una docena de hombres, de la que solo sobrevivi\u00f3 Carlos Verona, pero solo le sobraron un pu\u00f1ado de segundos con respecto a Roglic.<\/p>\n<p>El resto fue controlar. Ver como Van Aert se descolgaba en Croix de Fer, a la vez de <strong>Enric Mas<\/strong>, dolorido tras la ca\u00edda de dos antes. Y acelerar el ritmo en la rampas m\u00e1s duras de Vaujany (hay un kil\u00f3metro al 12%) para que Vingegaard rompiese la carrera y Roglic rematase. El esloveno fue segundo tras Verona y el dan\u00e9s tercero. Solo estuvo cerca O&#8217;Connor, cuarto el pasado Tour. Apareci\u00f3 el noruego Johannensen, tambi\u00e9n Chaves y Gaudu. M\u00e1s lejos Tao. Y m\u00e1s a\u00fan <strong>Haig y Caruso, los hombres del Bahrein M\u00e9rida<\/strong>.<\/p>\n<p>La \u00faltima etapa de Dauphine llegaba a los alrededores del Mont Blanc por el Lago de Annecy. Tambi\u00e9n corta, 138 kil\u00f3metros, y con La Colombiere como antesala del<a href=\"https:\/\/www.criterium-du-dauphine.fr\/fr\/etape-8\"> Plateau de Salaison.<\/a> Un puerto final al que nunca ha llegado el Tour y que se sale de los c\u00e1nones alpinos. Corto, solo 11 kil\u00f3metros, pero con una media de casi el 10% y muchas rampas del 12 al 14%. Nadie intent\u00f3 asaltar la general antes de ah\u00ed. En parte porque el ritmo en Colombiere y en el falso llano antes del puerto final lo marc\u00f3 Van Aert. En las primeras rampas dio paso a Benoot, que adelgaz\u00f3 el grupo. El relevo de <strong>Kruijswijk<\/strong> atrap\u00f3 a la escapada de Hirt, Bennet y los Ineos, descolg\u00f3 a los sufridores Chaves y Haig y dej\u00f3 que a algo m\u00e1s de cinco kil\u00f3metros a meta arrancase Vingegaard para soltar a O&#8217;Connor, el \u00fanico que hab\u00eda sobrevivido al trabajo del tercer hombre en monta\u00f1a del Jumbo &#8211; Visma.<\/p>\n<blockquote class=\"twitter-tweet\">\n<p dir=\"ltr\" lang=\"nl\">\ud83c\udfc1 5km<\/p>\n<p>\u26a1\ufe0f \ud83c\udde9\ud83c\uddf0Jonas Vingegaard ! Seul \ud83c\uddf8\ud83c\uddee<a href=\"https:\/\/twitter.com\/rogla?ref_src=twsrc%5Etfw\">@rogla<\/a> peut le suivre.<\/p>\n<p>\u26a1\ufe0f \ud83c\udde9\ud83c\uddf0Jonas Vingegaard ! Only \ud83c\uddf8\ud83c\uddee<a href=\"https:\/\/twitter.com\/rogla?ref_src=twsrc%5Etfw\">@rogla<\/a> can follow.<a href=\"https:\/\/twitter.com\/hashtag\/Dauphin%C3%A9?src=hash&amp;ref_src=twsrc%5Etfw\">#Dauphin\u00e9<\/a> <a href=\"https:\/\/t.co\/MXfN6edO1m\">pic.twitter.com\/MXfN6edO1m<\/a><\/p>\n<p>\u2014 Crit\u00e9rium du Dauphin\u00e9 (@dauphine) <a href=\"https:\/\/twitter.com\/dauphine\/status\/1535997158859714561?ref_src=twsrc%5Etfw\">June 12, 2022<\/a><\/p><\/blockquote>\n<p><script async src=\"https:\/\/platform.twitter.com\/widgets.js\" charset=\"utf-8\"><\/script><\/p>\n<p>A partir de ah\u00ed. Cinco kil\u00f3metros de exhibici\u00f3n de <strong>Vingegaard,<\/strong> que hizo todo el trabajo y hasta tuvo que levantar el pie en el tramo final para no soltar a su l\u00edder. Lo mismo el Tour da hasta para un Froome-Wiggins en Peyresourde&#8230;<br \/>\nLas diferencias en meta no fueron exageradas, O&#8217;Connor a 15 segundos y el resto, Chaves, Caruso, Guerreiro, Haig y Meintjes (este a\u00f1o todos los Wanty andan) a unos 50 segundos.<\/p>\n<p>Eso s\u00ed, McNulty, el primer UAE a 1:45. Y Tao, el primero de los ciclistas del INEOS, a m\u00e1s de dos minutos. No ser\u00e1n los cabezas de cartel en el Tour, pero si hombres clave de sus equipos en la alta monta\u00f1a y acabaron demasiado lejos.<\/p>\n<p>Para Jumbo Visma el bot\u00edn de Dauphine no puede ser m\u00e1s exagerado. Tres etapas (Van Aert x 2 y Vingegaard), <strong>maillot verde \u0160koda<\/strong> (Van Aert), <a href=\"https:\/\/www.criterium-du-dauphine.fr\/fr\/classements\">Maillot amarillo<\/a> (Roglic), segundo puesto de la general (Vingegaard) e innumerables segundos puestos en las ocho etapas del Criterium.<\/p>\n<p><img loading=\"lazy\" decoding=\"async\" class=\"alignnone size-extra-large\" src=\"https:\/\/img.aso.fr\/core_app\/img-cycling-cdd-jpg\/podium-vert\/7608\/0:0,1200:800-1000-0-70\/01742\" width=\"1000\" height=\"667\" \/><\/p>\n","protected":false},"excerpt":{"rendered":"<p>Van Aert, Vingegaard y Primoz Roglic. Con estos tres ciclistas del Jumbo Visma podemos resumir todo el Criterium Dauphine 2022. [&hellip;]<\/p>\n","protected":false},"author":29,"featured_media":8982,"comment_status":"open","ping_status":"open","sticky":false,"template":"","format":"standard","meta":{"footnotes":""},"categories":[7],"tags":[2178,2177,1108],"global-categories":[1164],"class_list":["post-8980","post","type-post","status-publish","format-standard","has-post-thumbnail","hentry","category-carretera","tag-dauphine","tag-tour-2022","tag-tour-francia","global-categories-cycling"],"yoast_head":"<!-- This site is optimized with the Yoast SEO Premium plugin v25.3 (Yoast SEO v25.9) - https:\/\/yoast.com\/wordpress\/plugins\/seo\/ -->\n<title>Al ritmo de Jumbo Visma - Dauphine 2022 - \u0160koda We Love Cycling - Spain<\/title>\n<meta name=\"description\" content=\"Exhibici\u00f3n del Jumbo Visma en Dauphine 2022. Roglic y Vingegaard sin rivales en la alta monta\u00f1a y Van Aert en los sprints.\" \/>\n<meta name=\"robots\" content=\"index, follow, max-snippet:-1, max-image-preview:large, max-video-preview:-1\" \/>\n<link rel=\"canonical\" href=\"https:\/\/www.welovecycling.com\/es\/2022\/06\/12\/dauphine\/\" \/>\n<meta property=\"og:locale\" content=\"es_ES\" \/>\n<meta property=\"og:type\" content=\"article\" \/>\n<meta property=\"og:title\" content=\"Exhibici\u00f3n del Jumbo Visma en Dauphine 2022\" \/>\n<meta property=\"og:description\" content=\"Exhibici\u00f3n del Jumbo Visma en Dauphine 2022. Roglic y Vingegaard sin rivales en la alta monta\u00f1a y Van Aert en los sprints.\" \/>\n<meta property=\"og:url\" content=\"https:\/\/www.welovecycling.com\/es\/2022\/06\/12\/dauphine\/\" \/>\n<meta property=\"og:site_name\" content=\"\u0160koda We Love Cycling - Spain\" \/>\n<meta property=\"article:published_time\" content=\"2022-06-12T17:16:44+00:00\" \/>\n<meta property=\"article:modified_time\" content=\"2022-06-12T17:18:03+00:00\" \/>\n<meta property=\"og:image\" content=\"https:\/\/d2p6e6u75xmxt8.cloudfront.net\/6\/2022\/06\/roglic_vingegaard.jpg\" \/>\n\t<meta property=\"og:image:width\" content=\"1000\" \/>\n\t<meta property=\"og:image:height\" content=\"667\" \/>\n\t<meta property=\"og:image:type\" content=\"image\/jpeg\" \/>\n<meta name=\"author\" content=\"We Love Cycling Spain\" \/>\n<meta name=\"twitter:card\" content=\"summary_large_image\" \/>\n<meta name=\"twitter:title\" content=\"Exhibici\u00f3n del Jumbo Visma en Dauphine 2022\" \/>\n<meta name=\"twitter:description\" content=\"Exhibici\u00f3n del Jumbo Visma en Dauphine 2022. Roglic y Vingegaard sin rivales en la alta monta\u00f1a y Van Aert en los sprints.\" \/>\n<meta name=\"twitter:label1\" content=\"Written by\" \/>\n\t<meta name=\"twitter:data1\" content=\"Luis Ortega @Ciclored\" \/>\n\t<meta name=\"twitter:label2\" content=\"Est. reading time\" \/>\n\t<meta name=\"twitter:data2\" content=\"5 minutes\" \/>\n<script type=\"application\/ld+json\" class=\"yoast-schema-graph\">{\"@context\":\"https:\/\/schema.org\",\"@graph\":[{\"@type\":\"WebPage\",\"@id\":\"https:\/\/www.welovecycling.com\/es\/2022\/06\/12\/dauphine\/\",\"url\":\"https:\/\/www.welovecycling.com\/es\/2022\/06\/12\/dauphine\/\",\"name\":\"Al ritmo de Jumbo Visma - Dauphine 2022 - \u0160koda We Love Cycling - Spain\",\"isPartOf\":{\"@id\":\"https:\/\/www.welovecycling.com\/es\/#website\"},\"primaryImageOfPage\":{\"@id\":\"https:\/\/www.welovecycling.com\/es\/2022\/06\/12\/dauphine\/#primaryimage\"},\"image\":{\"@id\":\"https:\/\/www.welovecycling.com\/es\/2022\/06\/12\/dauphine\/#primaryimage\"},\"thumbnailUrl\":\"https:\/\/d2p6e6u75xmxt8.cloudfront.net\/6\/2022\/06\/roglic_vingegaard.jpg\",\"datePublished\":\"2022-06-12T17:16:44+00:00\",\"dateModified\":\"2022-06-12T17:18:03+00:00\",\"author\":{\"@id\":\"https:\/\/www.welovecycling.com\/es\/#\/schema\/person\/deb61715b5812698ee79fb96f343ccd4\"},\"description\":\"Exhibici\u00f3n del Jumbo Visma en Dauphine 2022. Roglic y Vingegaard sin rivales en la alta monta\u00f1a y Van Aert en los sprints.\",\"breadcrumb\":{\"@id\":\"https:\/\/www.welovecycling.com\/es\/2022\/06\/12\/dauphine\/#breadcrumb\"},\"inLanguage\":\"es-ES\",\"potentialAction\":[{\"@type\":\"ReadAction\",\"target\":[\"https:\/\/www.welovecycling.com\/es\/2022\/06\/12\/dauphine\/\"]}]},{\"@type\":\"ImageObject\",\"inLanguage\":\"es-ES\",\"@id\":\"https:\/\/www.welovecycling.com\/es\/2022\/06\/12\/dauphine\/#primaryimage\",\"url\":\"https:\/\/d2p6e6u75xmxt8.cloudfront.net\/6\/2022\/06\/roglic_vingegaard.jpg\",\"contentUrl\":\"https:\/\/d2p6e6u75xmxt8.cloudfront.net\/6\/2022\/06\/roglic_vingegaard.jpg\",\"width\":1000,\"height\":667},{\"@type\":\"BreadcrumbList\",\"@id\":\"https:\/\/www.welovecycling.com\/es\/2022\/06\/12\/dauphine\/#breadcrumb\",\"itemListElement\":[{\"@type\":\"ListItem\",\"position\":1,\"name\":\"Home\",\"item\":\"https:\/\/www.welovecycling.com\/es\/\"},{\"@type\":\"ListItem\",\"position\":2,\"name\":\"Al ritmo de Jumbo Visma &#8211; Dauphine 2022\"}]},{\"@type\":\"WebSite\",\"@id\":\"https:\/\/www.welovecycling.com\/es\/#website\",\"url\":\"https:\/\/www.welovecycling.com\/es\/\",\"name\":\"\u0160koda We Love Cycling - Spain\",\"description\":\"\u0160koda WeLoveCycling Spain\",\"potentialAction\":[{\"@type\":\"SearchAction\",\"target\":{\"@type\":\"EntryPoint\",\"urlTemplate\":\"https:\/\/www.welovecycling.com\/es\/?s={search_term_string}\"},\"query-input\":{\"@type\":\"PropertyValueSpecification\",\"valueRequired\":true,\"valueName\":\"search_term_string\"}}],\"inLanguage\":\"es-ES\"},{\"@type\":\"Person\",\"@id\":\"https:\/\/www.welovecycling.com\/es\/#\/schema\/person\/deb61715b5812698ee79fb96f343ccd4\",\"name\":\"We Love Cycling Spain\",\"image\":{\"@type\":\"ImageObject\",\"inLanguage\":\"es-ES\",\"@id\":\"https:\/\/www.welovecycling.com\/es\/#\/schema\/person\/image\/\",\"url\":\"https:\/\/secure.gravatar.com\/avatar\/c824b04e6df0e37a03219d0b6481672889df542894588964102459e46513159c?s=96&d=mm&r=g\",\"contentUrl\":\"https:\/\/secure.gravatar.com\/avatar\/c824b04e6df0e37a03219d0b6481672889df542894588964102459e46513159c?s=96&d=mm&r=g\",\"caption\":\"We Love Cycling Spain\"},\"url\":\"https:\/\/www.welovecycling.com\/es\/author\/amunoz\/\"}]}<\/script>\n<!-- \/ Yoast SEO Premium plugin. -->","yoast_head_json":{"title":"Al ritmo de Jumbo Visma - Dauphine 2022 - \u0160koda We Love Cycling - Spain","description":"Exhibici\u00f3n del Jumbo Visma en Dauphine 2022. Roglic y Vingegaard sin rivales en la alta monta\u00f1a y Van Aert en los sprints.","robots":{"index":"index","follow":"follow","max-snippet":"max-snippet:-1","max-image-preview":"max-image-preview:large","max-video-preview":"max-video-preview:-1"},"canonical":"https:\/\/www.welovecycling.com\/es\/2022\/06\/12\/dauphine\/","og_locale":"es_ES","og_type":"article","og_title":"Exhibici\u00f3n del Jumbo Visma en Dauphine 2022","og_description":"Exhibici\u00f3n del Jumbo Visma en Dauphine 2022. Roglic y Vingegaard sin rivales en la alta monta\u00f1a y Van Aert en los sprints.","og_url":"https:\/\/www.welovecycling.com\/es\/2022\/06\/12\/dauphine\/","og_site_name":"\u0160koda We Love Cycling - Spain","article_published_time":"2022-06-12T17:16:44+00:00","article_modified_time":"2022-06-12T17:18:03+00:00","og_image":[{"width":1000,"height":667,"url":"https:\/\/d2p6e6u75xmxt8.cloudfront.net\/6\/2022\/06\/roglic_vingegaard.jpg","type":"image\/jpeg"}],"author":"We Love Cycling Spain","twitter_card":"summary_large_image","twitter_title":"Exhibici\u00f3n del Jumbo Visma en Dauphine 2022","twitter_description":"Exhibici\u00f3n del Jumbo Visma en Dauphine 2022. Roglic y Vingegaard sin rivales en la alta monta\u00f1a y Van Aert en los sprints.","twitter_misc":{"Written by":"Luis Ortega @Ciclored","Est. reading time":"5 minutes"},"schema":{"@context":"https:\/\/schema.org","@graph":[{"@type":"WebPage","@id":"https:\/\/www.welovecycling.com\/es\/2022\/06\/12\/dauphine\/","url":"https:\/\/www.welovecycling.com\/es\/2022\/06\/12\/dauphine\/","name":"Al ritmo de Jumbo Visma - Dauphine 2022 - \u0160koda We Love Cycling - Spain","isPartOf":{"@id":"https:\/\/www.welovecycling.com\/es\/#website"},"primaryImageOfPage":{"@id":"https:\/\/www.welovecycling.com\/es\/2022\/06\/12\/dauphine\/#primaryimage"},"image":{"@id":"https:\/\/www.welovecycling.com\/es\/2022\/06\/12\/dauphine\/#primaryimage"},"thumbnailUrl":"https:\/\/d2p6e6u75xmxt8.cloudfront.net\/6\/2022\/06\/roglic_vingegaard.jpg","datePublished":"2022-06-12T17:16:44+00:00","dateModified":"2022-06-12T17:18:03+00:00","author":{"@id":"https:\/\/www.welovecycling.com\/es\/#\/schema\/person\/deb61715b5812698ee79fb96f343ccd4"},"description":"Exhibici\u00f3n del Jumbo Visma en Dauphine 2022. Roglic y Vingegaard sin rivales en la alta monta\u00f1a y Van Aert en los sprints.","breadcrumb":{"@id":"https:\/\/www.welovecycling.com\/es\/2022\/06\/12\/dauphine\/#breadcrumb"},"inLanguage":"es-ES","potentialAction":[{"@type":"ReadAction","target":["https:\/\/www.welovecycling.com\/es\/2022\/06\/12\/dauphine\/"]}]},{"@type":"ImageObject","inLanguage":"es-ES","@id":"https:\/\/www.welovecycling.com\/es\/2022\/06\/12\/dauphine\/#primaryimage","url":"https:\/\/d2p6e6u75xmxt8.cloudfront.net\/6\/2022\/06\/roglic_vingegaard.jpg","contentUrl":"https:\/\/d2p6e6u75xmxt8.cloudfront.net\/6\/2022\/06\/roglic_vingegaard.jpg","width":1000,"height":667},{"@type":"BreadcrumbList","@id":"https:\/\/www.welovecycling.com\/es\/2022\/06\/12\/dauphine\/#breadcrumb","itemListElement":[{"@type":"ListItem","position":1,"name":"Home","item":"https:\/\/www.welovecycling.com\/es\/"},{"@type":"ListItem","position":2,"name":"Al ritmo de Jumbo Visma &#8211; Dauphine 2022"}]},{"@type":"WebSite","@id":"https:\/\/www.welovecycling.com\/es\/#website","url":"https:\/\/www.welovecycling.com\/es\/","name":"\u0160koda We Love Cycling - Spain","description":"\u0160koda WeLoveCycling Spain","potentialAction":[{"@type":"SearchAction","target":{"@type":"EntryPoint","urlTemplate":"https:\/\/www.welovecycling.com\/es\/?s={search_term_string}"},"query-input":{"@type":"PropertyValueSpecification","valueRequired":true,"valueName":"search_term_string"}}],"inLanguage":"es-ES"},{"@type":"Person","@id":"https:\/\/www.welovecycling.com\/es\/#\/schema\/person\/deb61715b5812698ee79fb96f343ccd4","name":"We Love Cycling Spain","image":{"@type":"ImageObject","inLanguage":"es-ES","@id":"https:\/\/www.welovecycling.com\/es\/#\/schema\/person\/image\/","url":"https:\/\/secure.gravatar.com\/avatar\/c824b04e6df0e37a03219d0b6481672889df542894588964102459e46513159c?s=96&d=mm&r=g","contentUrl":"https:\/\/secure.gravatar.com\/avatar\/c824b04e6df0e37a03219d0b6481672889df542894588964102459e46513159c?s=96&d=mm&r=g","caption":"We Love Cycling Spain"},"url":"https:\/\/www.welovecycling.com\/es\/author\/amunoz\/"}]}},"_links":{"self":[{"href":"https:\/\/www.welovecycling.com\/es\/wp-json\/wp\/v2\/posts\/8980","targetHints":{"allow":["GET"]}}],"collection":[{"href":"https:\/\/www.welovecycling.com\/es\/wp-json\/wp\/v2\/posts"}],"about":[{"href":"https:\/\/www.welovecycling.com\/es\/wp-json\/wp\/v2\/types\/post"}],"author":[{"embeddable":true,"href":"https:\/\/www.welovecycling.com\/es\/wp-json\/wp\/v2\/users\/29"}],"replies":[{"embeddable":true,"href":"https:\/\/www.welovecycling.com\/es\/wp-json\/wp\/v2\/comments?post=8980"}],"version-history":[{"count":1,"href":"https:\/\/www.welovecycling.com\/es\/wp-json\/wp\/v2\/posts\/8980\/revisions"}],"predecessor-version":[{"id":8981,"href":"https:\/\/www.welovecycling.com\/es\/wp-json\/wp\/v2\/posts\/8980\/revisions\/8981"}],"wp:featuredmedia":[{"embeddable":true,"href":"https:\/\/www.welovecycling.com\/es\/wp-json\/wp\/v2\/media\/8982"}],"wp:attachment":[{"href":"https:\/\/www.welovecycling.com\/es\/wp-json\/wp\/v2\/media?parent=8980"}],"wp:term":[{"taxonomy":"category","embeddable":true,"href":"https:\/\/www.welovecycling.com\/es\/wp-json\/wp\/v2\/categories?post=8980"},{"taxonomy":"post_tag","embeddable":true,"href":"https:\/\/www.welovecycling.com\/es\/wp-json\/wp\/v2\/tags?post=8980"},{"taxonomy":"global-categories","embeddable":true,"href":"https:\/\/www.welovecycling.com\/es\/wp-json\/wp\/v2\/global-categories?post=8980"}],"curies":[{"name":"wp","href":"https:\/\/api.w.org\/{rel}","templated":true}]}}