{"id":8975,"date":"2022-06-10T17:24:11","date_gmt":"2022-06-10T15:24:11","guid":{"rendered":"https:\/\/www.welovecycling.com\/es\/?p=8975"},"modified":"2022-06-10T17:24:11","modified_gmt":"2022-06-10T15:24:11","slug":"bicicletas-mas-caras-2022","status":"publish","type":"post","link":"https:\/\/www.welovecycling.com\/es\/2022\/06\/10\/bicicletas-mas-caras-2022\/","title":{"rendered":"Las bicicletas m\u00e1s caras de 2022"},"content":{"rendered":"<p><strong>Si no puedes ponerle precio al amor, es evidente que nunca te has enamorado de una bicicleta. Por desgracia, para que tu amor sea rec\u00edproco, las tiendas de bicicletas quieren alg\u00fan tipo de dote, principalmente en forma de dinero. As\u00ed que hablemos un poco de las bicicletas m\u00e1s caras de 2022.<br \/>\n<\/strong><\/p>\n<p><!--more--><\/p>\n<h2><strong>Santa Cruz Heckler 9 CC AXS RSV<\/strong><\/h2>\n<p><a href=\"https:\/\/d2p6e6u75xmxt8.cloudfront.net\/6\/2022\/06\/Santa-Cruz-heckler.webp\"><img loading=\"lazy\" decoding=\"async\" class=\"alignnone wp-image-8976\" src=\"https:\/\/d2p6e6u75xmxt8.cloudfront.net\/6\/2022\/06\/Santa-Cruz-heckler.webp\" alt=\"Santa Cruz Heckler\" width=\"1000\" height=\"1000\" srcset=\"https:\/\/d2p6e6u75xmxt8.cloudfront.net\/6\/2022\/06\/Santa-Cruz-heckler.webp 1120w, https:\/\/d2p6e6u75xmxt8.cloudfront.net\/6\/2022\/06\/Santa-Cruz-heckler-300x300.webp 300w, https:\/\/d2p6e6u75xmxt8.cloudfront.net\/6\/2022\/06\/Santa-Cruz-heckler-1024x1024.webp 1024w, https:\/\/d2p6e6u75xmxt8.cloudfront.net\/6\/2022\/06\/Santa-Cruz-heckler-150x150.webp 150w, https:\/\/d2p6e6u75xmxt8.cloudfront.net\/6\/2022\/06\/Santa-Cruz-heckler-768x768.webp 768w\" sizes=\"auto, (max-width: 1000px) 100vw, 1000px\" \/><\/a><\/p>\n<p>Santa Cruz es conocida por poner los mejores productos en sus bicicletas, y obviamente cuesta algunos c\u00e9ntimos de m\u00e1s. La <a href=\"https:\/\/www.santacruzbicycles.com\/en-US\/bikes\/heckler\">Heckler 9 CC AXS RSV<\/a> es un buen ejemplo, ya que la bicicleta es de las mas caras de 2022 y cuesta alrededor de 12.900 euros.<\/p>\n<p>La Heckler 9 es una e-bike, lo que justifica hasta cierto punto su precio. Cuenta con componentes de primera categor\u00eda, como el motor Shimano EP8, una horquilla FOX 36 Float Factory de 160 mm, llantas de carbono Reserve DH 29&#8243;, amortiguador trasero RockShox Super Deluxe Ultimate y mucho m\u00e1s. Adem\u00e1s, el nuevo modelo de Santa Cruz tiene una nueva geometr\u00eda m\u00e1s agresiva, y sus componentes de alta gama, durabilidad y ligereza permiten una conducci\u00f3n mucho m\u00e1s agresiva. La Heckler 9 es una opci\u00f3n excepcional para aquellos que buscan una e-bike realmente c\u00f3moda y tienen un ri\u00f1\u00f3n o dos para vender en el mercado negro para permit\u00edrsela.<\/p>\n<p>&nbsp;<\/p>\n<h2><strong>Trek Madone SLR 9 eTap<\/strong><\/h2>\n<p>Habiendo vendido una bicicleta por medio mill\u00f3n en su d\u00eda, realmente no sorprende ver a Trek en esta lista. Sin embargo, es un poco sorprendente verlos tan lejos del primer puesto. Como es habitual, la serie <a href=\"https:\/\/www.trekbikes.com\/cz\/cs_CZ\/404\/\">Madone de Trek<\/a> tiene un precio elevado, ya que su \u00faltimo modelo SLR 9 eTap llega a unos 14.600 euros.<\/p>\n<p>La Madone SLR 9 es realmente una obra maestra fabricada con fibra de carbono OCLV 800, lo que hace que la bicicleta sea m\u00e1s ligera en 80 gramos. Para una persona sensata eso no parece nada, pero todos sabemos que cada gramo cuenta cuando est\u00e1s montando y conseguir 80 menos significa mayor velocidad, mayores distancias y subidas m\u00e1s f\u00e1ciles. La bicicleta tambi\u00e9n est\u00e1 equipada con el nuevo e impresionante manillar VR-CF ajustable y las ruedas premium Bontrager Aeolus RSL 51. Por si fuera poco, la bicicleta cuenta con la extraordinaria transmisi\u00f3n electr\u00f3nica inal\u00e1mbrica SRAM RED eTap AXS de 12 velocidades. Es todo un placer hacer clic en las marchas con una transmisi\u00f3n tan exquisita y suprema.<\/p>\n<h2><strong>Wilier Filante SLR 2022<\/strong><\/h2>\n<p>Esta es otra bicicleta que muy probablemente veremos en el <a href=\"https:\/\/www.welovecycling.com\/es\/2022\/03\/31\/tour-francia-strava\/\">Tour de Francia<\/a> este a\u00f1o. Y si quieres ver una en tu casa, debes estar preparado para separarte de unos 15.900 euros. No es un precio demasiado elevado, teniendo en cuenta que esta bicicleta fue la elecci\u00f3n del Astana Qazaqstan para el Giro de Italia de este a\u00f1o. Puedes conseguir el modelo b\u00e1sico por algo menos de 9.000, s\u00ed, pero para conseguir la verdadera, tienes que estar preparado para meter la mano en el bolsillo y esperar tener un banco entero all\u00ed.<\/p>\n<p>La bici en s\u00ed es una magn\u00edfica muestra de c\u00f3mo se puede comprar velocidad, clase y comodidad. S\u00f3lo pesa 6,8 kg, mientras que el cuadro por s\u00ed solo pesa unos 870 g. La <a href=\"https:\/\/wilier.com\/en\/my2023\/int\/racing-bikes\/road-bikes\/filante-slr\">Filante SLR<\/a> es, sin duda, una bicicleta dise\u00f1ada para competir. Emana potencia y es una de las pocas bicicletas que puedes jurar que se mueve a 100 km\/h estando parada.<\/p>\n<p>Si no eres un ciclista profesional, lo m\u00e1s probable es que no necesites esta bicicleta, ya que quieres poder extraer todas las ventajas que aporta. No obstante, si te est\u00e1s preguntando qu\u00e9 pedir por Navidad, siempre puedes ponerla en tu lista del amigo invisible, s\u00f3lo para ver el horror una vez que lo vea quien haya sacado el palito m\u00e1s corto. Bueno, es verano, as\u00ed que tendr\u00e1s que esperar, pero seamos sinceros, no vas a dar 15K por una bici, as\u00ed que podr\u00edas divertirte un poco.<\/p>\n<h2><strong>Specialized S-Works Turbo Levo<\/strong><\/h2>\n<p>Si te preguntas c\u00f3mo se puede tirar el sueldo anual en una MTB, s\u00f3lo tienes que vivir en Europa del Este y comprar la <a href=\"https:\/\/www.specialized.com\/cz\/cs\/s-works-turbo-levo\/p\/154395\">Specialized S-Works Turbo Levo,<\/a> la bicicleta de monta\u00f1a m\u00e1s cara del mundo para 2022. Entonces, \u00bfqu\u00e9 obtendr\u00edas junto con el hambre por tu sabia inversi\u00f3n? Pues las mejores especificaciones que puedas imaginar. Frenos delanteros y traseros Magura MT7 con pinza de 4 pistones, disco hidr\u00e1ulico y un rotor de 203 mm, Sram XG-1299, 12 velocidades, casete de 10-52t con desviador SRAM XX1 Eagle AXS, platos, palancas de cambio y cadena del mismo tipo.<\/p>\n<p>Las ruedas de 29&#8243; parece que pueden pegarse a una pared. Y deber\u00edan. Cuando se utiliza el motor Specialized Turbo Full Power System 2.2, el agarre es imprescindible.<\/p>\n<p>La bater\u00eda integrada Specialized M3-700 de 700Wh te dar\u00e1 todo el apoyo que necesitas para llegar a la cima tantas veces como quieras, mientras que el cuadro de carbono completo FACT 11m, la horquilla FOX FLOAT 38 Factory 29 con amortiguador Grip 2 y un offset de 44 mm, junto con la suspensi\u00f3n FOX FLOAT X2 Factory te dar\u00e1n toda la seguridad y ligereza para bajar a toda velocidad por cualquier sendero.<\/p>\n<p>As\u00ed que, ahora ya sabes que hay bicis que nunca te podr\u00e1s permitir. No te preocupes, yo tampoco. Pero por otro lado, puedes encontrar consuelo en el hecho de que no es la bici la que hace el viaje, sino el ciclista. As\u00ed que saca tu bici &#8220;barata&#8221; a la pista, los senderos o la carretera y disfruta del verano.<\/p>\n","protected":false},"excerpt":{"rendered":"<p>Si no puedes ponerle precio al amor, es evidente que nunca te has enamorado de una bicicleta. Por desgracia, para [&hellip;]<\/p>\n","protected":false},"author":29,"featured_media":8978,"comment_status":"open","ping_status":"open","sticky":false,"template":"","format":"standard","meta":{"footnotes":""},"categories":[7,9],"tags":[],"global-categories":[],"class_list":["post-8975","post","type-post","status-publish","format-standard","has-post-thumbnail","hentry","category-carretera","category-mtb-aventura"],"yoast_head":"<!-- This site is optimized with the Yoast SEO Premium plugin v25.3 (Yoast SEO v25.9) - https:\/\/yoast.com\/wordpress\/plugins\/seo\/ -->\n<title>Las bicicletas m\u00e1s caras de 2022 - \u0160koda We Love Cycling - Spain<\/title>\n<meta name=\"description\" content=\"Las bicicletas m\u00e1s caras de 2022. Desde dos e-mtb a los modelos m\u00e1s exclusivos de Trek y Wilier de carretera.\" \/>\n<meta name=\"robots\" content=\"index, follow, max-snippet:-1, max-image-preview:large, max-video-preview:-1\" \/>\n<link rel=\"canonical\" href=\"https:\/\/www.welovecycling.com\/es\/2022\/06\/10\/bicicletas-mas-caras-2022\/\" \/>\n<meta property=\"og:locale\" content=\"es_ES\" \/>\n<meta property=\"og:type\" content=\"article\" \/>\n<meta property=\"og:title\" content=\"Las bicicletas m\u00e1s caras de 2022\" \/>\n<meta property=\"og:description\" content=\"Las bicicletas m\u00e1s caras de 2022. Desde dos e-mtb a los modelos m\u00e1s exclusivos de Trek y Wilier de carretera.\" \/>\n<meta property=\"og:url\" content=\"https:\/\/www.welovecycling.com\/es\/2022\/06\/10\/bicicletas-mas-caras-2022\/\" \/>\n<meta property=\"og:site_name\" content=\"\u0160koda We Love Cycling - Spain\" \/>\n<meta property=\"article:published_time\" content=\"2022-06-10T15:24:11+00:00\" \/>\n<meta property=\"og:image\" content=\"https:\/\/d2p6e6u75xmxt8.cloudfront.net\/6\/2022\/06\/Bicycle-handlebars-profimedia-0692672303-CVR.jpg\" \/>\n\t<meta property=\"og:image:width\" content=\"990\" \/>\n\t<meta property=\"og:image:height\" content=\"660\" \/>\n\t<meta property=\"og:image:type\" content=\"image\/jpeg\" \/>\n<meta name=\"author\" content=\"We Love Cycling Spain\" \/>\n<meta name=\"twitter:card\" content=\"summary_large_image\" \/>\n<meta name=\"twitter:title\" content=\"Las bicicletas m\u00e1s caras de 2022\" \/>\n<meta name=\"twitter:description\" content=\"Las bicicletas m\u00e1s caras de 2022. Desde dos e-mtb a los modelos m\u00e1s exclusivos de Trek y Wilier de carretera.\" \/>\n<meta name=\"twitter:label1\" content=\"Written by\" \/>\n\t<meta name=\"twitter:data1\" content=\"Martin Atanasov\" \/>\n\t<meta name=\"twitter:label2\" content=\"Est. reading time\" \/>\n\t<meta name=\"twitter:data2\" content=\"7\" \/>\n<script type=\"application\/ld+json\" class=\"yoast-schema-graph\">{\"@context\":\"https:\/\/schema.org\",\"@graph\":[{\"@type\":\"WebPage\",\"@id\":\"https:\/\/www.welovecycling.com\/es\/2022\/06\/10\/bicicletas-mas-caras-2022\/\",\"url\":\"https:\/\/www.welovecycling.com\/es\/2022\/06\/10\/bicicletas-mas-caras-2022\/\",\"name\":\"Las bicicletas m\u00e1s caras de 2022 - \u0160koda We Love Cycling - Spain\",\"isPartOf\":{\"@id\":\"https:\/\/www.welovecycling.com\/es\/#website\"},\"primaryImageOfPage\":{\"@id\":\"https:\/\/www.welovecycling.com\/es\/2022\/06\/10\/bicicletas-mas-caras-2022\/#primaryimage\"},\"image\":{\"@id\":\"https:\/\/www.welovecycling.com\/es\/2022\/06\/10\/bicicletas-mas-caras-2022\/#primaryimage\"},\"thumbnailUrl\":\"https:\/\/d2p6e6u75xmxt8.cloudfront.net\/6\/2022\/06\/Bicycle-handlebars-profimedia-0692672303-CVR.jpg\",\"datePublished\":\"2022-06-10T15:24:11+00:00\",\"author\":{\"@id\":\"https:\/\/www.welovecycling.com\/es\/#\/schema\/person\/deb61715b5812698ee79fb96f343ccd4\"},\"description\":\"Las bicicletas m\u00e1s caras de 2022. Desde dos e-mtb a los modelos m\u00e1s exclusivos de Trek y Wilier de carretera.\",\"breadcrumb\":{\"@id\":\"https:\/\/www.welovecycling.com\/es\/2022\/06\/10\/bicicletas-mas-caras-2022\/#breadcrumb\"},\"inLanguage\":\"es-ES\",\"potentialAction\":[{\"@type\":\"ReadAction\",\"target\":[\"https:\/\/www.welovecycling.com\/es\/2022\/06\/10\/bicicletas-mas-caras-2022\/\"]}]},{\"@type\":\"ImageObject\",\"inLanguage\":\"es-ES\",\"@id\":\"https:\/\/www.welovecycling.com\/es\/2022\/06\/10\/bicicletas-mas-caras-2022\/#primaryimage\",\"url\":\"https:\/\/d2p6e6u75xmxt8.cloudfront.net\/6\/2022\/06\/Bicycle-handlebars-profimedia-0692672303-CVR.jpg\",\"contentUrl\":\"https:\/\/d2p6e6u75xmxt8.cloudfront.net\/6\/2022\/06\/Bicycle-handlebars-profimedia-0692672303-CVR.jpg\",\"width\":990,\"height\":660,\"caption\":\"Bicycle handlebars\"},{\"@type\":\"BreadcrumbList\",\"@id\":\"https:\/\/www.welovecycling.com\/es\/2022\/06\/10\/bicicletas-mas-caras-2022\/#breadcrumb\",\"itemListElement\":[{\"@type\":\"ListItem\",\"position\":1,\"name\":\"Home\",\"item\":\"https:\/\/www.welovecycling.com\/es\/\"},{\"@type\":\"ListItem\",\"position\":2,\"name\":\"Las bicicletas m\u00e1s caras de 2022\"}]},{\"@type\":\"WebSite\",\"@id\":\"https:\/\/www.welovecycling.com\/es\/#website\",\"url\":\"https:\/\/www.welovecycling.com\/es\/\",\"name\":\"\u0160koda We Love Cycling - Spain\",\"description\":\"\u0160koda WeLoveCycling Spain\",\"potentialAction\":[{\"@type\":\"SearchAction\",\"target\":{\"@type\":\"EntryPoint\",\"urlTemplate\":\"https:\/\/www.welovecycling.com\/es\/?s={search_term_string}\"},\"query-input\":{\"@type\":\"PropertyValueSpecification\",\"valueRequired\":true,\"valueName\":\"search_term_string\"}}],\"inLanguage\":\"es-ES\"},{\"@type\":\"Person\",\"@id\":\"https:\/\/www.welovecycling.com\/es\/#\/schema\/person\/deb61715b5812698ee79fb96f343ccd4\",\"name\":\"We Love Cycling Spain\",\"image\":{\"@type\":\"ImageObject\",\"inLanguage\":\"es-ES\",\"@id\":\"https:\/\/www.welovecycling.com\/es\/#\/schema\/person\/image\/\",\"url\":\"https:\/\/secure.gravatar.com\/avatar\/c824b04e6df0e37a03219d0b6481672889df542894588964102459e46513159c?s=96&d=mm&r=g\",\"contentUrl\":\"https:\/\/secure.gravatar.com\/avatar\/c824b04e6df0e37a03219d0b6481672889df542894588964102459e46513159c?s=96&d=mm&r=g\",\"caption\":\"We Love Cycling Spain\"},\"url\":\"https:\/\/www.welovecycling.com\/es\/author\/amunoz\/\"}]}<\/script>\n<!-- \/ Yoast SEO Premium plugin. -->","yoast_head_json":{"title":"Las bicicletas m\u00e1s caras de 2022 - \u0160koda We Love Cycling - Spain","description":"Las bicicletas m\u00e1s caras de 2022. Desde dos e-mtb a los modelos m\u00e1s exclusivos de Trek y Wilier de carretera.","robots":{"index":"index","follow":"follow","max-snippet":"max-snippet:-1","max-image-preview":"max-image-preview:large","max-video-preview":"max-video-preview:-1"},"canonical":"https:\/\/www.welovecycling.com\/es\/2022\/06\/10\/bicicletas-mas-caras-2022\/","og_locale":"es_ES","og_type":"article","og_title":"Las bicicletas m\u00e1s caras de 2022","og_description":"Las bicicletas m\u00e1s caras de 2022. Desde dos e-mtb a los modelos m\u00e1s exclusivos de Trek y Wilier de carretera.","og_url":"https:\/\/www.welovecycling.com\/es\/2022\/06\/10\/bicicletas-mas-caras-2022\/","og_site_name":"\u0160koda We Love Cycling - Spain","article_published_time":"2022-06-10T15:24:11+00:00","og_image":[{"width":990,"height":660,"url":"https:\/\/d2p6e6u75xmxt8.cloudfront.net\/6\/2022\/06\/Bicycle-handlebars-profimedia-0692672303-CVR.jpg","type":"image\/jpeg"}],"author":"We Love Cycling Spain","twitter_card":"summary_large_image","twitter_title":"Las bicicletas m\u00e1s caras de 2022","twitter_description":"Las bicicletas m\u00e1s caras de 2022. Desde dos e-mtb a los modelos m\u00e1s exclusivos de Trek y Wilier de carretera.","twitter_misc":{"Written by":"Martin Atanasov","Est. reading time":"7"},"schema":{"@context":"https:\/\/schema.org","@graph":[{"@type":"WebPage","@id":"https:\/\/www.welovecycling.com\/es\/2022\/06\/10\/bicicletas-mas-caras-2022\/","url":"https:\/\/www.welovecycling.com\/es\/2022\/06\/10\/bicicletas-mas-caras-2022\/","name":"Las bicicletas m\u00e1s caras de 2022 - \u0160koda We Love Cycling - Spain","isPartOf":{"@id":"https:\/\/www.welovecycling.com\/es\/#website"},"primaryImageOfPage":{"@id":"https:\/\/www.welovecycling.com\/es\/2022\/06\/10\/bicicletas-mas-caras-2022\/#primaryimage"},"image":{"@id":"https:\/\/www.welovecycling.com\/es\/2022\/06\/10\/bicicletas-mas-caras-2022\/#primaryimage"},"thumbnailUrl":"https:\/\/d2p6e6u75xmxt8.cloudfront.net\/6\/2022\/06\/Bicycle-handlebars-profimedia-0692672303-CVR.jpg","datePublished":"2022-06-10T15:24:11+00:00","author":{"@id":"https:\/\/www.welovecycling.com\/es\/#\/schema\/person\/deb61715b5812698ee79fb96f343ccd4"},"description":"Las bicicletas m\u00e1s caras de 2022. Desde dos e-mtb a los modelos m\u00e1s exclusivos de Trek y Wilier de carretera.","breadcrumb":{"@id":"https:\/\/www.welovecycling.com\/es\/2022\/06\/10\/bicicletas-mas-caras-2022\/#breadcrumb"},"inLanguage":"es-ES","potentialAction":[{"@type":"ReadAction","target":["https:\/\/www.welovecycling.com\/es\/2022\/06\/10\/bicicletas-mas-caras-2022\/"]}]},{"@type":"ImageObject","inLanguage":"es-ES","@id":"https:\/\/www.welovecycling.com\/es\/2022\/06\/10\/bicicletas-mas-caras-2022\/#primaryimage","url":"https:\/\/d2p6e6u75xmxt8.cloudfront.net\/6\/2022\/06\/Bicycle-handlebars-profimedia-0692672303-CVR.jpg","contentUrl":"https:\/\/d2p6e6u75xmxt8.cloudfront.net\/6\/2022\/06\/Bicycle-handlebars-profimedia-0692672303-CVR.jpg","width":990,"height":660,"caption":"Bicycle handlebars"},{"@type":"BreadcrumbList","@id":"https:\/\/www.welovecycling.com\/es\/2022\/06\/10\/bicicletas-mas-caras-2022\/#breadcrumb","itemListElement":[{"@type":"ListItem","position":1,"name":"Home","item":"https:\/\/www.welovecycling.com\/es\/"},{"@type":"ListItem","position":2,"name":"Las bicicletas m\u00e1s caras de 2022"}]},{"@type":"WebSite","@id":"https:\/\/www.welovecycling.com\/es\/#website","url":"https:\/\/www.welovecycling.com\/es\/","name":"\u0160koda We Love Cycling - Spain","description":"\u0160koda WeLoveCycling Spain","potentialAction":[{"@type":"SearchAction","target":{"@type":"EntryPoint","urlTemplate":"https:\/\/www.welovecycling.com\/es\/?s={search_term_string}"},"query-input":{"@type":"PropertyValueSpecification","valueRequired":true,"valueName":"search_term_string"}}],"inLanguage":"es-ES"},{"@type":"Person","@id":"https:\/\/www.welovecycling.com\/es\/#\/schema\/person\/deb61715b5812698ee79fb96f343ccd4","name":"We Love Cycling Spain","image":{"@type":"ImageObject","inLanguage":"es-ES","@id":"https:\/\/www.welovecycling.com\/es\/#\/schema\/person\/image\/","url":"https:\/\/secure.gravatar.com\/avatar\/c824b04e6df0e37a03219d0b6481672889df542894588964102459e46513159c?s=96&d=mm&r=g","contentUrl":"https:\/\/secure.gravatar.com\/avatar\/c824b04e6df0e37a03219d0b6481672889df542894588964102459e46513159c?s=96&d=mm&r=g","caption":"We Love Cycling Spain"},"url":"https:\/\/www.welovecycling.com\/es\/author\/amunoz\/"}]}},"_links":{"self":[{"href":"https:\/\/www.welovecycling.com\/es\/wp-json\/wp\/v2\/posts\/8975","targetHints":{"allow":["GET"]}}],"collection":[{"href":"https:\/\/www.welovecycling.com\/es\/wp-json\/wp\/v2\/posts"}],"about":[{"href":"https:\/\/www.welovecycling.com\/es\/wp-json\/wp\/v2\/types\/post"}],"author":[{"embeddable":true,"href":"https:\/\/www.welovecycling.com\/es\/wp-json\/wp\/v2\/users\/29"}],"replies":[{"embeddable":true,"href":"https:\/\/www.welovecycling.com\/es\/wp-json\/wp\/v2\/comments?post=8975"}],"version-history":[{"count":2,"href":"https:\/\/www.welovecycling.com\/es\/wp-json\/wp\/v2\/posts\/8975\/revisions"}],"predecessor-version":[{"id":8979,"href":"https:\/\/www.welovecycling.com\/es\/wp-json\/wp\/v2\/posts\/8975\/revisions\/8979"}],"wp:featuredmedia":[{"embeddable":true,"href":"https:\/\/www.welovecycling.com\/es\/wp-json\/wp\/v2\/media\/8978"}],"wp:attachment":[{"href":"https:\/\/www.welovecycling.com\/es\/wp-json\/wp\/v2\/media?parent=8975"}],"wp:term":[{"taxonomy":"category","embeddable":true,"href":"https:\/\/www.welovecycling.com\/es\/wp-json\/wp\/v2\/categories?post=8975"},{"taxonomy":"post_tag","embeddable":true,"href":"https:\/\/www.welovecycling.com\/es\/wp-json\/wp\/v2\/tags?post=8975"},{"taxonomy":"global-categories","embeddable":true,"href":"https:\/\/www.welovecycling.com\/es\/wp-json\/wp\/v2\/global-categories?post=8975"}],"curies":[{"name":"wp","href":"https:\/\/api.w.org\/{rel}","templated":true}]}}