{"id":8956,"date":"2022-05-30T09:11:36","date_gmt":"2022-05-30T07:11:36","guid":{"rendered":"https:\/\/www.welovecycling.com\/es\/?p=8956"},"modified":"2022-05-23T09:29:45","modified_gmt":"2022-05-23T07:29:45","slug":"tro-bro-leon","status":"publish","type":"post","link":"https:\/\/www.welovecycling.com\/es\/2022\/05\/30\/tro-bro-leon\/","title":{"rendered":"Tro-Bro Leon, una carrera de culto"},"content":{"rendered":"<p><strong>Cultura hipster. Londres. Arte de espuma de caf\u00e9. Gorras enrolladas. Bicicletas de pi\u00f1\u00f3n fijo. Se mire por donde se mire, muchas cosas de nuestro mundo se ponen de moda y luego pueden volver a caer en el olvido despu\u00e9s de construir una especie de cultura de culto. \u00bfEs el Tro-Bro Leon el reflejo de una de estas corrientes?<\/strong><\/p>\n<p><!--more--><\/p>\n<p>El ciclismo no es diferente. Algunas carreras han sido calificadas de hipster; por ejemplo, la Vuelta a Portugal es considerada por algunos como la cuarta gran vuelta. La Vuelta a Colombia o la ya desaparecida Carrera de la Paz son objeto de un gran entusiasmo. En cuanto a las carreras de un d\u00eda, s\u00f3lo hay una que ataca el coraz\u00f3n del ciclismo de culto, y es el Tro-Bro Leon. Una cl\u00e1sica de un d\u00eda, que en 2022 gan\u00f3 Hugo Hofstetter. Se aleja de la t\u00edpica temporada de cl\u00e1sicas y, este a\u00f1o, tuvo lugar durante el <a href=\"https:\/\/www.giroditalia.it\/es\/el-recorrido\/\">Giro de Italia<\/a>.<\/p>\n<p>La carrera de este a\u00f1o, como todos los a\u00f1os, estaba llena de caminos de tierra y dominada por los equipos franceses. Para el Arkea-Samsic -para el que corre Hofstetter- parece ser su deber honrar esta carrera y ten\u00edan un dominio similar al del Quick-Step en las cl\u00e1sicas del norte. Connor Swift, que gan\u00f3 en 2021, formaba parte del grupo de cabeza y s\u00f3lo un pinchazo de Laurent Pichon hizo que su n\u00famero se redujera a dos a en el \u00faltimo kil\u00f3metro. Junto a Luca Mozzato del B&amp;B Hotels &#8211; KTM, Swift lider\u00f3 el sprint y fue Hofstetter quien se llev\u00f3 los honores, el franc\u00e9s casi se rompe la mano con una barandilla durante las celebraciones.<\/p>\n<p>https:\/\/www.instagram.com\/p\/Cdv-vXLsEtE\/<\/p>\n<p>Hofstetter, que, por cierto, tambi\u00e9n gan\u00f3 un cerdo por la victoria- como todos los ganadores &#8211; es el tipo de ciclista que suele ganar esta carrera. Normalmente es un nombre conocido por los aficionados, pero no uno que haya arrasado en la temporada de cl\u00e1sicas. Esto significa que la carrera tiene muchas sorpresas y nunca parece atraer a los equipos m\u00e1s grandes a la l\u00ednea de salida. Esto ha hecho que siga siendo una cl\u00e1sica de culto.<\/p>\n<p>Se corri\u00f3 por primera vez en 1984 a trav\u00e9s de los campos de Breta\u00f1a, y el coraz\u00f3n de la carrera se encuentra en la regi\u00f3n. El propio nombre es bret\u00f3n y se distingue de la Par\u00eds-Roubaix por no dirigirse a los adoquines del norte, sino a los caminos agr\u00edcolas. Es una carrera divertida y vibrante, apoyada a gritos por el p\u00fablico bret\u00f3n, incluso antes de que se profesionalizara con el cambio de milenio.<\/p>\n<p>El lugar que ocupa en el calendario no es lo \u00fanico que la ha dejado fuera del mundo del ciclismo. En primer lugar, no es una carrera World Tour, lo que significa que los equipos no est\u00e1n obligados a presentarse. Los equipos franceses suelen hacerlo, en honor a una carrera en su pa\u00eds de origen, pero otros no lo hacen, ya que el Giro tiene lugar al mismo tiempo. Esto ha hecho que la carrera pase a un segundo plano en lugar de ser el centro de atenci\u00f3n, como lo es la <a href=\"https:\/\/www.welovecycling.com\/es\/2022\/04\/19\/paris-roubaix\/\">Par\u00eds-Roubaix<\/a> un mes antes.<\/p>\n<p>La otra raz\u00f3n es su posici\u00f3n geogr\u00e1fica en el pa\u00eds. La Breta\u00f1a es una de las dos panamericanas que tiene Francia en su costa occidental. La regi\u00f3n, como ya se ha mencionado, tiene su propia lengua, tambi\u00e9n tiene su propia cultura, costumbres y forma de vida, distinta de la mayor parte del pa\u00eds. \u00bfQuiz\u00e1s esta sea otra raz\u00f3n por la que permanece al margen de la fraternidad ciclista?<\/p>\n<p>Sea como fuere, a la carrera, que fue amateur durante 16 a\u00f1os antes de convertirse en profesional en 2000, no parece importarle. Pero su supervivencia es importante. Las carreras que tienen este encanto \u00fanico son dif\u00edciles de encontrar y la variedad en el calendario es fundamental para mantener el inter\u00e9s de los corredores y los aficionados. <strong>ASO, los organizadores del Tour de Francia y de la Par\u00eds-Roubaix,<\/strong> entre otras carreras, parecen entenderlo y se asociaron con el Tro-Bro Leon en septiembre del a\u00f1o pasado para apoyar la carrera entre bastidores.<\/p>\n<p>&#8220;Es una alegr\u00eda y un orgullo que ASO. preste su apoyo a una de las mayores historias de \u00e9xito del ciclismo en Breta\u00f1a. La Bro Leon, precursora por la singularidad de su recorrido, ofrece un modelo en el que ASO se ha inspirado incluso para dinamizar la cl\u00e1sica Par\u00eds-Tours, que ahora incluye caminos de vi\u00f1edos&#8221;, <a href=\"https:\/\/www.velonews.com\/news\/road\/vn-news-ticker-tro-bro-leon-partners-with-aso-lithuanian-team-bikes-stolen-and-refound-at-road-worlds\/\">explic\u00f3 Pierre-Yves Thouault<\/a>, director de ciclismo de ASO.<\/p>\n<p>&#8220;Como director de la prueba, mi deber hoy es pensar en el futuro de la carrera para que pueda continuar durante d\u00e9cadas&#8221;, dijo el<a href=\"https:\/\/www.trobroleon.com\/\"> jefe de la carrera, Jean-Paul Mellou\u00ebt.<\/a> &#8220;Para m\u00ed, este acuerdo es una garant\u00eda de que el Tro-Bro Leon, gracias al reconocido saber hacer de ASO en materia comercial, medi\u00e1tica y log\u00edstica, y conservando el car\u00e1cter \u00fanico que ha hecho de \u00e9l un \u00e9xito, seguir\u00e1 floreciendo durante muchos a\u00f1os&#8221;.<\/p>\n<p>El hecho de que ASO acepte esta asociaci\u00f3n demuestra lo lejos que ha llegado la carrera en sus casi 40 a\u00f1os de historia. La organizaci\u00f3n tiende a mantenerse fiel a las ra\u00edces de sus carreras y, aunque es dif\u00edcil predecir si esto ocurrir\u00e1 con el Tro-Bro Leon, el futuro parece brillante. Es una carrera construida en el entorno que la rodea e incluso si se convierte en parte del World Tour, nunca deber\u00eda olvidar el seguimiento de culto que ha tenido durante las \u00faltimas dos d\u00e9cadas.<\/p>\n","protected":false},"excerpt":{"rendered":"<p>Cultura hipster. Londres. Arte de espuma de caf\u00e9. Gorras enrolladas. Bicicletas de pi\u00f1\u00f3n fijo. Se mire por donde se mire, [&hellip;]<\/p>\n","protected":false},"author":29,"featured_media":8958,"comment_status":"open","ping_status":"open","sticky":false,"template":"","format":"standard","meta":{"footnotes":""},"categories":[7],"tags":[2176],"global-categories":[],"class_list":["post-8956","post","type-post","status-publish","format-standard","has-post-thumbnail","hentry","category-carretera","tag-tro-bro-leon"],"yoast_head":"<!-- This site is optimized with the Yoast SEO Premium plugin v25.3 (Yoast SEO v25.9) - https:\/\/yoast.com\/wordpress\/plugins\/seo\/ -->\n<title>Tro-Bro Leon, una carrera de culto - \u0160koda We Love Cycling - Spain<\/title>\n<meta name=\"description\" content=\"Tro-Bro Leon, una carrera de culto. La historia y el futuro de una carrera ciclista diferente. La breta\u00f1a, tierra y un acuerdo con ASO.\" \/>\n<meta name=\"robots\" content=\"index, follow, max-snippet:-1, max-image-preview:large, max-video-preview:-1\" \/>\n<link rel=\"canonical\" href=\"https:\/\/www.welovecycling.com\/es\/2022\/05\/30\/tro-bro-leon\/\" \/>\n<meta property=\"og:locale\" content=\"es_ES\" \/>\n<meta property=\"og:type\" content=\"article\" \/>\n<meta property=\"og:title\" content=\"Tro-Bro Leon, una carrera de culto\" \/>\n<meta property=\"og:description\" content=\"Tro-Bro Leon, una carrera de culto. La historia y el futuro de una carrera ciclista diferente. La breta\u00f1a, tierra y un acuerdo con ASO.\" \/>\n<meta property=\"og:url\" content=\"https:\/\/www.welovecycling.com\/es\/2022\/05\/30\/tro-bro-leon\/\" \/>\n<meta property=\"og:site_name\" content=\"\u0160koda We Love Cycling - Spain\" \/>\n<meta property=\"article:published_time\" content=\"2022-05-30T07:11:36+00:00\" \/>\n<meta property=\"og:image\" content=\"https:\/\/d2p6e6u75xmxt8.cloudfront.net\/6\/2022\/05\/Tro_Bro_Leon_CVR.jpeg\" \/>\n\t<meta property=\"og:image:width\" content=\"2048\" \/>\n\t<meta property=\"og:image:height\" content=\"1366\" \/>\n\t<meta property=\"og:image:type\" content=\"image\/jpeg\" \/>\n<meta name=\"author\" content=\"We Love Cycling Spain\" \/>\n<meta name=\"twitter:card\" content=\"summary_large_image\" \/>\n<meta name=\"twitter:title\" content=\"Tro-Bro Leon, una carrera de culto\" \/>\n<meta name=\"twitter:description\" content=\"Tro-Bro Leon, una carrera de culto. La historia y el futuro de una carrera ciclista diferente. La breta\u00f1a, tierra y un acuerdo con ASO.\" \/>\n<meta name=\"twitter:label1\" content=\"Written by\" \/>\n\t<meta name=\"twitter:data1\" content=\"Joshua Donaldson\" \/>\n\t<meta name=\"twitter:label2\" content=\"Est. reading time\" \/>\n\t<meta name=\"twitter:data2\" content=\"5\" \/>\n<script type=\"application\/ld+json\" class=\"yoast-schema-graph\">{\"@context\":\"https:\/\/schema.org\",\"@graph\":[{\"@type\":\"WebPage\",\"@id\":\"https:\/\/www.welovecycling.com\/es\/2022\/05\/30\/tro-bro-leon\/\",\"url\":\"https:\/\/www.welovecycling.com\/es\/2022\/05\/30\/tro-bro-leon\/\",\"name\":\"Tro-Bro Leon, una carrera de culto - \u0160koda We Love Cycling - Spain\",\"isPartOf\":{\"@id\":\"https:\/\/www.welovecycling.com\/es\/#website\"},\"primaryImageOfPage\":{\"@id\":\"https:\/\/www.welovecycling.com\/es\/2022\/05\/30\/tro-bro-leon\/#primaryimage\"},\"image\":{\"@id\":\"https:\/\/www.welovecycling.com\/es\/2022\/05\/30\/tro-bro-leon\/#primaryimage\"},\"thumbnailUrl\":\"https:\/\/d2p6e6u75xmxt8.cloudfront.net\/6\/2022\/05\/Tro_Bro_Leon_CVR.jpeg\",\"datePublished\":\"2022-05-30T07:11:36+00:00\",\"author\":{\"@id\":\"https:\/\/www.welovecycling.com\/es\/#\/schema\/person\/deb61715b5812698ee79fb96f343ccd4\"},\"description\":\"Tro-Bro Leon, una carrera de culto. La historia y el futuro de una carrera ciclista diferente. La breta\u00f1a, tierra y un acuerdo con ASO.\",\"breadcrumb\":{\"@id\":\"https:\/\/www.welovecycling.com\/es\/2022\/05\/30\/tro-bro-leon\/#breadcrumb\"},\"inLanguage\":\"es-ES\",\"potentialAction\":[{\"@type\":\"ReadAction\",\"target\":[\"https:\/\/www.welovecycling.com\/es\/2022\/05\/30\/tro-bro-leon\/\"]}]},{\"@type\":\"ImageObject\",\"inLanguage\":\"es-ES\",\"@id\":\"https:\/\/www.welovecycling.com\/es\/2022\/05\/30\/tro-bro-leon\/#primaryimage\",\"url\":\"https:\/\/d2p6e6u75xmxt8.cloudfront.net\/6\/2022\/05\/Tro_Bro_Leon_CVR.jpeg\",\"contentUrl\":\"https:\/\/d2p6e6u75xmxt8.cloudfront.net\/6\/2022\/05\/Tro_Bro_Leon_CVR.jpeg\",\"width\":2048,\"height\":1366,\"caption\":\"Tro Bro L\u00e9on\"},{\"@type\":\"BreadcrumbList\",\"@id\":\"https:\/\/www.welovecycling.com\/es\/2022\/05\/30\/tro-bro-leon\/#breadcrumb\",\"itemListElement\":[{\"@type\":\"ListItem\",\"position\":1,\"name\":\"Home\",\"item\":\"https:\/\/www.welovecycling.com\/es\/\"},{\"@type\":\"ListItem\",\"position\":2,\"name\":\"Tro-Bro Leon, una carrera de culto\"}]},{\"@type\":\"WebSite\",\"@id\":\"https:\/\/www.welovecycling.com\/es\/#website\",\"url\":\"https:\/\/www.welovecycling.com\/es\/\",\"name\":\"\u0160koda We Love Cycling - Spain\",\"description\":\"\u0160koda WeLoveCycling Spain\",\"potentialAction\":[{\"@type\":\"SearchAction\",\"target\":{\"@type\":\"EntryPoint\",\"urlTemplate\":\"https:\/\/www.welovecycling.com\/es\/?s={search_term_string}\"},\"query-input\":{\"@type\":\"PropertyValueSpecification\",\"valueRequired\":true,\"valueName\":\"search_term_string\"}}],\"inLanguage\":\"es-ES\"},{\"@type\":\"Person\",\"@id\":\"https:\/\/www.welovecycling.com\/es\/#\/schema\/person\/deb61715b5812698ee79fb96f343ccd4\",\"name\":\"We Love Cycling Spain\",\"image\":{\"@type\":\"ImageObject\",\"inLanguage\":\"es-ES\",\"@id\":\"https:\/\/www.welovecycling.com\/es\/#\/schema\/person\/image\/\",\"url\":\"https:\/\/secure.gravatar.com\/avatar\/c824b04e6df0e37a03219d0b6481672889df542894588964102459e46513159c?s=96&d=mm&r=g\",\"contentUrl\":\"https:\/\/secure.gravatar.com\/avatar\/c824b04e6df0e37a03219d0b6481672889df542894588964102459e46513159c?s=96&d=mm&r=g\",\"caption\":\"We Love Cycling Spain\"},\"url\":\"https:\/\/www.welovecycling.com\/es\/author\/amunoz\/\"}]}<\/script>\n<!-- \/ Yoast SEO Premium plugin. -->","yoast_head_json":{"title":"Tro-Bro Leon, una carrera de culto - \u0160koda We Love Cycling - Spain","description":"Tro-Bro Leon, una carrera de culto. La historia y el futuro de una carrera ciclista diferente. La breta\u00f1a, tierra y un acuerdo con ASO.","robots":{"index":"index","follow":"follow","max-snippet":"max-snippet:-1","max-image-preview":"max-image-preview:large","max-video-preview":"max-video-preview:-1"},"canonical":"https:\/\/www.welovecycling.com\/es\/2022\/05\/30\/tro-bro-leon\/","og_locale":"es_ES","og_type":"article","og_title":"Tro-Bro Leon, una carrera de culto","og_description":"Tro-Bro Leon, una carrera de culto. La historia y el futuro de una carrera ciclista diferente. La breta\u00f1a, tierra y un acuerdo con ASO.","og_url":"https:\/\/www.welovecycling.com\/es\/2022\/05\/30\/tro-bro-leon\/","og_site_name":"\u0160koda We Love Cycling - Spain","article_published_time":"2022-05-30T07:11:36+00:00","og_image":[{"width":2048,"height":1366,"url":"https:\/\/d2p6e6u75xmxt8.cloudfront.net\/6\/2022\/05\/Tro_Bro_Leon_CVR.jpeg","type":"image\/jpeg"}],"author":"We Love Cycling Spain","twitter_card":"summary_large_image","twitter_title":"Tro-Bro Leon, una carrera de culto","twitter_description":"Tro-Bro Leon, una carrera de culto. La historia y el futuro de una carrera ciclista diferente. La breta\u00f1a, tierra y un acuerdo con ASO.","twitter_misc":{"Written by":"Joshua Donaldson","Est. reading time":"5"},"schema":{"@context":"https:\/\/schema.org","@graph":[{"@type":"WebPage","@id":"https:\/\/www.welovecycling.com\/es\/2022\/05\/30\/tro-bro-leon\/","url":"https:\/\/www.welovecycling.com\/es\/2022\/05\/30\/tro-bro-leon\/","name":"Tro-Bro Leon, una carrera de culto - \u0160koda We Love Cycling - Spain","isPartOf":{"@id":"https:\/\/www.welovecycling.com\/es\/#website"},"primaryImageOfPage":{"@id":"https:\/\/www.welovecycling.com\/es\/2022\/05\/30\/tro-bro-leon\/#primaryimage"},"image":{"@id":"https:\/\/www.welovecycling.com\/es\/2022\/05\/30\/tro-bro-leon\/#primaryimage"},"thumbnailUrl":"https:\/\/d2p6e6u75xmxt8.cloudfront.net\/6\/2022\/05\/Tro_Bro_Leon_CVR.jpeg","datePublished":"2022-05-30T07:11:36+00:00","author":{"@id":"https:\/\/www.welovecycling.com\/es\/#\/schema\/person\/deb61715b5812698ee79fb96f343ccd4"},"description":"Tro-Bro Leon, una carrera de culto. La historia y el futuro de una carrera ciclista diferente. La breta\u00f1a, tierra y un acuerdo con ASO.","breadcrumb":{"@id":"https:\/\/www.welovecycling.com\/es\/2022\/05\/30\/tro-bro-leon\/#breadcrumb"},"inLanguage":"es-ES","potentialAction":[{"@type":"ReadAction","target":["https:\/\/www.welovecycling.com\/es\/2022\/05\/30\/tro-bro-leon\/"]}]},{"@type":"ImageObject","inLanguage":"es-ES","@id":"https:\/\/www.welovecycling.com\/es\/2022\/05\/30\/tro-bro-leon\/#primaryimage","url":"https:\/\/d2p6e6u75xmxt8.cloudfront.net\/6\/2022\/05\/Tro_Bro_Leon_CVR.jpeg","contentUrl":"https:\/\/d2p6e6u75xmxt8.cloudfront.net\/6\/2022\/05\/Tro_Bro_Leon_CVR.jpeg","width":2048,"height":1366,"caption":"Tro Bro L\u00e9on"},{"@type":"BreadcrumbList","@id":"https:\/\/www.welovecycling.com\/es\/2022\/05\/30\/tro-bro-leon\/#breadcrumb","itemListElement":[{"@type":"ListItem","position":1,"name":"Home","item":"https:\/\/www.welovecycling.com\/es\/"},{"@type":"ListItem","position":2,"name":"Tro-Bro Leon, una carrera de culto"}]},{"@type":"WebSite","@id":"https:\/\/www.welovecycling.com\/es\/#website","url":"https:\/\/www.welovecycling.com\/es\/","name":"\u0160koda We Love Cycling - Spain","description":"\u0160koda WeLoveCycling Spain","potentialAction":[{"@type":"SearchAction","target":{"@type":"EntryPoint","urlTemplate":"https:\/\/www.welovecycling.com\/es\/?s={search_term_string}"},"query-input":{"@type":"PropertyValueSpecification","valueRequired":true,"valueName":"search_term_string"}}],"inLanguage":"es-ES"},{"@type":"Person","@id":"https:\/\/www.welovecycling.com\/es\/#\/schema\/person\/deb61715b5812698ee79fb96f343ccd4","name":"We Love Cycling Spain","image":{"@type":"ImageObject","inLanguage":"es-ES","@id":"https:\/\/www.welovecycling.com\/es\/#\/schema\/person\/image\/","url":"https:\/\/secure.gravatar.com\/avatar\/c824b04e6df0e37a03219d0b6481672889df542894588964102459e46513159c?s=96&d=mm&r=g","contentUrl":"https:\/\/secure.gravatar.com\/avatar\/c824b04e6df0e37a03219d0b6481672889df542894588964102459e46513159c?s=96&d=mm&r=g","caption":"We Love Cycling Spain"},"url":"https:\/\/www.welovecycling.com\/es\/author\/amunoz\/"}]}},"_links":{"self":[{"href":"https:\/\/www.welovecycling.com\/es\/wp-json\/wp\/v2\/posts\/8956","targetHints":{"allow":["GET"]}}],"collection":[{"href":"https:\/\/www.welovecycling.com\/es\/wp-json\/wp\/v2\/posts"}],"about":[{"href":"https:\/\/www.welovecycling.com\/es\/wp-json\/wp\/v2\/types\/post"}],"author":[{"embeddable":true,"href":"https:\/\/www.welovecycling.com\/es\/wp-json\/wp\/v2\/users\/29"}],"replies":[{"embeddable":true,"href":"https:\/\/www.welovecycling.com\/es\/wp-json\/wp\/v2\/comments?post=8956"}],"version-history":[{"count":1,"href":"https:\/\/www.welovecycling.com\/es\/wp-json\/wp\/v2\/posts\/8956\/revisions"}],"predecessor-version":[{"id":8959,"href":"https:\/\/www.welovecycling.com\/es\/wp-json\/wp\/v2\/posts\/8956\/revisions\/8959"}],"wp:featuredmedia":[{"embeddable":true,"href":"https:\/\/www.welovecycling.com\/es\/wp-json\/wp\/v2\/media\/8958"}],"wp:attachment":[{"href":"https:\/\/www.welovecycling.com\/es\/wp-json\/wp\/v2\/media?parent=8956"}],"wp:term":[{"taxonomy":"category","embeddable":true,"href":"https:\/\/www.welovecycling.com\/es\/wp-json\/wp\/v2\/categories?post=8956"},{"taxonomy":"post_tag","embeddable":true,"href":"https:\/\/www.welovecycling.com\/es\/wp-json\/wp\/v2\/tags?post=8956"},{"taxonomy":"global-categories","embeddable":true,"href":"https:\/\/www.welovecycling.com\/es\/wp-json\/wp\/v2\/global-categories?post=8956"}],"curies":[{"name":"wp","href":"https:\/\/api.w.org\/{rel}","templated":true}]}}