{"id":8934,"date":"2022-05-18T17:08:46","date_gmt":"2022-05-18T15:08:46","guid":{"rendered":"https:\/\/www.welovecycling.com\/es\/?p=8934"},"modified":"2022-05-18T17:08:46","modified_gmt":"2022-05-18T15:08:46","slug":"tour-de-francia-femenino-2","status":"publish","type":"post","link":"https:\/\/www.welovecycling.com\/es\/2022\/05\/18\/tour-de-francia-femenino-2\/","title":{"rendered":"Tour de Francia femenino. Comienza la cuenta atr\u00e1s"},"content":{"rendered":"<p><strong>En poco m\u00e1s de dos meses, las participantes del Tour de Francia Femenino se preparar\u00e1n para pedalear hacia la victoria en el evento ciclista m\u00e1s hist\u00f3rico de 2022. Despu\u00e9s de un par\u00e9ntesis de 33 a\u00f1os, el m\u00e1ximo honor del mundo del ciclismo reintroducir\u00e1 su carrera femenina, y no podr\u00edamos estar m\u00e1s expectantes por ver c\u00f3mo se desarrolla la acci\u00f3n.<\/strong><\/p>\n<p><!--more--><\/p>\n<p>La carrera, de ocho d\u00edas de duraci\u00f3n, comenzar\u00e1 en la Torre Eiffel y concluir\u00e1 con un final \u00e9pico en la Planche des Belles Filles. El recorrido, de 1.029 kil\u00f3metros, incluye dos etapas para llegadoras, una etapa repleta de sectores de grava y cuatro etapas llanas que podr\u00edan acabar en sprints del pelot\u00f3n o en victorias de las escapadas. Este recorrido polifac\u00e9tico concluir\u00e1 con dos etapas de monta\u00f1a consecutivas en los Vosgos, el tel\u00f3n de fondo en el que se coronar\u00e1 a al ganadora de la general.<\/p>\n<p>No hace falta decir que hay muchas cosas que seguir mientras esperamos que se de el banderazo de salida. En las semanas que preceden al gran evento, te esperan actualizaciones de los equipos, opiniones de las corredoras y mucho m\u00e1s. Vamos a profundizar en ello.<\/p>\n<figure id=\"attachment_8938\" aria-describedby=\"caption-attachment-8938\" style=\"width: 1000px\" class=\"wp-caption alignnone\"><a href=\"https:\/\/d2p6e6u75xmxt8.cloudfront.net\/6\/2022\/05\/Demi-Vollering-profimedia-0617978373.jpg\"><img loading=\"lazy\" decoding=\"async\" class=\"size-full wp-image-8938\" src=\"https:\/\/d2p6e6u75xmxt8.cloudfront.net\/6\/2022\/05\/Demi-Vollering-profimedia-0617978373.jpg\" alt=\"Demi Vollering\" width=\"1000\" height=\"657\" srcset=\"https:\/\/d2p6e6u75xmxt8.cloudfront.net\/6\/2022\/05\/Demi-Vollering-profimedia-0617978373.jpg 1000w, https:\/\/d2p6e6u75xmxt8.cloudfront.net\/6\/2022\/05\/Demi-Vollering-profimedia-0617978373-300x197.jpg 300w, https:\/\/d2p6e6u75xmxt8.cloudfront.net\/6\/2022\/05\/Demi-Vollering-profimedia-0617978373-768x505.jpg 768w\" sizes=\"auto, (max-width: 1000px) 100vw, 1000px\" \/><\/a><figcaption id=\"caption-attachment-8938\" class=\"wp-caption-text\">\u00bfSer\u00e1 Demi Vollering una de las favoritas? \u00a9 Profimedia<\/figcaption><\/figure>\n<h2><strong><br \/>\nTour de France Femenino 2022. Las etapas<\/strong><\/h2>\n<p>Las o<a href=\"https:\/\/www.letourfemmes.fr\/en\/\">cho etapas<\/a> del Tour de Francia Femenino tienen entre 82 km y 175 km. La etapa 5, que incluye tres subidas, es la m\u00e1s larga de las ocho. Con 175 km, supera el l\u00edmite de 160 km establecido por la UCI para el WorldTour femenino. Si quieres saber m\u00e1s, consulta <a href=\"https:\/\/www.welovecycling.com\/es\/2021\/11\/25\/tour-de-francia-femenino\/\">nuestro art\u00edculo anterior<\/a><\/p>\n<h2><strong>Equipos seleccionados<\/strong><\/h2>\n<p>A finales de marzo, ASO anunci\u00f3 los 24 equipos que participar\u00e1n en el primer Tour de Francia femenino.<\/p>\n<p>Los 14 equipos del UCI Women&#8217;s WorldTour estar\u00e1n representados, y 10 equipos femeninos del UCI Continental tambi\u00e9n participar\u00e1n en el evento. Adem\u00e1s, se han concedido tres plazas a los tres mejores equipos continentales de 2021: Ceratizit-WNT Pro Cycling, Valcar-Travel and Service y Parkhotel Valkenburg.<\/p>\n<p>Las siete plazas restantes se otorgaron en base a una selecci\u00f3n de comodines. Los seleccionados fueron el AG Insurance NXTG Team, Ark\u00e9a Pro Cycling Team, Cofidis Women Team, Le Col-Wahoo, Plantur-Pura, St Michel-Auber93 WE y Stade Rochelais Charente-Maritime.<\/p>\n<h2><strong>Todos los equipos del Tour 2022 femenino<\/strong><\/h2>\n<p>Canyon-SRAM Racing<br \/>\nEF Education-TIBCO-SVB<br \/>\nFDJ Nouvelle-Aquitaine Futuroscope<br \/>\nHuman Powered Health Women<br \/>\nLiv Racing Xstra<br \/>\nMovistar Team Women<br \/>\nRoland Cogeas Edelweiss Squad<br \/>\nBikeExchange-Jayco Women<br \/>\nTeam DSM Women<br \/>\nJumbo-Visma<br \/>\nSD Worx<br \/>\nTrek-Segafredo Women<br \/>\nUAE Team ADQ<br \/>\nUno-X Pro Cycling Women<br \/>\nCeratizit-WNT Pro Cycling Team<br \/>\nParkhotel Valkenburg<br \/>\nValcar-Travel &amp; Service<br \/>\nAG Insurance-NXTG<br \/>\nArk\u00e9a Pro Cycling Team<br \/>\nCofidis Women Team<br \/>\nLe Col Wahoo<br \/>\nPlantur-Pura<br \/>\nStade Rochelais Charente Maritime<br \/>\nSt Michel-Auber 93<\/p>\n<h2><strong>\u00bfQui\u00e9n puede vestir el maillot amarillo?<\/strong><\/h2>\n<p>La competici\u00f3n por este t\u00edtulo hist\u00f3rico ser\u00e1 una de las m\u00e1s re\u00f1idas que se han visto en el ciclismo profesional, tanto en hombres como en mujeres. As\u00ed pues, echemos un vistazo a algunos de los principales aspirantes:<\/p>\n<p>&#8211; A pesar de la confirmaci\u00f3n de una lesi\u00f3n en la mu\u00f1eca a finales del mes pasado, se espera que Annemiek van Vleuten (Movistar) se recupere completamente y sigue siendo una de las favoritas para ganar el Tour de Francia Femenino. La tres veces campeona del mundo y dos veces ganadora del Giro Rosa est\u00e1 en su mejor momento en terrenos accidentados y sin duda har\u00e1 volar algunas cabezas en las monta\u00f1as de las etapas 7 y 8.<\/p>\n<p>&#8211; Demi Vollering (Team SD Worx), que gan\u00f3 <a href=\"https:\/\/www.welovecycling.com\/wide\/2021\/06\/28\/demi-vollering-shows-no-mercy-at-the-8th-and-final-edition-of-la-course\/\">La Course en 2021,<\/a> es otra de las principales candidatas. Aunque tiene un estilo muy diferente al de van Vleuten y puede que no rinda tanto en las \u00faltimas subidas, su equipo tiene opciones. La ciclista sudafricana Ashleigh Moolman es muy fiable en las subidas, al igual que el joven talento del equipo Niamh Fisher-Black.<\/p>\n<p>&#8211; Otro d\u00fao de expertas en la monta\u00f1a son Elisa Longo Borghini y Lizzie Deignan, del Trek-Segafredo. Si se posicionan bien y se les da la ventaja necesaria para participar en la t\u00e1ctica, podr\u00edan resultar dif\u00edciles de batir.<\/p>\n<p>&#8211; Naturalmente, tambi\u00e9n habr\u00e1 una buena parte de aficionados que apuesten por Marianne Vos (Jumbo-Visma). Puede que no tenga las piernas de monta\u00f1a de algunas de las otras, pero si algo sabemos de esta ciclista holandesa es que hay que esperar lo inesperado.<\/p>\n<p>&#8211; Feroz, vers\u00e1til y preparada para una gran victoria, Kasia Niewiadoma (Canyon\/\/SRAM) tambi\u00e9n es una de las ciclistas a las que hay que tener en cuenta a la hora de conseguir el maillot amarillo. Demostr\u00f3 de lo que es capaz cuando gan\u00f3 The Women&#8217;s Tour en 2019 y ha estado montando fuerte desde entonces.<\/p>\n<p>&#8211; El equipo franc\u00e9s FDJ Nouvelle-Aquitaine Futuroscope no ha tenido reparos en dejar claras sus intenciones para el Tour de Francia Femenino de este a\u00f1o: quieren ganar. La superestrella danesa Cecilie Uttrup Ludwig, que termin\u00f3 segunda en La Course el a\u00f1o pasado, es el claro veh\u00edculo de esta ambici\u00f3n.<\/p>\n<h2><strong>Un nuevo impulso para el ciclismo femenino<\/strong><\/h2>\n<p>Hemos dedicado mucho tiempo y espacio a hablar de la evoluci\u00f3n del ciclismo femenino en la \u00faltima d\u00e9cada, y eso es porque su impulso ha aumentado. Desde la mejora de las condiciones de los equipos y los salarios m\u00ednimos hasta el aumento de la cobertura y la informaci\u00f3n en directo, los astros se han alineado por fin para que este deporte adquiera su propia dimensi\u00f3n.<\/p>\n<p>A la espera de la carrera de este a\u00f1o, es esencial recordar que a\u00fan queda trabajo por hacer. Con esto en mente, me gustar\u00eda terminar con esta cita que me gusta especialmente de la ciclista profesional, autora, cineasta, activista y oradora motivacional Kathryn Bertine.<\/p>\n<p>&#8220;El Tour de Francia femenino es mucho m\u00e1s grande que una carrera ciclista&#8221;, <a href=\"https:\/\/www.flobikes.com\/articles\/7122232-the-tour-de-france-will-have-a-womens-stage-race-in-2022\">dijo Bertine<\/a>. &#8220;Es un faro de progreso para la sociedad de que los hombres y las mujeres son valorados por igual en la cima. As\u00ed que s\u00ed, aplaudo la llegada de los ocho d\u00edas en 2022. Ser\u00e9 la que m\u00e1s aplauda. Y entre bastidores, seguir\u00e9 presionando para que se a\u00f1adan dos semanas m\u00e1s en los pr\u00f3ximos a\u00f1os&#8221;.<\/p>\n<p>\u00a1Y nosotros estaremos a su lado! Permanece atento a m\u00e1s informaci\u00f3n sobre el Tour de Francia Femenino a medida que la emoci\u00f3n aumenta en las pr\u00f3ximas semanas.<\/p>\n","protected":false},"excerpt":{"rendered":"<p>En poco m\u00e1s de dos meses, las participantes del Tour de Francia Femenino se preparar\u00e1n para pedalear hacia la victoria [&hellip;]<\/p>\n","protected":false},"author":29,"featured_media":7902,"comment_status":"open","ping_status":"open","sticky":false,"template":"","format":"standard","meta":{"footnotes":""},"categories":[7],"tags":[2173,2174],"global-categories":[],"class_list":["post-8934","post","type-post","status-publish","format-standard","has-post-thumbnail","hentry","category-carretera","tag-tour-francia-femenino","tag-tour-francia-femmes"],"yoast_head":"<!-- This site is optimized with the Yoast SEO Premium plugin v25.3 (Yoast SEO v25.9) - https:\/\/yoast.com\/wordpress\/plugins\/seo\/ -->\n<title>Tour de Francia femenino. Comienza la cuenta atr\u00e1s<\/title>\n<meta name=\"description\" content=\"Tour de Francia Femenino 2022. Comienza la cuenta atr\u00e1s. Solo quedan 10 semanas. Equipos, favoritas, etapas...\" \/>\n<meta name=\"robots\" content=\"index, follow, max-snippet:-1, max-image-preview:large, max-video-preview:-1\" \/>\n<link rel=\"canonical\" href=\"https:\/\/www.welovecycling.com\/es\/2022\/05\/18\/tour-de-francia-femenino-2\/\" \/>\n<meta property=\"og:locale\" content=\"es_ES\" \/>\n<meta property=\"og:type\" content=\"article\" \/>\n<meta property=\"og:title\" content=\"Tour de Francia femenino. Comienza la cuenta atr\u00e1s\" \/>\n<meta property=\"og:description\" content=\"Tour de Francia Femenino 2022. Comienza la cuenta atr\u00e1s. Solo quedan 10 semanas. Equipos, favoritas, etapas...\" \/>\n<meta property=\"og:url\" content=\"https:\/\/www.welovecycling.com\/es\/2022\/05\/18\/tour-de-francia-femenino-2\/\" \/>\n<meta property=\"og:site_name\" content=\"\u0160koda We Love Cycling - Spain\" \/>\n<meta property=\"article:published_time\" content=\"2022-05-18T15:08:46+00:00\" \/>\n<meta property=\"og:image\" content=\"https:\/\/d2p6e6u75xmxt8.cloudfront.net\/6\/2021\/07\/Womens-Peloton-profimedia-0617976051-CVR.jpg\" \/>\n\t<meta property=\"og:image:width\" content=\"1366\" \/>\n\t<meta property=\"og:image:height\" content=\"600\" \/>\n\t<meta property=\"og:image:type\" content=\"image\/jpeg\" \/>\n<meta name=\"author\" content=\"We Love Cycling Spain\" \/>\n<meta name=\"twitter:card\" content=\"summary_large_image\" \/>\n<meta name=\"twitter:title\" content=\"Tour de Francia Femenino 2022. Comienza la cuenta atr\u00e1s\" \/>\n<meta name=\"twitter:description\" content=\"Tour de Francia Femenino 2022. Comienza la cuenta atr\u00e1s. Solo quedan 10 semanas. Equipos, favoritas, etapas...\" \/>\n<meta name=\"twitter:label1\" content=\"Written by\" \/>\n\t<meta name=\"twitter:data1\" content=\"Megan Flottorp\" \/>\n\t<meta name=\"twitter:label2\" content=\"Est. reading time\" \/>\n\t<meta name=\"twitter:data2\" content=\"6\" \/>\n<script type=\"application\/ld+json\" class=\"yoast-schema-graph\">{\"@context\":\"https:\/\/schema.org\",\"@graph\":[{\"@type\":\"WebPage\",\"@id\":\"https:\/\/www.welovecycling.com\/es\/2022\/05\/18\/tour-de-francia-femenino-2\/\",\"url\":\"https:\/\/www.welovecycling.com\/es\/2022\/05\/18\/tour-de-francia-femenino-2\/\",\"name\":\"Tour de Francia femenino. Comienza la cuenta atr\u00e1s\",\"isPartOf\":{\"@id\":\"https:\/\/www.welovecycling.com\/es\/#website\"},\"primaryImageOfPage\":{\"@id\":\"https:\/\/www.welovecycling.com\/es\/2022\/05\/18\/tour-de-francia-femenino-2\/#primaryimage\"},\"image\":{\"@id\":\"https:\/\/www.welovecycling.com\/es\/2022\/05\/18\/tour-de-francia-femenino-2\/#primaryimage\"},\"thumbnailUrl\":\"https:\/\/d2p6e6u75xmxt8.cloudfront.net\/6\/2021\/07\/Womens-Peloton-profimedia-0617976051-CVR.jpg\",\"datePublished\":\"2022-05-18T15:08:46+00:00\",\"author\":{\"@id\":\"https:\/\/www.welovecycling.com\/es\/#\/schema\/person\/deb61715b5812698ee79fb96f343ccd4\"},\"description\":\"Tour de Francia Femenino 2022. Comienza la cuenta atr\u00e1s. Solo quedan 10 semanas. Equipos, favoritas, etapas...\",\"breadcrumb\":{\"@id\":\"https:\/\/www.welovecycling.com\/es\/2022\/05\/18\/tour-de-francia-femenino-2\/#breadcrumb\"},\"inLanguage\":\"es-ES\",\"potentialAction\":[{\"@type\":\"ReadAction\",\"target\":[\"https:\/\/www.welovecycling.com\/es\/2022\/05\/18\/tour-de-francia-femenino-2\/\"]}]},{\"@type\":\"ImageObject\",\"inLanguage\":\"es-ES\",\"@id\":\"https:\/\/www.welovecycling.com\/es\/2022\/05\/18\/tour-de-francia-femenino-2\/#primaryimage\",\"url\":\"https:\/\/d2p6e6u75xmxt8.cloudfront.net\/6\/2021\/07\/Womens-Peloton-profimedia-0617976051-CVR.jpg\",\"contentUrl\":\"https:\/\/d2p6e6u75xmxt8.cloudfront.net\/6\/2021\/07\/Womens-Peloton-profimedia-0617976051-CVR.jpg\",\"width\":1366,\"height\":600,\"caption\":\"Women's Race\"},{\"@type\":\"BreadcrumbList\",\"@id\":\"https:\/\/www.welovecycling.com\/es\/2022\/05\/18\/tour-de-francia-femenino-2\/#breadcrumb\",\"itemListElement\":[{\"@type\":\"ListItem\",\"position\":1,\"name\":\"Home\",\"item\":\"https:\/\/www.welovecycling.com\/es\/\"},{\"@type\":\"ListItem\",\"position\":2,\"name\":\"Tour de Francia femenino. Comienza la cuenta atr\u00e1s\"}]},{\"@type\":\"WebSite\",\"@id\":\"https:\/\/www.welovecycling.com\/es\/#website\",\"url\":\"https:\/\/www.welovecycling.com\/es\/\",\"name\":\"\u0160koda We Love Cycling - Spain\",\"description\":\"\u0160koda WeLoveCycling Spain\",\"potentialAction\":[{\"@type\":\"SearchAction\",\"target\":{\"@type\":\"EntryPoint\",\"urlTemplate\":\"https:\/\/www.welovecycling.com\/es\/?s={search_term_string}\"},\"query-input\":{\"@type\":\"PropertyValueSpecification\",\"valueRequired\":true,\"valueName\":\"search_term_string\"}}],\"inLanguage\":\"es-ES\"},{\"@type\":\"Person\",\"@id\":\"https:\/\/www.welovecycling.com\/es\/#\/schema\/person\/deb61715b5812698ee79fb96f343ccd4\",\"name\":\"We Love Cycling Spain\",\"image\":{\"@type\":\"ImageObject\",\"inLanguage\":\"es-ES\",\"@id\":\"https:\/\/www.welovecycling.com\/es\/#\/schema\/person\/image\/\",\"url\":\"https:\/\/secure.gravatar.com\/avatar\/c824b04e6df0e37a03219d0b6481672889df542894588964102459e46513159c?s=96&d=mm&r=g\",\"contentUrl\":\"https:\/\/secure.gravatar.com\/avatar\/c824b04e6df0e37a03219d0b6481672889df542894588964102459e46513159c?s=96&d=mm&r=g\",\"caption\":\"We Love Cycling Spain\"},\"url\":\"https:\/\/www.welovecycling.com\/es\/author\/amunoz\/\"}]}<\/script>\n<!-- \/ Yoast SEO Premium plugin. -->","yoast_head_json":{"title":"Tour de Francia femenino. Comienza la cuenta atr\u00e1s","description":"Tour de Francia Femenino 2022. Comienza la cuenta atr\u00e1s. Solo quedan 10 semanas. Equipos, favoritas, etapas...","robots":{"index":"index","follow":"follow","max-snippet":"max-snippet:-1","max-image-preview":"max-image-preview:large","max-video-preview":"max-video-preview:-1"},"canonical":"https:\/\/www.welovecycling.com\/es\/2022\/05\/18\/tour-de-francia-femenino-2\/","og_locale":"es_ES","og_type":"article","og_title":"Tour de Francia femenino. Comienza la cuenta atr\u00e1s","og_description":"Tour de Francia Femenino 2022. Comienza la cuenta atr\u00e1s. Solo quedan 10 semanas. Equipos, favoritas, etapas...","og_url":"https:\/\/www.welovecycling.com\/es\/2022\/05\/18\/tour-de-francia-femenino-2\/","og_site_name":"\u0160koda We Love Cycling - Spain","article_published_time":"2022-05-18T15:08:46+00:00","og_image":[{"width":1366,"height":600,"url":"https:\/\/d2p6e6u75xmxt8.cloudfront.net\/6\/2021\/07\/Womens-Peloton-profimedia-0617976051-CVR.jpg","type":"image\/jpeg"}],"author":"We Love Cycling Spain","twitter_card":"summary_large_image","twitter_title":"Tour de Francia Femenino 2022. Comienza la cuenta atr\u00e1s","twitter_description":"Tour de Francia Femenino 2022. Comienza la cuenta atr\u00e1s. Solo quedan 10 semanas. Equipos, favoritas, etapas...","twitter_misc":{"Written by":"Megan Flottorp","Est. reading time":"6"},"schema":{"@context":"https:\/\/schema.org","@graph":[{"@type":"WebPage","@id":"https:\/\/www.welovecycling.com\/es\/2022\/05\/18\/tour-de-francia-femenino-2\/","url":"https:\/\/www.welovecycling.com\/es\/2022\/05\/18\/tour-de-francia-femenino-2\/","name":"Tour de Francia femenino. Comienza la cuenta atr\u00e1s","isPartOf":{"@id":"https:\/\/www.welovecycling.com\/es\/#website"},"primaryImageOfPage":{"@id":"https:\/\/www.welovecycling.com\/es\/2022\/05\/18\/tour-de-francia-femenino-2\/#primaryimage"},"image":{"@id":"https:\/\/www.welovecycling.com\/es\/2022\/05\/18\/tour-de-francia-femenino-2\/#primaryimage"},"thumbnailUrl":"https:\/\/d2p6e6u75xmxt8.cloudfront.net\/6\/2021\/07\/Womens-Peloton-profimedia-0617976051-CVR.jpg","datePublished":"2022-05-18T15:08:46+00:00","author":{"@id":"https:\/\/www.welovecycling.com\/es\/#\/schema\/person\/deb61715b5812698ee79fb96f343ccd4"},"description":"Tour de Francia Femenino 2022. Comienza la cuenta atr\u00e1s. Solo quedan 10 semanas. Equipos, favoritas, etapas...","breadcrumb":{"@id":"https:\/\/www.welovecycling.com\/es\/2022\/05\/18\/tour-de-francia-femenino-2\/#breadcrumb"},"inLanguage":"es-ES","potentialAction":[{"@type":"ReadAction","target":["https:\/\/www.welovecycling.com\/es\/2022\/05\/18\/tour-de-francia-femenino-2\/"]}]},{"@type":"ImageObject","inLanguage":"es-ES","@id":"https:\/\/www.welovecycling.com\/es\/2022\/05\/18\/tour-de-francia-femenino-2\/#primaryimage","url":"https:\/\/d2p6e6u75xmxt8.cloudfront.net\/6\/2021\/07\/Womens-Peloton-profimedia-0617976051-CVR.jpg","contentUrl":"https:\/\/d2p6e6u75xmxt8.cloudfront.net\/6\/2021\/07\/Womens-Peloton-profimedia-0617976051-CVR.jpg","width":1366,"height":600,"caption":"Women's Race"},{"@type":"BreadcrumbList","@id":"https:\/\/www.welovecycling.com\/es\/2022\/05\/18\/tour-de-francia-femenino-2\/#breadcrumb","itemListElement":[{"@type":"ListItem","position":1,"name":"Home","item":"https:\/\/www.welovecycling.com\/es\/"},{"@type":"ListItem","position":2,"name":"Tour de Francia femenino. Comienza la cuenta atr\u00e1s"}]},{"@type":"WebSite","@id":"https:\/\/www.welovecycling.com\/es\/#website","url":"https:\/\/www.welovecycling.com\/es\/","name":"\u0160koda We Love Cycling - Spain","description":"\u0160koda WeLoveCycling Spain","potentialAction":[{"@type":"SearchAction","target":{"@type":"EntryPoint","urlTemplate":"https:\/\/www.welovecycling.com\/es\/?s={search_term_string}"},"query-input":{"@type":"PropertyValueSpecification","valueRequired":true,"valueName":"search_term_string"}}],"inLanguage":"es-ES"},{"@type":"Person","@id":"https:\/\/www.welovecycling.com\/es\/#\/schema\/person\/deb61715b5812698ee79fb96f343ccd4","name":"We Love Cycling Spain","image":{"@type":"ImageObject","inLanguage":"es-ES","@id":"https:\/\/www.welovecycling.com\/es\/#\/schema\/person\/image\/","url":"https:\/\/secure.gravatar.com\/avatar\/c824b04e6df0e37a03219d0b6481672889df542894588964102459e46513159c?s=96&d=mm&r=g","contentUrl":"https:\/\/secure.gravatar.com\/avatar\/c824b04e6df0e37a03219d0b6481672889df542894588964102459e46513159c?s=96&d=mm&r=g","caption":"We Love Cycling Spain"},"url":"https:\/\/www.welovecycling.com\/es\/author\/amunoz\/"}]}},"_links":{"self":[{"href":"https:\/\/www.welovecycling.com\/es\/wp-json\/wp\/v2\/posts\/8934","targetHints":{"allow":["GET"]}}],"collection":[{"href":"https:\/\/www.welovecycling.com\/es\/wp-json\/wp\/v2\/posts"}],"about":[{"href":"https:\/\/www.welovecycling.com\/es\/wp-json\/wp\/v2\/types\/post"}],"author":[{"embeddable":true,"href":"https:\/\/www.welovecycling.com\/es\/wp-json\/wp\/v2\/users\/29"}],"replies":[{"embeddable":true,"href":"https:\/\/www.welovecycling.com\/es\/wp-json\/wp\/v2\/comments?post=8934"}],"version-history":[{"count":2,"href":"https:\/\/www.welovecycling.com\/es\/wp-json\/wp\/v2\/posts\/8934\/revisions"}],"predecessor-version":[{"id":8945,"href":"https:\/\/www.welovecycling.com\/es\/wp-json\/wp\/v2\/posts\/8934\/revisions\/8945"}],"wp:featuredmedia":[{"embeddable":true,"href":"https:\/\/www.welovecycling.com\/es\/wp-json\/wp\/v2\/media\/7902"}],"wp:attachment":[{"href":"https:\/\/www.welovecycling.com\/es\/wp-json\/wp\/v2\/media?parent=8934"}],"wp:term":[{"taxonomy":"category","embeddable":true,"href":"https:\/\/www.welovecycling.com\/es\/wp-json\/wp\/v2\/categories?post=8934"},{"taxonomy":"post_tag","embeddable":true,"href":"https:\/\/www.welovecycling.com\/es\/wp-json\/wp\/v2\/tags?post=8934"},{"taxonomy":"global-categories","embeddable":true,"href":"https:\/\/www.welovecycling.com\/es\/wp-json\/wp\/v2\/global-categories?post=8934"}],"curies":[{"name":"wp","href":"https:\/\/api.w.org\/{rel}","templated":true}]}}