{"id":8928,"date":"2022-05-14T09:10:09","date_gmt":"2022-05-14T07:10:09","guid":{"rendered":"https:\/\/www.welovecycling.com\/es\/?p=8928"},"modified":"2022-05-14T09:10:09","modified_gmt":"2022-05-14T07:10:09","slug":"vatios-titan-desert","status":"publish","type":"post","link":"https:\/\/www.welovecycling.com\/es\/2022\/05\/14\/vatios-titan-desert\/","title":{"rendered":"Los vatios de la Titan Desert, por Tomi Misser"},"content":{"rendered":"<p><strong>Para enfrentarte al desierto puedes emplear toda la tecnolog\u00eda a tu alcance. El potenci\u00f3metro, los vatios y su aplicaci\u00f3n a la plataforma Training Picks no faltan en casi ninguno de los titanes. Tampoco en\u00a0 <a href=\"https:\/\/www.welovecycling.com\/es\/2021\/01\/14\/tomi-misser-se-sube-a-mondraker-en-2021\/\">Tomi Misser<\/a>, que es su \u00faltimo video nos explica los vatios que ha movido en la \u0160koda Titan Desert Morocco, c\u00f3mo se ha resuelto la clasificaci\u00f3n general y como leer los tracks para navegar en el desierto junto a Julen Zubero. <\/strong><!--more--><\/p>\n<p><b>Misser ha ido de menos a m\u00e1s en esta Titan. Lleg\u00f3 cansado despu\u00e9s de una semana con demasiado esfuerzo acumulado.<\/b> Sufri\u00f3 los tres primeros d\u00edas hasta llegar al l\u00edmite del abandono, y fue recuperando sensaciones despu\u00e9s hasta acabar noveno en la general y tercero en la categor\u00eda de Master 40. Todo esto son sensaciones, pero est\u00e1n reflejadas en los datos de su Training Peaks.<\/p>\n<p>En el v\u00eddeo compara el cansancio acumulado en la semana de la \u0160koda Titan Desert Morocco<b>, 1028 tss (Training Stress Score) con los<strong> m\u00e1s de 900 <\/strong><\/b>que hizo en un solo d\u00eda en La Traka (una carrera de 14 horas) la semana anterior<b><strong>. Evidentemente, esto trae consecuencias y Misser no pudo llegar a su m\u00e1xima intensidad los d\u00edas previos.<\/p>\n<p>Y como referencia para saber los vatios que movi\u00f3 en la Titan Desert, la \u00faltima etapa, de 75 kil\u00f3metros, la resolvi\u00f3 con 170 tss de cansancio acumulado y la intensidad al 0,80 (el 80% de su m\u00e1xima capacidad) y una potencia de vatios normalizada de 271 vatios.\u00a0<\/strong><\/b><\/p>\n<p>Y claro, en el especial no pod\u00eda faltar la emoci\u00f3n de acabar la Titan Desert. Tomi Misser\u00a0 lleg\u00f3 a meta junto a Julen Zubero, tercer clasificado, y pudo ver c\u00f3mo <a href=\"https:\/\/titandesert.com\/looser-y-la-perseverancia\/\">Looser arrebataba el triunfo<\/a> a Francisco Herrero por una decena de segundos despu\u00e9s de tomar un recorte en el final de la \u00faltima etapa de la <strong>\u0160koda Titan Desert Morocco.\u00a0<\/strong><\/p>\n<p><strong>Antes de todo eso, el v\u00eddeo arranca con un especial sobre tracks, que explica\u00a0 Julen Zubero. <\/strong>\u00a0Te lo da la organizaci\u00f3n y te encargas de meter el punto obligatorio de paso y los puntos de hidrataci\u00f3n. Y una vez cargado tienes que hacer el trazado para hacer los menos kil\u00f3metros posibles. Mapa o Google Earth. En un d\u00eda de navegaci\u00f3n se pueden recortar hasta 10\/12 kil\u00f3metros de una etapa de 105. Luego despu\u00e9s se puede improvisar y escoger donde meterse. Pero sobre todo hay que elegir la seguridad para llegar.<\/p>\n<p>&nbsp;<\/p>\n<lite-youtube videoid=XRj-H3Rf4tA params=\"enablejsapi=1\" style=\"background-image: url('https:\/\/i.ytimg.com\/vi_webp\/XRj-H3Rf4tA\/maxresdefault.webp');\"><\/lite-youtube>\n<p><span style=\"color: inherit; font-family: inherit; font-size: 1.15em; font-weight: 600;\">Clasificaci\u00f3n General Final<\/span>\u00a0<span style=\"color: inherit; font-family: inherit; font-size: 1.15em; font-weight: 600;\">masculina<\/span><\/p>\n<p>1. KONNY LOOSER (TAMAYO TEAM) \u2013 21:37:49<br \/>\n2. FRANCISCO HERRERO (CANNONDALE TB) \u2013 21:38:01<br \/>\n3. JULEN ZUBERO (KRYPTEIA) \u2013 21:45:17<br \/>\n4. PAU MARZA (THE WHITE ANGEL BY SANTIVERI) \u2013 21:54:52<br \/>\n5. GUILLEM MU\u00d1OZ (EDIBIKES) \u2013 21:56:57<br \/>\n6. ORIOL COLOME \u2013 22:03:28<br \/>\n7. LUIS ENRIQUE LOPEZ (KH7) \u2013 22:18:27<br \/>\n8. PABLO GARRIDO (GOBIK FACTORY TEAM) \u2013 22:23:26<br \/>\n9. TOMAS MISSER (SKODA WE LOVE CYCLING MONDRAKER) \u2013 22:27:13<br \/>\n10. PAU SALV\u00c0 (FACTOR8 CYCLING PROJECT) \u2013 22:46:14<\/p>\n<h4>Clasificaci\u00f3n General Final femenina<\/h4>\n<p>1. ANNA RAM\u00cdREZ (KH7) \u2013 24:42:36<br \/>\n2. VERA LOOSER (TAMAYO TEAM) \u2013 24:48:33<br \/>\n3. RAMONA GABRIEL (GARMIN-LAPIERRE) \u2013 25:36:43<br \/>\n4. MARTA TORA (CANNONDALE TB) \u2013 27:36:51<br \/>\n5. ARIADNA RODENAS (AZONA) \u2013 27:39:52<br \/>\n6. ZUZANA BOHACOVA (\u0160koda AUTO WE LOVE CYCLING TEAM) \u2013 28:06:11<br \/>\n7. ALBA SOLES (EDIBIKES) \u2013 28:38:23<br \/>\n8. CRISTINA PUJOL (GHOST) \u2013 28:47:38<br \/>\n9. MARIA LUISA CUENCO (QUIRONPREVENCION) \u2013 30:21:51<br \/>\n10. MISHA SEKULOVA (\u0160koda AUTO WE LOVE CYCLING TEAM) \u2013 30:36:34<\/p>\n","protected":false},"excerpt":{"rendered":"<p>Para enfrentarte al desierto puedes emplear toda la tecnolog\u00eda a tu alcance. El potenci\u00f3metro, los vatios y su aplicaci\u00f3n a [&hellip;]<\/p>\n","protected":false},"author":29,"featured_media":8930,"comment_status":"open","ping_status":"open","sticky":false,"template":"","format":"standard","meta":{"footnotes":""},"categories":[9],"tags":[149,2158],"global-categories":[1164],"class_list":["post-8928","post","type-post","status-publish","format-standard","has-post-thumbnail","hentry","category-mtb-aventura","tag-titan-desert","tag-titan-desert-2022","global-categories-cycling"],"yoast_head":"<!-- This site is optimized with the Yoast SEO Premium plugin v25.3 (Yoast SEO v25.9) - https:\/\/yoast.com\/wordpress\/plugins\/seo\/ -->\n<title>Los vatios de la Titan Desert, por Tomi Misser - \u0160koda We Love Cycling - Spain<\/title>\n<meta name=\"description\" content=\"\u00bfCuantos vatios se mueven en la Titan Desert? Tomi MIsser en su \u00faltimo v\u00eddeo de la Titan 2022 nos analiza los datos de su Training Peaks.\" \/>\n<meta name=\"robots\" content=\"index, follow, max-snippet:-1, max-image-preview:large, max-video-preview:-1\" \/>\n<link rel=\"canonical\" href=\"https:\/\/www.welovecycling.com\/es\/2022\/05\/14\/vatios-titan-desert\/\" \/>\n<meta property=\"og:locale\" content=\"es_ES\" \/>\n<meta property=\"og:type\" content=\"article\" \/>\n<meta property=\"og:title\" content=\"Los vatios de la Titan Desert, por Tomi Misser\" \/>\n<meta property=\"og:description\" content=\"\u00bfCuantos vatios se mueven en la Titan Desert? Tomi MIsser en su \u00faltimo v\u00eddeo de la Titan 2022 nos analiza los datos de su Training Peaks.\" \/>\n<meta property=\"og:url\" content=\"https:\/\/www.welovecycling.com\/es\/2022\/05\/14\/vatios-titan-desert\/\" \/>\n<meta property=\"og:site_name\" content=\"\u0160koda We Love Cycling - Spain\" \/>\n<meta property=\"article:published_time\" content=\"2022-05-14T07:10:09+00:00\" \/>\n<meta property=\"og:image\" content=\"https:\/\/d2p6e6u75xmxt8.cloudfront.net\/6\/2022\/05\/MIsser_titan_2.jpg\" \/>\n\t<meta property=\"og:image:width\" content=\"768\" \/>\n\t<meta property=\"og:image:height\" content=\"960\" \/>\n\t<meta property=\"og:image:type\" content=\"image\/jpeg\" \/>\n<meta name=\"author\" content=\"We Love Cycling Spain\" \/>\n<meta name=\"twitter:card\" content=\"summary_large_image\" \/>\n<meta name=\"twitter:label1\" content=\"Written by\" \/>\n\t<meta name=\"twitter:data1\" content=\"Luis Ortega @ciclored\" \/>\n\t<meta name=\"twitter:label2\" content=\"Est. reading time\" \/>\n\t<meta name=\"twitter:data2\" content=\"3 minutes\" \/>\n<script type=\"application\/ld+json\" class=\"yoast-schema-graph\">{\"@context\":\"https:\/\/schema.org\",\"@graph\":[{\"@type\":\"WebPage\",\"@id\":\"https:\/\/www.welovecycling.com\/es\/2022\/05\/14\/vatios-titan-desert\/\",\"url\":\"https:\/\/www.welovecycling.com\/es\/2022\/05\/14\/vatios-titan-desert\/\",\"name\":\"Los vatios de la Titan Desert, por Tomi Misser - \u0160koda We Love Cycling - Spain\",\"isPartOf\":{\"@id\":\"https:\/\/www.welovecycling.com\/es\/#website\"},\"primaryImageOfPage\":{\"@id\":\"https:\/\/www.welovecycling.com\/es\/2022\/05\/14\/vatios-titan-desert\/#primaryimage\"},\"image\":{\"@id\":\"https:\/\/www.welovecycling.com\/es\/2022\/05\/14\/vatios-titan-desert\/#primaryimage\"},\"thumbnailUrl\":\"https:\/\/d2p6e6u75xmxt8.cloudfront.net\/6\/2022\/05\/MIsser_titan_2.jpg\",\"datePublished\":\"2022-05-14T07:10:09+00:00\",\"author\":{\"@id\":\"https:\/\/www.welovecycling.com\/es\/#\/schema\/person\/deb61715b5812698ee79fb96f343ccd4\"},\"description\":\"\u00bfCuantos vatios se mueven en la Titan Desert? Tomi MIsser en su \u00faltimo v\u00eddeo de la Titan 2022 nos analiza los datos de su Training Peaks.\",\"breadcrumb\":{\"@id\":\"https:\/\/www.welovecycling.com\/es\/2022\/05\/14\/vatios-titan-desert\/#breadcrumb\"},\"inLanguage\":\"es-ES\",\"potentialAction\":[{\"@type\":\"ReadAction\",\"target\":[\"https:\/\/www.welovecycling.com\/es\/2022\/05\/14\/vatios-titan-desert\/\"]}]},{\"@type\":\"ImageObject\",\"inLanguage\":\"es-ES\",\"@id\":\"https:\/\/www.welovecycling.com\/es\/2022\/05\/14\/vatios-titan-desert\/#primaryimage\",\"url\":\"https:\/\/d2p6e6u75xmxt8.cloudfront.net\/6\/2022\/05\/MIsser_titan_2.jpg\",\"contentUrl\":\"https:\/\/d2p6e6u75xmxt8.cloudfront.net\/6\/2022\/05\/MIsser_titan_2.jpg\",\"width\":768,\"height\":960},{\"@type\":\"BreadcrumbList\",\"@id\":\"https:\/\/www.welovecycling.com\/es\/2022\/05\/14\/vatios-titan-desert\/#breadcrumb\",\"itemListElement\":[{\"@type\":\"ListItem\",\"position\":1,\"name\":\"Home\",\"item\":\"https:\/\/www.welovecycling.com\/es\/\"},{\"@type\":\"ListItem\",\"position\":2,\"name\":\"Los vatios de la Titan Desert, por Tomi Misser\"}]},{\"@type\":\"WebSite\",\"@id\":\"https:\/\/www.welovecycling.com\/es\/#website\",\"url\":\"https:\/\/www.welovecycling.com\/es\/\",\"name\":\"\u0160koda We Love Cycling - Spain\",\"description\":\"\u0160koda WeLoveCycling Spain\",\"potentialAction\":[{\"@type\":\"SearchAction\",\"target\":{\"@type\":\"EntryPoint\",\"urlTemplate\":\"https:\/\/www.welovecycling.com\/es\/?s={search_term_string}\"},\"query-input\":{\"@type\":\"PropertyValueSpecification\",\"valueRequired\":true,\"valueName\":\"search_term_string\"}}],\"inLanguage\":\"es-ES\"},{\"@type\":\"Person\",\"@id\":\"https:\/\/www.welovecycling.com\/es\/#\/schema\/person\/deb61715b5812698ee79fb96f343ccd4\",\"name\":\"We Love Cycling Spain\",\"image\":{\"@type\":\"ImageObject\",\"inLanguage\":\"es-ES\",\"@id\":\"https:\/\/www.welovecycling.com\/es\/#\/schema\/person\/image\/\",\"url\":\"https:\/\/secure.gravatar.com\/avatar\/c824b04e6df0e37a03219d0b6481672889df542894588964102459e46513159c?s=96&d=mm&r=g\",\"contentUrl\":\"https:\/\/secure.gravatar.com\/avatar\/c824b04e6df0e37a03219d0b6481672889df542894588964102459e46513159c?s=96&d=mm&r=g\",\"caption\":\"We Love Cycling Spain\"},\"url\":\"https:\/\/www.welovecycling.com\/es\/author\/amunoz\/\"}]}<\/script>\n<!-- \/ Yoast SEO Premium plugin. -->","yoast_head_json":{"title":"Los vatios de la Titan Desert, por Tomi Misser - \u0160koda We Love Cycling - Spain","description":"\u00bfCuantos vatios se mueven en la Titan Desert? Tomi MIsser en su \u00faltimo v\u00eddeo de la Titan 2022 nos analiza los datos de su Training Peaks.","robots":{"index":"index","follow":"follow","max-snippet":"max-snippet:-1","max-image-preview":"max-image-preview:large","max-video-preview":"max-video-preview:-1"},"canonical":"https:\/\/www.welovecycling.com\/es\/2022\/05\/14\/vatios-titan-desert\/","og_locale":"es_ES","og_type":"article","og_title":"Los vatios de la Titan Desert, por Tomi Misser","og_description":"\u00bfCuantos vatios se mueven en la Titan Desert? Tomi MIsser en su \u00faltimo v\u00eddeo de la Titan 2022 nos analiza los datos de su Training Peaks.","og_url":"https:\/\/www.welovecycling.com\/es\/2022\/05\/14\/vatios-titan-desert\/","og_site_name":"\u0160koda We Love Cycling - Spain","article_published_time":"2022-05-14T07:10:09+00:00","og_image":[{"width":768,"height":960,"url":"https:\/\/d2p6e6u75xmxt8.cloudfront.net\/6\/2022\/05\/MIsser_titan_2.jpg","type":"image\/jpeg"}],"author":"We Love Cycling Spain","twitter_card":"summary_large_image","twitter_misc":{"Written by":"Luis Ortega @ciclored","Est. reading time":"3 minutes"},"schema":{"@context":"https:\/\/schema.org","@graph":[{"@type":"WebPage","@id":"https:\/\/www.welovecycling.com\/es\/2022\/05\/14\/vatios-titan-desert\/","url":"https:\/\/www.welovecycling.com\/es\/2022\/05\/14\/vatios-titan-desert\/","name":"Los vatios de la Titan Desert, por Tomi Misser - \u0160koda We Love Cycling - Spain","isPartOf":{"@id":"https:\/\/www.welovecycling.com\/es\/#website"},"primaryImageOfPage":{"@id":"https:\/\/www.welovecycling.com\/es\/2022\/05\/14\/vatios-titan-desert\/#primaryimage"},"image":{"@id":"https:\/\/www.welovecycling.com\/es\/2022\/05\/14\/vatios-titan-desert\/#primaryimage"},"thumbnailUrl":"https:\/\/d2p6e6u75xmxt8.cloudfront.net\/6\/2022\/05\/MIsser_titan_2.jpg","datePublished":"2022-05-14T07:10:09+00:00","author":{"@id":"https:\/\/www.welovecycling.com\/es\/#\/schema\/person\/deb61715b5812698ee79fb96f343ccd4"},"description":"\u00bfCuantos vatios se mueven en la Titan Desert? Tomi MIsser en su \u00faltimo v\u00eddeo de la Titan 2022 nos analiza los datos de su Training Peaks.","breadcrumb":{"@id":"https:\/\/www.welovecycling.com\/es\/2022\/05\/14\/vatios-titan-desert\/#breadcrumb"},"inLanguage":"es-ES","potentialAction":[{"@type":"ReadAction","target":["https:\/\/www.welovecycling.com\/es\/2022\/05\/14\/vatios-titan-desert\/"]}]},{"@type":"ImageObject","inLanguage":"es-ES","@id":"https:\/\/www.welovecycling.com\/es\/2022\/05\/14\/vatios-titan-desert\/#primaryimage","url":"https:\/\/d2p6e6u75xmxt8.cloudfront.net\/6\/2022\/05\/MIsser_titan_2.jpg","contentUrl":"https:\/\/d2p6e6u75xmxt8.cloudfront.net\/6\/2022\/05\/MIsser_titan_2.jpg","width":768,"height":960},{"@type":"BreadcrumbList","@id":"https:\/\/www.welovecycling.com\/es\/2022\/05\/14\/vatios-titan-desert\/#breadcrumb","itemListElement":[{"@type":"ListItem","position":1,"name":"Home","item":"https:\/\/www.welovecycling.com\/es\/"},{"@type":"ListItem","position":2,"name":"Los vatios de la Titan Desert, por Tomi Misser"}]},{"@type":"WebSite","@id":"https:\/\/www.welovecycling.com\/es\/#website","url":"https:\/\/www.welovecycling.com\/es\/","name":"\u0160koda We Love Cycling - Spain","description":"\u0160koda WeLoveCycling Spain","potentialAction":[{"@type":"SearchAction","target":{"@type":"EntryPoint","urlTemplate":"https:\/\/www.welovecycling.com\/es\/?s={search_term_string}"},"query-input":{"@type":"PropertyValueSpecification","valueRequired":true,"valueName":"search_term_string"}}],"inLanguage":"es-ES"},{"@type":"Person","@id":"https:\/\/www.welovecycling.com\/es\/#\/schema\/person\/deb61715b5812698ee79fb96f343ccd4","name":"We Love Cycling Spain","image":{"@type":"ImageObject","inLanguage":"es-ES","@id":"https:\/\/www.welovecycling.com\/es\/#\/schema\/person\/image\/","url":"https:\/\/secure.gravatar.com\/avatar\/c824b04e6df0e37a03219d0b6481672889df542894588964102459e46513159c?s=96&d=mm&r=g","contentUrl":"https:\/\/secure.gravatar.com\/avatar\/c824b04e6df0e37a03219d0b6481672889df542894588964102459e46513159c?s=96&d=mm&r=g","caption":"We Love Cycling Spain"},"url":"https:\/\/www.welovecycling.com\/es\/author\/amunoz\/"}]}},"_links":{"self":[{"href":"https:\/\/www.welovecycling.com\/es\/wp-json\/wp\/v2\/posts\/8928","targetHints":{"allow":["GET"]}}],"collection":[{"href":"https:\/\/www.welovecycling.com\/es\/wp-json\/wp\/v2\/posts"}],"about":[{"href":"https:\/\/www.welovecycling.com\/es\/wp-json\/wp\/v2\/types\/post"}],"author":[{"embeddable":true,"href":"https:\/\/www.welovecycling.com\/es\/wp-json\/wp\/v2\/users\/29"}],"replies":[{"embeddable":true,"href":"https:\/\/www.welovecycling.com\/es\/wp-json\/wp\/v2\/comments?post=8928"}],"version-history":[{"count":1,"href":"https:\/\/www.welovecycling.com\/es\/wp-json\/wp\/v2\/posts\/8928\/revisions"}],"predecessor-version":[{"id":8932,"href":"https:\/\/www.welovecycling.com\/es\/wp-json\/wp\/v2\/posts\/8928\/revisions\/8932"}],"wp:featuredmedia":[{"embeddable":true,"href":"https:\/\/www.welovecycling.com\/es\/wp-json\/wp\/v2\/media\/8930"}],"wp:attachment":[{"href":"https:\/\/www.welovecycling.com\/es\/wp-json\/wp\/v2\/media?parent=8928"}],"wp:term":[{"taxonomy":"category","embeddable":true,"href":"https:\/\/www.welovecycling.com\/es\/wp-json\/wp\/v2\/categories?post=8928"},{"taxonomy":"post_tag","embeddable":true,"href":"https:\/\/www.welovecycling.com\/es\/wp-json\/wp\/v2\/tags?post=8928"},{"taxonomy":"global-categories","embeddable":true,"href":"https:\/\/www.welovecycling.com\/es\/wp-json\/wp\/v2\/global-categories?post=8928"}],"curies":[{"name":"wp","href":"https:\/\/api.w.org\/{rel}","templated":true}]}}