{"id":8918,"date":"2022-05-13T08:55:34","date_gmt":"2022-05-13T06:55:34","guid":{"rendered":"https:\/\/www.welovecycling.com\/es\/?p=8918"},"modified":"2022-05-13T08:55:34","modified_gmt":"2022-05-13T06:55:34","slug":"presion-rueda-dunas","status":"publish","type":"post","link":"https:\/\/www.welovecycling.com\/es\/2022\/05\/13\/presion-rueda-dunas\/","title":{"rendered":"\u00bfQu\u00e9 presi\u00f3n deben llevar las ruedas en las dunas? Por Tomi Misser"},"content":{"rendered":"<p><strong>En la tercera etapa estuvo al borde de la retirada y en la quinta acab\u00f3 quinto. <a href=\"https:\/\/www.welovecycling.com\/es\/2021\/01\/14\/tomi-misser-se-sube-a-mondraker-en-2021\/\">Tomi Misser<\/a>, nos explica en su v\u00eddeo de la quinta etapa uno de los puntos clave de la \u0160koda Titan Desert Morocco y es la presi\u00f3n que deben llevar las ruedas en las dunas. Tambi\u00e9n en qu\u00e9 consiste la clasificaci\u00f3n <a href=\"https:\/\/www.welovecycling.com\/es\/2022\/05\/04\/skoda-adventure\/\">\u0160koda Adventure.<\/a><\/strong><!--more--><\/p>\n<p><strong>&#8220;<\/strong>He salido a 0,7\/0,8 de presi\u00f3n, porque siempre hay un tramo r\u00e1pido al inicio. He dejado las v\u00e1lvulas abiertas y mientras corr\u00eda por la dunas he aprovechado para ir quitando algo de presi\u00f3n y ver cual era la ideal para ese terreno. Y as\u00ed hasta encontrar el punto justo.\u00a0 Luego he metido algo de aire con una bombona y cuando se ha calentado el tubular ha subido la presi\u00f3n&#8221;<\/p>\n<p>El truco de Misser sobre la presi\u00f3n de las ruedas en las dunas surti\u00f3 efecto. Sali\u00f3 del tramo de arena y de navegaci\u00f3n (donde <a href=\"https:\/\/www.welovecycling.com\/es\/2021\/10\/17\/titan-desert-2021-cuando-un-campeon-asume-sus-errores\/\">se equivoc\u00f3 en 2021<\/a> y asumi\u00f3 su error) en la tercera posici\u00f3n y estuvo rodando con el segundo grupo hasta meta. Persegu\u00edan a Sergio Mantec\u00f3n, que se hab\u00eda escapado para sumar la bonificaci\u00f3n del <strong><a href=\"https:\/\/www.welovecycling.com\/es\/2022\/05\/04\/skoda-adventure\/\">\u0160koda Challenge<\/a> y acab\u00f3 ganando la etapa.\u00a0 Misser, quinto, <\/strong>solo cedi\u00f3 en el sprint ante <a href=\"https:\/\/titandesert.com\/\">Herrero y Looser,<\/a> los dos ciclistas que se est\u00e1n jugando la general de la <strong>\u0160koda Titan Desert Morocco.<\/strong><\/p>\n<p>\u00bfC\u00f3mo es la categor\u00eda <strong><a href=\"https:\/\/www.welovecycling.com\/es\/2022\/05\/04\/skoda-adventure\/\">\u0160koda Adventure<\/a>, la que no puede utilizar ni mec\u00e1nicos no fisios? <\/strong>Los participantes explican en el v\u00eddeo que adem\u00e1s solo pueden llevar una caja de determinadas dimensiones con todo lo que necesitan para la Titan. Que es clave gestionar los esfuerzos y el mantenimiento de la bicicleta, porque solo se pueden ayudar entre ellos, los adventure, pero que todo esto provoca que la experiencia y la interacci\u00f3n sea mucho m\u00e1s intensa.<\/p>\n<lite-youtube videoid=KmSoH6k21pc params=\"enablejsapi=1\" style=\"background-image: url('https:\/\/i.ytimg.com\/vi_webp\/KmSoH6k21pc\/maxresdefault.webp');\"><\/lite-youtube>\n<p>En la quinta etapa, marcada por el calor, la navegaci\u00f3n y el segmento <strong><a href=\"https:\/\/www.welovecycling.com\/es\/2022\/05\/04\/skoda-adventure\/\">\u0160koda Challenge<\/a> <\/strong> la general no sufri\u00f3 modificaciones en cabeza. Hab\u00eda que tomar decisiones y fiarse del GPS para no perderse en el desierto y las dunas, adem\u00e1s de tener la fuerza suficiente para hacer r\u00e1pido el segmento bonificado <strong><a href=\"https:\/\/www.welovecycling.com\/es\/2022\/05\/04\/skoda-adventure\/\">\u0160koda Challenge<\/a> <\/strong>. En chicos el m\u00e1s fuerte del d\u00eda fue Sergio Mantec\u00f3n, que se apoyo en Miquel Faus para ganar la etapa en solitario. En chicas Anna Ramirez se conform\u00f3 con ganar la bonificaci\u00f3n y aumentar un minuto m\u00e1s su ventaja sobre Vera Looser, que acab\u00f3 ganando la etapa.<\/p>\n<p><span style=\"color: inherit; font-family: inherit; font-size: 1.15em; font-weight: 600;\">Clasificaci\u00f3n masculina<\/span><\/p>\n<p>1. FRANCISCO HERRERO (CANNONDALE TB) \u2013 19:08:09<br \/>\n2. KONNY LOOSER (TAMAYO TEAM) \u2013 19:08:12<br \/>\n3. JULEN ZUBERO (KRYPTEIA) \u2013 19:14:11<br \/>\n4. PAU MARZA (THE WHITE ANGEL BY SANTIVERI) \u2013 19:24:46<br \/>\n5. GUILLEM MU\u00d1OZ (EDIBIKES) \u2013 19:25:50<br \/>\n6. ORIOL COLOME \u2013 19:29:33<br \/>\n7. LUIS ENRIQUE LOPEZ (KH7) \u2013 19:48:55<br \/>\n8. PABLO GARRIDO (GOBIK FACTORY TEAM) \u2013 19:49:18<br \/>\n9. TOMAS MISSER (SKODA WE LOVE CYCLING MONDRAKER) \u2013 19:56:06<br \/>\n10. SERGIO MANTEC\u00d3N (SCOTT \u2013 CALA BANDIDA) \u2013 20:05:37<\/p>\n<h4>Clasificaci\u00f3n femenina<\/h4>\n<p>1. ANNA RAM\u00cdREZ (KH7) \u2013 21:47:13<br \/>\n2. VERA LOOSER (TAMAYO TEAM) \u2013 21:53:10<br \/>\n3. RAMONA GABRIEL (GARMIN-LAPIERRE) \u2013 22:30:31<br \/>\n4. MARTA TORA (CANNONDALE TB) \u2013 24:26:15<br \/>\n5. ARIADNA RODENAS (AZONA) \u2013 24:36:19<br \/>\n6. ZUZANA BOHACOVA (\u0160koda AUTO WE LOVE CYCLING TEAM) \u2013 24:53:59<br \/>\n7. ALBA SOLES (EDIBIKES) \u2013 25:10:25<br \/>\n8. CRISTINA PUJOL (GHOST) \u2013 25:25:07<br \/>\n9. MARIA LUISA CUENCO (QUIRONPREVENCION) \u2013 26:41:31<br \/>\n10. MISHA SEKULOVA (\u0160koda AUTO WE LOVE CYCLING TEAM) \u2013 26:56:15<br \/>\n11. HILDEGUNN GJERTRUD (CANNONDALE TB) \u2013 18:04:05<br \/>\n11. VERONIQUE FORTIN (THE WHITE ANGEL BY SANTIVERI) \u2013 19:01:34<br \/>\n12. LEX ALBRECHT (THE WHITE ANGEL BY SANTIVERI) \u2013 19:44:33<\/p>\n","protected":false},"excerpt":{"rendered":"<p>En la tercera etapa estuvo al borde de la retirada y en la quinta acab\u00f3 quinto. Tomi Misser, nos explica [&hellip;]<\/p>\n","protected":false},"author":29,"featured_media":8927,"comment_status":"open","ping_status":"open","sticky":false,"template":"","format":"standard","meta":{"footnotes":""},"categories":[9],"tags":[149,2158],"global-categories":[1164],"class_list":["post-8918","post","type-post","status-publish","format-standard","has-post-thumbnail","hentry","category-mtb-aventura","tag-titan-desert","tag-titan-desert-2022","global-categories-cycling"],"yoast_head":"<!-- This site is optimized with the Yoast SEO Premium plugin v25.3 (Yoast SEO v25.9) - https:\/\/yoast.com\/wordpress\/plugins\/seo\/ -->\n<title>\u00bfQu\u00e9 presi\u00f3n deben llevar las ruedas en las dunas? Por Tomi Misser<\/title>\n<meta name=\"description\" content=\"\u00bfQu\u00e9 presi\u00f3n deben llevar las ruedas en las dunas? Por Tomi Misser. Una de las claves de la Titan Desert es la presi\u00f3n de las ruedas.\" \/>\n<meta name=\"robots\" content=\"index, follow, max-snippet:-1, max-image-preview:large, max-video-preview:-1\" \/>\n<link rel=\"canonical\" href=\"https:\/\/www.welovecycling.com\/es\/2022\/05\/13\/presion-rueda-dunas\/\" \/>\n<meta property=\"og:locale\" content=\"es_ES\" \/>\n<meta property=\"og:type\" content=\"article\" \/>\n<meta property=\"og:title\" content=\"\u00bfQu\u00e9 presi\u00f3n deben llevar las ruedas en las dunas? Por Tomi Misser\" \/>\n<meta property=\"og:description\" content=\"\u00bfQu\u00e9 presi\u00f3n deben llevar las ruedas en las dunas? Por Tomi Misser. Una de las claves de la Titan Desert es la presi\u00f3n de las ruedas.\" \/>\n<meta property=\"og:url\" content=\"https:\/\/www.welovecycling.com\/es\/2022\/05\/13\/presion-rueda-dunas\/\" \/>\n<meta property=\"og:site_name\" content=\"\u0160koda We Love Cycling - Spain\" \/>\n<meta property=\"article:published_time\" content=\"2022-05-13T06:55:34+00:00\" \/>\n<meta property=\"og:image\" content=\"https:\/\/d2p6e6u75xmxt8.cloudfront.net\/6\/2022\/05\/Titan_2022.jpg\" \/>\n\t<meta property=\"og:image:width\" content=\"1280\" \/>\n\t<meta property=\"og:image:height\" content=\"853\" \/>\n\t<meta property=\"og:image:type\" content=\"image\/jpeg\" \/>\n<meta name=\"author\" content=\"We Love Cycling Spain\" \/>\n<meta name=\"twitter:card\" content=\"summary_large_image\" \/>\n<meta name=\"twitter:title\" content=\"\u00bfQu\u00e9 presi\u00f3n deben llevar las ruedas en las dunas? Por Tomi Misser\" \/>\n<meta name=\"twitter:description\" content=\"\u00bfQu\u00e9 presi\u00f3n deben llevar las ruedas en las dunas? Por Tomi Misser. Una de las claves de la Titan Desert es la presi\u00f3n de las ruedas.\" \/>\n<meta name=\"twitter:label1\" content=\"Written by\" \/>\n\t<meta name=\"twitter:data1\" content=\"Luis Ortega @ciclored\" \/>\n\t<meta name=\"twitter:label2\" content=\"Est. reading time\" \/>\n\t<meta name=\"twitter:data2\" content=\"3 minutes\" \/>\n<script type=\"application\/ld+json\" class=\"yoast-schema-graph\">{\"@context\":\"https:\/\/schema.org\",\"@graph\":[{\"@type\":\"WebPage\",\"@id\":\"https:\/\/www.welovecycling.com\/es\/2022\/05\/13\/presion-rueda-dunas\/\",\"url\":\"https:\/\/www.welovecycling.com\/es\/2022\/05\/13\/presion-rueda-dunas\/\",\"name\":\"\u00bfQu\u00e9 presi\u00f3n deben llevar las ruedas en las dunas? Por Tomi Misser\",\"isPartOf\":{\"@id\":\"https:\/\/www.welovecycling.com\/es\/#website\"},\"primaryImageOfPage\":{\"@id\":\"https:\/\/www.welovecycling.com\/es\/2022\/05\/13\/presion-rueda-dunas\/#primaryimage\"},\"image\":{\"@id\":\"https:\/\/www.welovecycling.com\/es\/2022\/05\/13\/presion-rueda-dunas\/#primaryimage\"},\"thumbnailUrl\":\"https:\/\/d2p6e6u75xmxt8.cloudfront.net\/6\/2022\/05\/Titan_2022.jpg\",\"datePublished\":\"2022-05-13T06:55:34+00:00\",\"author\":{\"@id\":\"https:\/\/www.welovecycling.com\/es\/#\/schema\/person\/deb61715b5812698ee79fb96f343ccd4\"},\"description\":\"\u00bfQu\u00e9 presi\u00f3n deben llevar las ruedas en las dunas? Por Tomi Misser. Una de las claves de la Titan Desert es la presi\u00f3n de las ruedas.\",\"breadcrumb\":{\"@id\":\"https:\/\/www.welovecycling.com\/es\/2022\/05\/13\/presion-rueda-dunas\/#breadcrumb\"},\"inLanguage\":\"es-ES\",\"potentialAction\":[{\"@type\":\"ReadAction\",\"target\":[\"https:\/\/www.welovecycling.com\/es\/2022\/05\/13\/presion-rueda-dunas\/\"]}]},{\"@type\":\"ImageObject\",\"inLanguage\":\"es-ES\",\"@id\":\"https:\/\/www.welovecycling.com\/es\/2022\/05\/13\/presion-rueda-dunas\/#primaryimage\",\"url\":\"https:\/\/d2p6e6u75xmxt8.cloudfront.net\/6\/2022\/05\/Titan_2022.jpg\",\"contentUrl\":\"https:\/\/d2p6e6u75xmxt8.cloudfront.net\/6\/2022\/05\/Titan_2022.jpg\",\"width\":1280,\"height\":853},{\"@type\":\"BreadcrumbList\",\"@id\":\"https:\/\/www.welovecycling.com\/es\/2022\/05\/13\/presion-rueda-dunas\/#breadcrumb\",\"itemListElement\":[{\"@type\":\"ListItem\",\"position\":1,\"name\":\"Home\",\"item\":\"https:\/\/www.welovecycling.com\/es\/\"},{\"@type\":\"ListItem\",\"position\":2,\"name\":\"\u00bfQu\u00e9 presi\u00f3n deben llevar las ruedas en las dunas? Por Tomi Misser\"}]},{\"@type\":\"WebSite\",\"@id\":\"https:\/\/www.welovecycling.com\/es\/#website\",\"url\":\"https:\/\/www.welovecycling.com\/es\/\",\"name\":\"\u0160koda We Love Cycling - Spain\",\"description\":\"\u0160koda WeLoveCycling Spain\",\"potentialAction\":[{\"@type\":\"SearchAction\",\"target\":{\"@type\":\"EntryPoint\",\"urlTemplate\":\"https:\/\/www.welovecycling.com\/es\/?s={search_term_string}\"},\"query-input\":{\"@type\":\"PropertyValueSpecification\",\"valueRequired\":true,\"valueName\":\"search_term_string\"}}],\"inLanguage\":\"es-ES\"},{\"@type\":\"Person\",\"@id\":\"https:\/\/www.welovecycling.com\/es\/#\/schema\/person\/deb61715b5812698ee79fb96f343ccd4\",\"name\":\"We Love Cycling Spain\",\"image\":{\"@type\":\"ImageObject\",\"inLanguage\":\"es-ES\",\"@id\":\"https:\/\/www.welovecycling.com\/es\/#\/schema\/person\/image\/\",\"url\":\"https:\/\/secure.gravatar.com\/avatar\/c824b04e6df0e37a03219d0b6481672889df542894588964102459e46513159c?s=96&d=mm&r=g\",\"contentUrl\":\"https:\/\/secure.gravatar.com\/avatar\/c824b04e6df0e37a03219d0b6481672889df542894588964102459e46513159c?s=96&d=mm&r=g\",\"caption\":\"We Love Cycling Spain\"},\"url\":\"https:\/\/www.welovecycling.com\/es\/author\/amunoz\/\"}]}<\/script>\n<!-- \/ Yoast SEO Premium plugin. -->","yoast_head_json":{"title":"\u00bfQu\u00e9 presi\u00f3n deben llevar las ruedas en las dunas? Por Tomi Misser","description":"\u00bfQu\u00e9 presi\u00f3n deben llevar las ruedas en las dunas? Por Tomi Misser. Una de las claves de la Titan Desert es la presi\u00f3n de las ruedas.","robots":{"index":"index","follow":"follow","max-snippet":"max-snippet:-1","max-image-preview":"max-image-preview:large","max-video-preview":"max-video-preview:-1"},"canonical":"https:\/\/www.welovecycling.com\/es\/2022\/05\/13\/presion-rueda-dunas\/","og_locale":"es_ES","og_type":"article","og_title":"\u00bfQu\u00e9 presi\u00f3n deben llevar las ruedas en las dunas? Por Tomi Misser","og_description":"\u00bfQu\u00e9 presi\u00f3n deben llevar las ruedas en las dunas? Por Tomi Misser. Una de las claves de la Titan Desert es la presi\u00f3n de las ruedas.","og_url":"https:\/\/www.welovecycling.com\/es\/2022\/05\/13\/presion-rueda-dunas\/","og_site_name":"\u0160koda We Love Cycling - Spain","article_published_time":"2022-05-13T06:55:34+00:00","og_image":[{"width":1280,"height":853,"url":"https:\/\/d2p6e6u75xmxt8.cloudfront.net\/6\/2022\/05\/Titan_2022.jpg","type":"image\/jpeg"}],"author":"We Love Cycling Spain","twitter_card":"summary_large_image","twitter_title":"\u00bfQu\u00e9 presi\u00f3n deben llevar las ruedas en las dunas? Por Tomi Misser","twitter_description":"\u00bfQu\u00e9 presi\u00f3n deben llevar las ruedas en las dunas? Por Tomi Misser. Una de las claves de la Titan Desert es la presi\u00f3n de las ruedas.","twitter_misc":{"Written by":"Luis Ortega @ciclored","Est. reading time":"3 minutes"},"schema":{"@context":"https:\/\/schema.org","@graph":[{"@type":"WebPage","@id":"https:\/\/www.welovecycling.com\/es\/2022\/05\/13\/presion-rueda-dunas\/","url":"https:\/\/www.welovecycling.com\/es\/2022\/05\/13\/presion-rueda-dunas\/","name":"\u00bfQu\u00e9 presi\u00f3n deben llevar las ruedas en las dunas? Por Tomi Misser","isPartOf":{"@id":"https:\/\/www.welovecycling.com\/es\/#website"},"primaryImageOfPage":{"@id":"https:\/\/www.welovecycling.com\/es\/2022\/05\/13\/presion-rueda-dunas\/#primaryimage"},"image":{"@id":"https:\/\/www.welovecycling.com\/es\/2022\/05\/13\/presion-rueda-dunas\/#primaryimage"},"thumbnailUrl":"https:\/\/d2p6e6u75xmxt8.cloudfront.net\/6\/2022\/05\/Titan_2022.jpg","datePublished":"2022-05-13T06:55:34+00:00","author":{"@id":"https:\/\/www.welovecycling.com\/es\/#\/schema\/person\/deb61715b5812698ee79fb96f343ccd4"},"description":"\u00bfQu\u00e9 presi\u00f3n deben llevar las ruedas en las dunas? Por Tomi Misser. Una de las claves de la Titan Desert es la presi\u00f3n de las ruedas.","breadcrumb":{"@id":"https:\/\/www.welovecycling.com\/es\/2022\/05\/13\/presion-rueda-dunas\/#breadcrumb"},"inLanguage":"es-ES","potentialAction":[{"@type":"ReadAction","target":["https:\/\/www.welovecycling.com\/es\/2022\/05\/13\/presion-rueda-dunas\/"]}]},{"@type":"ImageObject","inLanguage":"es-ES","@id":"https:\/\/www.welovecycling.com\/es\/2022\/05\/13\/presion-rueda-dunas\/#primaryimage","url":"https:\/\/d2p6e6u75xmxt8.cloudfront.net\/6\/2022\/05\/Titan_2022.jpg","contentUrl":"https:\/\/d2p6e6u75xmxt8.cloudfront.net\/6\/2022\/05\/Titan_2022.jpg","width":1280,"height":853},{"@type":"BreadcrumbList","@id":"https:\/\/www.welovecycling.com\/es\/2022\/05\/13\/presion-rueda-dunas\/#breadcrumb","itemListElement":[{"@type":"ListItem","position":1,"name":"Home","item":"https:\/\/www.welovecycling.com\/es\/"},{"@type":"ListItem","position":2,"name":"\u00bfQu\u00e9 presi\u00f3n deben llevar las ruedas en las dunas? Por Tomi Misser"}]},{"@type":"WebSite","@id":"https:\/\/www.welovecycling.com\/es\/#website","url":"https:\/\/www.welovecycling.com\/es\/","name":"\u0160koda We Love Cycling - Spain","description":"\u0160koda WeLoveCycling Spain","potentialAction":[{"@type":"SearchAction","target":{"@type":"EntryPoint","urlTemplate":"https:\/\/www.welovecycling.com\/es\/?s={search_term_string}"},"query-input":{"@type":"PropertyValueSpecification","valueRequired":true,"valueName":"search_term_string"}}],"inLanguage":"es-ES"},{"@type":"Person","@id":"https:\/\/www.welovecycling.com\/es\/#\/schema\/person\/deb61715b5812698ee79fb96f343ccd4","name":"We Love Cycling Spain","image":{"@type":"ImageObject","inLanguage":"es-ES","@id":"https:\/\/www.welovecycling.com\/es\/#\/schema\/person\/image\/","url":"https:\/\/secure.gravatar.com\/avatar\/c824b04e6df0e37a03219d0b6481672889df542894588964102459e46513159c?s=96&d=mm&r=g","contentUrl":"https:\/\/secure.gravatar.com\/avatar\/c824b04e6df0e37a03219d0b6481672889df542894588964102459e46513159c?s=96&d=mm&r=g","caption":"We Love Cycling Spain"},"url":"https:\/\/www.welovecycling.com\/es\/author\/amunoz\/"}]}},"_links":{"self":[{"href":"https:\/\/www.welovecycling.com\/es\/wp-json\/wp\/v2\/posts\/8918","targetHints":{"allow":["GET"]}}],"collection":[{"href":"https:\/\/www.welovecycling.com\/es\/wp-json\/wp\/v2\/posts"}],"about":[{"href":"https:\/\/www.welovecycling.com\/es\/wp-json\/wp\/v2\/types\/post"}],"author":[{"embeddable":true,"href":"https:\/\/www.welovecycling.com\/es\/wp-json\/wp\/v2\/users\/29"}],"replies":[{"embeddable":true,"href":"https:\/\/www.welovecycling.com\/es\/wp-json\/wp\/v2\/comments?post=8918"}],"version-history":[{"count":1,"href":"https:\/\/www.welovecycling.com\/es\/wp-json\/wp\/v2\/posts\/8918\/revisions"}],"predecessor-version":[{"id":8921,"href":"https:\/\/www.welovecycling.com\/es\/wp-json\/wp\/v2\/posts\/8918\/revisions\/8921"}],"wp:featuredmedia":[{"embeddable":true,"href":"https:\/\/www.welovecycling.com\/es\/wp-json\/wp\/v2\/media\/8927"}],"wp:attachment":[{"href":"https:\/\/www.welovecycling.com\/es\/wp-json\/wp\/v2\/media?parent=8918"}],"wp:term":[{"taxonomy":"category","embeddable":true,"href":"https:\/\/www.welovecycling.com\/es\/wp-json\/wp\/v2\/categories?post=8918"},{"taxonomy":"post_tag","embeddable":true,"href":"https:\/\/www.welovecycling.com\/es\/wp-json\/wp\/v2\/tags?post=8918"},{"taxonomy":"global-categories","embeddable":true,"href":"https:\/\/www.welovecycling.com\/es\/wp-json\/wp\/v2\/global-categories?post=8918"}],"curies":[{"name":"wp","href":"https:\/\/api.w.org\/{rel}","templated":true}]}}