{"id":8872,"date":"2022-05-10T22:38:07","date_gmt":"2022-05-10T20:38:07","guid":{"rendered":"https:\/\/www.welovecycling.com\/es\/?p=8872"},"modified":"2022-05-10T22:41:51","modified_gmt":"2022-05-10T20:41:51","slug":"numeros-skoda-titan-desert","status":"publish","type":"post","link":"https:\/\/www.welovecycling.com\/es\/2022\/05\/10\/numeros-skoda-titan-desert\/","title":{"rendered":"Los n\u00fameros de la \u0160koda Titan Desert Morocco"},"content":{"rendered":"<p><strong>\u00bfC\u00f3mo funciona una carrera el desierto por dentro? \u00bfCu\u00e1les son los n\u00fameros de la \u0160koda Titan Desert Morocco ? <a href=\"https:\/\/www.welovecycling.com\/es\/2021\/01\/14\/tomi-misser-se-sube-a-mondraker-en-2021\/\">Tomi Misser<\/a>, que lleva varios a\u00f1os participando, conoce a la perfecci\u00f3n los entresijos de una organizaci\u00f3n que permite a m\u00e1s de 600 ciclistas disputar seis etapas en el desierto.<\/strong><\/p>\n<p><!--more--><\/p>\n<p>La log\u00edstica de <strong>\u0160koda Titan Desert Morocco no es nada sencilla. <\/strong>De un d\u00eda para otro hay que montar un campamento para dar cabida a toda la organizaci\u00f3n y los <a href=\"https:\/\/www.welovecycling.com\/es\/2022\/05\/05\/guia-navegar-desierto-skoda-titan-desert\/\">participantes<\/a>. Darles de comer, enviar la informaci\u00f3n, mover a los medios de comunicaci\u00f3n, los avituallamientos, la mec\u00e1nica, los servicios m\u00e9dicos, y todo con una condiciones duras como son la del desierto.<\/p>\n<p>Misser nos explica en su v\u00eddeo c\u00f3mo trabajan los miembros de la organizaci\u00f3n y los n\u00fameros de la\u00a0 <strong>\u0160koda Titan Desert Morocco y para ello aprovecha dos de las etapas m\u00e1s complicadas. Las jornadas Marat\u00f3n, que este a\u00f1o eran la segunda y la tercera y obligan al ciclista a llevar encima de la bicicleta todo lo que va a necesitar para pasar una noche en el desierto. <\/strong>\u00a0Tomi se &#8216;apa\u00f1\u00f3&#8217; con un saco de dormir fino, una manta t\u00e9rmica y bien amarrado en la bici para no perderlo.<\/p>\n<p>En cuanto a los resultados, pues pese a ir sin objetivos claros acab\u00f3 13\u00ba en la segunda etapa y <a href=\"https:\/\/sportmaniacs.com\/es\/races\/skoda-titan-desert-morocco-2022\/6272b0c9-1d38-4eb5-bd32-78f3ac1f010e\/results#rankings\">18\u00ba en la tercera<\/a> y sigue entre los primeros de la general.<\/p>\n<lite-youtube videoid=WZrRU18lL3E params=\"enablejsapi=1\" style=\"background-image: url('https:\/\/i.ytimg.com\/vi_webp\/WZrRU18lL3E\/maxresdefault.webp');\"><\/lite-youtube>\n<p>En la tercera etapa la victoria masculina fue para Bou, seguido por Mantec\u00f3n y Marz\u00e1.\u00a0 Aunque en el duelo por la general Francisco Herrero mantiene el liderato con tres segundos sobre Konny Looser. En chicas Anna Ramirez volvi\u00f3 a ganar y sigue ampliando su margen en la general sobre Vera Looser.<\/p>\n<h4><strong>Clasificaci\u00f3n masculina<\/strong><\/h4>\n<p>1. FRANCISCO HERRERO (CANNONDALE TB) \u2013 10:48:50<br \/>\n2. KONNY LOOSER (TAMAYO TEAM) \u2013 10:48:53<br \/>\n3. PAU MARZA (THE WHITE ANGEL BY SANTIVERI) \u2013 10:49:01<br \/>\n4. JULEN ZUBERO (KRYPTEIA) \u2013 10:54:40<br \/>\n5. ORIOL COLOME \u2013 10:54:48<br \/>\n6. HAIMAR ZUBELDIA (KRYPTEIA) \u2013 10:54:48<br \/>\n7. LUIS ENRIQUE LOPEZ (KH7) \u2013 11:02:14<br \/>\n8. PAU SALV\u00c0 (FACTOR8 CYCLING PROJECT) \u2013 11:05:38<br \/>\n9. GUILLEM MU\u00d1OZ (EDIBIKES) \u2013 11:05:55<br \/>\n10. PABLO GARRIDO (GOBIK FACTORY TEAM) \u2013 11:09:19<\/p>\n<h4>Clasificaci\u00f3n general femenina<\/h4>\n<p>1. ANNA RAM\u00cdREZ (KH7) \u2013 12:09:50<br \/>\n2. VERA LOOSER (TAMAYO TEAM) \u2013 12:14:47<\/p>\n","protected":false},"excerpt":{"rendered":"<p>\u00bfC\u00f3mo funciona una carrera el desierto por dentro? \u00bfCu\u00e1les son los n\u00fameros de la \u0160koda Titan Desert Morocco ? Tomi [&hellip;]<\/p>\n","protected":false},"author":29,"featured_media":8876,"comment_status":"open","ping_status":"open","sticky":false,"template":"","format":"standard","meta":{"footnotes":""},"categories":[9],"tags":[149,2158],"global-categories":[1164],"class_list":["post-8872","post","type-post","status-publish","format-standard","has-post-thumbnail","hentry","category-mtb-aventura","tag-titan-desert","tag-titan-desert-2022","global-categories-cycling"],"yoast_head":"<!-- This site is optimized with the Yoast SEO Premium plugin v25.3 (Yoast SEO v25.9) - https:\/\/yoast.com\/wordpress\/plugins\/seo\/ -->\n<title>Los n\u00fameros de la \u0160koda Titan Desert Morocco -<\/title>\n<meta name=\"description\" content=\"Los n\u00fameros de la \u0160koda Titan Desert Morocco. La log\u00edstica que emplea la organizaci\u00f3n para montar un campamento en el desierto.\" \/>\n<meta name=\"robots\" content=\"index, follow, max-snippet:-1, max-image-preview:large, max-video-preview:-1\" \/>\n<link rel=\"canonical\" href=\"https:\/\/www.welovecycling.com\/es\/2022\/05\/10\/numeros-skoda-titan-desert\/\" \/>\n<meta property=\"og:locale\" content=\"es_ES\" \/>\n<meta property=\"og:type\" content=\"article\" \/>\n<meta property=\"og:title\" content=\"Los n\u00fameros de la \u0160koda Titan Desert Morocco\" \/>\n<meta property=\"og:description\" content=\"Los n\u00fameros de la \u0160koda Titan Desert Morocco. La log\u00edstica que emplea la organizaci\u00f3n para montar un campamento en el desierto.\" \/>\n<meta property=\"og:url\" content=\"https:\/\/www.welovecycling.com\/es\/2022\/05\/10\/numeros-skoda-titan-desert\/\" \/>\n<meta property=\"og:site_name\" content=\"\u0160koda We Love Cycling - Spain\" \/>\n<meta property=\"article:published_time\" content=\"2022-05-10T20:38:07+00:00\" \/>\n<meta property=\"article:modified_time\" content=\"2022-05-10T20:41:51+00:00\" \/>\n<meta property=\"og:image\" content=\"https:\/\/d2p6e6u75xmxt8.cloudfront.net\/6\/2022\/05\/skoda_titan.webp\" \/>\n\t<meta property=\"og:image:width\" content=\"1200\" \/>\n\t<meta property=\"og:image:height\" content=\"800\" \/>\n\t<meta property=\"og:image:type\" content=\"image\/webp\" \/>\n<meta name=\"author\" content=\"We Love Cycling Spain\" \/>\n<meta name=\"twitter:card\" content=\"summary_large_image\" \/>\n<meta name=\"twitter:title\" content=\"Los n\u00fameros de la \u0160koda Titan Desert Morocco\" \/>\n<meta name=\"twitter:description\" content=\"Los n\u00fameros de la \u0160koda Titan Desert Morocco. La log\u00edstica que emplea la organizaci\u00f3n para montar un campamento en el desierto.\" \/>\n<meta name=\"twitter:label1\" content=\"Written by\" \/>\n\t<meta name=\"twitter:data1\" content=\"Luis Ortega @ciclored\" \/>\n\t<meta name=\"twitter:label2\" content=\"Est. reading time\" \/>\n\t<meta name=\"twitter:data2\" content=\"2 minutes\" \/>\n<script type=\"application\/ld+json\" class=\"yoast-schema-graph\">{\"@context\":\"https:\/\/schema.org\",\"@graph\":[{\"@type\":\"WebPage\",\"@id\":\"https:\/\/www.welovecycling.com\/es\/2022\/05\/10\/numeros-skoda-titan-desert\/\",\"url\":\"https:\/\/www.welovecycling.com\/es\/2022\/05\/10\/numeros-skoda-titan-desert\/\",\"name\":\"Los n\u00fameros de la \u0160koda Titan Desert Morocco -\",\"isPartOf\":{\"@id\":\"https:\/\/www.welovecycling.com\/es\/#website\"},\"primaryImageOfPage\":{\"@id\":\"https:\/\/www.welovecycling.com\/es\/2022\/05\/10\/numeros-skoda-titan-desert\/#primaryimage\"},\"image\":{\"@id\":\"https:\/\/www.welovecycling.com\/es\/2022\/05\/10\/numeros-skoda-titan-desert\/#primaryimage\"},\"thumbnailUrl\":\"https:\/\/d2p6e6u75xmxt8.cloudfront.net\/6\/2022\/05\/skoda_titan.webp\",\"datePublished\":\"2022-05-10T20:38:07+00:00\",\"dateModified\":\"2022-05-10T20:41:51+00:00\",\"author\":{\"@id\":\"https:\/\/www.welovecycling.com\/es\/#\/schema\/person\/deb61715b5812698ee79fb96f343ccd4\"},\"description\":\"Los n\u00fameros de la \u0160koda Titan Desert Morocco. La log\u00edstica que emplea la organizaci\u00f3n para montar un campamento en el desierto.\",\"breadcrumb\":{\"@id\":\"https:\/\/www.welovecycling.com\/es\/2022\/05\/10\/numeros-skoda-titan-desert\/#breadcrumb\"},\"inLanguage\":\"es-ES\",\"potentialAction\":[{\"@type\":\"ReadAction\",\"target\":[\"https:\/\/www.welovecycling.com\/es\/2022\/05\/10\/numeros-skoda-titan-desert\/\"]}]},{\"@type\":\"ImageObject\",\"inLanguage\":\"es-ES\",\"@id\":\"https:\/\/www.welovecycling.com\/es\/2022\/05\/10\/numeros-skoda-titan-desert\/#primaryimage\",\"url\":\"https:\/\/d2p6e6u75xmxt8.cloudfront.net\/6\/2022\/05\/skoda_titan.webp\",\"contentUrl\":\"https:\/\/d2p6e6u75xmxt8.cloudfront.net\/6\/2022\/05\/skoda_titan.webp\",\"width\":1200,\"height\":800},{\"@type\":\"BreadcrumbList\",\"@id\":\"https:\/\/www.welovecycling.com\/es\/2022\/05\/10\/numeros-skoda-titan-desert\/#breadcrumb\",\"itemListElement\":[{\"@type\":\"ListItem\",\"position\":1,\"name\":\"Home\",\"item\":\"https:\/\/www.welovecycling.com\/es\/\"},{\"@type\":\"ListItem\",\"position\":2,\"name\":\"Los n\u00fameros de la \u0160koda Titan Desert Morocco\"}]},{\"@type\":\"WebSite\",\"@id\":\"https:\/\/www.welovecycling.com\/es\/#website\",\"url\":\"https:\/\/www.welovecycling.com\/es\/\",\"name\":\"\u0160koda We Love Cycling - Spain\",\"description\":\"\u0160koda WeLoveCycling Spain\",\"potentialAction\":[{\"@type\":\"SearchAction\",\"target\":{\"@type\":\"EntryPoint\",\"urlTemplate\":\"https:\/\/www.welovecycling.com\/es\/?s={search_term_string}\"},\"query-input\":{\"@type\":\"PropertyValueSpecification\",\"valueRequired\":true,\"valueName\":\"search_term_string\"}}],\"inLanguage\":\"es-ES\"},{\"@type\":\"Person\",\"@id\":\"https:\/\/www.welovecycling.com\/es\/#\/schema\/person\/deb61715b5812698ee79fb96f343ccd4\",\"name\":\"We Love Cycling Spain\",\"image\":{\"@type\":\"ImageObject\",\"inLanguage\":\"es-ES\",\"@id\":\"https:\/\/www.welovecycling.com\/es\/#\/schema\/person\/image\/\",\"url\":\"https:\/\/secure.gravatar.com\/avatar\/c824b04e6df0e37a03219d0b6481672889df542894588964102459e46513159c?s=96&d=mm&r=g\",\"contentUrl\":\"https:\/\/secure.gravatar.com\/avatar\/c824b04e6df0e37a03219d0b6481672889df542894588964102459e46513159c?s=96&d=mm&r=g\",\"caption\":\"We Love Cycling Spain\"},\"url\":\"https:\/\/www.welovecycling.com\/es\/author\/amunoz\/\"}]}<\/script>\n<!-- \/ Yoast SEO Premium plugin. -->","yoast_head_json":{"title":"Los n\u00fameros de la \u0160koda Titan Desert Morocco -","description":"Los n\u00fameros de la \u0160koda Titan Desert Morocco. La log\u00edstica que emplea la organizaci\u00f3n para montar un campamento en el desierto.","robots":{"index":"index","follow":"follow","max-snippet":"max-snippet:-1","max-image-preview":"max-image-preview:large","max-video-preview":"max-video-preview:-1"},"canonical":"https:\/\/www.welovecycling.com\/es\/2022\/05\/10\/numeros-skoda-titan-desert\/","og_locale":"es_ES","og_type":"article","og_title":"Los n\u00fameros de la \u0160koda Titan Desert Morocco","og_description":"Los n\u00fameros de la \u0160koda Titan Desert Morocco. La log\u00edstica que emplea la organizaci\u00f3n para montar un campamento en el desierto.","og_url":"https:\/\/www.welovecycling.com\/es\/2022\/05\/10\/numeros-skoda-titan-desert\/","og_site_name":"\u0160koda We Love Cycling - Spain","article_published_time":"2022-05-10T20:38:07+00:00","article_modified_time":"2022-05-10T20:41:51+00:00","og_image":[{"width":1200,"height":800,"url":"https:\/\/d2p6e6u75xmxt8.cloudfront.net\/6\/2022\/05\/skoda_titan.webp","type":"image\/webp"}],"author":"We Love Cycling Spain","twitter_card":"summary_large_image","twitter_title":"Los n\u00fameros de la \u0160koda Titan Desert Morocco","twitter_description":"Los n\u00fameros de la \u0160koda Titan Desert Morocco. La log\u00edstica que emplea la organizaci\u00f3n para montar un campamento en el desierto.","twitter_misc":{"Written by":"Luis Ortega @ciclored","Est. reading time":"2 minutes"},"schema":{"@context":"https:\/\/schema.org","@graph":[{"@type":"WebPage","@id":"https:\/\/www.welovecycling.com\/es\/2022\/05\/10\/numeros-skoda-titan-desert\/","url":"https:\/\/www.welovecycling.com\/es\/2022\/05\/10\/numeros-skoda-titan-desert\/","name":"Los n\u00fameros de la \u0160koda Titan Desert Morocco -","isPartOf":{"@id":"https:\/\/www.welovecycling.com\/es\/#website"},"primaryImageOfPage":{"@id":"https:\/\/www.welovecycling.com\/es\/2022\/05\/10\/numeros-skoda-titan-desert\/#primaryimage"},"image":{"@id":"https:\/\/www.welovecycling.com\/es\/2022\/05\/10\/numeros-skoda-titan-desert\/#primaryimage"},"thumbnailUrl":"https:\/\/d2p6e6u75xmxt8.cloudfront.net\/6\/2022\/05\/skoda_titan.webp","datePublished":"2022-05-10T20:38:07+00:00","dateModified":"2022-05-10T20:41:51+00:00","author":{"@id":"https:\/\/www.welovecycling.com\/es\/#\/schema\/person\/deb61715b5812698ee79fb96f343ccd4"},"description":"Los n\u00fameros de la \u0160koda Titan Desert Morocco. La log\u00edstica que emplea la organizaci\u00f3n para montar un campamento en el desierto.","breadcrumb":{"@id":"https:\/\/www.welovecycling.com\/es\/2022\/05\/10\/numeros-skoda-titan-desert\/#breadcrumb"},"inLanguage":"es-ES","potentialAction":[{"@type":"ReadAction","target":["https:\/\/www.welovecycling.com\/es\/2022\/05\/10\/numeros-skoda-titan-desert\/"]}]},{"@type":"ImageObject","inLanguage":"es-ES","@id":"https:\/\/www.welovecycling.com\/es\/2022\/05\/10\/numeros-skoda-titan-desert\/#primaryimage","url":"https:\/\/d2p6e6u75xmxt8.cloudfront.net\/6\/2022\/05\/skoda_titan.webp","contentUrl":"https:\/\/d2p6e6u75xmxt8.cloudfront.net\/6\/2022\/05\/skoda_titan.webp","width":1200,"height":800},{"@type":"BreadcrumbList","@id":"https:\/\/www.welovecycling.com\/es\/2022\/05\/10\/numeros-skoda-titan-desert\/#breadcrumb","itemListElement":[{"@type":"ListItem","position":1,"name":"Home","item":"https:\/\/www.welovecycling.com\/es\/"},{"@type":"ListItem","position":2,"name":"Los n\u00fameros de la \u0160koda Titan Desert Morocco"}]},{"@type":"WebSite","@id":"https:\/\/www.welovecycling.com\/es\/#website","url":"https:\/\/www.welovecycling.com\/es\/","name":"\u0160koda We Love Cycling - Spain","description":"\u0160koda WeLoveCycling Spain","potentialAction":[{"@type":"SearchAction","target":{"@type":"EntryPoint","urlTemplate":"https:\/\/www.welovecycling.com\/es\/?s={search_term_string}"},"query-input":{"@type":"PropertyValueSpecification","valueRequired":true,"valueName":"search_term_string"}}],"inLanguage":"es-ES"},{"@type":"Person","@id":"https:\/\/www.welovecycling.com\/es\/#\/schema\/person\/deb61715b5812698ee79fb96f343ccd4","name":"We Love Cycling Spain","image":{"@type":"ImageObject","inLanguage":"es-ES","@id":"https:\/\/www.welovecycling.com\/es\/#\/schema\/person\/image\/","url":"https:\/\/secure.gravatar.com\/avatar\/c824b04e6df0e37a03219d0b6481672889df542894588964102459e46513159c?s=96&d=mm&r=g","contentUrl":"https:\/\/secure.gravatar.com\/avatar\/c824b04e6df0e37a03219d0b6481672889df542894588964102459e46513159c?s=96&d=mm&r=g","caption":"We Love Cycling Spain"},"url":"https:\/\/www.welovecycling.com\/es\/author\/amunoz\/"}]}},"_links":{"self":[{"href":"https:\/\/www.welovecycling.com\/es\/wp-json\/wp\/v2\/posts\/8872","targetHints":{"allow":["GET"]}}],"collection":[{"href":"https:\/\/www.welovecycling.com\/es\/wp-json\/wp\/v2\/posts"}],"about":[{"href":"https:\/\/www.welovecycling.com\/es\/wp-json\/wp\/v2\/types\/post"}],"author":[{"embeddable":true,"href":"https:\/\/www.welovecycling.com\/es\/wp-json\/wp\/v2\/users\/29"}],"replies":[{"embeddable":true,"href":"https:\/\/www.welovecycling.com\/es\/wp-json\/wp\/v2\/comments?post=8872"}],"version-history":[{"count":2,"href":"https:\/\/www.welovecycling.com\/es\/wp-json\/wp\/v2\/posts\/8872\/revisions"}],"predecessor-version":[{"id":8877,"href":"https:\/\/www.welovecycling.com\/es\/wp-json\/wp\/v2\/posts\/8872\/revisions\/8877"}],"wp:featuredmedia":[{"embeddable":true,"href":"https:\/\/www.welovecycling.com\/es\/wp-json\/wp\/v2\/media\/8876"}],"wp:attachment":[{"href":"https:\/\/www.welovecycling.com\/es\/wp-json\/wp\/v2\/media?parent=8872"}],"wp:term":[{"taxonomy":"category","embeddable":true,"href":"https:\/\/www.welovecycling.com\/es\/wp-json\/wp\/v2\/categories?post=8872"},{"taxonomy":"post_tag","embeddable":true,"href":"https:\/\/www.welovecycling.com\/es\/wp-json\/wp\/v2\/tags?post=8872"},{"taxonomy":"global-categories","embeddable":true,"href":"https:\/\/www.welovecycling.com\/es\/wp-json\/wp\/v2\/global-categories?post=8872"}],"curies":[{"name":"wp","href":"https:\/\/api.w.org\/{rel}","templated":true}]}}