{"id":8818,"date":"2022-05-04T17:00:59","date_gmt":"2022-05-04T15:00:59","guid":{"rendered":"https:\/\/www.welovecycling.com\/es\/?p=8818"},"modified":"2022-05-09T00:08:12","modified_gmt":"2022-05-08T22:08:12","slug":"maleta-skoda-titan-desert","status":"publish","type":"post","link":"https:\/\/www.welovecycling.com\/es\/2022\/05\/04\/maleta-skoda-titan-desert\/","title":{"rendered":"\u00bfQu\u00e9 llevar en la maleta de la \u0160koda Titan Desert ?"},"content":{"rendered":"<p><strong>Algunos ciclistas se conforman con las disciplinas t\u00edpicas, como la carretera, la BTT y la contrarreloj, y a otros les encanta someterse voluntariamente a un poco m\u00e1s de sufrimiento. Filip Adel, actual corredor del equipo Superior, es uno de ellos. Como uno de los antiguos participantes de la \u0160koda Titan Desert, tuvo la amabilidad de sentarse con nosotros y explicarnos que no puede faltar en la maleta de la \u0160koda Titan Desert.<\/strong><\/p>\n<p><!--more--><\/p>\n<p>Unos 700 participantes se presentan en la l\u00ednea de salida cada a\u00f1o, buscando una experiencia \u00fanica y un reto fuera de lo com\u00fan. La carrera consta de seis etapas a lo largo de seis d\u00edas, del 8 al 13 de mayo de este a\u00f1o, y cada etapa oscila entre 80 y 140 km. Las noches se pasan en un gran vivac compartido en medio de las dunas, al estilo n\u00f3mada. Ahora deber\u00eda estar m\u00e1s que claro que una carrera tan espec\u00edfica necesita consejos muy espec\u00edficos.<\/p>\n<p>En primer lugar, quer\u00edamos saber si hab\u00eda algo que Filip hubiera llevado o dejado de llevar y de lo que se hubiera arrepentido despu\u00e9s, ya que a cada corredor s\u00f3lo se le permiten cosas que pueda llevar \u00e9l mismo todo el tiempo. &#8220;No llev\u00e9 una colchoneta o un coj\u00edn hinchable para dormir en la etapa marat\u00f3n. El terreno era muy rocoso y no hab\u00eda mucho donde dormir&#8221;. <a href=\"https:\/\/www.instagram.com\/rafekmara\/?hl=en\">Marek Rauchfuss,<\/a> con quien hice la carrera bajo los colores de We Love Cycling, termin\u00f3 ese d\u00eda una hora antes que yo. En ese tiempo, hab\u00eda aprendido de los otros corredores que estaban recogiendo paja para ponerla debajo del saco y recogiendo varios palos. Pero eso no funcion\u00f3 muy bien, y al final encontr\u00e9 una manta en la que se revolcaban los gatos, as\u00ed que de alguna manera sobreviv\u00ed, junto con otros cien corredores en una jaima&#8221;, dice Filip, sonriendo al recordar aquellas duras noches.<\/p>\n<p>https:\/\/www.instagram.com\/p\/BwwqRguHpMI\/<\/p>\n<p>En cuanto al equipo obligatorio, adem\u00e1s del n<strong>avegador por sat\u00e9lite y de determinados equipos y componentes de la bicicleta, tambi\u00e9n es imprescindible acudir a cada etapa con tres litros de l\u00edquido<\/strong>. Esto tambi\u00e9n se comprueba al comienzo de cada etapa. \u00bfY c\u00f3mo es la puesta a punto de Adel? &#8220;En la carrera, llevaba un peque\u00f1o Camelbak a la espalda que, adem\u00e1s de l\u00edquidos, conten\u00eda material b\u00e1sico para reparar la bicicleta. Debajo del sill\u00edn, llevaba una peque\u00f1a bolsa con una c\u00e1mara de aire de repuesto y algunas bombonas. En general, no era nada pesado. Para la etapa del marat\u00f3n, s\u00f3lo llevaba un ligero saco de dormir, un cepillo de dientes y unos pantalones cortos para dormir. Hac\u00eda mucho calor, as\u00ed que ni siquiera utilic\u00e9 el saco de dormir. En general, es bueno llevar la bicicleta lo m\u00e1s ligera posible, cada kilo de m\u00e1s se nota&#8221;, se\u00f1ala. Tambi\u00e9n hay puestos de avituallamiento en cada etapa donde el ciclista puede rellenar sus l\u00edquidos, pero aparte de eso, est\u00e1s pr\u00e1cticamente solo.<\/p>\n<p>Volviendo a la jaima para dormir, Adel, una vez m\u00e1s, recomienda una colchoneta inflable para acampar, que ocupa poco espacio, y luego s\u00f3lo lo esencial: pantalones cortos para dormir, un cepillo de dientes y algo de jab\u00f3n. &#8220;Despu\u00e9s de la etapa, todo el mundo lava su ropa en la ducha para el d\u00eda siguiente. Pero es bueno echar un ojo a la previsi\u00f3n meteorol\u00f3gica para ver c\u00f3mo ser\u00e1 la temperatura en el destino para dormir. En funci\u00f3n de eso, yo me llevar\u00eda un saco de dormir o algo de ropa m\u00e1s abrigada a la etapa del marat\u00f3n&#8221;, aclara.<\/p>\n<p>Y como el ser humano tambi\u00e9n aprecia otro tipo de apoyo en los momentos dif\u00edciles, sobre todo de tipo psicol\u00f3gico, no pod\u00edamos dejar de preguntarle a Adel por alg\u00fan recuerdo o talism\u00e1n que guarde con cari\u00f1o cuando se enfrenta a las implacables dunas. &#8220;Llevo un collar de mi novia con la letra K alrededor del cuello, es una especie de amuleto de la suerte&#8221;, dijo.<\/p>\n<p>Guarda las fechas y no te olvides de sintonizar We Love Cycling, ya que cubriremos la \u0160koda Titan Desert tan de cerca que podr\u00e1s vivirla a trav\u00e9s de<a href=\"https:\/\/www.welovecycling.com\/es\/skoda-titan-desert\/\"> los ojos de los corredores<\/a> y de los equipos de apoyo in situ en coches \u0160koda.<\/p>\n","protected":false},"excerpt":{"rendered":"<p>Algunos ciclistas se conforman con las disciplinas t\u00edpicas, como la carretera, la BTT y la contrarreloj, y a otros les [&hellip;]<\/p>\n","protected":false},"author":29,"featured_media":8823,"comment_status":"open","ping_status":"open","sticky":false,"template":"","format":"standard","meta":{"footnotes":""},"categories":[9],"tags":[149],"global-categories":[],"class_list":["post-8818","post","type-post","status-publish","format-standard","has-post-thumbnail","hentry","category-mtb-aventura","tag-titan-desert"],"yoast_head":"<!-- This site is optimized with the Yoast SEO Premium plugin v25.3 (Yoast SEO v25.9) - https:\/\/yoast.com\/wordpress\/plugins\/seo\/ -->\n<title>\u00bfQu\u00e9 llevar en la maleta de la \u0160koda Titan Desert ?<\/title>\n<meta name=\"description\" content=\"\u00bfQu\u00e9 no puede faltar en la maleta de la \u0160koda Titan Desert? Consejos sobre lo imprescindible para hacer la carrera del desierto.\" \/>\n<meta name=\"robots\" content=\"index, follow, max-snippet:-1, max-image-preview:large, max-video-preview:-1\" \/>\n<link rel=\"canonical\" href=\"https:\/\/www.welovecycling.com\/es\/2022\/05\/04\/maleta-skoda-titan-desert\/\" \/>\n<meta property=\"og:locale\" content=\"es_ES\" \/>\n<meta property=\"og:type\" content=\"article\" \/>\n<meta property=\"og:title\" content=\"\u00bfQu\u00e9 llevar en la maleta de la \u0160koda Titan Desert ?\" \/>\n<meta property=\"og:description\" content=\"\u00bfQu\u00e9 no puede faltar en la maleta de la \u0160koda Titan Desert? Consejos sobre lo imprescindible para hacer la carrera del desierto.\" \/>\n<meta property=\"og:url\" content=\"https:\/\/www.welovecycling.com\/es\/2022\/05\/04\/maleta-skoda-titan-desert\/\" \/>\n<meta property=\"og:site_name\" content=\"\u0160koda We Love Cycling - Spain\" \/>\n<meta property=\"article:published_time\" content=\"2022-05-04T15:00:59+00:00\" \/>\n<meta property=\"article:modified_time\" content=\"2022-05-08T22:08:12+00:00\" \/>\n<meta property=\"og:image\" content=\"https:\/\/d2p6e6u75xmxt8.cloudfront.net\/6\/2022\/05\/Titan-Desert-Article-CVR.jpg\" \/>\n\t<meta property=\"og:image:width\" content=\"990\" \/>\n\t<meta property=\"og:image:height\" content=\"660\" \/>\n\t<meta property=\"og:image:type\" content=\"image\/jpeg\" \/>\n<meta name=\"author\" content=\"We Love Cycling Spain\" \/>\n<meta name=\"twitter:card\" content=\"summary_large_image\" \/>\n<meta name=\"twitter:title\" content=\"\u00bfQu\u00e9 no puede faltar en la maleta de la \u0160koda Titan Desert?\" \/>\n<meta name=\"twitter:description\" content=\"\u00bfQu\u00e9 no puede faltar en la maleta de la \u0160koda Titan Desert? Consejos sobre lo imprescindible para hacer la carrera del desierto.\" \/>\n<meta name=\"twitter:label1\" content=\"Written by\" \/>\n\t<meta name=\"twitter:data1\" content=\"We Love Cycling\" \/>\n\t<meta name=\"twitter:label2\" content=\"Est. reading time\" \/>\n\t<meta name=\"twitter:data2\" content=\"5\" \/>\n<script type=\"application\/ld+json\" class=\"yoast-schema-graph\">{\"@context\":\"https:\/\/schema.org\",\"@graph\":[{\"@type\":\"WebPage\",\"@id\":\"https:\/\/www.welovecycling.com\/es\/2022\/05\/04\/maleta-skoda-titan-desert\/\",\"url\":\"https:\/\/www.welovecycling.com\/es\/2022\/05\/04\/maleta-skoda-titan-desert\/\",\"name\":\"\u00bfQu\u00e9 llevar en la maleta de la \u0160koda Titan Desert ?\",\"isPartOf\":{\"@id\":\"https:\/\/www.welovecycling.com\/es\/#website\"},\"primaryImageOfPage\":{\"@id\":\"https:\/\/www.welovecycling.com\/es\/2022\/05\/04\/maleta-skoda-titan-desert\/#primaryimage\"},\"image\":{\"@id\":\"https:\/\/www.welovecycling.com\/es\/2022\/05\/04\/maleta-skoda-titan-desert\/#primaryimage\"},\"thumbnailUrl\":\"https:\/\/d2p6e6u75xmxt8.cloudfront.net\/6\/2022\/05\/Titan-Desert-Article-CVR.jpg\",\"datePublished\":\"2022-05-04T15:00:59+00:00\",\"dateModified\":\"2022-05-08T22:08:12+00:00\",\"author\":{\"@id\":\"https:\/\/www.welovecycling.com\/es\/#\/schema\/person\/deb61715b5812698ee79fb96f343ccd4\"},\"description\":\"\u00bfQu\u00e9 no puede faltar en la maleta de la \u0160koda Titan Desert? Consejos sobre lo imprescindible para hacer la carrera del desierto.\",\"breadcrumb\":{\"@id\":\"https:\/\/www.welovecycling.com\/es\/2022\/05\/04\/maleta-skoda-titan-desert\/#breadcrumb\"},\"inLanguage\":\"es-ES\",\"potentialAction\":[{\"@type\":\"ReadAction\",\"target\":[\"https:\/\/www.welovecycling.com\/es\/2022\/05\/04\/maleta-skoda-titan-desert\/\"]}]},{\"@type\":\"ImageObject\",\"inLanguage\":\"es-ES\",\"@id\":\"https:\/\/www.welovecycling.com\/es\/2022\/05\/04\/maleta-skoda-titan-desert\/#primaryimage\",\"url\":\"https:\/\/d2p6e6u75xmxt8.cloudfront.net\/6\/2022\/05\/Titan-Desert-Article-CVR.jpg\",\"contentUrl\":\"https:\/\/d2p6e6u75xmxt8.cloudfront.net\/6\/2022\/05\/Titan-Desert-Article-CVR.jpg\",\"width\":990,\"height\":660,\"caption\":\"Titan Desert\"},{\"@type\":\"BreadcrumbList\",\"@id\":\"https:\/\/www.welovecycling.com\/es\/2022\/05\/04\/maleta-skoda-titan-desert\/#breadcrumb\",\"itemListElement\":[{\"@type\":\"ListItem\",\"position\":1,\"name\":\"Home\",\"item\":\"https:\/\/www.welovecycling.com\/es\/\"},{\"@type\":\"ListItem\",\"position\":2,\"name\":\"\u00bfQu\u00e9 llevar en la maleta de la \u0160koda Titan Desert ?\"}]},{\"@type\":\"WebSite\",\"@id\":\"https:\/\/www.welovecycling.com\/es\/#website\",\"url\":\"https:\/\/www.welovecycling.com\/es\/\",\"name\":\"\u0160koda We Love Cycling - Spain\",\"description\":\"\u0160koda WeLoveCycling Spain\",\"potentialAction\":[{\"@type\":\"SearchAction\",\"target\":{\"@type\":\"EntryPoint\",\"urlTemplate\":\"https:\/\/www.welovecycling.com\/es\/?s={search_term_string}\"},\"query-input\":{\"@type\":\"PropertyValueSpecification\",\"valueRequired\":true,\"valueName\":\"search_term_string\"}}],\"inLanguage\":\"es-ES\"},{\"@type\":\"Person\",\"@id\":\"https:\/\/www.welovecycling.com\/es\/#\/schema\/person\/deb61715b5812698ee79fb96f343ccd4\",\"name\":\"We Love Cycling Spain\",\"image\":{\"@type\":\"ImageObject\",\"inLanguage\":\"es-ES\",\"@id\":\"https:\/\/www.welovecycling.com\/es\/#\/schema\/person\/image\/\",\"url\":\"https:\/\/secure.gravatar.com\/avatar\/c824b04e6df0e37a03219d0b6481672889df542894588964102459e46513159c?s=96&d=mm&r=g\",\"contentUrl\":\"https:\/\/secure.gravatar.com\/avatar\/c824b04e6df0e37a03219d0b6481672889df542894588964102459e46513159c?s=96&d=mm&r=g\",\"caption\":\"We Love Cycling Spain\"},\"url\":\"https:\/\/www.welovecycling.com\/es\/author\/amunoz\/\"}]}<\/script>\n<!-- \/ Yoast SEO Premium plugin. -->","yoast_head_json":{"title":"\u00bfQu\u00e9 llevar en la maleta de la \u0160koda Titan Desert ?","description":"\u00bfQu\u00e9 no puede faltar en la maleta de la \u0160koda Titan Desert? Consejos sobre lo imprescindible para hacer la carrera del desierto.","robots":{"index":"index","follow":"follow","max-snippet":"max-snippet:-1","max-image-preview":"max-image-preview:large","max-video-preview":"max-video-preview:-1"},"canonical":"https:\/\/www.welovecycling.com\/es\/2022\/05\/04\/maleta-skoda-titan-desert\/","og_locale":"es_ES","og_type":"article","og_title":"\u00bfQu\u00e9 llevar en la maleta de la \u0160koda Titan Desert ?","og_description":"\u00bfQu\u00e9 no puede faltar en la maleta de la \u0160koda Titan Desert? Consejos sobre lo imprescindible para hacer la carrera del desierto.","og_url":"https:\/\/www.welovecycling.com\/es\/2022\/05\/04\/maleta-skoda-titan-desert\/","og_site_name":"\u0160koda We Love Cycling - Spain","article_published_time":"2022-05-04T15:00:59+00:00","article_modified_time":"2022-05-08T22:08:12+00:00","og_image":[{"width":990,"height":660,"url":"https:\/\/d2p6e6u75xmxt8.cloudfront.net\/6\/2022\/05\/Titan-Desert-Article-CVR.jpg","type":"image\/jpeg"}],"author":"We Love Cycling Spain","twitter_card":"summary_large_image","twitter_title":"\u00bfQu\u00e9 no puede faltar en la maleta de la \u0160koda Titan Desert?","twitter_description":"\u00bfQu\u00e9 no puede faltar en la maleta de la \u0160koda Titan Desert? Consejos sobre lo imprescindible para hacer la carrera del desierto.","twitter_misc":{"Written by":"We Love Cycling","Est. reading time":"5"},"schema":{"@context":"https:\/\/schema.org","@graph":[{"@type":"WebPage","@id":"https:\/\/www.welovecycling.com\/es\/2022\/05\/04\/maleta-skoda-titan-desert\/","url":"https:\/\/www.welovecycling.com\/es\/2022\/05\/04\/maleta-skoda-titan-desert\/","name":"\u00bfQu\u00e9 llevar en la maleta de la \u0160koda Titan Desert ?","isPartOf":{"@id":"https:\/\/www.welovecycling.com\/es\/#website"},"primaryImageOfPage":{"@id":"https:\/\/www.welovecycling.com\/es\/2022\/05\/04\/maleta-skoda-titan-desert\/#primaryimage"},"image":{"@id":"https:\/\/www.welovecycling.com\/es\/2022\/05\/04\/maleta-skoda-titan-desert\/#primaryimage"},"thumbnailUrl":"https:\/\/d2p6e6u75xmxt8.cloudfront.net\/6\/2022\/05\/Titan-Desert-Article-CVR.jpg","datePublished":"2022-05-04T15:00:59+00:00","dateModified":"2022-05-08T22:08:12+00:00","author":{"@id":"https:\/\/www.welovecycling.com\/es\/#\/schema\/person\/deb61715b5812698ee79fb96f343ccd4"},"description":"\u00bfQu\u00e9 no puede faltar en la maleta de la \u0160koda Titan Desert? Consejos sobre lo imprescindible para hacer la carrera del desierto.","breadcrumb":{"@id":"https:\/\/www.welovecycling.com\/es\/2022\/05\/04\/maleta-skoda-titan-desert\/#breadcrumb"},"inLanguage":"es-ES","potentialAction":[{"@type":"ReadAction","target":["https:\/\/www.welovecycling.com\/es\/2022\/05\/04\/maleta-skoda-titan-desert\/"]}]},{"@type":"ImageObject","inLanguage":"es-ES","@id":"https:\/\/www.welovecycling.com\/es\/2022\/05\/04\/maleta-skoda-titan-desert\/#primaryimage","url":"https:\/\/d2p6e6u75xmxt8.cloudfront.net\/6\/2022\/05\/Titan-Desert-Article-CVR.jpg","contentUrl":"https:\/\/d2p6e6u75xmxt8.cloudfront.net\/6\/2022\/05\/Titan-Desert-Article-CVR.jpg","width":990,"height":660,"caption":"Titan Desert"},{"@type":"BreadcrumbList","@id":"https:\/\/www.welovecycling.com\/es\/2022\/05\/04\/maleta-skoda-titan-desert\/#breadcrumb","itemListElement":[{"@type":"ListItem","position":1,"name":"Home","item":"https:\/\/www.welovecycling.com\/es\/"},{"@type":"ListItem","position":2,"name":"\u00bfQu\u00e9 llevar en la maleta de la \u0160koda Titan Desert ?"}]},{"@type":"WebSite","@id":"https:\/\/www.welovecycling.com\/es\/#website","url":"https:\/\/www.welovecycling.com\/es\/","name":"\u0160koda We Love Cycling - Spain","description":"\u0160koda WeLoveCycling Spain","potentialAction":[{"@type":"SearchAction","target":{"@type":"EntryPoint","urlTemplate":"https:\/\/www.welovecycling.com\/es\/?s={search_term_string}"},"query-input":{"@type":"PropertyValueSpecification","valueRequired":true,"valueName":"search_term_string"}}],"inLanguage":"es-ES"},{"@type":"Person","@id":"https:\/\/www.welovecycling.com\/es\/#\/schema\/person\/deb61715b5812698ee79fb96f343ccd4","name":"We Love Cycling Spain","image":{"@type":"ImageObject","inLanguage":"es-ES","@id":"https:\/\/www.welovecycling.com\/es\/#\/schema\/person\/image\/","url":"https:\/\/secure.gravatar.com\/avatar\/c824b04e6df0e37a03219d0b6481672889df542894588964102459e46513159c?s=96&d=mm&r=g","contentUrl":"https:\/\/secure.gravatar.com\/avatar\/c824b04e6df0e37a03219d0b6481672889df542894588964102459e46513159c?s=96&d=mm&r=g","caption":"We Love Cycling Spain"},"url":"https:\/\/www.welovecycling.com\/es\/author\/amunoz\/"}]}},"_links":{"self":[{"href":"https:\/\/www.welovecycling.com\/es\/wp-json\/wp\/v2\/posts\/8818","targetHints":{"allow":["GET"]}}],"collection":[{"href":"https:\/\/www.welovecycling.com\/es\/wp-json\/wp\/v2\/posts"}],"about":[{"href":"https:\/\/www.welovecycling.com\/es\/wp-json\/wp\/v2\/types\/post"}],"author":[{"embeddable":true,"href":"https:\/\/www.welovecycling.com\/es\/wp-json\/wp\/v2\/users\/29"}],"replies":[{"embeddable":true,"href":"https:\/\/www.welovecycling.com\/es\/wp-json\/wp\/v2\/comments?post=8818"}],"version-history":[{"count":1,"href":"https:\/\/www.welovecycling.com\/es\/wp-json\/wp\/v2\/posts\/8818\/revisions"}],"predecessor-version":[{"id":8827,"href":"https:\/\/www.welovecycling.com\/es\/wp-json\/wp\/v2\/posts\/8818\/revisions\/8827"}],"wp:featuredmedia":[{"embeddable":true,"href":"https:\/\/www.welovecycling.com\/es\/wp-json\/wp\/v2\/media\/8823"}],"wp:attachment":[{"href":"https:\/\/www.welovecycling.com\/es\/wp-json\/wp\/v2\/media?parent=8818"}],"wp:term":[{"taxonomy":"category","embeddable":true,"href":"https:\/\/www.welovecycling.com\/es\/wp-json\/wp\/v2\/categories?post=8818"},{"taxonomy":"post_tag","embeddable":true,"href":"https:\/\/www.welovecycling.com\/es\/wp-json\/wp\/v2\/tags?post=8818"},{"taxonomy":"global-categories","embeddable":true,"href":"https:\/\/www.welovecycling.com\/es\/wp-json\/wp\/v2\/global-categories?post=8818"}],"curies":[{"name":"wp","href":"https:\/\/api.w.org\/{rel}","templated":true}]}}