{"id":8781,"date":"2022-04-27T11:33:47","date_gmt":"2022-04-27T09:33:47","guid":{"rendered":"https:\/\/www.welovecycling.com\/es\/?p=8781"},"modified":"2022-04-26T11:46:17","modified_gmt":"2022-04-26T09:46:17","slug":"alquilar-bicicleta","status":"publish","type":"post","link":"https:\/\/www.welovecycling.com\/es\/2022\/04\/27\/alquilar-bicicleta\/","title":{"rendered":"\u00bfAlquilar bicicleta en un viaje internacional?"},"content":{"rendered":"<p><strong>La mayor\u00eda de los ciclistas no pueden imaginarse ir de vacaciones en bicicleta sin su propia y querida bicicleta. Hay muchas cosas de las que tienes que ocuparte si quieres que tu bicicleta est\u00e9 lista para viajar, y siempre est\u00e1 la opci\u00f3n de alquilar una bicicleta en tu destino. Ambos enfoques tienen sus ventajas y sus inconvenientes: ve\u00e1moslos con m\u00e1s detalle.<\/strong><br \/>\n<!--more--><\/p>\n<h2><span style=\"font-weight: 400;\">\u00bfDeber\u00edas alquilar bicicleta?<\/span><\/h2>\n<p>Pasar unas vacaciones en bicicleta en la bicicleta de otra persona suena mal. Pero hay muchas cosas que puedes ganar haciendo eso. Considera las siguientes ventajas de alquilar una bicicleta mientras viaja.<\/p>\n<p><strong>Te facilita la vida<\/strong>. S\u00f3lo tienes que reservarla, llegar al destino y recoger una bicicleta lista para ti. Algunas <a href=\"http:\/\/www.wiliergrancanaria.com\/\">tiendas incluso entregan<\/a> y recogen la bicicleta donde t\u00fa elijas.<br \/>\n<strong>Tendr\u00e1s una bicicleta bien engrasada<\/strong>. Alquilar una bicicleta resuelve todas las preocupaciones sobre su mantenimiento. No es necesario preguntarse cu\u00e1ndo fue la \u00faltima vez que cambiaste una pieza en tu propia bicicleta.<br \/>\n<strong>No hay que preocuparse por da\u00f1ar o perder la bicicleta.<\/strong> Los da\u00f1os durante el transporte pueden ser un verdadero problema. Adem\u00e1s, cuando env\u00edas una bicicleta al extranjero, existe el riesgo de que se quede atascada en la aduana, sobre todo si le asignas un valor elevado.<br \/>\n<strong>Probar una bicicleta nueva.<\/strong> Si hay buenas opciones de alquiler en tu destino, tambi\u00e9n puedes considerarlo como una prueba prolongada de una bicicleta que has estado pensando en comprar.<br \/>\n<strong>Podr\u00eda ahorrarte dinero.<\/strong> Si tu viaje es de menos de una semana, est\u00e1s contento con el modelo de gama media y vas a hacer algo de turismo adem\u00e1s de d\u00edas de bici, es probable que te salga m\u00e1s barato alquilar.<\/p>\n<p>Si esto te parece atractivo y quieres tener las menores molestias posibles, el alquiler es una gran opci\u00f3n. S\u00f3lo tienes que pensar en las medidas y comodidad de la bicicleta. Es posible que una bicicleta de alquiler no se adapte perfectamente a ti, aunque el tama\u00f1o del cuadro sea el correcto. Considera la posibilidad de llevar tu propio <a href=\"https:\/\/www.welovecycling.com\/es\/2018\/09\/25\/como-prevenir-los-dolores-del-sillin\/\">sill\u00edn<\/a> y pedales. Y t\u00f3mate tu tiempo para montar la bicicleta alquilada el primer d\u00eda.<\/p>\n<h2><span style=\"font-weight: 400;\">\u00bfDeber\u00edas llevarte tu propia bici?<\/span><\/h2>\n<p>La mayor\u00eda de los ciclistas no necesitan que se les convenza de llevar su propia bicicleta. Pero es bueno saber que hay muy buenas razones para viajar con tu propia bicicleta, adem\u00e1s del hecho de que es lo que m\u00e1s te gusta en el mundo.<\/p>\n<p><strong>Tu bicicleta est\u00e1 adaptada a ti y es c\u00f3moda<\/strong>. Este es un punto importante para todos los que se centran en el rendimiento y quieren montar mucho todos los d\u00edas cuando viajan. La comodidad de la bicicleta ser\u00e1 vital para disfrutar al m\u00e1ximo y sacar el m\u00e1ximo provecho de tu viaje en bicicleta.<br \/>\n<strong>Tienes confianza en el manejo de tu bicicleta.<\/strong> Esto es importante para todos los que reservan unas vacaciones ciclistas exigentes. Sentirse totalmente seguro en las bajadas y en las curvas cerradas no es algo que se pueda conseguir f\u00e1cilmente con una bicicleta de alquiler.<br \/>\n<strong>Podr\u00edas ahorrar dinero.<\/strong> Si no te imaginas montando nada m\u00e1s que los mejores modelos de cuadros de carbono, puedes estar seguro de que el alquiler va a costar mucho m\u00e1s que el transporte de tu propia bicicleta. Adem\u00e1s, si est\u00e1s planeando un viaje m\u00e1s largo, los costes de alquiler ser\u00e1n mucho m\u00e1s caros.<\/p>\n<p>Si estos puntos son importantes para ti o si llevar tu propia bicicleta no es negociable, entonces deber\u00edas pensar en estas cosas. Tendr\u00e1s que<a href=\"https:\/\/www.welovecycling.com\/es\/2017\/09\/19\/transportar-la-bicicleta-en-el-coche\/\"> proteger tu bicicleta para el transporte<\/a>. Las cajas y bolsas para bicicletas pueden ser caras y ocupar espacio en casa. Adem\u00e1s, el transporte de la bicicleta en una bolsa hacia y desde el aeropuerto tambi\u00e9n es algo a tener en cuenta. En el pr\u00f3ximo art\u00edculo repasaremos algunos consejos para volar con una bicicleta.<\/p>\n<h2><span style=\"font-weight: 400;\">\u00bfCu\u00e1l es la mejor opci\u00f3n para ti?<\/span><\/h2>\n<p>Si tus vacaciones de ciclismo son b\u00e1sicamente un training camp, probablemente deber\u00edas llevar tsu propia bicicleta. Si los costes y las molestias de transportar la bicicleta te parecen mejores que pensar en alquilarla en destino, la elecci\u00f3n es clara: llevar tu propia bicicleta. Por otro lado, si alquilar es m\u00e1s barato y m\u00e1s conveniente para lo que planeas hacer en tus vacaciones, probablemente sea mejor alquilar. Tus vacaciones deben ser una cuesti\u00f3n de comodidad, as\u00ed que si montar una bicicleta diferente te parece bien, deja que otro se preocupe del resto.<\/p>\n","protected":false},"excerpt":{"rendered":"<p>La mayor\u00eda de los ciclistas no pueden imaginarse ir de vacaciones en bicicleta sin su propia y querida bicicleta. Hay [&hellip;]<\/p>\n","protected":false},"author":29,"featured_media":8783,"comment_status":"open","ping_status":"open","sticky":false,"template":"","format":"standard","meta":{"footnotes":""},"categories":[7,9],"tags":[2172],"global-categories":[],"class_list":["post-8781","post","type-post","status-publish","format-standard","has-post-thumbnail","hentry","category-carretera","category-mtb-aventura","tag-alquilar-bicicleta"],"yoast_head":"<!-- This site is optimized with the Yoast SEO Premium plugin v25.3 (Yoast SEO v25.9) - https:\/\/yoast.com\/wordpress\/plugins\/seo\/ -->\n<title>\u00bfAlquilar bicicleta en un viaje internacional? - \u0160koda We Love Cycling - Spain<\/title>\n<meta name=\"description\" content=\"\u00bfAlquilar bicicleta en un viaje internacional? Consejos para decidir si llevar tu bici o alquilar una en un viaje ciclista internacional.\" \/>\n<meta name=\"robots\" content=\"index, follow, max-snippet:-1, max-image-preview:large, max-video-preview:-1\" \/>\n<link rel=\"canonical\" href=\"https:\/\/www.welovecycling.com\/es\/2022\/04\/27\/alquilar-bicicleta\/\" \/>\n<meta property=\"og:locale\" content=\"es_ES\" \/>\n<meta property=\"og:type\" content=\"article\" \/>\n<meta property=\"og:title\" content=\"\u00bfAlquilar bicicleta en un viaje internacional?\" \/>\n<meta property=\"og:description\" content=\"\u00bfAlquilar bicicleta en un viaje internacional? Consejos para decidir si llevar tu bici o alquilar una en un viaje ciclista internacional.\" \/>\n<meta property=\"og:url\" content=\"https:\/\/www.welovecycling.com\/es\/2022\/04\/27\/alquilar-bicicleta\/\" \/>\n<meta property=\"og:site_name\" content=\"\u0160koda We Love Cycling - Spain\" \/>\n<meta property=\"article:published_time\" content=\"2022-04-27T09:33:47+00:00\" \/>\n<meta property=\"og:image\" content=\"https:\/\/d2p6e6u75xmxt8.cloudfront.net\/6\/2022\/04\/qq-1.jpg\" \/>\n\t<meta property=\"og:image:width\" content=\"1366\" \/>\n\t<meta property=\"og:image:height\" content=\"600\" \/>\n\t<meta property=\"og:image:type\" content=\"image\/jpeg\" \/>\n<meta name=\"author\" content=\"We Love Cycling Spain\" \/>\n<meta name=\"twitter:card\" content=\"summary_large_image\" \/>\n<meta name=\"twitter:title\" content=\"\u00bfAlquilar bicicleta en un viaje internacional?\" \/>\n<meta name=\"twitter:description\" content=\"\u00bfAlquilar bicicleta en un viaje internacional? Consejos para decidir si llevar tu bici o alquilar una en un viaje ciclista internacional.\" \/>\n<meta name=\"twitter:label1\" content=\"Written by\" \/>\n\t<meta name=\"twitter:data1\" content=\"Jiri Kaloc\" \/>\n\t<meta name=\"twitter:label2\" content=\"Est. reading time\" \/>\n\t<meta name=\"twitter:data2\" content=\"5\" \/>\n<script type=\"application\/ld+json\" class=\"yoast-schema-graph\">{\"@context\":\"https:\/\/schema.org\",\"@graph\":[{\"@type\":\"WebPage\",\"@id\":\"https:\/\/www.welovecycling.com\/es\/2022\/04\/27\/alquilar-bicicleta\/\",\"url\":\"https:\/\/www.welovecycling.com\/es\/2022\/04\/27\/alquilar-bicicleta\/\",\"name\":\"\u00bfAlquilar bicicleta en un viaje internacional? - \u0160koda We Love Cycling - Spain\",\"isPartOf\":{\"@id\":\"https:\/\/www.welovecycling.com\/es\/#website\"},\"primaryImageOfPage\":{\"@id\":\"https:\/\/www.welovecycling.com\/es\/2022\/04\/27\/alquilar-bicicleta\/#primaryimage\"},\"image\":{\"@id\":\"https:\/\/www.welovecycling.com\/es\/2022\/04\/27\/alquilar-bicicleta\/#primaryimage\"},\"thumbnailUrl\":\"https:\/\/d2p6e6u75xmxt8.cloudfront.net\/6\/2022\/04\/qq-1.jpg\",\"datePublished\":\"2022-04-27T09:33:47+00:00\",\"author\":{\"@id\":\"https:\/\/www.welovecycling.com\/es\/#\/schema\/person\/deb61715b5812698ee79fb96f343ccd4\"},\"description\":\"\u00bfAlquilar bicicleta en un viaje internacional? Consejos para decidir si llevar tu bici o alquilar una en un viaje ciclista internacional.\",\"breadcrumb\":{\"@id\":\"https:\/\/www.welovecycling.com\/es\/2022\/04\/27\/alquilar-bicicleta\/#breadcrumb\"},\"inLanguage\":\"es-ES\",\"potentialAction\":[{\"@type\":\"ReadAction\",\"target\":[\"https:\/\/www.welovecycling.com\/es\/2022\/04\/27\/alquilar-bicicleta\/\"]}]},{\"@type\":\"ImageObject\",\"inLanguage\":\"es-ES\",\"@id\":\"https:\/\/www.welovecycling.com\/es\/2022\/04\/27\/alquilar-bicicleta\/#primaryimage\",\"url\":\"https:\/\/d2p6e6u75xmxt8.cloudfront.net\/6\/2022\/04\/qq-1.jpg\",\"contentUrl\":\"https:\/\/d2p6e6u75xmxt8.cloudfront.net\/6\/2022\/04\/qq-1.jpg\",\"width\":1366,\"height\":600},{\"@type\":\"BreadcrumbList\",\"@id\":\"https:\/\/www.welovecycling.com\/es\/2022\/04\/27\/alquilar-bicicleta\/#breadcrumb\",\"itemListElement\":[{\"@type\":\"ListItem\",\"position\":1,\"name\":\"Home\",\"item\":\"https:\/\/www.welovecycling.com\/es\/\"},{\"@type\":\"ListItem\",\"position\":2,\"name\":\"\u00bfAlquilar bicicleta en un viaje internacional?\"}]},{\"@type\":\"WebSite\",\"@id\":\"https:\/\/www.welovecycling.com\/es\/#website\",\"url\":\"https:\/\/www.welovecycling.com\/es\/\",\"name\":\"\u0160koda We Love Cycling - Spain\",\"description\":\"\u0160koda WeLoveCycling Spain\",\"potentialAction\":[{\"@type\":\"SearchAction\",\"target\":{\"@type\":\"EntryPoint\",\"urlTemplate\":\"https:\/\/www.welovecycling.com\/es\/?s={search_term_string}\"},\"query-input\":{\"@type\":\"PropertyValueSpecification\",\"valueRequired\":true,\"valueName\":\"search_term_string\"}}],\"inLanguage\":\"es-ES\"},{\"@type\":\"Person\",\"@id\":\"https:\/\/www.welovecycling.com\/es\/#\/schema\/person\/deb61715b5812698ee79fb96f343ccd4\",\"name\":\"We Love Cycling Spain\",\"image\":{\"@type\":\"ImageObject\",\"inLanguage\":\"es-ES\",\"@id\":\"https:\/\/www.welovecycling.com\/es\/#\/schema\/person\/image\/\",\"url\":\"https:\/\/secure.gravatar.com\/avatar\/c824b04e6df0e37a03219d0b6481672889df542894588964102459e46513159c?s=96&d=mm&r=g\",\"contentUrl\":\"https:\/\/secure.gravatar.com\/avatar\/c824b04e6df0e37a03219d0b6481672889df542894588964102459e46513159c?s=96&d=mm&r=g\",\"caption\":\"We Love Cycling Spain\"},\"url\":\"https:\/\/www.welovecycling.com\/es\/author\/amunoz\/\"}]}<\/script>\n<!-- \/ Yoast SEO Premium plugin. -->","yoast_head_json":{"title":"\u00bfAlquilar bicicleta en un viaje internacional? - \u0160koda We Love Cycling - Spain","description":"\u00bfAlquilar bicicleta en un viaje internacional? Consejos para decidir si llevar tu bici o alquilar una en un viaje ciclista internacional.","robots":{"index":"index","follow":"follow","max-snippet":"max-snippet:-1","max-image-preview":"max-image-preview:large","max-video-preview":"max-video-preview:-1"},"canonical":"https:\/\/www.welovecycling.com\/es\/2022\/04\/27\/alquilar-bicicleta\/","og_locale":"es_ES","og_type":"article","og_title":"\u00bfAlquilar bicicleta en un viaje internacional?","og_description":"\u00bfAlquilar bicicleta en un viaje internacional? Consejos para decidir si llevar tu bici o alquilar una en un viaje ciclista internacional.","og_url":"https:\/\/www.welovecycling.com\/es\/2022\/04\/27\/alquilar-bicicleta\/","og_site_name":"\u0160koda We Love Cycling - Spain","article_published_time":"2022-04-27T09:33:47+00:00","og_image":[{"width":1366,"height":600,"url":"https:\/\/d2p6e6u75xmxt8.cloudfront.net\/6\/2022\/04\/qq-1.jpg","type":"image\/jpeg"}],"author":"We Love Cycling Spain","twitter_card":"summary_large_image","twitter_title":"\u00bfAlquilar bicicleta en un viaje internacional?","twitter_description":"\u00bfAlquilar bicicleta en un viaje internacional? Consejos para decidir si llevar tu bici o alquilar una en un viaje ciclista internacional.","twitter_misc":{"Written by":"Jiri Kaloc","Est. reading time":"5"},"schema":{"@context":"https:\/\/schema.org","@graph":[{"@type":"WebPage","@id":"https:\/\/www.welovecycling.com\/es\/2022\/04\/27\/alquilar-bicicleta\/","url":"https:\/\/www.welovecycling.com\/es\/2022\/04\/27\/alquilar-bicicleta\/","name":"\u00bfAlquilar bicicleta en un viaje internacional? - \u0160koda We Love Cycling - Spain","isPartOf":{"@id":"https:\/\/www.welovecycling.com\/es\/#website"},"primaryImageOfPage":{"@id":"https:\/\/www.welovecycling.com\/es\/2022\/04\/27\/alquilar-bicicleta\/#primaryimage"},"image":{"@id":"https:\/\/www.welovecycling.com\/es\/2022\/04\/27\/alquilar-bicicleta\/#primaryimage"},"thumbnailUrl":"https:\/\/d2p6e6u75xmxt8.cloudfront.net\/6\/2022\/04\/qq-1.jpg","datePublished":"2022-04-27T09:33:47+00:00","author":{"@id":"https:\/\/www.welovecycling.com\/es\/#\/schema\/person\/deb61715b5812698ee79fb96f343ccd4"},"description":"\u00bfAlquilar bicicleta en un viaje internacional? Consejos para decidir si llevar tu bici o alquilar una en un viaje ciclista internacional.","breadcrumb":{"@id":"https:\/\/www.welovecycling.com\/es\/2022\/04\/27\/alquilar-bicicleta\/#breadcrumb"},"inLanguage":"es-ES","potentialAction":[{"@type":"ReadAction","target":["https:\/\/www.welovecycling.com\/es\/2022\/04\/27\/alquilar-bicicleta\/"]}]},{"@type":"ImageObject","inLanguage":"es-ES","@id":"https:\/\/www.welovecycling.com\/es\/2022\/04\/27\/alquilar-bicicleta\/#primaryimage","url":"https:\/\/d2p6e6u75xmxt8.cloudfront.net\/6\/2022\/04\/qq-1.jpg","contentUrl":"https:\/\/d2p6e6u75xmxt8.cloudfront.net\/6\/2022\/04\/qq-1.jpg","width":1366,"height":600},{"@type":"BreadcrumbList","@id":"https:\/\/www.welovecycling.com\/es\/2022\/04\/27\/alquilar-bicicleta\/#breadcrumb","itemListElement":[{"@type":"ListItem","position":1,"name":"Home","item":"https:\/\/www.welovecycling.com\/es\/"},{"@type":"ListItem","position":2,"name":"\u00bfAlquilar bicicleta en un viaje internacional?"}]},{"@type":"WebSite","@id":"https:\/\/www.welovecycling.com\/es\/#website","url":"https:\/\/www.welovecycling.com\/es\/","name":"\u0160koda We Love Cycling - Spain","description":"\u0160koda WeLoveCycling Spain","potentialAction":[{"@type":"SearchAction","target":{"@type":"EntryPoint","urlTemplate":"https:\/\/www.welovecycling.com\/es\/?s={search_term_string}"},"query-input":{"@type":"PropertyValueSpecification","valueRequired":true,"valueName":"search_term_string"}}],"inLanguage":"es-ES"},{"@type":"Person","@id":"https:\/\/www.welovecycling.com\/es\/#\/schema\/person\/deb61715b5812698ee79fb96f343ccd4","name":"We Love Cycling Spain","image":{"@type":"ImageObject","inLanguage":"es-ES","@id":"https:\/\/www.welovecycling.com\/es\/#\/schema\/person\/image\/","url":"https:\/\/secure.gravatar.com\/avatar\/c824b04e6df0e37a03219d0b6481672889df542894588964102459e46513159c?s=96&d=mm&r=g","contentUrl":"https:\/\/secure.gravatar.com\/avatar\/c824b04e6df0e37a03219d0b6481672889df542894588964102459e46513159c?s=96&d=mm&r=g","caption":"We Love Cycling Spain"},"url":"https:\/\/www.welovecycling.com\/es\/author\/amunoz\/"}]}},"_links":{"self":[{"href":"https:\/\/www.welovecycling.com\/es\/wp-json\/wp\/v2\/posts\/8781","targetHints":{"allow":["GET"]}}],"collection":[{"href":"https:\/\/www.welovecycling.com\/es\/wp-json\/wp\/v2\/posts"}],"about":[{"href":"https:\/\/www.welovecycling.com\/es\/wp-json\/wp\/v2\/types\/post"}],"author":[{"embeddable":true,"href":"https:\/\/www.welovecycling.com\/es\/wp-json\/wp\/v2\/users\/29"}],"replies":[{"embeddable":true,"href":"https:\/\/www.welovecycling.com\/es\/wp-json\/wp\/v2\/comments?post=8781"}],"version-history":[{"count":1,"href":"https:\/\/www.welovecycling.com\/es\/wp-json\/wp\/v2\/posts\/8781\/revisions"}],"predecessor-version":[{"id":8786,"href":"https:\/\/www.welovecycling.com\/es\/wp-json\/wp\/v2\/posts\/8781\/revisions\/8786"}],"wp:featuredmedia":[{"embeddable":true,"href":"https:\/\/www.welovecycling.com\/es\/wp-json\/wp\/v2\/media\/8783"}],"wp:attachment":[{"href":"https:\/\/www.welovecycling.com\/es\/wp-json\/wp\/v2\/media?parent=8781"}],"wp:term":[{"taxonomy":"category","embeddable":true,"href":"https:\/\/www.welovecycling.com\/es\/wp-json\/wp\/v2\/categories?post=8781"},{"taxonomy":"post_tag","embeddable":true,"href":"https:\/\/www.welovecycling.com\/es\/wp-json\/wp\/v2\/tags?post=8781"},{"taxonomy":"global-categories","embeddable":true,"href":"https:\/\/www.welovecycling.com\/es\/wp-json\/wp\/v2\/global-categories?post=8781"}],"curies":[{"name":"wp","href":"https:\/\/api.w.org\/{rel}","templated":true}]}}