{"id":8773,"date":"2022-04-21T21:00:17","date_gmt":"2022-04-21T19:00:17","guid":{"rendered":"https:\/\/www.welovecycling.com\/es\/?p=8773"},"modified":"2022-04-19T21:48:49","modified_gmt":"2022-04-19T19:48:49","slug":"conclusiones-paris-roubaix-2022","status":"publish","type":"post","link":"https:\/\/www.welovecycling.com\/es\/2022\/04\/21\/conclusiones-paris-roubaix-2022\/","title":{"rendered":"Conclusiones de la Paris-Roubaix 2022"},"content":{"rendered":"<p><strong>Este a\u00f1o el Inferno del Norte ha sido seco y con polvo, pero siempre es un espect\u00e1culo. Aqu\u00ed hemos extra\u00eddo algunas conclusiones de la Paris-Roubaix 2022.<\/strong><\/p>\n<p><!--more--><\/p>\n<p>&#8220;La cl\u00e1sica Roubaix&#8221;, dijo a los periodistas Luke Durbridge, del equipo<a href=\"https:\/\/en.wikipedia.org\/wiki\/Team_BikeExchange%E2%80%93Jayco_(men%27s_team)\"> BikeExchange-Jayco<\/a>. &#8220;La escapada nunca se march\u00f3 mucho, el grupo siempre cortado, las ca\u00eddas, los <a href=\"https:\/\/www.welovecycling.com\/es\/2022\/04\/19\/paris-roubaix\/\">pinchazos<\/a>, la gente por todas partes, no ten\u00eda ni idea de d\u00f3nde est\u00e1bamos la mitad del tiempo con el polvo&#8221;.<\/p>\n<p>Y sin embargo, esta Cl\u00e1sica no fue muy cl\u00e1sica en absoluto, gracias sobre todo al Ineos Grenadiers, cuyo trabajo en equipo ayud\u00f3 a lanzar al holand\u00e9s Dylan van Baarle a una gran victoria, tras su impresionante segundo puesto en el Tour de Flandes dos semanas antes. Tambi\u00e9n fue la Par\u00eds-Roubaix m\u00e1s r\u00e1pida jam\u00e1s disputada, con una velocidad media de 45,79 km\/h a lo largo de los 257,2 km del recorrido, incluidos 54,8 km de adoquines.<\/p>\n<p><a href=\"https:\/\/d2p6e6u75xmxt8.cloudfront.net\/6\/2022\/04\/2022-Paris-Roubaix-profimedia-0683948535.jpg\"><img loading=\"lazy\" decoding=\"async\" class=\"alignnone size-full wp-image-8774\" src=\"https:\/\/d2p6e6u75xmxt8.cloudfront.net\/6\/2022\/04\/2022-Paris-Roubaix-profimedia-0683948535.jpg\" alt=\"2022 Paris Roubaix\" width=\"1000\" height=\"666\" srcset=\"https:\/\/d2p6e6u75xmxt8.cloudfront.net\/6\/2022\/04\/2022-Paris-Roubaix-profimedia-0683948535.jpg 1000w, https:\/\/d2p6e6u75xmxt8.cloudfront.net\/6\/2022\/04\/2022-Paris-Roubaix-profimedia-0683948535-300x200.jpg 300w, https:\/\/d2p6e6u75xmxt8.cloudfront.net\/6\/2022\/04\/2022-Paris-Roubaix-profimedia-0683948535-768x511.jpg 768w, https:\/\/d2p6e6u75xmxt8.cloudfront.net\/6\/2022\/04\/2022-Paris-Roubaix-profimedia-0683948535-272x182.jpg 272w\" sizes=\"auto, (max-width: 1000px) 100vw, 1000px\" \/><\/a><\/p>\n<p>Afortunadamente, las superficies <a href=\"https:\/\/www.welovecycling.com\/wide\/2022\/04\/13\/paris-roubaix-cobbles-are-in-an-unusually-good-condition\/\">adoquinadas estaban en una buena condici\u00f3n inusual<\/a>, seg\u00fan el director de la carrera, Thierry Gouvenou.<\/p>\n<p>&#8220;No recuerdo que los adoquines estuvieran nunca tan secos y en tan buen estado&#8221;, dijo antes de la salida. &#8220;Est\u00e1n excepcionalmente secos. Normalmente hay que hacer una puesta a punto, pero no es el caso de 2022&#8221;.<\/p>\n<p>Eso no impidi\u00f3 que los corredores sufrieran un n\u00famero desmesurado de pinchazos durante la carrera, como el segundo clasificado, Wout van Aert, el quinto, Matej Mohori\u010d, Filippo Ganna, Jasper Stuyven e incluso van Baarle. Algunos <a href=\"https:\/\/www.cyclingweekly.com\/racing\/five-talking-points-from-mens-paris-roubaix-2022\">culparon<\/a> a los tubeless utilizados por la mayor\u00eda de los corredores en la carrera.<\/p>\n<p>Sin embargo, seg\u00fan el ganador del Tour de Francia de 2012, Bradley Wiggins, que cubr\u00eda la carrera en moto, la verdadera historia de la carrera fue la actuaci\u00f3n de su antiguo equipo, el Ineos Grenadiers.<\/p>\n<p>&#8220;Ha habido un cambio en las tradiciones, especialmente [en] esta carrera&#8221;, dijo Wiggins. &#8220;Normalmente, en los primeros 100 km se va la fuga, y todo el mundo espera hasta los primeros sectores, pero Ineos tir\u00f3 el libro de texto por la ventana&#8221;.<\/p>\n<p>Lo hicieron pisando el acelerador desde el principio, en un tramo de carretera azotado por viento de costado, que sorprendi\u00f3 a muchos de los favoritos antes de la carrera, como Van Aert y Mathieu Van der Poel, durmiendo.<\/p>\n<p>&#8220;Nunca hab\u00edamos visto algo as\u00ed en la Par\u00eds-Roubaix&#8221;, dijo <a href=\"https:\/\/www.cyclingweekly.com\/racing\/bradley-wiggins-ineos-grenadiers-victory-at-paris-roubaix-was-typical-dave-brailsford\">Wiggins a Eurosport<\/a>. Se\u00f1al\u00f3 tambi\u00e9n que con corredores como Ben Turner, Magnus Sheffield, Filippo Ganna y Tom Pidcock, Ineos hab\u00eda reunido un equipo de cl\u00e1sicas de primera categor\u00eda que ser\u00eda inestimable tambi\u00e9n en las Grandes Vueltas en apoyo de Egan Bernal y Geraint Thomas.<\/p>\n<p><strong>Una de las conclusiones de la Paris-Roubaix 2022 es que Van Aert,<\/strong> que puede ser el mejor corredor de adoquines del mundo, se recuper\u00f3 bien para terminar segundo, a 1min 47s del ganador. Fue un resultado notable para el corredor belga del Jumbo-Visma, que tuvo que perderse el Tour de Flandes a principios de mes porque se contagi\u00f3 de Covid y sufri\u00f3 dos pinchazos durante la carrera.<\/p>\n<p>&#8220;Definitivamente no estoy decepcionado por llegar segundo porque es una gran sorpresa sentirse as\u00ed de bien en la carrera y en realidad estoy contento y orgulloso de ser segundo&#8221;, dijo a los <a href=\"https:\/\/www.cyclingnews.com\/news\/van-aert-im-happy-and-proud-to-finish-second-at-paris-roubaix\/\">periodistas tras la carrera<\/a>.<\/p>\n<p>Van der Poel, sin embargo, termin\u00f3 en una decepcionante novena posici\u00f3n, a 2 minutos y 34 segundos de Van Baarle.<\/p>\n<p>No obstante, hay que pensar en el esloveno Mohori\u010d (Bahrain Victorius), que estuvo en el grupo de cabeza durante 80 km antes de sufrir un pinchazo a falta de 38 km. Finalmente alcanz\u00f3 al grupo de cabeza, que ahora inclu\u00eda a Van Baarle.<\/p>\n<p>Y otro pensamiento es\u00a0 para Yves Lampaert, del QuickStep-AlphaVinyl, que se dirig\u00eda al podio y persegu\u00eda a Van Baarle, cuando un espectador se acerc\u00f3 demasiado a la acci\u00f3n en el tramo de adoquines de Hem, golpe\u00f3 el manillar de Lampaert y envi\u00f3 al belga de 31 a\u00f1os al suelo. Lampaert se sacudi\u00f3 el polvo y reanud\u00f3 la carrera, pero no pudo terminar mejor que el 10\u00ba puesto.<\/p>\n","protected":false},"excerpt":{"rendered":"<p>Este a\u00f1o el Inferno del Norte ha sido seco y con polvo, pero siempre es un espect\u00e1culo. Aqu\u00ed hemos extra\u00eddo [&hellip;]<\/p>\n","protected":false},"author":29,"featured_media":8776,"comment_status":"open","ping_status":"open","sticky":false,"template":"","format":"standard","meta":{"footnotes":""},"categories":[7],"tags":[],"global-categories":[],"class_list":["post-8773","post","type-post","status-publish","format-standard","has-post-thumbnail","hentry","category-carretera"],"yoast_head":"<!-- This site is optimized with the Yoast SEO Premium plugin v25.3 (Yoast SEO v25.9) - https:\/\/yoast.com\/wordpress\/plugins\/seo\/ -->\n<title>Conclusiones de la Paris-Roubaix 2022 - \u0160koda We Love Cycling - Spain<\/title>\n<meta name=\"description\" content=\"Conclusiones de la Paris-Roubaix 2022. El an\u00e1lisis de la edici\u00f3n 2022 del Infierno del Norte con victoria de Van Baarle.\" \/>\n<meta name=\"robots\" content=\"index, follow, max-snippet:-1, max-image-preview:large, max-video-preview:-1\" \/>\n<link rel=\"canonical\" href=\"https:\/\/www.welovecycling.com\/es\/2022\/04\/21\/conclusiones-paris-roubaix-2022\/\" \/>\n<meta property=\"og:locale\" content=\"es_ES\" \/>\n<meta property=\"og:type\" content=\"article\" \/>\n<meta property=\"og:title\" content=\"Conclusiones de la Paris-Roubaix 2022\" \/>\n<meta property=\"og:description\" content=\"Conclusiones de la Paris-Roubaix 2022. El an\u00e1lisis de la edici\u00f3n 2022 del Infierno del Norte con victoria de Van Baarle.\" \/>\n<meta property=\"og:url\" content=\"https:\/\/www.welovecycling.com\/es\/2022\/04\/21\/conclusiones-paris-roubaix-2022\/\" \/>\n<meta property=\"og:site_name\" content=\"\u0160koda We Love Cycling - Spain\" \/>\n<meta property=\"article:published_time\" content=\"2022-04-21T19:00:17+00:00\" \/>\n<meta property=\"og:image\" content=\"https:\/\/d2p6e6u75xmxt8.cloudfront.net\/6\/2022\/04\/2022-Paris-Roubaix-Peloton-profimedia-0683948606-CVR.jpg\" \/>\n\t<meta property=\"og:image:width\" content=\"1366\" \/>\n\t<meta property=\"og:image:height\" content=\"600\" \/>\n\t<meta property=\"og:image:type\" content=\"image\/jpeg\" \/>\n<meta name=\"author\" content=\"We Love Cycling Spain\" \/>\n<meta name=\"twitter:card\" content=\"summary_large_image\" \/>\n<meta name=\"twitter:title\" content=\"Conclusiones de la Paris-Roubaix 2022\" \/>\n<meta name=\"twitter:description\" content=\"Conclusiones de la Paris-Roubaix 2022. El an\u00e1lisis de la edici\u00f3n 2022 del Infierno del Norte con victoria de Van Baarle.\" \/>\n<meta name=\"twitter:label1\" content=\"Written by\" \/>\n\t<meta name=\"twitter:data1\" content=\"Siegfried Mortkowitz\" \/>\n\t<meta name=\"twitter:label2\" content=\"Est. reading time\" \/>\n\t<meta name=\"twitter:data2\" content=\"5\" \/>\n<script type=\"application\/ld+json\" class=\"yoast-schema-graph\">{\"@context\":\"https:\/\/schema.org\",\"@graph\":[{\"@type\":\"WebPage\",\"@id\":\"https:\/\/www.welovecycling.com\/es\/2022\/04\/21\/conclusiones-paris-roubaix-2022\/\",\"url\":\"https:\/\/www.welovecycling.com\/es\/2022\/04\/21\/conclusiones-paris-roubaix-2022\/\",\"name\":\"Conclusiones de la Paris-Roubaix 2022 - \u0160koda We Love Cycling - Spain\",\"isPartOf\":{\"@id\":\"https:\/\/www.welovecycling.com\/es\/#website\"},\"primaryImageOfPage\":{\"@id\":\"https:\/\/www.welovecycling.com\/es\/2022\/04\/21\/conclusiones-paris-roubaix-2022\/#primaryimage\"},\"image\":{\"@id\":\"https:\/\/www.welovecycling.com\/es\/2022\/04\/21\/conclusiones-paris-roubaix-2022\/#primaryimage\"},\"thumbnailUrl\":\"https:\/\/d2p6e6u75xmxt8.cloudfront.net\/6\/2022\/04\/2022-Paris-Roubaix-Peloton-profimedia-0683948606-CVR.jpg\",\"datePublished\":\"2022-04-21T19:00:17+00:00\",\"author\":{\"@id\":\"https:\/\/www.welovecycling.com\/es\/#\/schema\/person\/deb61715b5812698ee79fb96f343ccd4\"},\"description\":\"Conclusiones de la Paris-Roubaix 2022. El an\u00e1lisis de la edici\u00f3n 2022 del Infierno del Norte con victoria de Van Baarle.\",\"breadcrumb\":{\"@id\":\"https:\/\/www.welovecycling.com\/es\/2022\/04\/21\/conclusiones-paris-roubaix-2022\/#breadcrumb\"},\"inLanguage\":\"es-ES\",\"potentialAction\":[{\"@type\":\"ReadAction\",\"target\":[\"https:\/\/www.welovecycling.com\/es\/2022\/04\/21\/conclusiones-paris-roubaix-2022\/\"]}]},{\"@type\":\"ImageObject\",\"inLanguage\":\"es-ES\",\"@id\":\"https:\/\/www.welovecycling.com\/es\/2022\/04\/21\/conclusiones-paris-roubaix-2022\/#primaryimage\",\"url\":\"https:\/\/d2p6e6u75xmxt8.cloudfront.net\/6\/2022\/04\/2022-Paris-Roubaix-Peloton-profimedia-0683948606-CVR.jpg\",\"contentUrl\":\"https:\/\/d2p6e6u75xmxt8.cloudfront.net\/6\/2022\/04\/2022-Paris-Roubaix-Peloton-profimedia-0683948606-CVR.jpg\",\"width\":1366,\"height\":600,\"caption\":\"2022 Paris-Roubaix\"},{\"@type\":\"BreadcrumbList\",\"@id\":\"https:\/\/www.welovecycling.com\/es\/2022\/04\/21\/conclusiones-paris-roubaix-2022\/#breadcrumb\",\"itemListElement\":[{\"@type\":\"ListItem\",\"position\":1,\"name\":\"Home\",\"item\":\"https:\/\/www.welovecycling.com\/es\/\"},{\"@type\":\"ListItem\",\"position\":2,\"name\":\"Conclusiones de la Paris-Roubaix 2022\"}]},{\"@type\":\"WebSite\",\"@id\":\"https:\/\/www.welovecycling.com\/es\/#website\",\"url\":\"https:\/\/www.welovecycling.com\/es\/\",\"name\":\"\u0160koda We Love Cycling - Spain\",\"description\":\"\u0160koda WeLoveCycling Spain\",\"potentialAction\":[{\"@type\":\"SearchAction\",\"target\":{\"@type\":\"EntryPoint\",\"urlTemplate\":\"https:\/\/www.welovecycling.com\/es\/?s={search_term_string}\"},\"query-input\":{\"@type\":\"PropertyValueSpecification\",\"valueRequired\":true,\"valueName\":\"search_term_string\"}}],\"inLanguage\":\"es-ES\"},{\"@type\":\"Person\",\"@id\":\"https:\/\/www.welovecycling.com\/es\/#\/schema\/person\/deb61715b5812698ee79fb96f343ccd4\",\"name\":\"We Love Cycling Spain\",\"image\":{\"@type\":\"ImageObject\",\"inLanguage\":\"es-ES\",\"@id\":\"https:\/\/www.welovecycling.com\/es\/#\/schema\/person\/image\/\",\"url\":\"https:\/\/secure.gravatar.com\/avatar\/c824b04e6df0e37a03219d0b6481672889df542894588964102459e46513159c?s=96&d=mm&r=g\",\"contentUrl\":\"https:\/\/secure.gravatar.com\/avatar\/c824b04e6df0e37a03219d0b6481672889df542894588964102459e46513159c?s=96&d=mm&r=g\",\"caption\":\"We Love Cycling Spain\"},\"url\":\"https:\/\/www.welovecycling.com\/es\/author\/amunoz\/\"}]}<\/script>\n<!-- \/ Yoast SEO Premium plugin. -->","yoast_head_json":{"title":"Conclusiones de la Paris-Roubaix 2022 - \u0160koda We Love Cycling - Spain","description":"Conclusiones de la Paris-Roubaix 2022. El an\u00e1lisis de la edici\u00f3n 2022 del Infierno del Norte con victoria de Van Baarle.","robots":{"index":"index","follow":"follow","max-snippet":"max-snippet:-1","max-image-preview":"max-image-preview:large","max-video-preview":"max-video-preview:-1"},"canonical":"https:\/\/www.welovecycling.com\/es\/2022\/04\/21\/conclusiones-paris-roubaix-2022\/","og_locale":"es_ES","og_type":"article","og_title":"Conclusiones de la Paris-Roubaix 2022","og_description":"Conclusiones de la Paris-Roubaix 2022. El an\u00e1lisis de la edici\u00f3n 2022 del Infierno del Norte con victoria de Van Baarle.","og_url":"https:\/\/www.welovecycling.com\/es\/2022\/04\/21\/conclusiones-paris-roubaix-2022\/","og_site_name":"\u0160koda We Love Cycling - Spain","article_published_time":"2022-04-21T19:00:17+00:00","og_image":[{"width":1366,"height":600,"url":"https:\/\/d2p6e6u75xmxt8.cloudfront.net\/6\/2022\/04\/2022-Paris-Roubaix-Peloton-profimedia-0683948606-CVR.jpg","type":"image\/jpeg"}],"author":"We Love Cycling Spain","twitter_card":"summary_large_image","twitter_title":"Conclusiones de la Paris-Roubaix 2022","twitter_description":"Conclusiones de la Paris-Roubaix 2022. El an\u00e1lisis de la edici\u00f3n 2022 del Infierno del Norte con victoria de Van Baarle.","twitter_misc":{"Written by":"Siegfried Mortkowitz","Est. reading time":"5"},"schema":{"@context":"https:\/\/schema.org","@graph":[{"@type":"WebPage","@id":"https:\/\/www.welovecycling.com\/es\/2022\/04\/21\/conclusiones-paris-roubaix-2022\/","url":"https:\/\/www.welovecycling.com\/es\/2022\/04\/21\/conclusiones-paris-roubaix-2022\/","name":"Conclusiones de la Paris-Roubaix 2022 - \u0160koda We Love Cycling - Spain","isPartOf":{"@id":"https:\/\/www.welovecycling.com\/es\/#website"},"primaryImageOfPage":{"@id":"https:\/\/www.welovecycling.com\/es\/2022\/04\/21\/conclusiones-paris-roubaix-2022\/#primaryimage"},"image":{"@id":"https:\/\/www.welovecycling.com\/es\/2022\/04\/21\/conclusiones-paris-roubaix-2022\/#primaryimage"},"thumbnailUrl":"https:\/\/d2p6e6u75xmxt8.cloudfront.net\/6\/2022\/04\/2022-Paris-Roubaix-Peloton-profimedia-0683948606-CVR.jpg","datePublished":"2022-04-21T19:00:17+00:00","author":{"@id":"https:\/\/www.welovecycling.com\/es\/#\/schema\/person\/deb61715b5812698ee79fb96f343ccd4"},"description":"Conclusiones de la Paris-Roubaix 2022. El an\u00e1lisis de la edici\u00f3n 2022 del Infierno del Norte con victoria de Van Baarle.","breadcrumb":{"@id":"https:\/\/www.welovecycling.com\/es\/2022\/04\/21\/conclusiones-paris-roubaix-2022\/#breadcrumb"},"inLanguage":"es-ES","potentialAction":[{"@type":"ReadAction","target":["https:\/\/www.welovecycling.com\/es\/2022\/04\/21\/conclusiones-paris-roubaix-2022\/"]}]},{"@type":"ImageObject","inLanguage":"es-ES","@id":"https:\/\/www.welovecycling.com\/es\/2022\/04\/21\/conclusiones-paris-roubaix-2022\/#primaryimage","url":"https:\/\/d2p6e6u75xmxt8.cloudfront.net\/6\/2022\/04\/2022-Paris-Roubaix-Peloton-profimedia-0683948606-CVR.jpg","contentUrl":"https:\/\/d2p6e6u75xmxt8.cloudfront.net\/6\/2022\/04\/2022-Paris-Roubaix-Peloton-profimedia-0683948606-CVR.jpg","width":1366,"height":600,"caption":"2022 Paris-Roubaix"},{"@type":"BreadcrumbList","@id":"https:\/\/www.welovecycling.com\/es\/2022\/04\/21\/conclusiones-paris-roubaix-2022\/#breadcrumb","itemListElement":[{"@type":"ListItem","position":1,"name":"Home","item":"https:\/\/www.welovecycling.com\/es\/"},{"@type":"ListItem","position":2,"name":"Conclusiones de la Paris-Roubaix 2022"}]},{"@type":"WebSite","@id":"https:\/\/www.welovecycling.com\/es\/#website","url":"https:\/\/www.welovecycling.com\/es\/","name":"\u0160koda We Love Cycling - Spain","description":"\u0160koda WeLoveCycling Spain","potentialAction":[{"@type":"SearchAction","target":{"@type":"EntryPoint","urlTemplate":"https:\/\/www.welovecycling.com\/es\/?s={search_term_string}"},"query-input":{"@type":"PropertyValueSpecification","valueRequired":true,"valueName":"search_term_string"}}],"inLanguage":"es-ES"},{"@type":"Person","@id":"https:\/\/www.welovecycling.com\/es\/#\/schema\/person\/deb61715b5812698ee79fb96f343ccd4","name":"We Love Cycling Spain","image":{"@type":"ImageObject","inLanguage":"es-ES","@id":"https:\/\/www.welovecycling.com\/es\/#\/schema\/person\/image\/","url":"https:\/\/secure.gravatar.com\/avatar\/c824b04e6df0e37a03219d0b6481672889df542894588964102459e46513159c?s=96&d=mm&r=g","contentUrl":"https:\/\/secure.gravatar.com\/avatar\/c824b04e6df0e37a03219d0b6481672889df542894588964102459e46513159c?s=96&d=mm&r=g","caption":"We Love Cycling Spain"},"url":"https:\/\/www.welovecycling.com\/es\/author\/amunoz\/"}]}},"_links":{"self":[{"href":"https:\/\/www.welovecycling.com\/es\/wp-json\/wp\/v2\/posts\/8773","targetHints":{"allow":["GET"]}}],"collection":[{"href":"https:\/\/www.welovecycling.com\/es\/wp-json\/wp\/v2\/posts"}],"about":[{"href":"https:\/\/www.welovecycling.com\/es\/wp-json\/wp\/v2\/types\/post"}],"author":[{"embeddable":true,"href":"https:\/\/www.welovecycling.com\/es\/wp-json\/wp\/v2\/users\/29"}],"replies":[{"embeddable":true,"href":"https:\/\/www.welovecycling.com\/es\/wp-json\/wp\/v2\/comments?post=8773"}],"version-history":[{"count":2,"href":"https:\/\/www.welovecycling.com\/es\/wp-json\/wp\/v2\/posts\/8773\/revisions"}],"predecessor-version":[{"id":8777,"href":"https:\/\/www.welovecycling.com\/es\/wp-json\/wp\/v2\/posts\/8773\/revisions\/8777"}],"wp:featuredmedia":[{"embeddable":true,"href":"https:\/\/www.welovecycling.com\/es\/wp-json\/wp\/v2\/media\/8776"}],"wp:attachment":[{"href":"https:\/\/www.welovecycling.com\/es\/wp-json\/wp\/v2\/media?parent=8773"}],"wp:term":[{"taxonomy":"category","embeddable":true,"href":"https:\/\/www.welovecycling.com\/es\/wp-json\/wp\/v2\/categories?post=8773"},{"taxonomy":"post_tag","embeddable":true,"href":"https:\/\/www.welovecycling.com\/es\/wp-json\/wp\/v2\/tags?post=8773"},{"taxonomy":"global-categories","embeddable":true,"href":"https:\/\/www.welovecycling.com\/es\/wp-json\/wp\/v2\/global-categories?post=8773"}],"curies":[{"name":"wp","href":"https:\/\/api.w.org\/{rel}","templated":true}]}}