{"id":8749,"date":"2022-04-20T20:15:30","date_gmt":"2022-04-20T18:15:30","guid":{"rendered":"https:\/\/www.welovecycling.com\/es\/?p=8749"},"modified":"2022-04-19T21:32:23","modified_gmt":"2022-04-19T19:32:23","slug":"gino-bartali-documental","status":"publish","type":"post","link":"https:\/\/www.welovecycling.com\/es\/2022\/04\/20\/gino-bartali-documental\/","title":{"rendered":"Gino Bartali: &#8220;El mensajero de la paz&#8221;, nuevo documental"},"content":{"rendered":"<p><strong>Ganador del Tour. Ganador del Giro. Un ciclista polifac\u00e9tico. La carrera de Gino Bartali lo dice todo por s\u00ed sola, pero su nombre ser\u00e1 siempre recordado por su oposici\u00f3n a toda forma de injusticia. En una \u00e9poca en la que el r\u00e9gimen fascista de Mussolini ganaba terreno y la ideolog\u00eda nazi hund\u00eda sus garras en Europa, \u00e9l eligi\u00f3 representar la esperanza y el valor inquebrantable. El documental reci\u00e9n estrenado, titulado El mensajero de la paz, ofrece un nuevo \u00e1ngulo sobre sus actos heroicos y desinteresados durante la Segunda Guerra Mundial.<\/strong><\/p>\n<p><!--more--><\/p>\n<p>Gino naci\u00f3 en un pueblo cercano a Florencia y tuvo un origen humilde. Gan\u00f3 su primera carrera a los 17 a\u00f1os, en 1931, y poco despu\u00e9s comenz\u00f3 su fulgurante carrera. En total, lleg\u00f3 a ganar cinco Grandes Vueltas, nueve t\u00edtulos de clasificaci\u00f3n de monta\u00f1a entre Giro y <a href=\"https:\/\/www.welovecycling.com\/es\/2018\/07\/09\/el-valle-del-tour\/\">Tour,<\/a> varias vueltas de una semana y m\u00e1s de una docena de cl\u00e1sicas de un d\u00eda y cl\u00e1sicas antes de que la Segunda Guerra Mundial interrumpiera su racha de victorias. Pero, por otro lado, los tiempos de guerra lanzaron una &#8220;carrera&#8221; heroica muy diferente para \u00e9l.<\/p>\n<p>Despu\u00e9s de unirse al grupo de resistencia local, Gino pasaba de contrabando documentos de identidad falsos y otros documentos para los refugiados dentro del cuadro de su bicicleta entre Florencia y As\u00eds. Escondi\u00f3 a una familia jud\u00eda en su s\u00f3tano hasta que llegaron los aliados. Incluso transportaba personas en un remolque detr\u00e1s de su bicicleta, convenciendo a los guardias de los puestos de control de que, como famoso campe\u00f3n de ciclismo, s\u00f3lo estaba entrenando duro con un peso adicional, y eso es s\u00f3lo rozar la superficie. Todas estas acciones se castigaban con la tortura y la muerte en aquella \u00e9poca.<\/p>\n<lite-youtube videoid=8KViiThNK-c params=\"enablejsapi=1\" style=\"background-image: url('https:\/\/i.ytimg.com\/vi_webp\/8KViiThNK-c\/maxresdefault.webp');\"><\/lite-youtube>\n<p>&nbsp;<\/p>\n<p>La valent\u00eda de Gino y el alcance de sus actos s\u00f3lo han salido a la luz despu\u00e9s de su muerte, ya que era reacio a compartirlos con nadie, ni siquiera con su propio hijo Andrea, que finalmente desempe\u00f1\u00f3 un papel fundamental al revelarlos al p\u00fablico. En una entrevista para The Guardian, a\u00f1os despu\u00e9s de la muerte de Gino, Andrea Bartali cit\u00f3 las notables palabras de su padre al respecto: &#8220;Hay que hacer el bien, pero no hay que hablar de ello. Si hablas de ello, te est\u00e1s aprovechando de las desgracias de los dem\u00e1s para tu propio beneficio&#8221;. Un verdadero testimonio del enfoque de Gino de &#8220;poner el dinero donde est\u00e1 la boca&#8221;. Por sus incre\u00edbles esfuerzos, Bartali fue reconocido p\u00f3stumamente por el memorial del Holocausto Yad Vashem como Justo entre las Naciones en 2013.<\/p>\n<p>Dado que <a href=\"https:\/\/www.welovecycling.com\/wide\/2020\/06\/08\/gino-bartali-was-a-hero-on-a-racing-bike\/\">Bartali<\/a> falleci\u00f3 en el a\u00f1o 2000, el equipo de rodaje del documental &#8220;El Mensajero de la Paz&#8221; se encarg\u00f3 de encontrar todos los v\u00ednculos que pudieran iluminar el mayor n\u00famero posible de detalles sobre su estancia en la resistencia y el papel que desempe\u00f1\u00f3 para salvar (seg\u00fan las estimaciones) a cientos de personas, en su mayor\u00eda jud\u00edos, de una muerte segura. El equipo se embarc\u00f3 en un viaje tras las huellas de Gino por las carreteras blancas de la Toscana y Umbr\u00eda para intentar reunir todo el material posible in situ y de personas cercanas a \u00e9l; incluso recorrieron ellos mismos su ruta de contrabando entre Florencia y As\u00eds. A lo largo de lagos, pueblos tranquilos, peque\u00f1as osterias y ciudades mundialmente conocidas, buscaron respuestas en cada rinc\u00f3n, y nos atrevemos a decir que vali\u00f3 la pena.<\/p>\n<p>El documental es una mezcla bien equilibrada de paseos panor\u00e1micos, entrevistas contempor\u00e1neas con aquellos que tuvieron la suerte de conocer a Gino, im\u00e1genes granuladas en blanco y negro de sus a\u00f1os dorados en las carreras, y unos pocos encuentros preciosos grabados con el difunto Gino Bartali cerca del final de su vida.<\/p>\n<p>Si el cansancio primaveral le est\u00e1 golpeando con fuerza y necesitas una inyecci\u00f3n de moral, este documental es la mejor hora y 17 minutos que puedes dedicar una tarde<\/p>\n","protected":false},"excerpt":{"rendered":"<p>Ganador del Tour. Ganador del Giro. Un ciclista polifac\u00e9tico. La carrera de Gino Bartali lo dice todo por s\u00ed sola, [&hellip;]<\/p>\n","protected":false},"author":29,"featured_media":8755,"comment_status":"open","ping_status":"open","sticky":false,"template":"","format":"standard","meta":{"footnotes":""},"categories":[7],"tags":[],"global-categories":[],"class_list":["post-8749","post","type-post","status-publish","format-standard","has-post-thumbnail","hentry","category-carretera"],"yoast_head":"<!-- This site is optimized with the Yoast SEO Premium plugin v25.3 (Yoast SEO v25.9) - https:\/\/yoast.com\/wordpress\/plugins\/seo\/ -->\n<title>Gino Bartali: &quot;El mensajero de la paz&quot;, nuevo documental<\/title>\n<meta name=\"description\" content=\"Gino Bartali: &quot;El mensajero de la paz&quot;, nuevo documental. La historia de Bartali durante la Segunda Guerra Mundial.\" \/>\n<meta name=\"robots\" content=\"index, follow, max-snippet:-1, max-image-preview:large, max-video-preview:-1\" \/>\n<link rel=\"canonical\" href=\"https:\/\/www.welovecycling.com\/es\/2022\/04\/20\/gino-bartali-documental\/\" \/>\n<meta property=\"og:locale\" content=\"es_ES\" \/>\n<meta property=\"og:type\" content=\"article\" \/>\n<meta property=\"og:title\" content=\"Gino Bartali: &quot;El mensajero de la paz&quot;, nuevo documental\" \/>\n<meta property=\"og:description\" content=\"Gino Bartali: &quot;El mensajero de la paz&quot;, nuevo documental. La historia de Bartali durante la Segunda Guerra Mundial.\" \/>\n<meta property=\"og:url\" content=\"https:\/\/www.welovecycling.com\/es\/2022\/04\/20\/gino-bartali-documental\/\" \/>\n<meta property=\"og:site_name\" content=\"\u0160koda We Love Cycling - Spain\" \/>\n<meta property=\"article:published_time\" content=\"2022-04-20T18:15:30+00:00\" \/>\n<meta property=\"og:image\" content=\"https:\/\/d2p6e6u75xmxt8.cloudfront.net\/6\/2022\/04\/Gino-Bartali-profimedia-0083606800-CVR.jpg\" \/>\n\t<meta property=\"og:image:width\" content=\"1366\" \/>\n\t<meta property=\"og:image:height\" content=\"600\" \/>\n\t<meta property=\"og:image:type\" content=\"image\/jpeg\" \/>\n<meta name=\"author\" content=\"We Love Cycling Spain\" \/>\n<meta name=\"twitter:card\" content=\"summary_large_image\" \/>\n<meta name=\"twitter:title\" content=\"Gino Bartali: &quot;El mensajero de la paz&quot;, nuevo documental\" \/>\n<meta name=\"twitter:description\" content=\"Gino Bartali: &quot;El mensajero de la paz&quot;, nuevo documental. La historia de Bartali durante la Segunda Guerra Mundial.\" \/>\n<meta name=\"twitter:label1\" content=\"Written by\" \/>\n\t<meta name=\"twitter:data1\" content=\"Frantiska Blazkova\" \/>\n\t<meta name=\"twitter:label2\" content=\"Est. reading time\" \/>\n\t<meta name=\"twitter:data2\" content=\"5\" \/>\n<script type=\"application\/ld+json\" class=\"yoast-schema-graph\">{\"@context\":\"https:\/\/schema.org\",\"@graph\":[{\"@type\":\"WebPage\",\"@id\":\"https:\/\/www.welovecycling.com\/es\/2022\/04\/20\/gino-bartali-documental\/\",\"url\":\"https:\/\/www.welovecycling.com\/es\/2022\/04\/20\/gino-bartali-documental\/\",\"name\":\"Gino Bartali: \\\"El mensajero de la paz\\\", nuevo documental\",\"isPartOf\":{\"@id\":\"https:\/\/www.welovecycling.com\/es\/#website\"},\"primaryImageOfPage\":{\"@id\":\"https:\/\/www.welovecycling.com\/es\/2022\/04\/20\/gino-bartali-documental\/#primaryimage\"},\"image\":{\"@id\":\"https:\/\/www.welovecycling.com\/es\/2022\/04\/20\/gino-bartali-documental\/#primaryimage\"},\"thumbnailUrl\":\"https:\/\/d2p6e6u75xmxt8.cloudfront.net\/6\/2022\/04\/Gino-Bartali-profimedia-0083606800-CVR.jpg\",\"datePublished\":\"2022-04-20T18:15:30+00:00\",\"author\":{\"@id\":\"https:\/\/www.welovecycling.com\/es\/#\/schema\/person\/deb61715b5812698ee79fb96f343ccd4\"},\"description\":\"Gino Bartali: \\\"El mensajero de la paz\\\", nuevo documental. La historia de Bartali durante la Segunda Guerra Mundial.\",\"breadcrumb\":{\"@id\":\"https:\/\/www.welovecycling.com\/es\/2022\/04\/20\/gino-bartali-documental\/#breadcrumb\"},\"inLanguage\":\"es-ES\",\"potentialAction\":[{\"@type\":\"ReadAction\",\"target\":[\"https:\/\/www.welovecycling.com\/es\/2022\/04\/20\/gino-bartali-documental\/\"]}]},{\"@type\":\"ImageObject\",\"inLanguage\":\"es-ES\",\"@id\":\"https:\/\/www.welovecycling.com\/es\/2022\/04\/20\/gino-bartali-documental\/#primaryimage\",\"url\":\"https:\/\/d2p6e6u75xmxt8.cloudfront.net\/6\/2022\/04\/Gino-Bartali-profimedia-0083606800-CVR.jpg\",\"contentUrl\":\"https:\/\/d2p6e6u75xmxt8.cloudfront.net\/6\/2022\/04\/Gino-Bartali-profimedia-0083606800-CVR.jpg\",\"width\":1366,\"height\":600,\"caption\":\"Gino Bartali\"},{\"@type\":\"BreadcrumbList\",\"@id\":\"https:\/\/www.welovecycling.com\/es\/2022\/04\/20\/gino-bartali-documental\/#breadcrumb\",\"itemListElement\":[{\"@type\":\"ListItem\",\"position\":1,\"name\":\"Home\",\"item\":\"https:\/\/www.welovecycling.com\/es\/\"},{\"@type\":\"ListItem\",\"position\":2,\"name\":\"Gino Bartali: &#8220;El mensajero de la paz&#8221;, nuevo documental\"}]},{\"@type\":\"WebSite\",\"@id\":\"https:\/\/www.welovecycling.com\/es\/#website\",\"url\":\"https:\/\/www.welovecycling.com\/es\/\",\"name\":\"\u0160koda We Love Cycling - Spain\",\"description\":\"\u0160koda WeLoveCycling Spain\",\"potentialAction\":[{\"@type\":\"SearchAction\",\"target\":{\"@type\":\"EntryPoint\",\"urlTemplate\":\"https:\/\/www.welovecycling.com\/es\/?s={search_term_string}\"},\"query-input\":{\"@type\":\"PropertyValueSpecification\",\"valueRequired\":true,\"valueName\":\"search_term_string\"}}],\"inLanguage\":\"es-ES\"},{\"@type\":\"Person\",\"@id\":\"https:\/\/www.welovecycling.com\/es\/#\/schema\/person\/deb61715b5812698ee79fb96f343ccd4\",\"name\":\"We Love Cycling Spain\",\"image\":{\"@type\":\"ImageObject\",\"inLanguage\":\"es-ES\",\"@id\":\"https:\/\/www.welovecycling.com\/es\/#\/schema\/person\/image\/\",\"url\":\"https:\/\/secure.gravatar.com\/avatar\/c824b04e6df0e37a03219d0b6481672889df542894588964102459e46513159c?s=96&d=mm&r=g\",\"contentUrl\":\"https:\/\/secure.gravatar.com\/avatar\/c824b04e6df0e37a03219d0b6481672889df542894588964102459e46513159c?s=96&d=mm&r=g\",\"caption\":\"We Love Cycling Spain\"},\"url\":\"https:\/\/www.welovecycling.com\/es\/author\/amunoz\/\"}]}<\/script>\n<!-- \/ Yoast SEO Premium plugin. -->","yoast_head_json":{"title":"Gino Bartali: \"El mensajero de la paz\", nuevo documental","description":"Gino Bartali: \"El mensajero de la paz\", nuevo documental. La historia de Bartali durante la Segunda Guerra Mundial.","robots":{"index":"index","follow":"follow","max-snippet":"max-snippet:-1","max-image-preview":"max-image-preview:large","max-video-preview":"max-video-preview:-1"},"canonical":"https:\/\/www.welovecycling.com\/es\/2022\/04\/20\/gino-bartali-documental\/","og_locale":"es_ES","og_type":"article","og_title":"Gino Bartali: \"El mensajero de la paz\", nuevo documental","og_description":"Gino Bartali: \"El mensajero de la paz\", nuevo documental. La historia de Bartali durante la Segunda Guerra Mundial.","og_url":"https:\/\/www.welovecycling.com\/es\/2022\/04\/20\/gino-bartali-documental\/","og_site_name":"\u0160koda We Love Cycling - Spain","article_published_time":"2022-04-20T18:15:30+00:00","og_image":[{"width":1366,"height":600,"url":"https:\/\/d2p6e6u75xmxt8.cloudfront.net\/6\/2022\/04\/Gino-Bartali-profimedia-0083606800-CVR.jpg","type":"image\/jpeg"}],"author":"We Love Cycling Spain","twitter_card":"summary_large_image","twitter_title":"Gino Bartali: \"El mensajero de la paz\", nuevo documental","twitter_description":"Gino Bartali: \"El mensajero de la paz\", nuevo documental. La historia de Bartali durante la Segunda Guerra Mundial.","twitter_misc":{"Written by":"Frantiska Blazkova","Est. reading time":"5"},"schema":{"@context":"https:\/\/schema.org","@graph":[{"@type":"WebPage","@id":"https:\/\/www.welovecycling.com\/es\/2022\/04\/20\/gino-bartali-documental\/","url":"https:\/\/www.welovecycling.com\/es\/2022\/04\/20\/gino-bartali-documental\/","name":"Gino Bartali: \"El mensajero de la paz\", nuevo documental","isPartOf":{"@id":"https:\/\/www.welovecycling.com\/es\/#website"},"primaryImageOfPage":{"@id":"https:\/\/www.welovecycling.com\/es\/2022\/04\/20\/gino-bartali-documental\/#primaryimage"},"image":{"@id":"https:\/\/www.welovecycling.com\/es\/2022\/04\/20\/gino-bartali-documental\/#primaryimage"},"thumbnailUrl":"https:\/\/d2p6e6u75xmxt8.cloudfront.net\/6\/2022\/04\/Gino-Bartali-profimedia-0083606800-CVR.jpg","datePublished":"2022-04-20T18:15:30+00:00","author":{"@id":"https:\/\/www.welovecycling.com\/es\/#\/schema\/person\/deb61715b5812698ee79fb96f343ccd4"},"description":"Gino Bartali: \"El mensajero de la paz\", nuevo documental. La historia de Bartali durante la Segunda Guerra Mundial.","breadcrumb":{"@id":"https:\/\/www.welovecycling.com\/es\/2022\/04\/20\/gino-bartali-documental\/#breadcrumb"},"inLanguage":"es-ES","potentialAction":[{"@type":"ReadAction","target":["https:\/\/www.welovecycling.com\/es\/2022\/04\/20\/gino-bartali-documental\/"]}]},{"@type":"ImageObject","inLanguage":"es-ES","@id":"https:\/\/www.welovecycling.com\/es\/2022\/04\/20\/gino-bartali-documental\/#primaryimage","url":"https:\/\/d2p6e6u75xmxt8.cloudfront.net\/6\/2022\/04\/Gino-Bartali-profimedia-0083606800-CVR.jpg","contentUrl":"https:\/\/d2p6e6u75xmxt8.cloudfront.net\/6\/2022\/04\/Gino-Bartali-profimedia-0083606800-CVR.jpg","width":1366,"height":600,"caption":"Gino Bartali"},{"@type":"BreadcrumbList","@id":"https:\/\/www.welovecycling.com\/es\/2022\/04\/20\/gino-bartali-documental\/#breadcrumb","itemListElement":[{"@type":"ListItem","position":1,"name":"Home","item":"https:\/\/www.welovecycling.com\/es\/"},{"@type":"ListItem","position":2,"name":"Gino Bartali: &#8220;El mensajero de la paz&#8221;, nuevo documental"}]},{"@type":"WebSite","@id":"https:\/\/www.welovecycling.com\/es\/#website","url":"https:\/\/www.welovecycling.com\/es\/","name":"\u0160koda We Love Cycling - Spain","description":"\u0160koda WeLoveCycling Spain","potentialAction":[{"@type":"SearchAction","target":{"@type":"EntryPoint","urlTemplate":"https:\/\/www.welovecycling.com\/es\/?s={search_term_string}"},"query-input":{"@type":"PropertyValueSpecification","valueRequired":true,"valueName":"search_term_string"}}],"inLanguage":"es-ES"},{"@type":"Person","@id":"https:\/\/www.welovecycling.com\/es\/#\/schema\/person\/deb61715b5812698ee79fb96f343ccd4","name":"We Love Cycling Spain","image":{"@type":"ImageObject","inLanguage":"es-ES","@id":"https:\/\/www.welovecycling.com\/es\/#\/schema\/person\/image\/","url":"https:\/\/secure.gravatar.com\/avatar\/c824b04e6df0e37a03219d0b6481672889df542894588964102459e46513159c?s=96&d=mm&r=g","contentUrl":"https:\/\/secure.gravatar.com\/avatar\/c824b04e6df0e37a03219d0b6481672889df542894588964102459e46513159c?s=96&d=mm&r=g","caption":"We Love Cycling Spain"},"url":"https:\/\/www.welovecycling.com\/es\/author\/amunoz\/"}]}},"_links":{"self":[{"href":"https:\/\/www.welovecycling.com\/es\/wp-json\/wp\/v2\/posts\/8749","targetHints":{"allow":["GET"]}}],"collection":[{"href":"https:\/\/www.welovecycling.com\/es\/wp-json\/wp\/v2\/posts"}],"about":[{"href":"https:\/\/www.welovecycling.com\/es\/wp-json\/wp\/v2\/types\/post"}],"author":[{"embeddable":true,"href":"https:\/\/www.welovecycling.com\/es\/wp-json\/wp\/v2\/users\/29"}],"replies":[{"embeddable":true,"href":"https:\/\/www.welovecycling.com\/es\/wp-json\/wp\/v2\/comments?post=8749"}],"version-history":[{"count":1,"href":"https:\/\/www.welovecycling.com\/es\/wp-json\/wp\/v2\/posts\/8749\/revisions"}],"predecessor-version":[{"id":8772,"href":"https:\/\/www.welovecycling.com\/es\/wp-json\/wp\/v2\/posts\/8749\/revisions\/8772"}],"wp:featuredmedia":[{"embeddable":true,"href":"https:\/\/www.welovecycling.com\/es\/wp-json\/wp\/v2\/media\/8755"}],"wp:attachment":[{"href":"https:\/\/www.welovecycling.com\/es\/wp-json\/wp\/v2\/media?parent=8749"}],"wp:term":[{"taxonomy":"category","embeddable":true,"href":"https:\/\/www.welovecycling.com\/es\/wp-json\/wp\/v2\/categories?post=8749"},{"taxonomy":"post_tag","embeddable":true,"href":"https:\/\/www.welovecycling.com\/es\/wp-json\/wp\/v2\/tags?post=8749"},{"taxonomy":"global-categories","embeddable":true,"href":"https:\/\/www.welovecycling.com\/es\/wp-json\/wp\/v2\/global-categories?post=8749"}],"curies":[{"name":"wp","href":"https:\/\/api.w.org\/{rel}","templated":true}]}}