{"id":8737,"date":"2022-04-07T09:31:20","date_gmt":"2022-04-07T07:31:20","guid":{"rendered":"https:\/\/www.welovecycling.com\/es\/?p=8737"},"modified":"2022-04-07T09:31:20","modified_gmt":"2022-04-07T07:31:20","slug":"tour-flandes-2022","status":"publish","type":"post","link":"https:\/\/www.welovecycling.com\/es\/2022\/04\/07\/tour-flandes-2022\/","title":{"rendered":"Tour de Flandes 2022. Pogacar no es perfecto"},"content":{"rendered":"<p><strong>Tal vez lo m\u00e1s sorprendente del dram\u00e1tico Tour de Flandes 2022\u00a0 sea que el dos veces ganador del Tour de Francia, Tadej Poga\u010dar, no es perfecto. De hecho, todav\u00eda tiene mucho que aprender sobre las carreras de un d\u00eda, especialmente sobre la estrategia en el \u00faltimo kil\u00f3metro de una carrera. Porque su error de principiante en los \u00faltimos 500 m de la carrera no s\u00f3lo le cost\u00f3 la victoria, sino tambi\u00e9n un puesto en el podio.<\/strong><\/p>\n<p><!--more--><\/p>\n<p>Tras un interesante mano a mano en los \u00faltimos 20 km entre el l\u00edder del UAE Team Emirates, de 23 a\u00f1os, y el ganador final, la estrella multidisciplinar del Alpecin-Fenix Mathieu van der Poel, ambos se encontraban con 30 segundos de ventaja sobre la pareja perseguidora formada por Dylan van Baarle (Ineos Grenadiers) y Valentin Madouas (Groupama-FDJ), a s\u00f3lo 500 m de la meta.<\/p>\n<div class=\"embed-controller-wrapper\">\n<blockquote class=\"twitter-tweet\" data-width=\"500\" data-dnt=\"true\">\n<p lang=\"en\" dir=\"ltr\">\ud83d\udc9b\ud83d\udda4 What a monumental sprint that was! \ud83e\udd29 Congrats <a href=\"https:\/\/twitter.com\/mathieuvdpoel?ref_src=twsrc%5Etfw\">@mathieuvdpoel<\/a>, Flanders\u2019 Finest 2022 is yours \ud83e\udd47\ud83d\udcaa <a href=\"https:\/\/twitter.com\/hashtag\/RVV22?src=hash&amp;ref_src=twsrc%5Etfw\">#RVV22<\/a> <a href=\"https:\/\/twitter.com\/hashtag\/RVVmen?src=hash&amp;ref_src=twsrc%5Etfw\">#RVVmen<\/a> <a href=\"https:\/\/t.co\/IyQSJ6oIYd\">pic.twitter.com\/IyQSJ6oIYd<\/a><\/p>\n<p>&mdash; Flanders Classics (@FlandersClassic) <a href=\"https:\/\/twitter.com\/FlandersClassic\/status\/1510672519845621760?ref_src=twsrc%5Etfw\">April 3, 2022<\/a><\/p><\/blockquote>\n<p><script async data-src=\"https:\/\/platform.twitter.com\/widgets.js\" charset=\"utf-8\"><\/script><\/div>\n<p>Al ir en cabeza, van der Poel redujo la velocidad, invitando a<a href=\"https:\/\/www.welovecycling.com\/es\/2022\/01\/28\/tadej-pogacar\/\"> Poga\u010dar<\/a> a tomar la iniciativa. Pero el corredor esloveno declin\u00f3 y los dos apenas avanzaron mientras segu\u00edan jugando al &#8220;gato y al rat\u00f3n&#8221; mientras van Baarle, holand\u00e9s, y Madouas, franc\u00e9s, se acercaban a ellos y los alcanzaban. Eso oblig\u00f3 a van der Poel a iniciar su sprint mientras van Baarle y Madouas, ambos ya en modo sprint, se abalanzaron sobre ellos, dejando a Poga\u010dar que iniciara su sprint con retraso. Cuando lo alcanz\u00f3, quedaban menos de 200 metros para la meta, estaba completamente cerrado y no hab\u00eda forma de pasar a los tres corredores que le preced\u00edan.<\/p>\n<p><a href=\"https:\/\/www.welovecycling.com\/es\/2021\/08\/06\/van-der-poel-o-wout-van-aert\/\">Van der Poel<\/a> fue el m\u00e1s fuerte al final, superando a van Baarle y Madouas en ese orden para su segunda victoria en la carrera, con un Poga\u010dar visiblemente frustrado que termin\u00f3 en un decepcionante cuarto lugar en su debut en el Tour de Flandes. Mucho despu\u00e9s de la carrera, fue visto por una c\u00e1mara de televisi\u00f3n expresando su frustraci\u00f3n a los dem\u00e1s. Estaba claro que hab\u00eda deseado desesperadamente ganar la carrera. &#8220;Estaba muy decepcionado porque no pude hacer mi sprint. Estaba encajonado&#8221;, dijo el esloveno a Eurosport cuando se calm\u00f3. &#8220;Pero as\u00ed es el ciclismo: a veces est\u00e1s encajonado, a veces tienes el camino abierto. No estaba enfadado [con] nadie; puede parecerlo, pero s\u00f3lo estaba frustrado conmigo mismo porque no pude hacer los mejores 100 m hasta la meta&#8221;. Van der Poel dijo a Eurosport que Poga\u010dar &#8220;estuvo realmente impresionante hoy. Fue una pena que no estuviera en el podio hoy porque lo habr\u00eda merecido&#8221;.<\/p>\n<p>La experiencia del holand\u00e9s en el sprint final de esta carrera fue sin duda un factor para su victoria. &#8220;Es el tercer a\u00f1o que llego al kil\u00f3metro final con otro tipo&#8221;, dijo. &#8220;Siempre es una partida de p\u00f3ker. Es normal, nadie va a ir a todo gas en el \u00faltimo kil\u00f3metro con alguien a su rueda&#8221;.<\/p>\n<p>Poga\u010dar hab\u00eda intentado por todos los medios quitarse de en medio a Van der Poel en las subidas que protagonizaron los \u00faltimos 20 km de la carrera, pero el holand\u00e9s se peg\u00f3 a su rueda trasera. &#8220;Me dol\u00eda cada vez que aceleraba&#8221;, admiti\u00f3 van der Poel. &#8220;Intent\u00e9 descansar todo lo posible cuando tuve la oportunidad. Tadej estaba incre\u00edblemente fuerte. Estaba al l\u00edmite&#8221;. La victoria de Van der Poel -su segunda en los \u00faltimos tres a\u00f1os en el Tour de Flandes- fue tanto m\u00e1s impresionante cuanto que se trataba de su octavo d\u00eda de carrera esta temporada, tras una larga pausa por una lesi\u00f3n de espalda. &#8220;He trabajado muy duro para esto&#8221;, dijo.<\/p>\n<p>Poga\u010dar tambi\u00e9n se vio perjudicado por la p\u00e9rdida de su medidor de potencia en una ca\u00edda a los 20 km de la carrera. Pero dijo que eso no fue un factor que influyera en el resultado. &#8220;Al final, quiz\u00e1s fue mejor sin los n\u00fameros&#8221;, dijo. &#8220;No habr\u00eda cambiado nada [si lo hubiera tenido]&#8221;. El resultado del Tour de Flandes 2022 se vio sin duda afectado por la ausencia del favorito antes de la carrera, <a href=\"https:\/\/www.cyclingnews.com\/news\/confirmed-wout-van-aert-to-miss-tour-of-flanders\/\">Wout van Aert, que hab\u00eda dado positivo por Covid<\/a> pocos d\u00edas antes de la salida.<\/p>\n","protected":false},"excerpt":{"rendered":"<p>Tal vez lo m\u00e1s sorprendente del dram\u00e1tico Tour de Flandes 2022\u00a0 sea que el dos veces ganador del Tour de [&hellip;]<\/p>\n","protected":false},"author":29,"featured_media":8741,"comment_status":"open","ping_status":"open","sticky":false,"template":"","format":"standard","meta":{"footnotes":""},"categories":[7],"tags":[],"global-categories":[],"class_list":["post-8737","post","type-post","status-publish","format-standard","has-post-thumbnail","hentry","category-carretera"],"yoast_head":"<!-- This site is optimized with the Yoast SEO Premium plugin v25.3 (Yoast SEO v25.9) - https:\/\/yoast.com\/wordpress\/plugins\/seo\/ -->\n<title>Tour de Flandes 2022. Pogacar no es perfecto - We Love Cycling<\/title>\n<meta name=\"description\" content=\"Tour de Flandes 2022. Pogacar no es perfecto. La resoluci\u00f3n del Tour de Flandes 2022 muestra alguna debilidad de Pogacar, aunque m\u00ednima.\" \/>\n<meta name=\"robots\" content=\"index, follow, max-snippet:-1, max-image-preview:large, max-video-preview:-1\" \/>\n<link rel=\"canonical\" href=\"https:\/\/www.welovecycling.com\/es\/2022\/04\/07\/tour-flandes-2022\/\" \/>\n<meta property=\"og:locale\" content=\"es_ES\" \/>\n<meta property=\"og:type\" content=\"article\" \/>\n<meta property=\"og:title\" content=\"Tour de Flandes 2022. Pogacar no es perfecto\" \/>\n<meta property=\"og:description\" content=\"Tour de Flandes 2022. Pogacar no es perfecto. La resoluci\u00f3n del Tour de Flandes 2022 muestra alguna debilidad de Pogacar, aunque m\u00ednima.\" \/>\n<meta property=\"og:url\" content=\"https:\/\/www.welovecycling.com\/es\/2022\/04\/07\/tour-flandes-2022\/\" \/>\n<meta property=\"og:site_name\" content=\"\u0160koda We Love Cycling - Spain\" \/>\n<meta property=\"article:published_time\" content=\"2022-04-07T07:31:20+00:00\" \/>\n<meta property=\"og:image\" content=\"https:\/\/d2p6e6u75xmxt8.cloudfront.net\/6\/2022\/04\/Pogacar-van-der-Poel-Tour-of-Flanders-profimedia-0678808365-CVR.jpg\" \/>\n\t<meta property=\"og:image:width\" content=\"1366\" \/>\n\t<meta property=\"og:image:height\" content=\"600\" \/>\n\t<meta property=\"og:image:type\" content=\"image\/jpeg\" \/>\n<meta name=\"author\" content=\"We Love Cycling Spain\" \/>\n<meta name=\"twitter:card\" content=\"summary_large_image\" \/>\n<meta name=\"twitter:title\" content=\"Tour de Flandes 2022. Pogacar no es perfecto\" \/>\n<meta name=\"twitter:description\" content=\"Tour de Flandes 2022. Pogacar no es perfecto. La resoluci\u00f3n del Tour de Flandes 2022 muestra alguna debilidad de Pogacar, aunque m\u00ednima.\" \/>\n<meta name=\"twitter:label1\" content=\"Written by\" \/>\n\t<meta name=\"twitter:data1\" content=\"Siegfried Mortkowitz\" \/>\n\t<meta name=\"twitter:label2\" content=\"Est. reading time\" \/>\n\t<meta name=\"twitter:data2\" content=\"5\" \/>\n<script type=\"application\/ld+json\" class=\"yoast-schema-graph\">{\"@context\":\"https:\/\/schema.org\",\"@graph\":[{\"@type\":\"WebPage\",\"@id\":\"https:\/\/www.welovecycling.com\/es\/2022\/04\/07\/tour-flandes-2022\/\",\"url\":\"https:\/\/www.welovecycling.com\/es\/2022\/04\/07\/tour-flandes-2022\/\",\"name\":\"Tour de Flandes 2022. Pogacar no es perfecto - We Love Cycling\",\"isPartOf\":{\"@id\":\"https:\/\/www.welovecycling.com\/es\/#website\"},\"primaryImageOfPage\":{\"@id\":\"https:\/\/www.welovecycling.com\/es\/2022\/04\/07\/tour-flandes-2022\/#primaryimage\"},\"image\":{\"@id\":\"https:\/\/www.welovecycling.com\/es\/2022\/04\/07\/tour-flandes-2022\/#primaryimage\"},\"thumbnailUrl\":\"https:\/\/d2p6e6u75xmxt8.cloudfront.net\/6\/2022\/04\/Pogacar-van-der-Poel-Tour-of-Flanders-profimedia-0678808365-CVR.jpg\",\"datePublished\":\"2022-04-07T07:31:20+00:00\",\"author\":{\"@id\":\"https:\/\/www.welovecycling.com\/es\/#\/schema\/person\/deb61715b5812698ee79fb96f343ccd4\"},\"description\":\"Tour de Flandes 2022. Pogacar no es perfecto. La resoluci\u00f3n del Tour de Flandes 2022 muestra alguna debilidad de Pogacar, aunque m\u00ednima.\",\"breadcrumb\":{\"@id\":\"https:\/\/www.welovecycling.com\/es\/2022\/04\/07\/tour-flandes-2022\/#breadcrumb\"},\"inLanguage\":\"es-ES\",\"potentialAction\":[{\"@type\":\"ReadAction\",\"target\":[\"https:\/\/www.welovecycling.com\/es\/2022\/04\/07\/tour-flandes-2022\/\"]}]},{\"@type\":\"ImageObject\",\"inLanguage\":\"es-ES\",\"@id\":\"https:\/\/www.welovecycling.com\/es\/2022\/04\/07\/tour-flandes-2022\/#primaryimage\",\"url\":\"https:\/\/d2p6e6u75xmxt8.cloudfront.net\/6\/2022\/04\/Pogacar-van-der-Poel-Tour-of-Flanders-profimedia-0678808365-CVR.jpg\",\"contentUrl\":\"https:\/\/d2p6e6u75xmxt8.cloudfront.net\/6\/2022\/04\/Pogacar-van-der-Poel-Tour-of-Flanders-profimedia-0678808365-CVR.jpg\",\"width\":1366,\"height\":600,\"caption\":\"Poga\u010dar and van der Poel\"},{\"@type\":\"BreadcrumbList\",\"@id\":\"https:\/\/www.welovecycling.com\/es\/2022\/04\/07\/tour-flandes-2022\/#breadcrumb\",\"itemListElement\":[{\"@type\":\"ListItem\",\"position\":1,\"name\":\"Home\",\"item\":\"https:\/\/www.welovecycling.com\/es\/\"},{\"@type\":\"ListItem\",\"position\":2,\"name\":\"Tour de Flandes 2022. Pogacar no es perfecto\"}]},{\"@type\":\"WebSite\",\"@id\":\"https:\/\/www.welovecycling.com\/es\/#website\",\"url\":\"https:\/\/www.welovecycling.com\/es\/\",\"name\":\"\u0160koda We Love Cycling - Spain\",\"description\":\"\u0160koda WeLoveCycling Spain\",\"potentialAction\":[{\"@type\":\"SearchAction\",\"target\":{\"@type\":\"EntryPoint\",\"urlTemplate\":\"https:\/\/www.welovecycling.com\/es\/?s={search_term_string}\"},\"query-input\":{\"@type\":\"PropertyValueSpecification\",\"valueRequired\":true,\"valueName\":\"search_term_string\"}}],\"inLanguage\":\"es-ES\"},{\"@type\":\"Person\",\"@id\":\"https:\/\/www.welovecycling.com\/es\/#\/schema\/person\/deb61715b5812698ee79fb96f343ccd4\",\"name\":\"We Love Cycling Spain\",\"image\":{\"@type\":\"ImageObject\",\"inLanguage\":\"es-ES\",\"@id\":\"https:\/\/www.welovecycling.com\/es\/#\/schema\/person\/image\/\",\"url\":\"https:\/\/secure.gravatar.com\/avatar\/c824b04e6df0e37a03219d0b6481672889df542894588964102459e46513159c?s=96&d=mm&r=g\",\"contentUrl\":\"https:\/\/secure.gravatar.com\/avatar\/c824b04e6df0e37a03219d0b6481672889df542894588964102459e46513159c?s=96&d=mm&r=g\",\"caption\":\"We Love Cycling Spain\"},\"url\":\"https:\/\/www.welovecycling.com\/es\/author\/amunoz\/\"}]}<\/script>\n<!-- \/ Yoast SEO Premium plugin. -->","yoast_head_json":{"title":"Tour de Flandes 2022. Pogacar no es perfecto - We Love Cycling","description":"Tour de Flandes 2022. Pogacar no es perfecto. La resoluci\u00f3n del Tour de Flandes 2022 muestra alguna debilidad de Pogacar, aunque m\u00ednima.","robots":{"index":"index","follow":"follow","max-snippet":"max-snippet:-1","max-image-preview":"max-image-preview:large","max-video-preview":"max-video-preview:-1"},"canonical":"https:\/\/www.welovecycling.com\/es\/2022\/04\/07\/tour-flandes-2022\/","og_locale":"es_ES","og_type":"article","og_title":"Tour de Flandes 2022. Pogacar no es perfecto","og_description":"Tour de Flandes 2022. Pogacar no es perfecto. La resoluci\u00f3n del Tour de Flandes 2022 muestra alguna debilidad de Pogacar, aunque m\u00ednima.","og_url":"https:\/\/www.welovecycling.com\/es\/2022\/04\/07\/tour-flandes-2022\/","og_site_name":"\u0160koda We Love Cycling - Spain","article_published_time":"2022-04-07T07:31:20+00:00","og_image":[{"width":1366,"height":600,"url":"https:\/\/d2p6e6u75xmxt8.cloudfront.net\/6\/2022\/04\/Pogacar-van-der-Poel-Tour-of-Flanders-profimedia-0678808365-CVR.jpg","type":"image\/jpeg"}],"author":"We Love Cycling Spain","twitter_card":"summary_large_image","twitter_title":"Tour de Flandes 2022. Pogacar no es perfecto","twitter_description":"Tour de Flandes 2022. Pogacar no es perfecto. La resoluci\u00f3n del Tour de Flandes 2022 muestra alguna debilidad de Pogacar, aunque m\u00ednima.","twitter_misc":{"Written by":"Siegfried Mortkowitz","Est. reading time":"5"},"schema":{"@context":"https:\/\/schema.org","@graph":[{"@type":"WebPage","@id":"https:\/\/www.welovecycling.com\/es\/2022\/04\/07\/tour-flandes-2022\/","url":"https:\/\/www.welovecycling.com\/es\/2022\/04\/07\/tour-flandes-2022\/","name":"Tour de Flandes 2022. Pogacar no es perfecto - We Love Cycling","isPartOf":{"@id":"https:\/\/www.welovecycling.com\/es\/#website"},"primaryImageOfPage":{"@id":"https:\/\/www.welovecycling.com\/es\/2022\/04\/07\/tour-flandes-2022\/#primaryimage"},"image":{"@id":"https:\/\/www.welovecycling.com\/es\/2022\/04\/07\/tour-flandes-2022\/#primaryimage"},"thumbnailUrl":"https:\/\/d2p6e6u75xmxt8.cloudfront.net\/6\/2022\/04\/Pogacar-van-der-Poel-Tour-of-Flanders-profimedia-0678808365-CVR.jpg","datePublished":"2022-04-07T07:31:20+00:00","author":{"@id":"https:\/\/www.welovecycling.com\/es\/#\/schema\/person\/deb61715b5812698ee79fb96f343ccd4"},"description":"Tour de Flandes 2022. Pogacar no es perfecto. La resoluci\u00f3n del Tour de Flandes 2022 muestra alguna debilidad de Pogacar, aunque m\u00ednima.","breadcrumb":{"@id":"https:\/\/www.welovecycling.com\/es\/2022\/04\/07\/tour-flandes-2022\/#breadcrumb"},"inLanguage":"es-ES","potentialAction":[{"@type":"ReadAction","target":["https:\/\/www.welovecycling.com\/es\/2022\/04\/07\/tour-flandes-2022\/"]}]},{"@type":"ImageObject","inLanguage":"es-ES","@id":"https:\/\/www.welovecycling.com\/es\/2022\/04\/07\/tour-flandes-2022\/#primaryimage","url":"https:\/\/d2p6e6u75xmxt8.cloudfront.net\/6\/2022\/04\/Pogacar-van-der-Poel-Tour-of-Flanders-profimedia-0678808365-CVR.jpg","contentUrl":"https:\/\/d2p6e6u75xmxt8.cloudfront.net\/6\/2022\/04\/Pogacar-van-der-Poel-Tour-of-Flanders-profimedia-0678808365-CVR.jpg","width":1366,"height":600,"caption":"Poga\u010dar and van der Poel"},{"@type":"BreadcrumbList","@id":"https:\/\/www.welovecycling.com\/es\/2022\/04\/07\/tour-flandes-2022\/#breadcrumb","itemListElement":[{"@type":"ListItem","position":1,"name":"Home","item":"https:\/\/www.welovecycling.com\/es\/"},{"@type":"ListItem","position":2,"name":"Tour de Flandes 2022. Pogacar no es perfecto"}]},{"@type":"WebSite","@id":"https:\/\/www.welovecycling.com\/es\/#website","url":"https:\/\/www.welovecycling.com\/es\/","name":"\u0160koda We Love Cycling - Spain","description":"\u0160koda WeLoveCycling Spain","potentialAction":[{"@type":"SearchAction","target":{"@type":"EntryPoint","urlTemplate":"https:\/\/www.welovecycling.com\/es\/?s={search_term_string}"},"query-input":{"@type":"PropertyValueSpecification","valueRequired":true,"valueName":"search_term_string"}}],"inLanguage":"es-ES"},{"@type":"Person","@id":"https:\/\/www.welovecycling.com\/es\/#\/schema\/person\/deb61715b5812698ee79fb96f343ccd4","name":"We Love Cycling Spain","image":{"@type":"ImageObject","inLanguage":"es-ES","@id":"https:\/\/www.welovecycling.com\/es\/#\/schema\/person\/image\/","url":"https:\/\/secure.gravatar.com\/avatar\/c824b04e6df0e37a03219d0b6481672889df542894588964102459e46513159c?s=96&d=mm&r=g","contentUrl":"https:\/\/secure.gravatar.com\/avatar\/c824b04e6df0e37a03219d0b6481672889df542894588964102459e46513159c?s=96&d=mm&r=g","caption":"We Love Cycling Spain"},"url":"https:\/\/www.welovecycling.com\/es\/author\/amunoz\/"}]}},"_links":{"self":[{"href":"https:\/\/www.welovecycling.com\/es\/wp-json\/wp\/v2\/posts\/8737","targetHints":{"allow":["GET"]}}],"collection":[{"href":"https:\/\/www.welovecycling.com\/es\/wp-json\/wp\/v2\/posts"}],"about":[{"href":"https:\/\/www.welovecycling.com\/es\/wp-json\/wp\/v2\/types\/post"}],"author":[{"embeddable":true,"href":"https:\/\/www.welovecycling.com\/es\/wp-json\/wp\/v2\/users\/29"}],"replies":[{"embeddable":true,"href":"https:\/\/www.welovecycling.com\/es\/wp-json\/wp\/v2\/comments?post=8737"}],"version-history":[{"count":1,"href":"https:\/\/www.welovecycling.com\/es\/wp-json\/wp\/v2\/posts\/8737\/revisions"}],"predecessor-version":[{"id":8746,"href":"https:\/\/www.welovecycling.com\/es\/wp-json\/wp\/v2\/posts\/8737\/revisions\/8746"}],"wp:featuredmedia":[{"embeddable":true,"href":"https:\/\/www.welovecycling.com\/es\/wp-json\/wp\/v2\/media\/8741"}],"wp:attachment":[{"href":"https:\/\/www.welovecycling.com\/es\/wp-json\/wp\/v2\/media?parent=8737"}],"wp:term":[{"taxonomy":"category","embeddable":true,"href":"https:\/\/www.welovecycling.com\/es\/wp-json\/wp\/v2\/categories?post=8737"},{"taxonomy":"post_tag","embeddable":true,"href":"https:\/\/www.welovecycling.com\/es\/wp-json\/wp\/v2\/tags?post=8737"},{"taxonomy":"global-categories","embeddable":true,"href":"https:\/\/www.welovecycling.com\/es\/wp-json\/wp\/v2\/global-categories?post=8737"}],"curies":[{"name":"wp","href":"https:\/\/api.w.org\/{rel}","templated":true}]}}