{"id":8698,"date":"2022-03-30T10:41:25","date_gmt":"2022-03-30T08:41:25","guid":{"rendered":"https:\/\/www.welovecycling.com\/es\/?p=8698"},"modified":"2022-03-30T23:00:48","modified_gmt":"2022-03-30T21:00:48","slug":"contrarreloj-contra-el-viento","status":"publish","type":"post","link":"https:\/\/www.welovecycling.com\/es\/2022\/03\/30\/contrarreloj-contra-el-viento\/","title":{"rendered":"Contrarreloj contra el viento de Holanda"},"content":{"rendered":"<p><strong>\u00bfCu\u00e1l es la carrera m\u00e1s brutal del ciclismo? \u00bfEl Tour de Francia? \u00bfLa Par\u00eds-Roubaix? \u00bfQuiz\u00e1s la Race Across America? Pues bien, para la brutalidad por kil\u00f3metro, no busques m\u00e1s que la contrarreloj contra el viento de Holanda. Esta carrera anual, que ya va por su s\u00e9ptima edici\u00f3n, es una contrarreloj de 8,5 kil\u00f3metros a lo largo de una barrera de tormenta en Oosterscheldekering, al sur de Holanda. El recorrido es muy sencillo: una l\u00ednea recta con uno de los vientos en contra m\u00e1s fuertes de Europa.<\/strong><\/p>\n<p><!--more--><\/p>\n<p>La contrarreloj contra el viento de Holanda fue iniciada por Robrecht Stoekenbroek en 2013 y ha ido a m\u00e1s cada a\u00f1o, consiguiendo patrocinadores como Eneco y Gazelle. Pero no pienses que esta carrera es solo un truco, es algo serio. Adem\u00e1s de contar con asientos resistentes a las tormentas para los espectadores y una zona designada para los v\u00f3mitos, esta carrera tiene lugar el &#8220;peor d\u00eda meteorol\u00f3gico&#8221; del a\u00f1o, lo que significa que los corredores tienen que estar preparados para correr con muy poca antelaci\u00f3n: tres d\u00edas antes de una tormenta inminente.<\/p>\n<p>Este a\u00f1o, la carrera tuvo lugar justo antes de la tormenta Eunice, que arras\u00f3 Europa, pero las condiciones no fueron menos brutales. La velocidad del viento fue de 7 sobre 10 (c\u00f3digo amarillo), un punto menos que en la carrera de 2020, que tuvo que abandonarse debido a las peligrosas condiciones. Desde luego, no es una brisa de verano a la que los corredores se enfrentan.<\/p>\n<p>&nbsp;<\/p>\n<div class=\"embed-controller-wrapper\">\n<blockquote class=\"twitter-tweet\" data-width=\"500\" data-dnt=\"true\">\n<p lang=\"nl\" dir=\"ltr\">Check hier de aftermats van de bruutste editie van het <a href=\"https:\/\/twitter.com\/Eneco?ref_src=twsrc%5Etfw\">@Eneco<\/a> NK Tegenwindfietsen ooit! \ud83c\udf27\ud83d\udca8\ud83d\udeb4\ud83c\udffc\u200d\u2642\ufe0f\ud83d\ude31<a href=\"https:\/\/twitter.com\/hashtag\/nktegenwindfietsen?src=hash&amp;ref_src=twsrc%5Etfw\">#nktegenwindfietsen<\/a> <a href=\"https:\/\/twitter.com\/hashtag\/matseditie?src=hash&amp;ref_src=twsrc%5Etfw\">#matseditie<\/a> <a href=\"https:\/\/t.co\/IAR5EPtLmx\">pic.twitter.com\/IAR5EPtLmx<\/a><\/p>\n<p>&mdash; NK Tegenwindfietsen (@NKTegenwind) <a href=\"https:\/\/twitter.com\/NKTegenwind\/status\/1490628812501139461?ref_src=twsrc%5Etfw\">February 7, 2022<\/a><\/p><\/blockquote>\n<p><script async data-src=\"https:\/\/platform.twitter.com\/widgets.js\" charset=\"utf-8\"><\/script><\/div>\n<p>Normalmente, en una contrarreloj, los ciclistas utilizan la aerodin\u00e1mica a su favor, perfeccionando su arte en un t\u00fanel de viento &#8211; que es probablemente la sensaci\u00f3n literal de esta carrera &#8211; para encontrar la posici\u00f3n perfecta para poder cortar el aire de la manera m\u00e1s eficiente. Sin embargo, en la NK Tegenwindfietsen, esto no s\u00f3lo es imposible, sino que est\u00e1 mal visto. Los organizadores dan a cada corredor una bicicleta de id\u00e9nticas caracter\u00edsticas, una bicicleta urbana Gazelle de aluminio de una sola velocidad, que incluye un freno, aunque nadie lo necesita<\/p>\n<p>A pesar de los tres d\u00edas de antelaci\u00f3n, la carrera est\u00e1 limitada a 300 competidores por a\u00f1o, cada uno de los cuales sale en intervalos de 30 segundos. El tiempo &#8220;m\u00e1s r\u00e1pido&#8221; fue establecido en 2013, la edici\u00f3n inaugural, por Bart Brentjens. Sin embargo, su tiempo de 17 minutos y 51 segundos es relativo, ya que la velocidad del viento, y no el tiempo, es lo m\u00e1s importante en esta carrera. En esta secci\u00f3n expuesta de la barrera, las velocidades del viento durante la carrera pueden alcanzar los 120 kil\u00f3metros por hora, lo que tiene la capacidad de arrastrarte. Para los ciclistas, significa darlo todo para ir pr\u00e1cticamente a ninguna parte. En la prueba de este a\u00f1o, ganada por Jurjun van der Velde en un tiempo de 20 minutos y 23 segundos, promedi\u00f3 una impresionante velocidad de 25,21 km\/h en el recorrido de 8,5 km. Teniendo en cuenta que se trata de una bicicleta de ciudad y que el viento te muerde durante todo el recorrido, es un tiempo asombroso.<\/p>\n<p>En la prueba femenina, Lisa Scheenaard podr\u00eda considerarse la <a href=\"https:\/\/www.welovecycling.com\/es\/2021\/09\/22\/mundial-de-ciclismo\/\">Marianne Vos<\/a> de esta disciplina tan especializada, ya que ha ganado las tres \u00faltimas ediciones. Y no tiene rival, ya que gan\u00f3 con casi 5 minutos de ventaja en la carrera de este a\u00f1o.<\/p>\n<p>Entonces, \u00bfpor qu\u00e9 hacerlo? \u00bfPor qu\u00e9 someterse a unos 30 minutos de tortura? Stoekenbroek dijo a <a href=\"https:\/\/then24.com\/2022\/02\/06\/leiden-student-jurjun-25-wins-beastly-edition-of-the-nk-headwind-cycling-wind-gusts-of-80-km-per-hour\/\">THEN24:<\/a> &#8220;Esta edici\u00f3n se agot\u00f3 m\u00e1s r\u00e1pido que nunca, en tres horas. Creo que es una especie de terapia para Holanda despu\u00e9s de dos a\u00f1os de corona&#8221;.<\/p>\n<p>\u00bfY tal vez sea eso? Es una especie de evasi\u00f3n en la que eres t\u00fa contra el viento durante 30 minutos, donde nada m\u00e1s importa y luchas contra los elementos para ver qui\u00e9n es mejor. Para un pa\u00eds construido sobre ese mismo pensamiento, quiz\u00e1s no haya mejor lugar para que esto florezca que Holanda. Es un pa\u00eds que se recupera del mar con ingenio y tenacidad. Puede que no necesites eso para participar en esta carrera, pero seguro que necesitas algo de coraje holand\u00e9s.<\/p>\n<p>Si quieres saber m\u00e1s sobre la contrarreloj contra el viento, s\u00edguelos en <a href=\"https:\/\/twitter.com\/NKTegenwind\">Twitter,<\/a> y si quieres participar en 2023, tendr\u00e1s que ser r\u00e1pido y estar cerca de Holanda. Pero si quieres participar, no te arrepentir\u00e1s.<\/p>\n","protected":false},"excerpt":{"rendered":"<p>\u00bfCu\u00e1l es la carrera m\u00e1s brutal del ciclismo? \u00bfEl Tour de Francia? \u00bfLa Par\u00eds-Roubaix? \u00bfQuiz\u00e1s la Race Across America? Pues [&hellip;]<\/p>\n","protected":false},"author":29,"featured_media":8704,"comment_status":"open","ping_status":"open","sticky":false,"template":"","format":"standard","meta":{"footnotes":""},"categories":[7,9],"tags":[],"global-categories":[],"class_list":["post-8698","post","type-post","status-publish","format-standard","has-post-thumbnail","hentry","category-carretera","category-mtb-aventura"],"yoast_head":"<!-- This site is optimized with the Yoast SEO Premium plugin v25.3 (Yoast SEO v25.9) - https:\/\/yoast.com\/wordpress\/plugins\/seo\/ -->\n<title>Contrarreloj contra el viento de Holanda<\/title>\n<meta name=\"description\" content=\"Contrarreloj contra el viento de Holanda. Una curiosa carrera el d\u00eda que m\u00e1s viento sopla de cara en el sur de Holanda.\" \/>\n<meta name=\"robots\" content=\"index, follow, max-snippet:-1, max-image-preview:large, max-video-preview:-1\" \/>\n<link rel=\"canonical\" href=\"https:\/\/www.welovecycling.com\/es\/2022\/03\/30\/contrarreloj-contra-el-viento\/\" \/>\n<meta property=\"og:locale\" content=\"es_ES\" \/>\n<meta property=\"og:type\" content=\"article\" \/>\n<meta property=\"og:title\" content=\"Contrarreloj contra el viento de Holanda\" \/>\n<meta property=\"og:description\" content=\"Contrarreloj contra el viento de Holanda. Una curiosa carrera el d\u00eda que m\u00e1s viento sopla de cara en el sur de Holanda.\" \/>\n<meta property=\"og:url\" content=\"https:\/\/www.welovecycling.com\/es\/2022\/03\/30\/contrarreloj-contra-el-viento\/\" \/>\n<meta property=\"og:site_name\" content=\"\u0160koda We Love Cycling - Spain\" \/>\n<meta property=\"article:published_time\" content=\"2022-03-30T08:41:25+00:00\" \/>\n<meta property=\"article:modified_time\" content=\"2022-03-30T21:00:48+00:00\" \/>\n<meta property=\"og:image\" content=\"https:\/\/d2p6e6u75xmxt8.cloudfront.net\/6\/2022\/03\/Headwind-cycling-championships-profimedia-0659899433-CVR.jpg\" \/>\n\t<meta property=\"og:image:width\" content=\"1366\" \/>\n\t<meta property=\"og:image:height\" content=\"600\" \/>\n\t<meta property=\"og:image:type\" content=\"image\/jpeg\" \/>\n<meta name=\"author\" content=\"We Love Cycling Spain\" \/>\n<meta name=\"twitter:card\" content=\"summary_large_image\" \/>\n<meta name=\"twitter:title\" content=\"Contrarreloj contra el viento de Holanda\" \/>\n<meta name=\"twitter:description\" content=\"Contrarreloj contra el viento de Holanda. Una curiosa carrera el d\u00eda que m\u00e1s viento sopla de cara en el sur de Holanda.\" \/>\n<meta name=\"twitter:label1\" content=\"Written by\" \/>\n\t<meta name=\"twitter:data1\" content=\"Joshua Donaldson\" \/>\n\t<meta name=\"twitter:label2\" content=\"Est. reading time\" \/>\n\t<meta name=\"twitter:data2\" content=\"5\" \/>\n<script type=\"application\/ld+json\" class=\"yoast-schema-graph\">{\"@context\":\"https:\/\/schema.org\",\"@graph\":[{\"@type\":\"WebPage\",\"@id\":\"https:\/\/www.welovecycling.com\/es\/2022\/03\/30\/contrarreloj-contra-el-viento\/\",\"url\":\"https:\/\/www.welovecycling.com\/es\/2022\/03\/30\/contrarreloj-contra-el-viento\/\",\"name\":\"Contrarreloj contra el viento de Holanda\",\"isPartOf\":{\"@id\":\"https:\/\/www.welovecycling.com\/es\/#website\"},\"primaryImageOfPage\":{\"@id\":\"https:\/\/www.welovecycling.com\/es\/2022\/03\/30\/contrarreloj-contra-el-viento\/#primaryimage\"},\"image\":{\"@id\":\"https:\/\/www.welovecycling.com\/es\/2022\/03\/30\/contrarreloj-contra-el-viento\/#primaryimage\"},\"thumbnailUrl\":\"https:\/\/d2p6e6u75xmxt8.cloudfront.net\/6\/2022\/03\/Headwind-cycling-championships-profimedia-0659899433-CVR.jpg\",\"datePublished\":\"2022-03-30T08:41:25+00:00\",\"dateModified\":\"2022-03-30T21:00:48+00:00\",\"author\":{\"@id\":\"https:\/\/www.welovecycling.com\/es\/#\/schema\/person\/deb61715b5812698ee79fb96f343ccd4\"},\"description\":\"Contrarreloj contra el viento de Holanda. Una curiosa carrera el d\u00eda que m\u00e1s viento sopla de cara en el sur de Holanda.\",\"breadcrumb\":{\"@id\":\"https:\/\/www.welovecycling.com\/es\/2022\/03\/30\/contrarreloj-contra-el-viento\/#breadcrumb\"},\"inLanguage\":\"es-ES\",\"potentialAction\":[{\"@type\":\"ReadAction\",\"target\":[\"https:\/\/www.welovecycling.com\/es\/2022\/03\/30\/contrarreloj-contra-el-viento\/\"]}]},{\"@type\":\"ImageObject\",\"inLanguage\":\"es-ES\",\"@id\":\"https:\/\/www.welovecycling.com\/es\/2022\/03\/30\/contrarreloj-contra-el-viento\/#primaryimage\",\"url\":\"https:\/\/d2p6e6u75xmxt8.cloudfront.net\/6\/2022\/03\/Headwind-cycling-championships-profimedia-0659899433-CVR.jpg\",\"contentUrl\":\"https:\/\/d2p6e6u75xmxt8.cloudfront.net\/6\/2022\/03\/Headwind-cycling-championships-profimedia-0659899433-CVR.jpg\",\"width\":1366,\"height\":600,\"caption\":\"Dutch Headwind Championships\"},{\"@type\":\"BreadcrumbList\",\"@id\":\"https:\/\/www.welovecycling.com\/es\/2022\/03\/30\/contrarreloj-contra-el-viento\/#breadcrumb\",\"itemListElement\":[{\"@type\":\"ListItem\",\"position\":1,\"name\":\"Home\",\"item\":\"https:\/\/www.welovecycling.com\/es\/\"},{\"@type\":\"ListItem\",\"position\":2,\"name\":\"Contrarreloj contra el viento de Holanda\"}]},{\"@type\":\"WebSite\",\"@id\":\"https:\/\/www.welovecycling.com\/es\/#website\",\"url\":\"https:\/\/www.welovecycling.com\/es\/\",\"name\":\"\u0160koda We Love Cycling - Spain\",\"description\":\"\u0160koda WeLoveCycling Spain\",\"potentialAction\":[{\"@type\":\"SearchAction\",\"target\":{\"@type\":\"EntryPoint\",\"urlTemplate\":\"https:\/\/www.welovecycling.com\/es\/?s={search_term_string}\"},\"query-input\":{\"@type\":\"PropertyValueSpecification\",\"valueRequired\":true,\"valueName\":\"search_term_string\"}}],\"inLanguage\":\"es-ES\"},{\"@type\":\"Person\",\"@id\":\"https:\/\/www.welovecycling.com\/es\/#\/schema\/person\/deb61715b5812698ee79fb96f343ccd4\",\"name\":\"We Love Cycling Spain\",\"image\":{\"@type\":\"ImageObject\",\"inLanguage\":\"es-ES\",\"@id\":\"https:\/\/www.welovecycling.com\/es\/#\/schema\/person\/image\/\",\"url\":\"https:\/\/secure.gravatar.com\/avatar\/c824b04e6df0e37a03219d0b6481672889df542894588964102459e46513159c?s=96&d=mm&r=g\",\"contentUrl\":\"https:\/\/secure.gravatar.com\/avatar\/c824b04e6df0e37a03219d0b6481672889df542894588964102459e46513159c?s=96&d=mm&r=g\",\"caption\":\"We Love Cycling Spain\"},\"url\":\"https:\/\/www.welovecycling.com\/es\/author\/amunoz\/\"}]}<\/script>\n<!-- \/ Yoast SEO Premium plugin. -->","yoast_head_json":{"title":"Contrarreloj contra el viento de Holanda","description":"Contrarreloj contra el viento de Holanda. Una curiosa carrera el d\u00eda que m\u00e1s viento sopla de cara en el sur de Holanda.","robots":{"index":"index","follow":"follow","max-snippet":"max-snippet:-1","max-image-preview":"max-image-preview:large","max-video-preview":"max-video-preview:-1"},"canonical":"https:\/\/www.welovecycling.com\/es\/2022\/03\/30\/contrarreloj-contra-el-viento\/","og_locale":"es_ES","og_type":"article","og_title":"Contrarreloj contra el viento de Holanda","og_description":"Contrarreloj contra el viento de Holanda. Una curiosa carrera el d\u00eda que m\u00e1s viento sopla de cara en el sur de Holanda.","og_url":"https:\/\/www.welovecycling.com\/es\/2022\/03\/30\/contrarreloj-contra-el-viento\/","og_site_name":"\u0160koda We Love Cycling - Spain","article_published_time":"2022-03-30T08:41:25+00:00","article_modified_time":"2022-03-30T21:00:48+00:00","og_image":[{"width":1366,"height":600,"url":"https:\/\/d2p6e6u75xmxt8.cloudfront.net\/6\/2022\/03\/Headwind-cycling-championships-profimedia-0659899433-CVR.jpg","type":"image\/jpeg"}],"author":"We Love Cycling Spain","twitter_card":"summary_large_image","twitter_title":"Contrarreloj contra el viento de Holanda","twitter_description":"Contrarreloj contra el viento de Holanda. Una curiosa carrera el d\u00eda que m\u00e1s viento sopla de cara en el sur de Holanda.","twitter_misc":{"Written by":"Joshua Donaldson","Est. reading time":"5"},"schema":{"@context":"https:\/\/schema.org","@graph":[{"@type":"WebPage","@id":"https:\/\/www.welovecycling.com\/es\/2022\/03\/30\/contrarreloj-contra-el-viento\/","url":"https:\/\/www.welovecycling.com\/es\/2022\/03\/30\/contrarreloj-contra-el-viento\/","name":"Contrarreloj contra el viento de Holanda","isPartOf":{"@id":"https:\/\/www.welovecycling.com\/es\/#website"},"primaryImageOfPage":{"@id":"https:\/\/www.welovecycling.com\/es\/2022\/03\/30\/contrarreloj-contra-el-viento\/#primaryimage"},"image":{"@id":"https:\/\/www.welovecycling.com\/es\/2022\/03\/30\/contrarreloj-contra-el-viento\/#primaryimage"},"thumbnailUrl":"https:\/\/d2p6e6u75xmxt8.cloudfront.net\/6\/2022\/03\/Headwind-cycling-championships-profimedia-0659899433-CVR.jpg","datePublished":"2022-03-30T08:41:25+00:00","dateModified":"2022-03-30T21:00:48+00:00","author":{"@id":"https:\/\/www.welovecycling.com\/es\/#\/schema\/person\/deb61715b5812698ee79fb96f343ccd4"},"description":"Contrarreloj contra el viento de Holanda. Una curiosa carrera el d\u00eda que m\u00e1s viento sopla de cara en el sur de Holanda.","breadcrumb":{"@id":"https:\/\/www.welovecycling.com\/es\/2022\/03\/30\/contrarreloj-contra-el-viento\/#breadcrumb"},"inLanguage":"es-ES","potentialAction":[{"@type":"ReadAction","target":["https:\/\/www.welovecycling.com\/es\/2022\/03\/30\/contrarreloj-contra-el-viento\/"]}]},{"@type":"ImageObject","inLanguage":"es-ES","@id":"https:\/\/www.welovecycling.com\/es\/2022\/03\/30\/contrarreloj-contra-el-viento\/#primaryimage","url":"https:\/\/d2p6e6u75xmxt8.cloudfront.net\/6\/2022\/03\/Headwind-cycling-championships-profimedia-0659899433-CVR.jpg","contentUrl":"https:\/\/d2p6e6u75xmxt8.cloudfront.net\/6\/2022\/03\/Headwind-cycling-championships-profimedia-0659899433-CVR.jpg","width":1366,"height":600,"caption":"Dutch Headwind Championships"},{"@type":"BreadcrumbList","@id":"https:\/\/www.welovecycling.com\/es\/2022\/03\/30\/contrarreloj-contra-el-viento\/#breadcrumb","itemListElement":[{"@type":"ListItem","position":1,"name":"Home","item":"https:\/\/www.welovecycling.com\/es\/"},{"@type":"ListItem","position":2,"name":"Contrarreloj contra el viento de Holanda"}]},{"@type":"WebSite","@id":"https:\/\/www.welovecycling.com\/es\/#website","url":"https:\/\/www.welovecycling.com\/es\/","name":"\u0160koda We Love Cycling - Spain","description":"\u0160koda WeLoveCycling Spain","potentialAction":[{"@type":"SearchAction","target":{"@type":"EntryPoint","urlTemplate":"https:\/\/www.welovecycling.com\/es\/?s={search_term_string}"},"query-input":{"@type":"PropertyValueSpecification","valueRequired":true,"valueName":"search_term_string"}}],"inLanguage":"es-ES"},{"@type":"Person","@id":"https:\/\/www.welovecycling.com\/es\/#\/schema\/person\/deb61715b5812698ee79fb96f343ccd4","name":"We Love Cycling Spain","image":{"@type":"ImageObject","inLanguage":"es-ES","@id":"https:\/\/www.welovecycling.com\/es\/#\/schema\/person\/image\/","url":"https:\/\/secure.gravatar.com\/avatar\/c824b04e6df0e37a03219d0b6481672889df542894588964102459e46513159c?s=96&d=mm&r=g","contentUrl":"https:\/\/secure.gravatar.com\/avatar\/c824b04e6df0e37a03219d0b6481672889df542894588964102459e46513159c?s=96&d=mm&r=g","caption":"We Love Cycling Spain"},"url":"https:\/\/www.welovecycling.com\/es\/author\/amunoz\/"}]}},"_links":{"self":[{"href":"https:\/\/www.welovecycling.com\/es\/wp-json\/wp\/v2\/posts\/8698","targetHints":{"allow":["GET"]}}],"collection":[{"href":"https:\/\/www.welovecycling.com\/es\/wp-json\/wp\/v2\/posts"}],"about":[{"href":"https:\/\/www.welovecycling.com\/es\/wp-json\/wp\/v2\/types\/post"}],"author":[{"embeddable":true,"href":"https:\/\/www.welovecycling.com\/es\/wp-json\/wp\/v2\/users\/29"}],"replies":[{"embeddable":true,"href":"https:\/\/www.welovecycling.com\/es\/wp-json\/wp\/v2\/comments?post=8698"}],"version-history":[{"count":1,"href":"https:\/\/www.welovecycling.com\/es\/wp-json\/wp\/v2\/posts\/8698\/revisions"}],"predecessor-version":[{"id":8714,"href":"https:\/\/www.welovecycling.com\/es\/wp-json\/wp\/v2\/posts\/8698\/revisions\/8714"}],"wp:featuredmedia":[{"embeddable":true,"href":"https:\/\/www.welovecycling.com\/es\/wp-json\/wp\/v2\/media\/8704"}],"wp:attachment":[{"href":"https:\/\/www.welovecycling.com\/es\/wp-json\/wp\/v2\/media?parent=8698"}],"wp:term":[{"taxonomy":"category","embeddable":true,"href":"https:\/\/www.welovecycling.com\/es\/wp-json\/wp\/v2\/categories?post=8698"},{"taxonomy":"post_tag","embeddable":true,"href":"https:\/\/www.welovecycling.com\/es\/wp-json\/wp\/v2\/tags?post=8698"},{"taxonomy":"global-categories","embeddable":true,"href":"https:\/\/www.welovecycling.com\/es\/wp-json\/wp\/v2\/global-categories?post=8698"}],"curies":[{"name":"wp","href":"https:\/\/api.w.org\/{rel}","templated":true}]}}