{"id":8696,"date":"2022-03-29T16:05:30","date_gmt":"2022-03-29T14:05:30","guid":{"rendered":"https:\/\/www.welovecycling.com\/es\/?p=8696"},"modified":"2022-03-29T16:07:47","modified_gmt":"2022-03-29T14:07:47","slug":"clasicas-primavera","status":"publish","type":"post","link":"https:\/\/www.welovecycling.com\/es\/2022\/03\/29\/clasicas-primavera\/","title":{"rendered":"Gu\u00eda de Cl\u00e1sicas de Primavera"},"content":{"rendered":"<p><strong>Con los narcisos en flor y el sol calentando, aunque todav\u00eda poco, la primavera est\u00e1 definitivamente en el aire. Pero hay otro indicador de que las estaciones est\u00e1n cambiando y es que las Cl\u00e1sicas de primavera est\u00e1n en pleno apogeo. Estas carreras de estilo &#8220;todo o nada&#8221; son muy divertidas.<\/strong><\/p>\n<p><!--more--><\/p>\n<p>Las cl\u00e1sicas de primavera, un conjunto de grandes carreras de un d\u00eda que tienen lugar en el norte de Europa, son un punto ic\u00f3nico e hist\u00f3rico en la temporada profesional del calendario ciclista. A diferencia de las carreras de larga duraci\u00f3n de las <a href=\"https:\/\/www.welovecycling.com\/wide\/2020\/10\/29\/what-does-a-day-at-the-grand-tour-look-like-for-the-pros\/\">Grandes Vueltas<\/a>, las cl\u00e1sicas de primavera son impactantes y dram\u00e1ticas, con eventos que se desarrollan en cuesti\u00f3n de horas. Con una gran parte de estas carreras que tienen lugar en primavera (de ah\u00ed su nombre, y con un par de excepciones), marcan el tono de la temporada que se avecina.<\/p>\n<figure id=\"attachment_8701\" aria-describedby=\"caption-attachment-8701\" style=\"width: 1000px\" class=\"wp-caption alignnone\"><a href=\"https:\/\/d2p6e6u75xmxt8.cloudfront.net\/6\/2022\/03\/Tirreno-Adriatico-profimedia-0671061480.jpg\"><img loading=\"lazy\" decoding=\"async\" class=\"size-full wp-image-8701\" src=\"https:\/\/d2p6e6u75xmxt8.cloudfront.net\/6\/2022\/03\/Tirreno-Adriatico-profimedia-0671061480.jpg\" alt=\"Tirreno Adriatico\" width=\"1000\" height=\"666\" srcset=\"https:\/\/d2p6e6u75xmxt8.cloudfront.net\/6\/2022\/03\/Tirreno-Adriatico-profimedia-0671061480.jpg 1000w, https:\/\/d2p6e6u75xmxt8.cloudfront.net\/6\/2022\/03\/Tirreno-Adriatico-profimedia-0671061480-300x200.jpg 300w, https:\/\/d2p6e6u75xmxt8.cloudfront.net\/6\/2022\/03\/Tirreno-Adriatico-profimedia-0671061480-768x511.jpg 768w, https:\/\/d2p6e6u75xmxt8.cloudfront.net\/6\/2022\/03\/Tirreno-Adriatico-profimedia-0671061480-272x182.jpg 272w\" sizes=\"auto, (max-width: 1000px) 100vw, 1000px\" \/><\/a><figcaption id=\"caption-attachment-8701\" class=\"wp-caption-text\">La Tirreno Adri\u00e1tico sirve para preparar las cl\u00e1sicas de primavera. \u00a9 Profimedia<\/figcaption><\/figure>\n<p>A continuaci\u00f3n se presenta el calendario completo de las carreras que se podr\u00e1n ver y en qu\u00e9 fechas:<\/p>\n<table width=\"601\">\n<tbody>\n<tr>\n<td width=\"101\">30 de marzo<\/td>\n<td width=\"246\">Dwars Door Vlaanderen, B\u00e9lgica<\/td>\n<td width=\"254\">Hombres 183.7km \/ Mujeres 122km<\/td>\n<\/tr>\n<tr>\n<td width=\"101\">3 de abril<\/td>\n<td width=\"246\">Tour de Flandes, Belgica<\/td>\n<td width=\"254\">Hombres 272.5km \/ Mujeres 158.5km<\/td>\n<\/tr>\n<tr>\n<td width=\"101\">6 de abril<\/td>\n<td width=\"246\">Scheldeprijs, Belgica<\/td>\n<td width=\"254\">Hombres 193.8km \/ Mujeres 136.2km<\/td>\n<\/tr>\n<tr>\n<td width=\"101\">10 de abril<\/td>\n<td width=\"246\">Amstel Gold Race, Holanda<\/td>\n<td width=\"254\">Hombres 263km \/ Mujeres 116.3km<\/td>\n<\/tr>\n<tr>\n<td width=\"101\">13 de abril<\/td>\n<td width=\"246\">Brabantse Pijl, B\u00e9lgica<\/td>\n<td width=\"254\">Hombres 200km \/ Mujeres 121km<\/td>\n<\/tr>\n<tr>\n<td width=\"101\">16 de abril<\/td>\n<td width=\"246\"><a href=\"https:\/\/www.welovecycling.com\/es\/2018\/04\/12\/las-bicicletas-paris-roubaix-y-tour-de-flandes\/\">Paris &#8211; Roubaix, Francia<\/a><\/td>\n<td width=\"254\">Mujeres 116.4km<\/td>\n<\/tr>\n<tr>\n<td width=\"101\">17 de abril<\/td>\n<td width=\"246\">Paris &#8211; Roubaix, Francia<\/td>\n<td width=\"254\">Hombres, 260km<\/td>\n<\/tr>\n<tr>\n<td width=\"101\">20 de abril<\/td>\n<td width=\"246\">Flecha Valona, B\u00e9lgica<\/td>\n<td width=\"254\">Hombres 202.1km \/ Mujeres 133.4km<\/td>\n<\/tr>\n<tr>\n<td width=\"101\">24 de abril<\/td>\n<td width=\"246\">Lieja-Bastogne-Lieja, B\u00e9lgica<\/td>\n<td width=\"254\">Hombres 254.7km \/ Mujeres 142.1km<\/td>\n<\/tr>\n<tr>\n<td width=\"101\">15 de mayo<\/td>\n<td width=\"246\">Tro-Bro L\u00e8on, Francia<\/td>\n<td width=\"254\">Hombres 209km<\/td>\n<\/tr>\n<\/tbody>\n<\/table>\n<p>&nbsp;<\/p>\n<p>Esperamos que disfrutes de las cl\u00e1sicas de primavera este a\u00f1o. Seguro que no te defraudan.<\/p>\n","protected":false},"excerpt":{"rendered":"<p>Con los narcisos en flor y el sol calentando, aunque todav\u00eda poco, la primavera est\u00e1 definitivamente en el aire. Pero [&hellip;]<\/p>\n","protected":false},"author":29,"featured_media":8709,"comment_status":"open","ping_status":"open","sticky":false,"template":"","format":"standard","meta":{"footnotes":""},"categories":[7],"tags":[],"global-categories":[],"class_list":["post-8696","post","type-post","status-publish","format-standard","has-post-thumbnail","hentry","category-carretera"],"yoast_head":"<!-- This site is optimized with the Yoast SEO Premium plugin v25.3 (Yoast SEO v25.9) - https:\/\/yoast.com\/wordpress\/plugins\/seo\/ -->\n<title>Gu\u00eda de Cl\u00e1sicas de Primavera - \u0160koda We Love Cycling - Spain<\/title>\n<meta name=\"description\" content=\"Guia y calendario de Cl\u00e1sicas de Primavera de 2022. Cuando son el Tour de Flandes, La Paris Roubaix o la Lieja Bastonge Lieja.\" \/>\n<meta name=\"robots\" content=\"index, follow, max-snippet:-1, max-image-preview:large, max-video-preview:-1\" \/>\n<link rel=\"canonical\" href=\"https:\/\/www.welovecycling.com\/es\/2022\/03\/29\/clasicas-primavera\/\" \/>\n<meta property=\"og:locale\" content=\"es_ES\" \/>\n<meta property=\"og:type\" content=\"article\" \/>\n<meta property=\"og:title\" content=\"Gu\u00eda de Cl\u00e1sicas de Primavera\" \/>\n<meta property=\"og:description\" content=\"Guia y calendario de Cl\u00e1sicas de Primavera de 2022. Cuando son el Tour de Flandes, La Paris Roubaix o la Lieja Bastonge Lieja.\" \/>\n<meta property=\"og:url\" content=\"https:\/\/www.welovecycling.com\/es\/2022\/03\/29\/clasicas-primavera\/\" \/>\n<meta property=\"og:site_name\" content=\"\u0160koda We Love Cycling - Spain\" \/>\n<meta property=\"article:published_time\" content=\"2022-03-29T14:05:30+00:00\" \/>\n<meta property=\"article:modified_time\" content=\"2022-03-29T14:07:47+00:00\" \/>\n<meta property=\"og:image\" content=\"https:\/\/d2p6e6u75xmxt8.cloudfront.net\/6\/2022\/03\/Tirreno-Adriatico-profimedia-0671061541-CVR.jpg\" \/>\n\t<meta property=\"og:image:width\" content=\"1366\" \/>\n\t<meta property=\"og:image:height\" content=\"600\" \/>\n\t<meta property=\"og:image:type\" content=\"image\/jpeg\" \/>\n<meta name=\"author\" content=\"We Love Cycling Spain\" \/>\n<meta name=\"twitter:card\" content=\"summary_large_image\" \/>\n<meta name=\"twitter:title\" content=\"Guia y calendario de Cl\u00e1sicas de Primavera de 2022\" \/>\n<meta name=\"twitter:description\" content=\"Guia y calendario de Cl\u00e1sicas de Primavera de 2022. Cuando son el Tour de Flandes, La Paris Roubaix o la Lieja Bastonge Lieja.\" \/>\n<meta name=\"twitter:label1\" content=\"Written by\" \/>\n\t<meta name=\"twitter:data1\" content=\"Charlotte Murray\" \/>\n\t<meta name=\"twitter:label2\" content=\"Est. reading time\" \/>\n\t<meta name=\"twitter:data2\" content=\"5\" \/>\n<script type=\"application\/ld+json\" class=\"yoast-schema-graph\">{\"@context\":\"https:\/\/schema.org\",\"@graph\":[{\"@type\":\"WebPage\",\"@id\":\"https:\/\/www.welovecycling.com\/es\/2022\/03\/29\/clasicas-primavera\/\",\"url\":\"https:\/\/www.welovecycling.com\/es\/2022\/03\/29\/clasicas-primavera\/\",\"name\":\"Gu\u00eda de Cl\u00e1sicas de Primavera - \u0160koda We Love Cycling - Spain\",\"isPartOf\":{\"@id\":\"https:\/\/www.welovecycling.com\/es\/#website\"},\"primaryImageOfPage\":{\"@id\":\"https:\/\/www.welovecycling.com\/es\/2022\/03\/29\/clasicas-primavera\/#primaryimage\"},\"image\":{\"@id\":\"https:\/\/www.welovecycling.com\/es\/2022\/03\/29\/clasicas-primavera\/#primaryimage\"},\"thumbnailUrl\":\"https:\/\/d2p6e6u75xmxt8.cloudfront.net\/6\/2022\/03\/Tirreno-Adriatico-profimedia-0671061541-CVR.jpg\",\"datePublished\":\"2022-03-29T14:05:30+00:00\",\"dateModified\":\"2022-03-29T14:07:47+00:00\",\"author\":{\"@id\":\"https:\/\/www.welovecycling.com\/es\/#\/schema\/person\/deb61715b5812698ee79fb96f343ccd4\"},\"description\":\"Guia y calendario de Cl\u00e1sicas de Primavera de 2022. Cuando son el Tour de Flandes, La Paris Roubaix o la Lieja Bastonge Lieja.\",\"breadcrumb\":{\"@id\":\"https:\/\/www.welovecycling.com\/es\/2022\/03\/29\/clasicas-primavera\/#breadcrumb\"},\"inLanguage\":\"es-ES\",\"potentialAction\":[{\"@type\":\"ReadAction\",\"target\":[\"https:\/\/www.welovecycling.com\/es\/2022\/03\/29\/clasicas-primavera\/\"]}]},{\"@type\":\"ImageObject\",\"inLanguage\":\"es-ES\",\"@id\":\"https:\/\/www.welovecycling.com\/es\/2022\/03\/29\/clasicas-primavera\/#primaryimage\",\"url\":\"https:\/\/d2p6e6u75xmxt8.cloudfront.net\/6\/2022\/03\/Tirreno-Adriatico-profimedia-0671061541-CVR.jpg\",\"contentUrl\":\"https:\/\/d2p6e6u75xmxt8.cloudfront.net\/6\/2022\/03\/Tirreno-Adriatico-profimedia-0671061541-CVR.jpg\",\"width\":1366,\"height\":600,\"caption\":\"2022 Tirreno Adriatico\"},{\"@type\":\"BreadcrumbList\",\"@id\":\"https:\/\/www.welovecycling.com\/es\/2022\/03\/29\/clasicas-primavera\/#breadcrumb\",\"itemListElement\":[{\"@type\":\"ListItem\",\"position\":1,\"name\":\"Home\",\"item\":\"https:\/\/www.welovecycling.com\/es\/\"},{\"@type\":\"ListItem\",\"position\":2,\"name\":\"Gu\u00eda de Cl\u00e1sicas de Primavera\"}]},{\"@type\":\"WebSite\",\"@id\":\"https:\/\/www.welovecycling.com\/es\/#website\",\"url\":\"https:\/\/www.welovecycling.com\/es\/\",\"name\":\"\u0160koda We Love Cycling - Spain\",\"description\":\"\u0160koda WeLoveCycling Spain\",\"potentialAction\":[{\"@type\":\"SearchAction\",\"target\":{\"@type\":\"EntryPoint\",\"urlTemplate\":\"https:\/\/www.welovecycling.com\/es\/?s={search_term_string}\"},\"query-input\":{\"@type\":\"PropertyValueSpecification\",\"valueRequired\":true,\"valueName\":\"search_term_string\"}}],\"inLanguage\":\"es-ES\"},{\"@type\":\"Person\",\"@id\":\"https:\/\/www.welovecycling.com\/es\/#\/schema\/person\/deb61715b5812698ee79fb96f343ccd4\",\"name\":\"We Love Cycling Spain\",\"image\":{\"@type\":\"ImageObject\",\"inLanguage\":\"es-ES\",\"@id\":\"https:\/\/www.welovecycling.com\/es\/#\/schema\/person\/image\/\",\"url\":\"https:\/\/secure.gravatar.com\/avatar\/c824b04e6df0e37a03219d0b6481672889df542894588964102459e46513159c?s=96&d=mm&r=g\",\"contentUrl\":\"https:\/\/secure.gravatar.com\/avatar\/c824b04e6df0e37a03219d0b6481672889df542894588964102459e46513159c?s=96&d=mm&r=g\",\"caption\":\"We Love Cycling Spain\"},\"url\":\"https:\/\/www.welovecycling.com\/es\/author\/amunoz\/\"}]}<\/script>\n<!-- \/ Yoast SEO Premium plugin. -->","yoast_head_json":{"title":"Gu\u00eda de Cl\u00e1sicas de Primavera - \u0160koda We Love Cycling - Spain","description":"Guia y calendario de Cl\u00e1sicas de Primavera de 2022. Cuando son el Tour de Flandes, La Paris Roubaix o la Lieja Bastonge Lieja.","robots":{"index":"index","follow":"follow","max-snippet":"max-snippet:-1","max-image-preview":"max-image-preview:large","max-video-preview":"max-video-preview:-1"},"canonical":"https:\/\/www.welovecycling.com\/es\/2022\/03\/29\/clasicas-primavera\/","og_locale":"es_ES","og_type":"article","og_title":"Gu\u00eda de Cl\u00e1sicas de Primavera","og_description":"Guia y calendario de Cl\u00e1sicas de Primavera de 2022. Cuando son el Tour de Flandes, La Paris Roubaix o la Lieja Bastonge Lieja.","og_url":"https:\/\/www.welovecycling.com\/es\/2022\/03\/29\/clasicas-primavera\/","og_site_name":"\u0160koda We Love Cycling - Spain","article_published_time":"2022-03-29T14:05:30+00:00","article_modified_time":"2022-03-29T14:07:47+00:00","og_image":[{"width":1366,"height":600,"url":"https:\/\/d2p6e6u75xmxt8.cloudfront.net\/6\/2022\/03\/Tirreno-Adriatico-profimedia-0671061541-CVR.jpg","type":"image\/jpeg"}],"author":"We Love Cycling Spain","twitter_card":"summary_large_image","twitter_title":"Guia y calendario de Cl\u00e1sicas de Primavera de 2022","twitter_description":"Guia y calendario de Cl\u00e1sicas de Primavera de 2022. Cuando son el Tour de Flandes, La Paris Roubaix o la Lieja Bastonge Lieja.","twitter_misc":{"Written by":"Charlotte Murray","Est. reading time":"5"},"schema":{"@context":"https:\/\/schema.org","@graph":[{"@type":"WebPage","@id":"https:\/\/www.welovecycling.com\/es\/2022\/03\/29\/clasicas-primavera\/","url":"https:\/\/www.welovecycling.com\/es\/2022\/03\/29\/clasicas-primavera\/","name":"Gu\u00eda de Cl\u00e1sicas de Primavera - \u0160koda We Love Cycling - Spain","isPartOf":{"@id":"https:\/\/www.welovecycling.com\/es\/#website"},"primaryImageOfPage":{"@id":"https:\/\/www.welovecycling.com\/es\/2022\/03\/29\/clasicas-primavera\/#primaryimage"},"image":{"@id":"https:\/\/www.welovecycling.com\/es\/2022\/03\/29\/clasicas-primavera\/#primaryimage"},"thumbnailUrl":"https:\/\/d2p6e6u75xmxt8.cloudfront.net\/6\/2022\/03\/Tirreno-Adriatico-profimedia-0671061541-CVR.jpg","datePublished":"2022-03-29T14:05:30+00:00","dateModified":"2022-03-29T14:07:47+00:00","author":{"@id":"https:\/\/www.welovecycling.com\/es\/#\/schema\/person\/deb61715b5812698ee79fb96f343ccd4"},"description":"Guia y calendario de Cl\u00e1sicas de Primavera de 2022. Cuando son el Tour de Flandes, La Paris Roubaix o la Lieja Bastonge Lieja.","breadcrumb":{"@id":"https:\/\/www.welovecycling.com\/es\/2022\/03\/29\/clasicas-primavera\/#breadcrumb"},"inLanguage":"es-ES","potentialAction":[{"@type":"ReadAction","target":["https:\/\/www.welovecycling.com\/es\/2022\/03\/29\/clasicas-primavera\/"]}]},{"@type":"ImageObject","inLanguage":"es-ES","@id":"https:\/\/www.welovecycling.com\/es\/2022\/03\/29\/clasicas-primavera\/#primaryimage","url":"https:\/\/d2p6e6u75xmxt8.cloudfront.net\/6\/2022\/03\/Tirreno-Adriatico-profimedia-0671061541-CVR.jpg","contentUrl":"https:\/\/d2p6e6u75xmxt8.cloudfront.net\/6\/2022\/03\/Tirreno-Adriatico-profimedia-0671061541-CVR.jpg","width":1366,"height":600,"caption":"2022 Tirreno Adriatico"},{"@type":"BreadcrumbList","@id":"https:\/\/www.welovecycling.com\/es\/2022\/03\/29\/clasicas-primavera\/#breadcrumb","itemListElement":[{"@type":"ListItem","position":1,"name":"Home","item":"https:\/\/www.welovecycling.com\/es\/"},{"@type":"ListItem","position":2,"name":"Gu\u00eda de Cl\u00e1sicas de Primavera"}]},{"@type":"WebSite","@id":"https:\/\/www.welovecycling.com\/es\/#website","url":"https:\/\/www.welovecycling.com\/es\/","name":"\u0160koda We Love Cycling - Spain","description":"\u0160koda WeLoveCycling Spain","potentialAction":[{"@type":"SearchAction","target":{"@type":"EntryPoint","urlTemplate":"https:\/\/www.welovecycling.com\/es\/?s={search_term_string}"},"query-input":{"@type":"PropertyValueSpecification","valueRequired":true,"valueName":"search_term_string"}}],"inLanguage":"es-ES"},{"@type":"Person","@id":"https:\/\/www.welovecycling.com\/es\/#\/schema\/person\/deb61715b5812698ee79fb96f343ccd4","name":"We Love Cycling Spain","image":{"@type":"ImageObject","inLanguage":"es-ES","@id":"https:\/\/www.welovecycling.com\/es\/#\/schema\/person\/image\/","url":"https:\/\/secure.gravatar.com\/avatar\/c824b04e6df0e37a03219d0b6481672889df542894588964102459e46513159c?s=96&d=mm&r=g","contentUrl":"https:\/\/secure.gravatar.com\/avatar\/c824b04e6df0e37a03219d0b6481672889df542894588964102459e46513159c?s=96&d=mm&r=g","caption":"We Love Cycling Spain"},"url":"https:\/\/www.welovecycling.com\/es\/author\/amunoz\/"}]}},"_links":{"self":[{"href":"https:\/\/www.welovecycling.com\/es\/wp-json\/wp\/v2\/posts\/8696","targetHints":{"allow":["GET"]}}],"collection":[{"href":"https:\/\/www.welovecycling.com\/es\/wp-json\/wp\/v2\/posts"}],"about":[{"href":"https:\/\/www.welovecycling.com\/es\/wp-json\/wp\/v2\/types\/post"}],"author":[{"embeddable":true,"href":"https:\/\/www.welovecycling.com\/es\/wp-json\/wp\/v2\/users\/29"}],"replies":[{"embeddable":true,"href":"https:\/\/www.welovecycling.com\/es\/wp-json\/wp\/v2\/comments?post=8696"}],"version-history":[{"count":2,"href":"https:\/\/www.welovecycling.com\/es\/wp-json\/wp\/v2\/posts\/8696\/revisions"}],"predecessor-version":[{"id":8712,"href":"https:\/\/www.welovecycling.com\/es\/wp-json\/wp\/v2\/posts\/8696\/revisions\/8712"}],"wp:featuredmedia":[{"embeddable":true,"href":"https:\/\/www.welovecycling.com\/es\/wp-json\/wp\/v2\/media\/8709"}],"wp:attachment":[{"href":"https:\/\/www.welovecycling.com\/es\/wp-json\/wp\/v2\/media?parent=8696"}],"wp:term":[{"taxonomy":"category","embeddable":true,"href":"https:\/\/www.welovecycling.com\/es\/wp-json\/wp\/v2\/categories?post=8696"},{"taxonomy":"post_tag","embeddable":true,"href":"https:\/\/www.welovecycling.com\/es\/wp-json\/wp\/v2\/tags?post=8696"},{"taxonomy":"global-categories","embeddable":true,"href":"https:\/\/www.welovecycling.com\/es\/wp-json\/wp\/v2\/global-categories?post=8696"}],"curies":[{"name":"wp","href":"https:\/\/api.w.org\/{rel}","templated":true}]}}