{"id":8691,"date":"2022-03-28T14:11:18","date_gmt":"2022-03-28T12:11:18","guid":{"rendered":"https:\/\/www.welovecycling.com\/es\/?p=8691"},"modified":"2022-03-28T14:11:18","modified_gmt":"2022-03-28T12:11:18","slug":"volta-2022","status":"publish","type":"post","link":"https:\/\/www.welovecycling.com\/es\/2022\/03\/28\/volta-2022\/","title":{"rendered":"Higuita y Carapaz, una Volta 2022 y dos valientes"},"content":{"rendered":"<p><strong>A veces salirse del gui\u00f3n establecido tiene premio. La Volta 2022, sin contrarreloj individual, parec\u00eda condenada a decidirse por un pu\u00f1ado de segundos en las dos etapas de alta monta\u00f1a. Hubiera sido as\u00ed de no mediar Sergio Higuita y Richard Carapaz, que en el peor escenario posible, con lluvia y fr\u00edo, y asumiendo m\u00e1s riesgos que nadie, un ataque a 140 de meta, destrozaron las previsiones y dejaron para el recuerdo una etapa \u00e9pica.<\/strong><\/p>\n<p><!--more--><\/p>\n<p>Hasta la pen\u00faltima etapa de la Volta 2022, entre Salou y Cambrils, todo segu\u00eda un gui\u00f3n m\u00e1s o menos previsto. En las dos primeras jornadas camino Sant Feli\u00fa de Guixols y Perpignan hab\u00edan dominado los velocistas, Matthews y Groves.<strong> Ambos australianos y en el Bike Exchange<\/strong>. Con susto incluido el primer d\u00eda por la arritmia de Sonny Colbrelli justo al pasar la l\u00ednea de meta.<\/p>\n<p>En las dos siguientes etapas, de alta monta\u00f1a, las diferencias entre los favoritos no hab\u00edan sido destacadas. En La Molina Ben O&#8217;Connor (tambi\u00e9n australiano) salt\u00f3 a 6 de meta y ya no pudieron cogerle. Se granje\u00f3 un margen de 19 segundos sobre el grupo de 20 favoritos que lleg\u00f3 detr\u00e1s de \u00e9l. Al dia siguiente Boi Taull destap\u00f3 la debilidad de de algunos de ellos y redujo todo a un duelo entre <a href=\"https:\/\/www.welovecycling.com\/es\/2021\/11\/15\/el-ocaso-de-la-generacion-ciclista-del-90\/\">Nairo Quintana<\/a> y Tiago Almeida, empatados a tiempos pero con el puest\u00f3metro a favor del colombiano. Por detr\u00e1s acechaban Higuita a 6 segundos y Ayuso, O&#8217;Connor y Poels a 17. El resto parec\u00edan demasiado lejos para el terreno que restaba.<\/p>\n<p>El gran aliciente de la antepen\u00faltima etapa eran las metas volantes bonificadas. Control de pelot\u00f3n y en el Pant de Foix, kil\u00f3metro 189, Almeida le ganaba el sprint a Nairo Quintana. Un segundo de bonificaci\u00f3n y liderato por el m\u00ednimo margen. Todo muy ajustado y milimetrado. Ciclismo moderno, que lo llaman algunos.<\/p>\n<p><img loading=\"lazy\" decoding=\"async\" class=\"alignnone size-extra-large\" src=\"https:\/\/img.aso.fr\/core_app\/img-cycling-vcc-jpg\/mme4630-copia003\/2623\/0:0,2000:1331-1000-0-70\/0c4bd\" width=\"1000\" height=\"666\" \/><\/p>\n<p>Hasta que lleg\u00f3 la deliciosa pen\u00faltima jornada. En Salou diluviaba en la salida. Por delante hab\u00eda 170 kil\u00f3metros de un terreno quebrado y sin un metro llano. Los cicloturistas que han pedaleado por la GF La Mussara lo conocen bien. Y fue ese puerto en el que se desat\u00f3 la <strong>&#8216;locura&#8217; de Higuita y Carapaz<\/strong>, colombiano y ecuatoriano. Ciclismo de antes. Porque lo de atacar al inicio de la etapa con solo seis segundos perdidos con el l\u00edder, los que llevaba Higuita, es ahora mismo considerado casi una osad\u00eda.<\/p>\n<p>Era uno de esos d\u00edas que ni usted ni yo hubi\u00e9semos tomado la salida. Botines de agua, guantes impermeables, camiseta interior, maillot, maillot impermeable, chaqueta impermeable&#8230; Todo el kit de agua completo y 3.500 metros de desnivel, con un pu\u00f1ado de bajadas peligrosas y curvas en las que da igual llevar frenos de disco o no porque el suelo brilla como el jab\u00f3n y cualquier toque de m\u00e1s te lleva al suelo.<br \/>\n<img loading=\"lazy\" decoding=\"async\" class=\"alignnone size-extra-large\" src=\"https:\/\/img.aso.fr\/core_app\/img-cycling-vcc-jpg\/mme4173\/2889\/0:0,2000:1331-1000-0-70\/544b7\" width=\"1000\" height=\"666\" \/><\/p>\n<p>&nbsp;<\/p>\n<p>Subiendo La Mussara el compa\u00f1ero de Carapaz en Ineos, Luke Plapp, fue el encargado de rompe la carrera. Higuita, que este a\u00f1o ha cambiado los colores del EF por los de Bora se fue con ellos. El UAE de Almeida que defend\u00eda el liderato y el Arkea de Nairo les dejaron marchar. Ya no les volver\u00edan a ver hasta la ducha. Una vez hecho su trabajo el australiano Plapp se baj\u00f3 de la bici. Carapaz e Higuita contra un peloton que a 80 de meta solo era de una treintena de hombres. Algo m\u00e1s de tres minutos de ventaja que nunca les llegaron a rebajar.<\/p>\n<p>Y eso que UAE ech\u00f3 mano de Soler, de Rui Costa, incluso de un nervioso Ayuso, que en la bajada de la Teixeta, cuando ya todo estaba decidido, decidi\u00f3 marchase solo en busca de Higuita y Carapaz. No lleg\u00f3 a ning\u00fan sitio y le mandaron parar. Por detr\u00e1s Almeida se hab\u00eda olvidado ya del liderato.<\/p>\n<p>Pese al trabajo en com\u00fan de Carapaz e Higuita durante 130 kil\u00f3metros <a href=\"https:\/\/www.voltacatalunya.cat\/es\/clasificaciones\/etapa-6\">hubo sprint en meta<\/a>. Nada pactado. Hasta aqu\u00ed amigos y a partir de ahora rivales. Gan\u00f3 el ecuatoriano por medio tubular, pero el colombiano se vest\u00eda de l\u00edder a la espera del duelo en la monta\u00f1a de Montjuic.<\/p>\n<p>All\u00ed, en Montjuic, lo intentaron casi todos, pero no hubo forma de soltar a Higuita, que cerr\u00f3 su primera vuelta por etapas de categor\u00eda World Tour y dio un paso en sus aspiraciones futuras.<\/p>\n<p><img loading=\"lazy\" decoding=\"async\" class=\"alignnone size-extra-large\" src=\"https:\/\/img.aso.fr\/core_app\/img-cycling-vcc-jpg\/mme4637\/2897\/0:0,2000:1331-1000-0-70\/49a54\" width=\"1000\" height=\"666\" \/><\/p>\n<p>&nbsp;<\/p>\n<p>&nbsp;<\/p>\n<h2><strong>El extra\u00f1o virus<\/strong><\/h2>\n<p>La Volta tambi\u00e9n sufri\u00f3 la catarata de bajas que ya se hab\u00eda visto en Tirreno Adri\u00e1tico y en Paris Niza. De los 160 ciclistas que tomaron la salida acabaron solo 94. Es decir, 66 se fueron a casa por diversas causas, pero la mayor\u00eda afectados por un virus respiratorio no covid. Un ejemplo fue Alejandro Valverde, que despu\u00e9s de m\u00faltiples pruebas y pcrs y sentirse mal en los dos d\u00edas de monta\u00f1a decidi\u00f3 marcharse a casa para &#8216;salvar&#8217; las cl\u00e1sicas de primevera.<\/p>\n<p>No fue el \u00fanico. Adams Yates no lleg\u00f3 a tomar la salida. Simon Yates tuvo que bajarse de la bici, igual que Poels, Soler, Wood, Mikel Nieve o Tom Duomulin.<\/p>\n<blockquote class=\"twitter-tweet\">\n<p dir=\"ltr\" lang=\"es\">No nos gusta bajarnos nunca pero a veces es lo m\u00e1s aconsejable. Vuelta a casa para preparar pr\u00f3ximos objetivos por unos peque\u00f1os problemas respiratorios y de alergia. Todos los test que hemos hecho (\u00a1un mont\u00f3n!) descartan covid.<\/p>\n<p>\ud83d\udcf8 <a href=\"https:\/\/twitter.com\/PhotoGomezSport?ref_src=twsrc%5Etfw\">@PhotoGomezSport<\/a> <a href=\"https:\/\/t.co\/05ARukIJBp\">pic.twitter.com\/05ARukIJBp<\/a><\/p>\n<p>\u2014 alejandro valverde (@alejanvalverde) <a href=\"https:\/\/twitter.com\/alejanvalverde\/status\/1507691975675465728?ref_src=twsrc%5Etfw\">March 26, 2022<\/a><\/p><\/blockquote>\n<p><script async src=\"https:\/\/platform.twitter.com\/widgets.js\" charset=\"utf-8\"><\/script><\/p>\n","protected":false},"excerpt":{"rendered":"<p>A veces salirse del gui\u00f3n establecido tiene premio. La Volta 2022, sin contrarreloj individual, parec\u00eda condenada a decidirse por un [&hellip;]<\/p>\n","protected":false},"author":29,"featured_media":8693,"comment_status":"open","ping_status":"open","sticky":false,"template":"","format":"standard","meta":{"footnotes":""},"categories":[7],"tags":[2109],"global-categories":[1164],"class_list":["post-8691","post","type-post","status-publish","format-standard","has-post-thumbnail","hentry","category-carretera","tag-volta","global-categories-cycling"],"yoast_head":"<!-- This site is optimized with the Yoast SEO Premium plugin v25.3 (Yoast SEO v25.9) - https:\/\/yoast.com\/wordpress\/plugins\/seo\/ -->\n<title>Higuita y Carapaz, una Volta 2022 y dos valientes - \u0160koda We Love Cycling - Spain<\/title>\n<meta name=\"description\" content=\"Higuita y Carapaz, una Volta 2022 y dos valientes. Cr\u00f3nica de la edici\u00f3n 101 de la Volta marcarda por la etapa de Salou-Cambrils.\" \/>\n<meta name=\"robots\" content=\"index, follow, max-snippet:-1, max-image-preview:large, max-video-preview:-1\" \/>\n<link rel=\"canonical\" href=\"https:\/\/www.welovecycling.com\/es\/2022\/03\/28\/volta-2022\/\" \/>\n<meta property=\"og:locale\" content=\"es_ES\" \/>\n<meta property=\"og:type\" content=\"article\" \/>\n<meta property=\"og:title\" content=\"Higuita y Carapaz, una Volta 2022 y dos valientes\" \/>\n<meta property=\"og:description\" content=\"Higuita y Carapaz, una Volta 2022 y dos valientes. Cr\u00f3nica de la edici\u00f3n 101 de la Volta marcarda por la etapa de Salou-Cambrils.\" \/>\n<meta property=\"og:url\" content=\"https:\/\/www.welovecycling.com\/es\/2022\/03\/28\/volta-2022\/\" \/>\n<meta property=\"og:site_name\" content=\"\u0160koda We Love Cycling - Spain\" \/>\n<meta property=\"article:published_time\" content=\"2022-03-28T12:11:18+00:00\" \/>\n<meta property=\"og:image\" content=\"https:\/\/d2p6e6u75xmxt8.cloudfront.net\/6\/2022\/03\/Volta-2022.jpg\" \/>\n\t<meta property=\"og:image:width\" content=\"1000\" \/>\n\t<meta property=\"og:image:height\" content=\"666\" \/>\n\t<meta property=\"og:image:type\" content=\"image\/jpeg\" \/>\n<meta name=\"author\" content=\"We Love Cycling Spain\" \/>\n<meta name=\"twitter:card\" content=\"summary_large_image\" \/>\n<meta name=\"twitter:title\" content=\"Higuita y Carapaz, una Volta 2022 y dos valientes\" \/>\n<meta name=\"twitter:description\" content=\"Higuita y Carapaz, una Volta 2022 y dos valientes. Cr\u00f3nica de la edici\u00f3n 101 de la Volta marcarda por la etapa de Salou-Cambrils.\" \/>\n<meta name=\"twitter:label1\" content=\"Written by\" \/>\n\t<meta name=\"twitter:data1\" content=\"LUis Ortega @Ciclored\" \/>\n\t<meta name=\"twitter:label2\" content=\"Est. reading time\" \/>\n\t<meta name=\"twitter:data2\" content=\"5 minutes\" \/>\n<script type=\"application\/ld+json\" class=\"yoast-schema-graph\">{\"@context\":\"https:\/\/schema.org\",\"@graph\":[{\"@type\":\"WebPage\",\"@id\":\"https:\/\/www.welovecycling.com\/es\/2022\/03\/28\/volta-2022\/\",\"url\":\"https:\/\/www.welovecycling.com\/es\/2022\/03\/28\/volta-2022\/\",\"name\":\"Higuita y Carapaz, una Volta 2022 y dos valientes - \u0160koda We Love Cycling - Spain\",\"isPartOf\":{\"@id\":\"https:\/\/www.welovecycling.com\/es\/#website\"},\"primaryImageOfPage\":{\"@id\":\"https:\/\/www.welovecycling.com\/es\/2022\/03\/28\/volta-2022\/#primaryimage\"},\"image\":{\"@id\":\"https:\/\/www.welovecycling.com\/es\/2022\/03\/28\/volta-2022\/#primaryimage\"},\"thumbnailUrl\":\"https:\/\/d2p6e6u75xmxt8.cloudfront.net\/6\/2022\/03\/Volta-2022.jpg\",\"datePublished\":\"2022-03-28T12:11:18+00:00\",\"author\":{\"@id\":\"https:\/\/www.welovecycling.com\/es\/#\/schema\/person\/deb61715b5812698ee79fb96f343ccd4\"},\"description\":\"Higuita y Carapaz, una Volta 2022 y dos valientes. Cr\u00f3nica de la edici\u00f3n 101 de la Volta marcarda por la etapa de Salou-Cambrils.\",\"breadcrumb\":{\"@id\":\"https:\/\/www.welovecycling.com\/es\/2022\/03\/28\/volta-2022\/#breadcrumb\"},\"inLanguage\":\"es-ES\",\"potentialAction\":[{\"@type\":\"ReadAction\",\"target\":[\"https:\/\/www.welovecycling.com\/es\/2022\/03\/28\/volta-2022\/\"]}]},{\"@type\":\"ImageObject\",\"inLanguage\":\"es-ES\",\"@id\":\"https:\/\/www.welovecycling.com\/es\/2022\/03\/28\/volta-2022\/#primaryimage\",\"url\":\"https:\/\/d2p6e6u75xmxt8.cloudfront.net\/6\/2022\/03\/Volta-2022.jpg\",\"contentUrl\":\"https:\/\/d2p6e6u75xmxt8.cloudfront.net\/6\/2022\/03\/Volta-2022.jpg\",\"width\":1000,\"height\":666},{\"@type\":\"BreadcrumbList\",\"@id\":\"https:\/\/www.welovecycling.com\/es\/2022\/03\/28\/volta-2022\/#breadcrumb\",\"itemListElement\":[{\"@type\":\"ListItem\",\"position\":1,\"name\":\"Home\",\"item\":\"https:\/\/www.welovecycling.com\/es\/\"},{\"@type\":\"ListItem\",\"position\":2,\"name\":\"Higuita y Carapaz, una Volta 2022 y dos valientes\"}]},{\"@type\":\"WebSite\",\"@id\":\"https:\/\/www.welovecycling.com\/es\/#website\",\"url\":\"https:\/\/www.welovecycling.com\/es\/\",\"name\":\"\u0160koda We Love Cycling - Spain\",\"description\":\"\u0160koda WeLoveCycling Spain\",\"potentialAction\":[{\"@type\":\"SearchAction\",\"target\":{\"@type\":\"EntryPoint\",\"urlTemplate\":\"https:\/\/www.welovecycling.com\/es\/?s={search_term_string}\"},\"query-input\":{\"@type\":\"PropertyValueSpecification\",\"valueRequired\":true,\"valueName\":\"search_term_string\"}}],\"inLanguage\":\"es-ES\"},{\"@type\":\"Person\",\"@id\":\"https:\/\/www.welovecycling.com\/es\/#\/schema\/person\/deb61715b5812698ee79fb96f343ccd4\",\"name\":\"We Love Cycling Spain\",\"image\":{\"@type\":\"ImageObject\",\"inLanguage\":\"es-ES\",\"@id\":\"https:\/\/www.welovecycling.com\/es\/#\/schema\/person\/image\/\",\"url\":\"https:\/\/secure.gravatar.com\/avatar\/c824b04e6df0e37a03219d0b6481672889df542894588964102459e46513159c?s=96&d=mm&r=g\",\"contentUrl\":\"https:\/\/secure.gravatar.com\/avatar\/c824b04e6df0e37a03219d0b6481672889df542894588964102459e46513159c?s=96&d=mm&r=g\",\"caption\":\"We Love Cycling Spain\"},\"url\":\"https:\/\/www.welovecycling.com\/es\/author\/amunoz\/\"}]}<\/script>\n<!-- \/ Yoast SEO Premium plugin. -->","yoast_head_json":{"title":"Higuita y Carapaz, una Volta 2022 y dos valientes - \u0160koda We Love Cycling - Spain","description":"Higuita y Carapaz, una Volta 2022 y dos valientes. Cr\u00f3nica de la edici\u00f3n 101 de la Volta marcarda por la etapa de Salou-Cambrils.","robots":{"index":"index","follow":"follow","max-snippet":"max-snippet:-1","max-image-preview":"max-image-preview:large","max-video-preview":"max-video-preview:-1"},"canonical":"https:\/\/www.welovecycling.com\/es\/2022\/03\/28\/volta-2022\/","og_locale":"es_ES","og_type":"article","og_title":"Higuita y Carapaz, una Volta 2022 y dos valientes","og_description":"Higuita y Carapaz, una Volta 2022 y dos valientes. Cr\u00f3nica de la edici\u00f3n 101 de la Volta marcarda por la etapa de Salou-Cambrils.","og_url":"https:\/\/www.welovecycling.com\/es\/2022\/03\/28\/volta-2022\/","og_site_name":"\u0160koda We Love Cycling - Spain","article_published_time":"2022-03-28T12:11:18+00:00","og_image":[{"width":1000,"height":666,"url":"https:\/\/d2p6e6u75xmxt8.cloudfront.net\/6\/2022\/03\/Volta-2022.jpg","type":"image\/jpeg"}],"author":"We Love Cycling Spain","twitter_card":"summary_large_image","twitter_title":"Higuita y Carapaz, una Volta 2022 y dos valientes","twitter_description":"Higuita y Carapaz, una Volta 2022 y dos valientes. Cr\u00f3nica de la edici\u00f3n 101 de la Volta marcarda por la etapa de Salou-Cambrils.","twitter_misc":{"Written by":"LUis Ortega @Ciclored","Est. reading time":"5 minutes"},"schema":{"@context":"https:\/\/schema.org","@graph":[{"@type":"WebPage","@id":"https:\/\/www.welovecycling.com\/es\/2022\/03\/28\/volta-2022\/","url":"https:\/\/www.welovecycling.com\/es\/2022\/03\/28\/volta-2022\/","name":"Higuita y Carapaz, una Volta 2022 y dos valientes - \u0160koda We Love Cycling - Spain","isPartOf":{"@id":"https:\/\/www.welovecycling.com\/es\/#website"},"primaryImageOfPage":{"@id":"https:\/\/www.welovecycling.com\/es\/2022\/03\/28\/volta-2022\/#primaryimage"},"image":{"@id":"https:\/\/www.welovecycling.com\/es\/2022\/03\/28\/volta-2022\/#primaryimage"},"thumbnailUrl":"https:\/\/d2p6e6u75xmxt8.cloudfront.net\/6\/2022\/03\/Volta-2022.jpg","datePublished":"2022-03-28T12:11:18+00:00","author":{"@id":"https:\/\/www.welovecycling.com\/es\/#\/schema\/person\/deb61715b5812698ee79fb96f343ccd4"},"description":"Higuita y Carapaz, una Volta 2022 y dos valientes. Cr\u00f3nica de la edici\u00f3n 101 de la Volta marcarda por la etapa de Salou-Cambrils.","breadcrumb":{"@id":"https:\/\/www.welovecycling.com\/es\/2022\/03\/28\/volta-2022\/#breadcrumb"},"inLanguage":"es-ES","potentialAction":[{"@type":"ReadAction","target":["https:\/\/www.welovecycling.com\/es\/2022\/03\/28\/volta-2022\/"]}]},{"@type":"ImageObject","inLanguage":"es-ES","@id":"https:\/\/www.welovecycling.com\/es\/2022\/03\/28\/volta-2022\/#primaryimage","url":"https:\/\/d2p6e6u75xmxt8.cloudfront.net\/6\/2022\/03\/Volta-2022.jpg","contentUrl":"https:\/\/d2p6e6u75xmxt8.cloudfront.net\/6\/2022\/03\/Volta-2022.jpg","width":1000,"height":666},{"@type":"BreadcrumbList","@id":"https:\/\/www.welovecycling.com\/es\/2022\/03\/28\/volta-2022\/#breadcrumb","itemListElement":[{"@type":"ListItem","position":1,"name":"Home","item":"https:\/\/www.welovecycling.com\/es\/"},{"@type":"ListItem","position":2,"name":"Higuita y Carapaz, una Volta 2022 y dos valientes"}]},{"@type":"WebSite","@id":"https:\/\/www.welovecycling.com\/es\/#website","url":"https:\/\/www.welovecycling.com\/es\/","name":"\u0160koda We Love Cycling - Spain","description":"\u0160koda WeLoveCycling Spain","potentialAction":[{"@type":"SearchAction","target":{"@type":"EntryPoint","urlTemplate":"https:\/\/www.welovecycling.com\/es\/?s={search_term_string}"},"query-input":{"@type":"PropertyValueSpecification","valueRequired":true,"valueName":"search_term_string"}}],"inLanguage":"es-ES"},{"@type":"Person","@id":"https:\/\/www.welovecycling.com\/es\/#\/schema\/person\/deb61715b5812698ee79fb96f343ccd4","name":"We Love Cycling Spain","image":{"@type":"ImageObject","inLanguage":"es-ES","@id":"https:\/\/www.welovecycling.com\/es\/#\/schema\/person\/image\/","url":"https:\/\/secure.gravatar.com\/avatar\/c824b04e6df0e37a03219d0b6481672889df542894588964102459e46513159c?s=96&d=mm&r=g","contentUrl":"https:\/\/secure.gravatar.com\/avatar\/c824b04e6df0e37a03219d0b6481672889df542894588964102459e46513159c?s=96&d=mm&r=g","caption":"We Love Cycling Spain"},"url":"https:\/\/www.welovecycling.com\/es\/author\/amunoz\/"}]}},"_links":{"self":[{"href":"https:\/\/www.welovecycling.com\/es\/wp-json\/wp\/v2\/posts\/8691","targetHints":{"allow":["GET"]}}],"collection":[{"href":"https:\/\/www.welovecycling.com\/es\/wp-json\/wp\/v2\/posts"}],"about":[{"href":"https:\/\/www.welovecycling.com\/es\/wp-json\/wp\/v2\/types\/post"}],"author":[{"embeddable":true,"href":"https:\/\/www.welovecycling.com\/es\/wp-json\/wp\/v2\/users\/29"}],"replies":[{"embeddable":true,"href":"https:\/\/www.welovecycling.com\/es\/wp-json\/wp\/v2\/comments?post=8691"}],"version-history":[{"count":2,"href":"https:\/\/www.welovecycling.com\/es\/wp-json\/wp\/v2\/posts\/8691\/revisions"}],"predecessor-version":[{"id":8695,"href":"https:\/\/www.welovecycling.com\/es\/wp-json\/wp\/v2\/posts\/8691\/revisions\/8695"}],"wp:featuredmedia":[{"embeddable":true,"href":"https:\/\/www.welovecycling.com\/es\/wp-json\/wp\/v2\/media\/8693"}],"wp:attachment":[{"href":"https:\/\/www.welovecycling.com\/es\/wp-json\/wp\/v2\/media?parent=8691"}],"wp:term":[{"taxonomy":"category","embeddable":true,"href":"https:\/\/www.welovecycling.com\/es\/wp-json\/wp\/v2\/categories?post=8691"},{"taxonomy":"post_tag","embeddable":true,"href":"https:\/\/www.welovecycling.com\/es\/wp-json\/wp\/v2\/tags?post=8691"},{"taxonomy":"global-categories","embeddable":true,"href":"https:\/\/www.welovecycling.com\/es\/wp-json\/wp\/v2\/global-categories?post=8691"}],"curies":[{"name":"wp","href":"https:\/\/api.w.org\/{rel}","templated":true}]}}