{"id":8667,"date":"2022-03-22T19:26:30","date_gmt":"2022-03-22T17:26:30","guid":{"rendered":"https:\/\/www.welovecycling.com\/es\/?p=8667"},"modified":"2022-03-22T19:26:30","modified_gmt":"2022-03-22T17:26:30","slug":"valle-de-las-lagrimas","status":"publish","type":"post","link":"https:\/\/www.welovecycling.com\/es\/2022\/03\/22\/valle-de-las-lagrimas\/","title":{"rendered":"El Valle de las L\u00e1grimas, puerto Vuelta a Espa\u00f1a"},"content":{"rendered":"<p><strong>Cuando vas por una rampa del 16% con asfalto rugoso y al lado ves el cartel de 10 kil\u00f3metros al final de puerto, pues piensas que est\u00e1s metido en el mismo infierno. <a href=\"https:\/\/www.youtube.com\/watch?v=x1qmGIvmPGQ\">Pedro Delgado<\/a> lo rebautiz\u00f3 como el &#8216;Valle del Terror&#8217;, <a href=\"https:\/\/www.instagram.com\/p\/CbTDK1CuFWy\/\">Carlos Sastre<\/a> dijo que solo le falt\u00f3 llorar y Luis Angel Mat\u00e9 que es de lo m\u00e1s duro que ha subido. Se llama el Valle de las L\u00e1grimas, est\u00e1 en Gran Canaria y es el \u00faltimo puerto del Desaf\u00edo La Tit\u00e1nica.<\/strong><\/p>\n<p><!--more--><br \/>\nEl caso es que si miras los n\u00fameros no parece tan bestial. El tramo que se sube en La Tit\u00e1nica de Gran Canaria son <a href=\"https:\/\/www.strava.com\/activities\/6849221156\/segments\/2940302247294903992\">22 kil\u00f3metros a una media del 5,8% y en total se suben 1289 metros de desnivel<\/a>. A priori nada fuera de lo com\u00fan. Pero vamos a ir a\u00f1adi\u00e9ndole &#8216;problemas&#8217;. En primer lugar el asfalto es rugoso porque se encuentra en una zona de poco tr\u00e1fico de la isla de <a href=\"https:\/\/www.welovecycling.com\/es\/2018\/11\/19\/entrenar-en-invierno-sol-y-calor\/\">Gran Canaria<\/a>. Segundo, que pese a disputarse la cicloturista en marzo ya hace calor. Tercero, que en la subida hay algunas zonas de bajada (pero no se puede descansar porque el asfalto es rugoso y la bici no avanza) y cuarto y \u00faltimo, tiene una zona central de 10 kil\u00f3metros al 10%, con kil\u00f3metros completos a m\u00e1s del 15% de media y alguna rampa perdida del 24%.<\/p>\n<figure style=\"width: 1024px\" class=\"wp-caption alignnone\"><img loading=\"lazy\" decoding=\"async\" src=\"https:\/\/ciclored.com\/wp-content\/uploads\/2020\/12\/altimetria_carrizal_tejeda_las_presas-1024x576.png\" alt=\"\" width=\"1024\" height=\"576\" \/><figcaption class=\"wp-caption-text\"><em>Carrizal de Tejeda o Valle de Las L\u00e1grimas<\/em><\/figcaption><\/figure>\n<p>Pero vamos por partes, que para llegar al <a href=\"https:\/\/desafiolatitanica.es\/participa\/\">Valle de las L\u00e1grimas en la Tit\u00e1nica<\/a> hay que hacer otros dos tramos libres. Para que el que no conozca Gran Canaria el resumen es sencillo. No existe un kil\u00f3metro llano, ni aunque lo busques. La isla es redonda y el centro est\u00e1 a 1950 metros de altitud (El Pico de las Nieves), as\u00ed que todas las carreteras que rodean a la isla tienen repechos y las que van al centro&#8230; pues son cuesta arriba.<\/p>\n<p>De salida, pues 1.000 metros de desnivel. Los que hay desde Anfi del Mar (Arguineguin) hasta la cima del Barranquillo Andr\u00e9s. Eso s\u00ed, para llegar hay que subir a la presa de <strong>Soria pasando por Las Filipinas<\/strong> (lo de tener top\u00f3nimos originales no van con los canarios). Y claro, cuando hay cuesta significa que la organizaci\u00f3n deja v\u00eda libre para quemar vatios, que luego acaban haciendo falta&#8230;<\/p>\n<p>Bajada tranquila por el <strong>Piccolo Stelvio<\/strong>. Vale, no se llama as\u00ed, sino la Cruz de San Antonio, pero es una sucesi\u00f3n de curvas de herraduras enlazadas y es imposible no hacer la similitud. La segunda subida, de Pie de La Cuesta al cruce de Tasartico. 10 kil\u00f3metros, con una bajadita, final llano y rampas escondidas del 12%.<\/p>\n<p>El caso es que al llegar a <strong>La Aldea de San Nicol\u00e1s<\/strong>, desde donde sale el Valle de las L\u00e1grimas (o el Carrizal de Tejeda, como lo llaman tambi\u00e9n),\u00a0 ya llevas 1.500 metros de desnivel acumulado en 58 kil\u00f3metros. Desde all\u00ed quedan 22 y 1.300 metros m\u00e1s. Por lo que en la &#8216;cima&#8217; te plantas con <a href=\"https:\/\/www.strava.com\/activities\/6849221156\">2850 metros de desnivel en solo 81 kil\u00f3metros<\/a>.<\/p>\n<blockquote class=\"instagram-media\" style=\"background: #FFF; border: 0; border-radius: 3px; box-shadow: 0 0 1px 0 rgba(0,0,0,0.5),0 1px 10px 0 rgba(0,0,0,0.15); margin: 1px; max-width: 540px; min-width: 326px; padding: 0; width: calc(100% - 2px);\" data-instgrm-captioned=\"\" data-instgrm-permalink=\"https:\/\/www.instagram.com\/p\/CbYTYetoUhY\/?utm_source=ig_embed&amp;utm_campaign=loading\" data-instgrm-version=\"14\">\n<div style=\"padding: 16px;\">\n<p>&nbsp;<\/p>\n<div style=\"display: flex; flex-direction: row; align-items: center;\">\n<div style=\"background-color: #f4f4f4; border-radius: 50%; flex-grow: 0; height: 40px; margin-right: 14px; width: 40px;\"><\/div>\n<div style=\"display: flex; flex-direction: column; flex-grow: 1; justify-content: center;\">\n<div style=\"background-color: #f4f4f4; border-radius: 4px; flex-grow: 0; height: 14px; margin-bottom: 6px; width: 100px;\"><\/div>\n<div style=\"background-color: #f4f4f4; border-radius: 4px; flex-grow: 0; height: 14px; width: 60px;\"><\/div>\n<\/div>\n<\/div>\n<div style=\"padding: 19% 0;\"><\/div>\n<div style=\"display: block; height: 50px; margin: 0 auto 12px; width: 50px;\"><\/div>\n<div style=\"padding-top: 8px;\">\n<div style=\"color: #3897f0; font-family: Arial,sans-serif; font-size: 14px; font-style: normal; font-weight: 550; line-height: 18px;\">Ver esta publicaci\u00f3n en Instagram<\/div>\n<\/div>\n<div style=\"padding: 12.5% 0;\"><\/div>\n<div style=\"display: flex; flex-direction: row; margin-bottom: 14px; align-items: center;\">\n<div>\n<div style=\"background-color: #f4f4f4; border-radius: 50%; height: 12.5px; width: 12.5px; transform: translateX(0px) translateY(7px);\"><\/div>\n<div style=\"background-color: #f4f4f4; height: 12.5px; transform: rotate(-45deg) translateX(3px) translateY(1px); width: 12.5px; flex-grow: 0; margin-right: 14px; margin-left: 2px;\"><\/div>\n<div style=\"background-color: #f4f4f4; border-radius: 50%; height: 12.5px; width: 12.5px; transform: translateX(9px) translateY(-18px);\"><\/div>\n<\/div>\n<div style=\"margin-left: 8px;\">\n<div style=\"background-color: #f4f4f4; border-radius: 50%; flex-grow: 0; height: 20px; width: 20px;\"><\/div>\n<div style=\"width: 0; height: 0; border-top: 2px solid transparent; border-left: 6px solid #f4f4f4; border-bottom: 2px solid transparent; transform: translateX(16px) translateY(-4px) rotate(30deg);\"><\/div>\n<\/div>\n<div style=\"margin-left: auto;\">\n<div style=\"width: 0px; border-top: 8px solid #F4F4F4; border-right: 8px solid transparent; transform: translateY(16px);\"><\/div>\n<div style=\"background-color: #f4f4f4; flex-grow: 0; height: 12px; width: 16px; transform: translateY(-4px);\"><\/div>\n<div style=\"width: 0; height: 0; border-top: 8px solid #F4F4F4; border-left: 8px solid transparent; transform: translateY(-4px) translateX(8px);\"><\/div>\n<\/div>\n<\/div>\n<div style=\"display: flex; flex-direction: column; flex-grow: 1; justify-content: center; margin-bottom: 24px;\">\n<div style=\"background-color: #f4f4f4; border-radius: 4px; flex-grow: 0; height: 14px; margin-bottom: 6px; width: 224px;\"><\/div>\n<div style=\"background-color: #f4f4f4; border-radius: 4px; flex-grow: 0; height: 14px; width: 144px;\"><\/div>\n<\/div>\n<p>&nbsp;<\/p>\n<p style=\"color: #c9c8cd; font-family: Arial,sans-serif; font-size: 14px; line-height: 17px; margin-bottom: 0; margin-top: 8px; overflow: hidden; padding: 8px 0 7px; text-align: center; text-overflow: ellipsis; white-space: nowrap;\"><a style=\"color: #c9c8cd; font-family: Arial,sans-serif; font-size: 14px; font-style: normal; font-weight: normal; line-height: 17px; text-decoration: none;\" href=\"https:\/\/www.instagram.com\/p\/CbYTYetoUhY\/?utm_source=ig_embed&amp;utm_campaign=loading\" target=\"_blank\" rel=\"noopener\">Una publicaci\u00f3n compartida de \ud835\ude3f\ud835\ude5a\ud835\ude68\ud835\ude56\ud835\ude5b\ud835\ude5e\u0302\ud835\ude64 \ud835\ude47\ud835\ude56 \ud835\ude4f\ud835\ude5e\ud835\ude69\ud835\ude56\u0301\ud835\ude63\ud835\ude5e\ud835\ude58\ud835\ude56 \u26f0\ud83d\udeb4 (@bikecanaries)<\/a><\/p>\n<\/div>\n<\/blockquote>\n<p><script async src=\"\/\/www.instagram.com\/embed.js\"><\/script><\/p>\n<h2><strong>El 10% de desnivel es gratis<\/strong><\/h2>\n<p>Y como es la subida. Pues te va &#8216;matando&#8217; por fasc\u00edculos. Lo peor que puedes hacer es confiarte y arrancar r\u00e1pido en los primeros kil\u00f3metros, donde alterna rampas del 10\/12% con bajadas por desfiladeros incre\u00edbles. Es la zona de las presas, con sus curvas de herradura y su calor sempiterno. Son 12 kil\u00f3metros en los que conviene regular porque lo peor est\u00e1 por llegar.<\/p>\n<p>El giro a la derecha hacia el <strong>Carrizal de Tejeda<\/strong> marca la parte m\u00e1s dura. Los \u00faltimos 10 kil\u00f3metros al 10%. Y para dar la bienvenida, pues casi un kil\u00f3metro al 16%. en los que hay que coger las curvas por fuera para recortar un poco el desnivel. Incluso buscar los trozos de asfalta con pintura para que la bicicleta pueda deslizarse mejor. Desarrollo&#8230; todo lo que tengas. Con un 34&#215;32 tocas varias veces la maneta buscando m\u00e1s pi\u00f1ones.<\/p>\n<p>A siete de la &#8216;cima&#8217; tienes el primer descansillo. Unos 300 metros al 6%. Si, todo lo que baje del 10% es descansar. Tienes que hacer otros tres kil\u00f3metros al 14% para llegar a El Tosc\u00f3n, la \u00fanica zona habitada de toda la ascensi\u00f3n. Desde all\u00ed quedan cuatro y alg\u00fan vecino te dice eso de, nada, una rampa de 500 metros duros y se ha acabado lo peor. Tiene raz\u00f3n, pero solo a medias, porque a partir de ah\u00ed quedan otras cinco o seis &#8216;palas&#8217; al 12%.<\/p>\n<p><a href=\"https:\/\/d2p6e6u75xmxt8.cloudfront.net\/6\/2022\/03\/La_titanica_2022_1.jpg\"><img loading=\"lazy\" decoding=\"async\" class=\"aligncenter size-large wp-image-8675\" src=\"https:\/\/d2p6e6u75xmxt8.cloudfront.net\/6\/2022\/03\/La_titanica_2022_1-1024x683.jpg\" alt=\"\" width=\"1024\" height=\"683\" srcset=\"https:\/\/d2p6e6u75xmxt8.cloudfront.net\/6\/2022\/03\/La_titanica_2022_1-1024x683.jpg 1024w, https:\/\/d2p6e6u75xmxt8.cloudfront.net\/6\/2022\/03\/La_titanica_2022_1-300x200.jpg 300w, https:\/\/d2p6e6u75xmxt8.cloudfront.net\/6\/2022\/03\/La_titanica_2022_1-768x512.jpg 768w, https:\/\/d2p6e6u75xmxt8.cloudfront.net\/6\/2022\/03\/La_titanica_2022_1-1536x1024.jpg 1536w, https:\/\/d2p6e6u75xmxt8.cloudfront.net\/6\/2022\/03\/La_titanica_2022_1-1920x1280.jpg 1920w, https:\/\/d2p6e6u75xmxt8.cloudfront.net\/6\/2022\/03\/La_titanica_2022_1-272x182.jpg 272w, https:\/\/d2p6e6u75xmxt8.cloudfront.net\/6\/2022\/03\/La_titanica_2022_1.jpg 2048w, https:\/\/d2p6e6u75xmxt8.cloudfront.net\/6\/2022\/03\/La_titanica_2022_1-1920x1280.jpg 1920w\" sizes=\"auto, (max-width: 1024px) 100vw, 1024px\" \/><\/a><\/p>\n<p>Cuando alcanzas los 1.370 metros de altitud llegas a la &#8216;cima&#8217; del Valle de las L\u00e1grimas. Ya has visto que he ido poniendo comillas en lo de &#8216;cima&#8217; porque es un puerto alargable. Si, ese t\u00e9rmino que utiliza tu colega de grupeta escalador.<\/p>\n<p>El punto m\u00e1s alto de la isla, como os hab\u00eda puesto antes, es el Pico de las Nieves que est\u00e1 a 1.957 metros de altitud. Y s\u00ed, se puede llegar hasta all\u00ed. Solo hay que prolongar la etapa 17 kil\u00f3metros m\u00e1s y 733 metros de desnivel (incluye alguna bajadita) y nos queda un <strong>puertaco de 39 kil\u00f3metros y 2.000 metros de acumulado<\/strong>. Vamos, que <strong>Galibier por Telegraphe<\/strong> son 35 kil\u00f3metros y 1.933 metros des desnivel y la carretera est\u00e1 bastante mejor.<\/p>\n<h2><strong>Puerto La Vuelta<\/strong><\/h2>\n<p>Y lo mejor de todo que no es la \u00fanica opci\u00f3n de subirlo. Gran Canaria tiene carreteras que conectan cualquier punto de la isla con la cima. Si vuelves atr\u00e1s a ese giro a la derecha que te llevaba a los 10 kil\u00f3metros infernales y sigues por la misma carretera puedes continuar ascendido por rampas m\u00e1s suaves. Llegar al Pico de las Nieves te supondr\u00eda pasar por Tejeda y Llanos de la Pez y acumular en 35 kil\u00f3metros 1.700 metros de desnivel m\u00e1s.\u00a0 Y si el desvio es por Ayacata y el Roque Nublo, pues 48 kil\u00f3metros extra y 2.200 metros de desnivel.<\/p>\n<p>Ahora queda esperar a que la organizaci\u00f3n de <strong>La Vuelta a Espa\u00f1a<\/strong> se lance a ese proyecto de acabar una edici\u00f3n en Canarias con dos etapas en Tenerife y otras dos en Gran Canaria. En cuanto las c\u00e1maras de la televisi\u00f3n den esas im\u00e1genes en directo a todo el planeta estos puertos entrar\u00e1n en el subconsciente colectivo del ciclismo como unos de los m\u00e1s duros del mundo ciclista. <strong>Les falta eso, la \u00e9pica del ciclismo profesional<\/strong>.<\/p>\n<blockquote class=\"instagram-media\" style=\"background: #FFF; border: 0; border-radius: 3px; box-shadow: 0 0 1px 0 rgba(0,0,0,0.5),0 1px 10px 0 rgba(0,0,0,0.15); margin: 1px; max-width: 540px; min-width: 326px; padding: 0; width: calc(100% - 2px);\" data-instgrm-captioned=\"\" data-instgrm-permalink=\"https:\/\/www.instagram.com\/reel\/CbTDK1CuFWy\/?utm_source=ig_embed&amp;utm_campaign=loading\" data-instgrm-version=\"14\">\n<div style=\"padding: 16px;\">\n<p>&nbsp;<\/p>\n<div style=\"display: flex; flex-direction: row; align-items: center;\">\n<div style=\"background-color: #f4f4f4; border-radius: 50%; flex-grow: 0; height: 40px; margin-right: 14px; width: 40px;\"><\/div>\n<div style=\"display: flex; flex-direction: column; flex-grow: 1; justify-content: center;\">\n<div style=\"background-color: #f4f4f4; border-radius: 4px; flex-grow: 0; height: 14px; margin-bottom: 6px; width: 100px;\"><\/div>\n<div style=\"background-color: #f4f4f4; border-radius: 4px; flex-grow: 0; height: 14px; width: 60px;\"><\/div>\n<\/div>\n<\/div>\n<div style=\"padding: 19% 0;\"><\/div>\n<div style=\"display: block; height: 50px; margin: 0 auto 12px; width: 50px;\"><\/div>\n<div style=\"padding-top: 8px;\">\n<div style=\"color: #3897f0; font-family: Arial,sans-serif; font-size: 14px; font-style: normal; font-weight: 550; line-height: 18px;\">Ver esta publicaci\u00f3n en Instagram<\/div>\n<\/div>\n<div style=\"padding: 12.5% 0;\"><\/div>\n<div style=\"display: flex; flex-direction: row; margin-bottom: 14px; align-items: center;\">\n<div>\n<div style=\"background-color: #f4f4f4; border-radius: 50%; height: 12.5px; width: 12.5px; transform: translateX(0px) translateY(7px);\"><\/div>\n<div style=\"background-color: #f4f4f4; height: 12.5px; transform: rotate(-45deg) translateX(3px) translateY(1px); width: 12.5px; flex-grow: 0; margin-right: 14px; margin-left: 2px;\"><\/div>\n<div style=\"background-color: #f4f4f4; border-radius: 50%; height: 12.5px; width: 12.5px; transform: translateX(9px) translateY(-18px);\"><\/div>\n<\/div>\n<div style=\"margin-left: 8px;\">\n<div style=\"background-color: #f4f4f4; border-radius: 50%; flex-grow: 0; height: 20px; width: 20px;\"><\/div>\n<div style=\"width: 0; height: 0; border-top: 2px solid transparent; border-left: 6px solid #f4f4f4; border-bottom: 2px solid transparent; transform: translateX(16px) translateY(-4px) rotate(30deg);\"><\/div>\n<\/div>\n<div style=\"margin-left: auto;\">\n<div style=\"width: 0px; border-top: 8px solid #F4F4F4; border-right: 8px solid transparent; transform: translateY(16px);\"><\/div>\n<div style=\"background-color: #f4f4f4; flex-grow: 0; height: 12px; width: 16px; transform: translateY(-4px);\"><\/div>\n<div style=\"width: 0; height: 0; border-top: 8px solid #F4F4F4; border-left: 8px solid transparent; transform: translateY(-4px) translateX(8px);\"><\/div>\n<\/div>\n<\/div>\n<div style=\"display: flex; flex-direction: column; flex-grow: 1; justify-content: center; margin-bottom: 24px;\">\n<div style=\"background-color: #f4f4f4; border-radius: 4px; flex-grow: 0; height: 14px; margin-bottom: 6px; width: 224px;\"><\/div>\n<div style=\"background-color: #f4f4f4; border-radius: 4px; flex-grow: 0; height: 14px; width: 144px;\"><\/div>\n<\/div>\n<p>&nbsp;<\/p>\n<p style=\"color: #c9c8cd; font-family: Arial,sans-serif; font-size: 14px; line-height: 17px; margin-bottom: 0; margin-top: 8px; overflow: hidden; padding: 8px 0 7px; text-align: center; text-overflow: ellipsis; white-space: nowrap;\"><a style=\"color: #c9c8cd; font-family: Arial,sans-serif; font-size: 14px; font-style: normal; font-weight: normal; line-height: 17px; text-decoration: none;\" href=\"https:\/\/www.instagram.com\/reel\/CbTDK1CuFWy\/?utm_source=ig_embed&amp;utm_campaign=loading\" target=\"_blank\" rel=\"noopener\">Una publicaci\u00f3n compartida de Carlos Sastre Store (@carlossastrestore)<\/a><\/p>\n<\/div>\n<\/blockquote>\n<p><script async src=\"\/\/www.instagram.com\/embed.js\"><\/script><\/p>\n","protected":false},"excerpt":{"rendered":"<p>Cuando vas por una rampa del 16% con asfalto rugoso y al lado ves el cartel de 10 kil\u00f3metros al [&hellip;]<\/p>\n","protected":false},"author":29,"featured_media":8674,"comment_status":"open","ping_status":"open","sticky":false,"template":"","format":"standard","meta":{"footnotes":""},"categories":[7],"tags":[44,1216],"global-categories":[1164],"class_list":["post-8667","post","type-post","status-publish","format-standard","has-post-thumbnail","hentry","category-carretera","tag-la-vuelta","tag-puerto-duro","global-categories-cycling"],"yoast_head":"<!-- This site is optimized with the Yoast SEO Premium plugin v25.3 (Yoast SEO v25.9) - https:\/\/yoast.com\/wordpress\/plugins\/seo\/ -->\n<title>El Valle de las L\u00e1grimas, puerto Vuelta a Espa\u00f1a - \u0160koda We Love Cycling - Spain<\/title>\n<meta name=\"description\" content=\"El valle de las L\u00e1grimas, un puerto para La Vuelta a Espa\u00f1a. Gran Canaria esconde uno de los puertos m\u00e1s duros de Espa\u00f1a.\" \/>\n<meta name=\"robots\" content=\"index, follow, max-snippet:-1, max-image-preview:large, max-video-preview:-1\" \/>\n<link rel=\"canonical\" href=\"https:\/\/www.welovecycling.com\/es\/2022\/03\/22\/valle-de-las-lagrimas\/\" \/>\n<meta property=\"og:locale\" content=\"es_ES\" \/>\n<meta property=\"og:type\" content=\"article\" \/>\n<meta property=\"og:title\" content=\"El valle de las L\u00e1grimas, un puerto para La Vuelta a Espa\u00f1a\" \/>\n<meta property=\"og:description\" content=\"El valle de las L\u00e1grimas, un puerto para La Vuelta a Espa\u00f1a. Gran Canaria esconde uno de los puertos m\u00e1s duros de Espa\u00f1a.\" \/>\n<meta property=\"og:url\" content=\"https:\/\/www.welovecycling.com\/es\/2022\/03\/22\/valle-de-las-lagrimas\/\" \/>\n<meta property=\"og:site_name\" content=\"\u0160koda We Love Cycling - Spain\" \/>\n<meta property=\"article:published_time\" content=\"2022-03-22T17:26:30+00:00\" \/>\n<meta property=\"og:image\" content=\"https:\/\/d2p6e6u75xmxt8.cloudfront.net\/6\/2022\/03\/La_titanica_2022_3-scaled.jpg\" \/>\n\t<meta property=\"og:image:width\" content=\"2560\" \/>\n\t<meta property=\"og:image:height\" content=\"1707\" \/>\n\t<meta property=\"og:image:type\" content=\"image\/jpeg\" \/>\n<meta name=\"author\" content=\"We Love Cycling Spain\" \/>\n<meta name=\"twitter:card\" content=\"summary_large_image\" \/>\n<meta name=\"twitter:title\" content=\"El valle de las L\u00e1grimas, un puerto para La Vuelta a Espa\u00f1a\" \/>\n<meta name=\"twitter:description\" content=\"El valle de las L\u00e1grimas, un puerto para La Vuelta a Espa\u00f1a. Gran Canaria esconde uno de los puertos m\u00e1s duros de Espa\u00f1a.\" \/>\n<meta name=\"twitter:label1\" content=\"Written by\" \/>\n\t<meta name=\"twitter:data1\" content=\"Luis Ortega @ciclored\" \/>\n\t<meta name=\"twitter:label2\" content=\"Est. reading time\" \/>\n\t<meta name=\"twitter:data2\" content=\"6 minutes\" \/>\n<script type=\"application\/ld+json\" class=\"yoast-schema-graph\">{\"@context\":\"https:\/\/schema.org\",\"@graph\":[{\"@type\":\"WebPage\",\"@id\":\"https:\/\/www.welovecycling.com\/es\/2022\/03\/22\/valle-de-las-lagrimas\/\",\"url\":\"https:\/\/www.welovecycling.com\/es\/2022\/03\/22\/valle-de-las-lagrimas\/\",\"name\":\"El Valle de las L\u00e1grimas, puerto Vuelta a Espa\u00f1a - \u0160koda We Love Cycling - Spain\",\"isPartOf\":{\"@id\":\"https:\/\/www.welovecycling.com\/es\/#website\"},\"primaryImageOfPage\":{\"@id\":\"https:\/\/www.welovecycling.com\/es\/2022\/03\/22\/valle-de-las-lagrimas\/#primaryimage\"},\"image\":{\"@id\":\"https:\/\/www.welovecycling.com\/es\/2022\/03\/22\/valle-de-las-lagrimas\/#primaryimage\"},\"thumbnailUrl\":\"https:\/\/d2p6e6u75xmxt8.cloudfront.net\/6\/2022\/03\/La_titanica_2022_3-scaled.jpg\",\"datePublished\":\"2022-03-22T17:26:30+00:00\",\"author\":{\"@id\":\"https:\/\/www.welovecycling.com\/es\/#\/schema\/person\/deb61715b5812698ee79fb96f343ccd4\"},\"description\":\"El valle de las L\u00e1grimas, un puerto para La Vuelta a Espa\u00f1a. Gran Canaria esconde uno de los puertos m\u00e1s duros de Espa\u00f1a.\",\"breadcrumb\":{\"@id\":\"https:\/\/www.welovecycling.com\/es\/2022\/03\/22\/valle-de-las-lagrimas\/#breadcrumb\"},\"inLanguage\":\"es-ES\",\"potentialAction\":[{\"@type\":\"ReadAction\",\"target\":[\"https:\/\/www.welovecycling.com\/es\/2022\/03\/22\/valle-de-las-lagrimas\/\"]}]},{\"@type\":\"ImageObject\",\"inLanguage\":\"es-ES\",\"@id\":\"https:\/\/www.welovecycling.com\/es\/2022\/03\/22\/valle-de-las-lagrimas\/#primaryimage\",\"url\":\"https:\/\/d2p6e6u75xmxt8.cloudfront.net\/6\/2022\/03\/La_titanica_2022_3-scaled.jpg\",\"contentUrl\":\"https:\/\/d2p6e6u75xmxt8.cloudfront.net\/6\/2022\/03\/La_titanica_2022_3-scaled.jpg\",\"width\":2560,\"height\":1707},{\"@type\":\"BreadcrumbList\",\"@id\":\"https:\/\/www.welovecycling.com\/es\/2022\/03\/22\/valle-de-las-lagrimas\/#breadcrumb\",\"itemListElement\":[{\"@type\":\"ListItem\",\"position\":1,\"name\":\"Home\",\"item\":\"https:\/\/www.welovecycling.com\/es\/\"},{\"@type\":\"ListItem\",\"position\":2,\"name\":\"El Valle de las L\u00e1grimas, puerto Vuelta a Espa\u00f1a\"}]},{\"@type\":\"WebSite\",\"@id\":\"https:\/\/www.welovecycling.com\/es\/#website\",\"url\":\"https:\/\/www.welovecycling.com\/es\/\",\"name\":\"\u0160koda We Love Cycling - Spain\",\"description\":\"\u0160koda WeLoveCycling Spain\",\"potentialAction\":[{\"@type\":\"SearchAction\",\"target\":{\"@type\":\"EntryPoint\",\"urlTemplate\":\"https:\/\/www.welovecycling.com\/es\/?s={search_term_string}\"},\"query-input\":{\"@type\":\"PropertyValueSpecification\",\"valueRequired\":true,\"valueName\":\"search_term_string\"}}],\"inLanguage\":\"es-ES\"},{\"@type\":\"Person\",\"@id\":\"https:\/\/www.welovecycling.com\/es\/#\/schema\/person\/deb61715b5812698ee79fb96f343ccd4\",\"name\":\"We Love Cycling Spain\",\"image\":{\"@type\":\"ImageObject\",\"inLanguage\":\"es-ES\",\"@id\":\"https:\/\/www.welovecycling.com\/es\/#\/schema\/person\/image\/\",\"url\":\"https:\/\/secure.gravatar.com\/avatar\/c824b04e6df0e37a03219d0b6481672889df542894588964102459e46513159c?s=96&d=mm&r=g\",\"contentUrl\":\"https:\/\/secure.gravatar.com\/avatar\/c824b04e6df0e37a03219d0b6481672889df542894588964102459e46513159c?s=96&d=mm&r=g\",\"caption\":\"We Love Cycling Spain\"},\"url\":\"https:\/\/www.welovecycling.com\/es\/author\/amunoz\/\"}]}<\/script>\n<!-- \/ Yoast SEO Premium plugin. -->","yoast_head_json":{"title":"El Valle de las L\u00e1grimas, puerto Vuelta a Espa\u00f1a - \u0160koda We Love Cycling - Spain","description":"El valle de las L\u00e1grimas, un puerto para La Vuelta a Espa\u00f1a. Gran Canaria esconde uno de los puertos m\u00e1s duros de Espa\u00f1a.","robots":{"index":"index","follow":"follow","max-snippet":"max-snippet:-1","max-image-preview":"max-image-preview:large","max-video-preview":"max-video-preview:-1"},"canonical":"https:\/\/www.welovecycling.com\/es\/2022\/03\/22\/valle-de-las-lagrimas\/","og_locale":"es_ES","og_type":"article","og_title":"El valle de las L\u00e1grimas, un puerto para La Vuelta a Espa\u00f1a","og_description":"El valle de las L\u00e1grimas, un puerto para La Vuelta a Espa\u00f1a. Gran Canaria esconde uno de los puertos m\u00e1s duros de Espa\u00f1a.","og_url":"https:\/\/www.welovecycling.com\/es\/2022\/03\/22\/valle-de-las-lagrimas\/","og_site_name":"\u0160koda We Love Cycling - Spain","article_published_time":"2022-03-22T17:26:30+00:00","og_image":[{"width":2560,"height":1707,"url":"https:\/\/d2p6e6u75xmxt8.cloudfront.net\/6\/2022\/03\/La_titanica_2022_3-scaled.jpg","type":"image\/jpeg"}],"author":"We Love Cycling Spain","twitter_card":"summary_large_image","twitter_title":"El valle de las L\u00e1grimas, un puerto para La Vuelta a Espa\u00f1a","twitter_description":"El valle de las L\u00e1grimas, un puerto para La Vuelta a Espa\u00f1a. Gran Canaria esconde uno de los puertos m\u00e1s duros de Espa\u00f1a.","twitter_misc":{"Written by":"Luis Ortega @ciclored","Est. reading time":"6 minutes"},"schema":{"@context":"https:\/\/schema.org","@graph":[{"@type":"WebPage","@id":"https:\/\/www.welovecycling.com\/es\/2022\/03\/22\/valle-de-las-lagrimas\/","url":"https:\/\/www.welovecycling.com\/es\/2022\/03\/22\/valle-de-las-lagrimas\/","name":"El Valle de las L\u00e1grimas, puerto Vuelta a Espa\u00f1a - \u0160koda We Love Cycling - Spain","isPartOf":{"@id":"https:\/\/www.welovecycling.com\/es\/#website"},"primaryImageOfPage":{"@id":"https:\/\/www.welovecycling.com\/es\/2022\/03\/22\/valle-de-las-lagrimas\/#primaryimage"},"image":{"@id":"https:\/\/www.welovecycling.com\/es\/2022\/03\/22\/valle-de-las-lagrimas\/#primaryimage"},"thumbnailUrl":"https:\/\/d2p6e6u75xmxt8.cloudfront.net\/6\/2022\/03\/La_titanica_2022_3-scaled.jpg","datePublished":"2022-03-22T17:26:30+00:00","author":{"@id":"https:\/\/www.welovecycling.com\/es\/#\/schema\/person\/deb61715b5812698ee79fb96f343ccd4"},"description":"El valle de las L\u00e1grimas, un puerto para La Vuelta a Espa\u00f1a. Gran Canaria esconde uno de los puertos m\u00e1s duros de Espa\u00f1a.","breadcrumb":{"@id":"https:\/\/www.welovecycling.com\/es\/2022\/03\/22\/valle-de-las-lagrimas\/#breadcrumb"},"inLanguage":"es-ES","potentialAction":[{"@type":"ReadAction","target":["https:\/\/www.welovecycling.com\/es\/2022\/03\/22\/valle-de-las-lagrimas\/"]}]},{"@type":"ImageObject","inLanguage":"es-ES","@id":"https:\/\/www.welovecycling.com\/es\/2022\/03\/22\/valle-de-las-lagrimas\/#primaryimage","url":"https:\/\/d2p6e6u75xmxt8.cloudfront.net\/6\/2022\/03\/La_titanica_2022_3-scaled.jpg","contentUrl":"https:\/\/d2p6e6u75xmxt8.cloudfront.net\/6\/2022\/03\/La_titanica_2022_3-scaled.jpg","width":2560,"height":1707},{"@type":"BreadcrumbList","@id":"https:\/\/www.welovecycling.com\/es\/2022\/03\/22\/valle-de-las-lagrimas\/#breadcrumb","itemListElement":[{"@type":"ListItem","position":1,"name":"Home","item":"https:\/\/www.welovecycling.com\/es\/"},{"@type":"ListItem","position":2,"name":"El Valle de las L\u00e1grimas, puerto Vuelta a Espa\u00f1a"}]},{"@type":"WebSite","@id":"https:\/\/www.welovecycling.com\/es\/#website","url":"https:\/\/www.welovecycling.com\/es\/","name":"\u0160koda We Love Cycling - Spain","description":"\u0160koda WeLoveCycling Spain","potentialAction":[{"@type":"SearchAction","target":{"@type":"EntryPoint","urlTemplate":"https:\/\/www.welovecycling.com\/es\/?s={search_term_string}"},"query-input":{"@type":"PropertyValueSpecification","valueRequired":true,"valueName":"search_term_string"}}],"inLanguage":"es-ES"},{"@type":"Person","@id":"https:\/\/www.welovecycling.com\/es\/#\/schema\/person\/deb61715b5812698ee79fb96f343ccd4","name":"We Love Cycling Spain","image":{"@type":"ImageObject","inLanguage":"es-ES","@id":"https:\/\/www.welovecycling.com\/es\/#\/schema\/person\/image\/","url":"https:\/\/secure.gravatar.com\/avatar\/c824b04e6df0e37a03219d0b6481672889df542894588964102459e46513159c?s=96&d=mm&r=g","contentUrl":"https:\/\/secure.gravatar.com\/avatar\/c824b04e6df0e37a03219d0b6481672889df542894588964102459e46513159c?s=96&d=mm&r=g","caption":"We Love Cycling Spain"},"url":"https:\/\/www.welovecycling.com\/es\/author\/amunoz\/"}]}},"_links":{"self":[{"href":"https:\/\/www.welovecycling.com\/es\/wp-json\/wp\/v2\/posts\/8667","targetHints":{"allow":["GET"]}}],"collection":[{"href":"https:\/\/www.welovecycling.com\/es\/wp-json\/wp\/v2\/posts"}],"about":[{"href":"https:\/\/www.welovecycling.com\/es\/wp-json\/wp\/v2\/types\/post"}],"author":[{"embeddable":true,"href":"https:\/\/www.welovecycling.com\/es\/wp-json\/wp\/v2\/users\/29"}],"replies":[{"embeddable":true,"href":"https:\/\/www.welovecycling.com\/es\/wp-json\/wp\/v2\/comments?post=8667"}],"version-history":[{"count":2,"href":"https:\/\/www.welovecycling.com\/es\/wp-json\/wp\/v2\/posts\/8667\/revisions"}],"predecessor-version":[{"id":8676,"href":"https:\/\/www.welovecycling.com\/es\/wp-json\/wp\/v2\/posts\/8667\/revisions\/8676"}],"wp:featuredmedia":[{"embeddable":true,"href":"https:\/\/www.welovecycling.com\/es\/wp-json\/wp\/v2\/media\/8674"}],"wp:attachment":[{"href":"https:\/\/www.welovecycling.com\/es\/wp-json\/wp\/v2\/media?parent=8667"}],"wp:term":[{"taxonomy":"category","embeddable":true,"href":"https:\/\/www.welovecycling.com\/es\/wp-json\/wp\/v2\/categories?post=8667"},{"taxonomy":"post_tag","embeddable":true,"href":"https:\/\/www.welovecycling.com\/es\/wp-json\/wp\/v2\/tags?post=8667"},{"taxonomy":"global-categories","embeddable":true,"href":"https:\/\/www.welovecycling.com\/es\/wp-json\/wp\/v2\/global-categories?post=8667"}],"curies":[{"name":"wp","href":"https:\/\/api.w.org\/{rel}","templated":true}]}}