{"id":8664,"date":"2022-03-20T09:30:27","date_gmt":"2022-03-20T07:30:27","guid":{"rendered":"https:\/\/www.welovecycling.com\/es\/?p=8664"},"modified":"2022-03-20T10:20:44","modified_gmt":"2022-03-20T08:20:44","slug":"volta-2022-guion-habitual-resultados-inesperados","status":"publish","type":"post","link":"https:\/\/www.welovecycling.com\/es\/2022\/03\/20\/volta-2022-guion-habitual-resultados-inesperados\/","title":{"rendered":"Volta 2022. Guion habitual, resultados inesperados"},"content":{"rendered":"<p><strong>La Volta Catalunya 2022 ha planteado un recorrido que sigue el guion de ediciones anteriores. Dos etapas planas y con viento de inicio, dos finales en alto, una jornada de transici\u00f3n, una etapa muy nerviosa y con emboscadas y el cl\u00e1sico final en Montjuic. Pero ojo, que el desarrollo lo marcan los ciclista y para La Volta 2022 estar\u00e1n varios de los que se van a jugar el Giro de Italia en el mes de mayo.<\/strong><\/p>\n<p><!--more--><\/p>\n<p>La Volta, que arranca el lunes 21 de marzo en Saint Feli\u00fa de Guixols, va a echar de menos a Roglic y Pogacar, los dos eslovenos que hoy por hoy son los m\u00e1ximos favoritos a cualquier ronda por etapas. Ambos corrieron el s\u00e1bado los 300 kil\u00f3metros de La Mil\u00e1n Sanremo y se tomar\u00e1n un descanso hasta abril. La n\u00f3mina de favoritos la encabeza <a href=\"https:\/\/www.welovecycling.com\/es\/2021\/08\/20\/edad-ciclismo-profesional\/\">Alejandro Valverde<\/a>, que ya ha sumado victorias este a\u00f1o, conoce la carrera a la perfecci\u00f3n y en su &#8216;\u00faltimo&#8217; a\u00f1o como profesional quiere llevarse una carrera por etapas World Tour. Y si, tambi\u00e9n estar\u00e1 en el Giro de Italia.<\/p>\n<p>Cuando hablamos de favoritos para una vuelta de una semana del m\u00e1ximo nivel hay que mirar a los tres equipos con m\u00e1s presupuesto. Ineos presenta a <strong>Carapaz<\/strong>, que disputar\u00e1 el Giro, <strong>Adam Yates,<\/strong> ganador de 2021 y que ir\u00e1 al Tour, Richie Porte, que siempre es una garant\u00eda, y <strong>Carlos Rodr\u00edguez<\/strong>, el \u00fanico que se atrevi\u00f3 a salir al ataque de Pogacar en Strade Bianche. Jumbo Visma lleva a su conjunto del Giro, con <a href=\"https:\/\/www.welovecycling.com\/es\/2021\/05\/13\/estres-ciclistas-profesionales\/\">Dumoulin<\/a> como jefe de filas y Kruijswijk como gregario de lujo. Mientras que el UAE confia en <strong>Almeida, Ayuso y Marc Soler<\/strong>.<\/p>\n<p>Hay pocos equipos que puedan estar al nivel de estos tres, aunque en individuales hay que tener en cuenta a Nairo Quintana, que no estuvo lejos de los mejores en Par\u00eds Niza, igual que Simon Yates. El AG2R lleva a Ben O&#8217;Connor, cuarto del pasado Tour, Israel a Michael Woods, Cofidis a Guillaume Martin,\u00a0 Bora a Hindley e Higuita y Education First a Chaves.<\/p>\n<p>Adem\u00e1s de todos los World Tour la Volta ha invitado a los cuatro equipos espa\u00f1oles continentales, Caja Rural, Kern Pharma, Burgos BH y Euskaltel Euskadi, que ser\u00e1n junto a Arkea y Uno X los m\u00e1s interesados en animar la carrera y meterse en las fugas iniciales para buscar la sorpresa.<\/p>\n<p><a href=\"https:\/\/d2p6e6u75xmxt8.cloudfront.net\/6\/2021\/03\/La-Volta-2021.jpg\"><img loading=\"lazy\" decoding=\"async\" class=\"aligncenter size-full wp-image-7367\" src=\"https:\/\/d2p6e6u75xmxt8.cloudfront.net\/6\/2021\/03\/La-Volta-2021.jpg\" alt=\"\" width=\"1000\" height=\"665\" srcset=\"https:\/\/d2p6e6u75xmxt8.cloudfront.net\/6\/2021\/03\/La-Volta-2021.jpg 1000w, https:\/\/d2p6e6u75xmxt8.cloudfront.net\/6\/2021\/03\/La-Volta-2021-300x200.jpg 300w, https:\/\/d2p6e6u75xmxt8.cloudfront.net\/6\/2021\/03\/La-Volta-2021-768x511.jpg 768w, https:\/\/d2p6e6u75xmxt8.cloudfront.net\/6\/2021\/03\/La-Volta-2021-272x182.jpg 272w\" sizes=\"auto, (max-width: 1000px) 100vw, 1000px\" \/><\/a><\/p>\n<p>&nbsp;<\/p>\n<h2><strong>Etapas<\/strong><\/h2>\n<p>Las dos primeras etapas de La Volta tienen caracter\u00edsticas similares. M\u00e1s de 170 kil\u00f3metros, unos 2.500 metros de desnivel, un puerto cerca de meta y alg\u00fan repecho peligroso para romper el previsible sprint. Y sobre todo la posible presencia de viento. La carrera arranca en el mar, en <a href=\"https:\/\/www.voltacatalunya.cat\/es\/etapa-1\">Saint Feli\u00fa de Guixols<\/a>, con una etapa circular que acaba en la misma ciudad y al dia siguiente se adentra en Francia desde <a href=\"https:\/\/www.voltacatalunya.cat\/es\/etapa-2\">L&#8217;Escala a Perpignan,<\/a> que es una zona en la que siempre sopla y si lo hace desde el mar ser\u00e1 lateral. As\u00ed que la tensi\u00f3n de los abanicos est\u00e1 pr\u00e1cticamente asegurada.<\/p>\n<p>Del d\u00edptico ventoso pasamos a la alta monta\u00f1a. Es marzo y Pirineos, as\u00ed que posiblemente har\u00e1 fr\u00edo y habr\u00e1 nieve en las cimas de La Molina y Boi Taull. La etapa del mi\u00e9rcoles 23 de marzo acumula 3.500 metros de desnivel y tres puertos. Mont Louis, para pasar la frontera francesa, Collada de Toses y La Molina, que seguramente obligar\u00e1 a cambiar de l\u00edder.<\/p>\n<p><img loading=\"lazy\" decoding=\"async\" class=\"alignnone size-extra-large\" src=\"https:\/\/img.aso.fr\/core_app\/img-cycling-vcc-jpg\/3\/2389\/0:0,960:400-960-0-70\/7f922\" width=\"960\" height=\"400\" \/>Al d\u00eda siguiente, jueves 24 de marzo, llega la <a href=\"https:\/\/www.voltacatalunya.cat\/es\/etapa-4\">etapa reina,<\/a> aunque como en otras ediciones, es posible que la ventaja de los favoritos al final solo sean unos pocos segundos y todo quede pendiente de los escarceos de las \u00faltimas tres jornadas.\u00a0 Salen 3.400 metros de desnivel en 166 kil\u00f3metros con las subidas a Boixols, Crey de Perves y final en Boi Taull a m\u00e1s de 2.000 metros de altitud.<\/p>\n<p><img loading=\"lazy\" decoding=\"async\" class=\"alignnone size-extra-large\" src=\"https:\/\/img.aso.fr\/core_app\/img-cycling-vcc-jpg\/4\/2390\/0:0,960:400-960-0-70\/0424d\" width=\"960\" height=\"400\" \/>Los aventureros tendr\u00e1n su oportunidad en la <a href=\"https:\/\/www.voltacatalunya.cat\/es\/etapa-5\">quinta etapa<\/a> de La Volta 2022, la m\u00e1s larga de todas con 206 kil\u00f3metros y casi 3.000 metros de desnivel. No es un terreno sencillo y el viento puede hacer estragos en el final en Vilanova i la Geltr\u00fa. La emboscada viene en la pen\u00faltima etapa, con salida y meta en <a href=\"https:\/\/www.voltacatalunya.cat\/es\/etapa-6\">Costa Daurada<\/a> (Salou-Cambrils). El recorrido tiene m\u00e1s de 3.000 metros de desnivel en solo 167 kil\u00f3metros y pr\u00e1cticamente ni un cent\u00edmetro llano. Atraviesa las monta\u00f1as del Montsant y Prades y el \u00faltimo puerto, La Teixeta, est\u00e1 a solo 30 de meta y desde su cima es todo bajada. Cualquier cicloturista conoce el terreno de las marchas La Mussara y Cambrils Park.<\/p>\n<p>Todas las etapas acabar\u00e1n entre las 16.30 y 17.00, menos la tradicional jornada final en <a href=\"https:\/\/www.voltacatalunya.cat\/es\/etapa-7\">Barcelona,<\/a> que lo hace entre 14.00 y 14.30. Es el trazado habitual en Barcelona con el circuito final en la monta\u00f1a de Montjuic. Si la clasificaci\u00f3n llega con pocos segundos de diferencia entre los favoritos suele ser una etapa emocionante y con final incierto.<\/p>\n","protected":false},"excerpt":{"rendered":"<p>La Volta Catalunya 2022 ha planteado un recorrido que sigue el guion de ediciones anteriores. Dos etapas planas y con [&hellip;]<\/p>\n","protected":false},"author":29,"featured_media":7369,"comment_status":"open","ping_status":"open","sticky":false,"template":"","format":"standard","meta":{"footnotes":""},"categories":[7],"tags":[],"global-categories":[1164],"class_list":["post-8664","post","type-post","status-publish","format-standard","has-post-thumbnail","hentry","category-carretera","global-categories-cycling"],"yoast_head":"<!-- This site is optimized with the Yoast SEO Premium plugin v25.3 (Yoast SEO v25.9) - https:\/\/yoast.com\/wordpress\/plugins\/seo\/ -->\n<title>Volta 2022. Guion habitual, resultados inesperados<\/title>\n<meta name=\"description\" content=\"La Volta 2022. Gui\u00f3n habitual, resutlados inesperados. Previa de la edici\u00f3n 2022 de La Volta Catalunya, del 21 al 27 de marzo.\" \/>\n<meta name=\"robots\" content=\"index, follow, max-snippet:-1, max-image-preview:large, max-video-preview:-1\" \/>\n<link rel=\"canonical\" href=\"https:\/\/www.welovecycling.com\/es\/2022\/03\/20\/volta-2022-guion-habitual-resultados-inesperados\/\" \/>\n<meta property=\"og:locale\" content=\"es_ES\" \/>\n<meta property=\"og:type\" content=\"article\" \/>\n<meta property=\"og:title\" content=\"La Volta 2022. Gui\u00f3n habitual, resutlados inesperados\" \/>\n<meta property=\"og:description\" content=\"La Volta 2022. Gui\u00f3n habitual, resutlados inesperados. Previa de la edici\u00f3n 2022 de La Volta Catalunya, del 21 al 27 de marzo.\" \/>\n<meta property=\"og:url\" content=\"https:\/\/www.welovecycling.com\/es\/2022\/03\/20\/volta-2022-guion-habitual-resultados-inesperados\/\" \/>\n<meta property=\"og:site_name\" content=\"\u0160koda We Love Cycling - Spain\" \/>\n<meta property=\"article:published_time\" content=\"2022-03-20T07:30:27+00:00\" \/>\n<meta property=\"article:modified_time\" content=\"2022-03-20T08:20:44+00:00\" \/>\n<meta property=\"og:image\" content=\"https:\/\/d2p6e6u75xmxt8.cloudfront.net\/6\/2021\/03\/Alejandro-Valverde.jpg\" \/>\n\t<meta property=\"og:image:width\" content=\"1000\" \/>\n\t<meta property=\"og:image:height\" content=\"777\" \/>\n\t<meta property=\"og:image:type\" content=\"image\/jpeg\" \/>\n<meta name=\"author\" content=\"We Love Cycling Spain\" \/>\n<meta name=\"twitter:card\" content=\"summary_large_image\" \/>\n<meta name=\"twitter:title\" content=\"La Volta 2022. Gui\u00f3n habitual, resutlados inesperados\" \/>\n<meta name=\"twitter:description\" content=\"La Volta 2022. Gui\u00f3n habitual, resutlados inesperados. Previa de la edici\u00f3n 2022 de La Volta Catalunya, del 21 al 27 de marzo.\" \/>\n<meta name=\"twitter:label1\" content=\"Written by\" \/>\n\t<meta name=\"twitter:data1\" content=\"Luis Ortega @Ciclored\" \/>\n\t<meta name=\"twitter:label2\" content=\"Est. reading time\" \/>\n\t<meta name=\"twitter:data2\" content=\"4 minutes\" \/>\n<script type=\"application\/ld+json\" class=\"yoast-schema-graph\">{\"@context\":\"https:\/\/schema.org\",\"@graph\":[{\"@type\":\"WebPage\",\"@id\":\"https:\/\/www.welovecycling.com\/es\/2022\/03\/20\/volta-2022-guion-habitual-resultados-inesperados\/\",\"url\":\"https:\/\/www.welovecycling.com\/es\/2022\/03\/20\/volta-2022-guion-habitual-resultados-inesperados\/\",\"name\":\"Volta 2022. Guion habitual, resultados inesperados\",\"isPartOf\":{\"@id\":\"https:\/\/www.welovecycling.com\/es\/#website\"},\"primaryImageOfPage\":{\"@id\":\"https:\/\/www.welovecycling.com\/es\/2022\/03\/20\/volta-2022-guion-habitual-resultados-inesperados\/#primaryimage\"},\"image\":{\"@id\":\"https:\/\/www.welovecycling.com\/es\/2022\/03\/20\/volta-2022-guion-habitual-resultados-inesperados\/#primaryimage\"},\"thumbnailUrl\":\"https:\/\/d2p6e6u75xmxt8.cloudfront.net\/6\/2021\/03\/Alejandro-Valverde.jpg\",\"datePublished\":\"2022-03-20T07:30:27+00:00\",\"dateModified\":\"2022-03-20T08:20:44+00:00\",\"author\":{\"@id\":\"https:\/\/www.welovecycling.com\/es\/#\/schema\/person\/deb61715b5812698ee79fb96f343ccd4\"},\"description\":\"La Volta 2022. Gui\u00f3n habitual, resutlados inesperados. Previa de la edici\u00f3n 2022 de La Volta Catalunya, del 21 al 27 de marzo.\",\"breadcrumb\":{\"@id\":\"https:\/\/www.welovecycling.com\/es\/2022\/03\/20\/volta-2022-guion-habitual-resultados-inesperados\/#breadcrumb\"},\"inLanguage\":\"es-ES\",\"potentialAction\":[{\"@type\":\"ReadAction\",\"target\":[\"https:\/\/www.welovecycling.com\/es\/2022\/03\/20\/volta-2022-guion-habitual-resultados-inesperados\/\"]}]},{\"@type\":\"ImageObject\",\"inLanguage\":\"es-ES\",\"@id\":\"https:\/\/www.welovecycling.com\/es\/2022\/03\/20\/volta-2022-guion-habitual-resultados-inesperados\/#primaryimage\",\"url\":\"https:\/\/d2p6e6u75xmxt8.cloudfront.net\/6\/2021\/03\/Alejandro-Valverde.jpg\",\"contentUrl\":\"https:\/\/d2p6e6u75xmxt8.cloudfront.net\/6\/2021\/03\/Alejandro-Valverde.jpg\",\"width\":1000,\"height\":777,\"caption\":\"Alejandro Valverde, Meta de Vallter 2000. Foto La Volta\"},{\"@type\":\"BreadcrumbList\",\"@id\":\"https:\/\/www.welovecycling.com\/es\/2022\/03\/20\/volta-2022-guion-habitual-resultados-inesperados\/#breadcrumb\",\"itemListElement\":[{\"@type\":\"ListItem\",\"position\":1,\"name\":\"Home\",\"item\":\"https:\/\/www.welovecycling.com\/es\/\"},{\"@type\":\"ListItem\",\"position\":2,\"name\":\"Volta 2022. Guion habitual, resultados inesperados\"}]},{\"@type\":\"WebSite\",\"@id\":\"https:\/\/www.welovecycling.com\/es\/#website\",\"url\":\"https:\/\/www.welovecycling.com\/es\/\",\"name\":\"\u0160koda We Love Cycling - Spain\",\"description\":\"\u0160koda WeLoveCycling Spain\",\"potentialAction\":[{\"@type\":\"SearchAction\",\"target\":{\"@type\":\"EntryPoint\",\"urlTemplate\":\"https:\/\/www.welovecycling.com\/es\/?s={search_term_string}\"},\"query-input\":{\"@type\":\"PropertyValueSpecification\",\"valueRequired\":true,\"valueName\":\"search_term_string\"}}],\"inLanguage\":\"es-ES\"},{\"@type\":\"Person\",\"@id\":\"https:\/\/www.welovecycling.com\/es\/#\/schema\/person\/deb61715b5812698ee79fb96f343ccd4\",\"name\":\"We Love Cycling Spain\",\"image\":{\"@type\":\"ImageObject\",\"inLanguage\":\"es-ES\",\"@id\":\"https:\/\/www.welovecycling.com\/es\/#\/schema\/person\/image\/\",\"url\":\"https:\/\/secure.gravatar.com\/avatar\/c824b04e6df0e37a03219d0b6481672889df542894588964102459e46513159c?s=96&d=mm&r=g\",\"contentUrl\":\"https:\/\/secure.gravatar.com\/avatar\/c824b04e6df0e37a03219d0b6481672889df542894588964102459e46513159c?s=96&d=mm&r=g\",\"caption\":\"We Love Cycling Spain\"},\"url\":\"https:\/\/www.welovecycling.com\/es\/author\/amunoz\/\"}]}<\/script>\n<!-- \/ Yoast SEO Premium plugin. -->","yoast_head_json":{"title":"Volta 2022. Guion habitual, resultados inesperados","description":"La Volta 2022. Gui\u00f3n habitual, resutlados inesperados. Previa de la edici\u00f3n 2022 de La Volta Catalunya, del 21 al 27 de marzo.","robots":{"index":"index","follow":"follow","max-snippet":"max-snippet:-1","max-image-preview":"max-image-preview:large","max-video-preview":"max-video-preview:-1"},"canonical":"https:\/\/www.welovecycling.com\/es\/2022\/03\/20\/volta-2022-guion-habitual-resultados-inesperados\/","og_locale":"es_ES","og_type":"article","og_title":"La Volta 2022. Gui\u00f3n habitual, resutlados inesperados","og_description":"La Volta 2022. Gui\u00f3n habitual, resutlados inesperados. Previa de la edici\u00f3n 2022 de La Volta Catalunya, del 21 al 27 de marzo.","og_url":"https:\/\/www.welovecycling.com\/es\/2022\/03\/20\/volta-2022-guion-habitual-resultados-inesperados\/","og_site_name":"\u0160koda We Love Cycling - Spain","article_published_time":"2022-03-20T07:30:27+00:00","article_modified_time":"2022-03-20T08:20:44+00:00","og_image":[{"width":1000,"height":777,"url":"https:\/\/d2p6e6u75xmxt8.cloudfront.net\/6\/2021\/03\/Alejandro-Valverde.jpg","type":"image\/jpeg"}],"author":"We Love Cycling Spain","twitter_card":"summary_large_image","twitter_title":"La Volta 2022. Gui\u00f3n habitual, resutlados inesperados","twitter_description":"La Volta 2022. Gui\u00f3n habitual, resutlados inesperados. Previa de la edici\u00f3n 2022 de La Volta Catalunya, del 21 al 27 de marzo.","twitter_misc":{"Written by":"Luis Ortega @Ciclored","Est. reading time":"4 minutes"},"schema":{"@context":"https:\/\/schema.org","@graph":[{"@type":"WebPage","@id":"https:\/\/www.welovecycling.com\/es\/2022\/03\/20\/volta-2022-guion-habitual-resultados-inesperados\/","url":"https:\/\/www.welovecycling.com\/es\/2022\/03\/20\/volta-2022-guion-habitual-resultados-inesperados\/","name":"Volta 2022. Guion habitual, resultados inesperados","isPartOf":{"@id":"https:\/\/www.welovecycling.com\/es\/#website"},"primaryImageOfPage":{"@id":"https:\/\/www.welovecycling.com\/es\/2022\/03\/20\/volta-2022-guion-habitual-resultados-inesperados\/#primaryimage"},"image":{"@id":"https:\/\/www.welovecycling.com\/es\/2022\/03\/20\/volta-2022-guion-habitual-resultados-inesperados\/#primaryimage"},"thumbnailUrl":"https:\/\/d2p6e6u75xmxt8.cloudfront.net\/6\/2021\/03\/Alejandro-Valverde.jpg","datePublished":"2022-03-20T07:30:27+00:00","dateModified":"2022-03-20T08:20:44+00:00","author":{"@id":"https:\/\/www.welovecycling.com\/es\/#\/schema\/person\/deb61715b5812698ee79fb96f343ccd4"},"description":"La Volta 2022. Gui\u00f3n habitual, resutlados inesperados. Previa de la edici\u00f3n 2022 de La Volta Catalunya, del 21 al 27 de marzo.","breadcrumb":{"@id":"https:\/\/www.welovecycling.com\/es\/2022\/03\/20\/volta-2022-guion-habitual-resultados-inesperados\/#breadcrumb"},"inLanguage":"es-ES","potentialAction":[{"@type":"ReadAction","target":["https:\/\/www.welovecycling.com\/es\/2022\/03\/20\/volta-2022-guion-habitual-resultados-inesperados\/"]}]},{"@type":"ImageObject","inLanguage":"es-ES","@id":"https:\/\/www.welovecycling.com\/es\/2022\/03\/20\/volta-2022-guion-habitual-resultados-inesperados\/#primaryimage","url":"https:\/\/d2p6e6u75xmxt8.cloudfront.net\/6\/2021\/03\/Alejandro-Valverde.jpg","contentUrl":"https:\/\/d2p6e6u75xmxt8.cloudfront.net\/6\/2021\/03\/Alejandro-Valverde.jpg","width":1000,"height":777,"caption":"Alejandro Valverde, Meta de Vallter 2000. Foto La Volta"},{"@type":"BreadcrumbList","@id":"https:\/\/www.welovecycling.com\/es\/2022\/03\/20\/volta-2022-guion-habitual-resultados-inesperados\/#breadcrumb","itemListElement":[{"@type":"ListItem","position":1,"name":"Home","item":"https:\/\/www.welovecycling.com\/es\/"},{"@type":"ListItem","position":2,"name":"Volta 2022. Guion habitual, resultados inesperados"}]},{"@type":"WebSite","@id":"https:\/\/www.welovecycling.com\/es\/#website","url":"https:\/\/www.welovecycling.com\/es\/","name":"\u0160koda We Love Cycling - Spain","description":"\u0160koda WeLoveCycling Spain","potentialAction":[{"@type":"SearchAction","target":{"@type":"EntryPoint","urlTemplate":"https:\/\/www.welovecycling.com\/es\/?s={search_term_string}"},"query-input":{"@type":"PropertyValueSpecification","valueRequired":true,"valueName":"search_term_string"}}],"inLanguage":"es-ES"},{"@type":"Person","@id":"https:\/\/www.welovecycling.com\/es\/#\/schema\/person\/deb61715b5812698ee79fb96f343ccd4","name":"We Love Cycling Spain","image":{"@type":"ImageObject","inLanguage":"es-ES","@id":"https:\/\/www.welovecycling.com\/es\/#\/schema\/person\/image\/","url":"https:\/\/secure.gravatar.com\/avatar\/c824b04e6df0e37a03219d0b6481672889df542894588964102459e46513159c?s=96&d=mm&r=g","contentUrl":"https:\/\/secure.gravatar.com\/avatar\/c824b04e6df0e37a03219d0b6481672889df542894588964102459e46513159c?s=96&d=mm&r=g","caption":"We Love Cycling Spain"},"url":"https:\/\/www.welovecycling.com\/es\/author\/amunoz\/"}]}},"_links":{"self":[{"href":"https:\/\/www.welovecycling.com\/es\/wp-json\/wp\/v2\/posts\/8664","targetHints":{"allow":["GET"]}}],"collection":[{"href":"https:\/\/www.welovecycling.com\/es\/wp-json\/wp\/v2\/posts"}],"about":[{"href":"https:\/\/www.welovecycling.com\/es\/wp-json\/wp\/v2\/types\/post"}],"author":[{"embeddable":true,"href":"https:\/\/www.welovecycling.com\/es\/wp-json\/wp\/v2\/users\/29"}],"replies":[{"embeddable":true,"href":"https:\/\/www.welovecycling.com\/es\/wp-json\/wp\/v2\/comments?post=8664"}],"version-history":[{"count":2,"href":"https:\/\/www.welovecycling.com\/es\/wp-json\/wp\/v2\/posts\/8664\/revisions"}],"predecessor-version":[{"id":8666,"href":"https:\/\/www.welovecycling.com\/es\/wp-json\/wp\/v2\/posts\/8664\/revisions\/8666"}],"wp:featuredmedia":[{"embeddable":true,"href":"https:\/\/www.welovecycling.com\/es\/wp-json\/wp\/v2\/media\/7369"}],"wp:attachment":[{"href":"https:\/\/www.welovecycling.com\/es\/wp-json\/wp\/v2\/media?parent=8664"}],"wp:term":[{"taxonomy":"category","embeddable":true,"href":"https:\/\/www.welovecycling.com\/es\/wp-json\/wp\/v2\/categories?post=8664"},{"taxonomy":"post_tag","embeddable":true,"href":"https:\/\/www.welovecycling.com\/es\/wp-json\/wp\/v2\/tags?post=8664"},{"taxonomy":"global-categories","embeddable":true,"href":"https:\/\/www.welovecycling.com\/es\/wp-json\/wp\/v2\/global-categories?post=8664"}],"curies":[{"name":"wp","href":"https:\/\/api.w.org\/{rel}","templated":true}]}}