{"id":8655,"date":"2022-03-01T19:50:48","date_gmt":"2022-03-01T17:50:48","guid":{"rendered":"https:\/\/www.welovecycling.com\/es\/?p=8655"},"modified":"2022-03-01T19:50:48","modified_gmt":"2022-03-01T17:50:48","slug":"andalucia-bike-race-2022","status":"publish","type":"post","link":"https:\/\/www.welovecycling.com\/es\/2022\/03\/01\/andalucia-bike-race-2022\/","title":{"rendered":"Andaluc\u00eda Bike Race 2022, un carrera de nivel mundial"},"content":{"rendered":"<p><strong>Quince de los veinte mejores bikers del mundo. Medio millar de ciclistas. Seis etapas. 358 kil\u00f3metros y 11.156 metros de desnivel. La Andaluc\u00eda Bike Race 2022 pintaba como una de las m\u00e1s emocionantes y con m\u00e1s nivel de los \u00faltimos a\u00f1os. Y se cumplieron todas las previsiones. Un recorrido espectacular que coron\u00f3 a Martin Stosek y al Campe\u00f3n del Mundo, Andreas Seewald en categor\u00eda masculina y a L\u00fcthi y Wakefield en chicas. Palabras mayores.<\/strong><\/p>\n<p><!--more--><\/p>\n<p>La leyenda del <a href=\"http:\/\/www.andaluciabikerace.com\/es\/noticias\/400\/seewald-y-stosek-primeros-lderes-de-andaluca-bike-race-by-garmin\">MTB Jos\u00e9 Antonio Hermida y Antonio Ortiz<\/a> dise\u00f1aron un recorrido de la\u00a0 dividido en seis etapas por cuatro zonas de Andaluc\u00eda. Ja\u00e9n, Villafranca de C\u00f3rdoba, And\u00fajar y C\u00f3rdoba recibieron a los ciclistas de una Andaluc\u00eda Bike Race 2022 que cont\u00f3 con el apoyo de los veh\u00edculos de\u00a0 <strong>\u0160koda. <\/strong>Hasta 11 veh\u00edculos colaboraron con la organizaci\u00f3n, la mayor\u00eda de ellos el\u00e9ctricos e h\u00edbridos con los modelos<strong>\u00a0\u0160koda Enyaq iV y \u0160koda<\/strong><strong>\u00a0Superb y\u00a0<\/strong><strong>\u0160koda<\/strong><strong>\u00a0Octavia h\u00edbridos-enchufables<\/strong>\u00a0con el objetivo de respetar el medioambiente y de promover la sostenibilidad en los eventos ciclistas para generar as\u00ed, el menor impacto de residuos en el medio natural.<\/p>\n<p>Pese a la cantidad de buenos ciclistas que se citaron desde el 21 de febrero en Ja\u00e9n, <strong>\u00a0Leonardo P\u00e1ez, Tiago Ferreira, Alban Lakata, Fabien Rabensteiner, Wout Alleman,\u00a0 Kristian Hynek, Daniel Geismayr, Hans Becking, Sergio Mantec\u00f3n, Jos\u00e9 Dias, Johnny Cattaneo o Ole Hem, <\/strong>lo cierto es que<strong> Stosek y Seewald <\/strong>dominaron casi de principio a fin.<strong> En chicas,L\u00fcthi y Wakefield<\/strong> hicieron algo parecido.<br \/>\n<a href=\"https:\/\/d2p6e6u75xmxt8.cloudfront.net\/6\/2022\/03\/ABR_2.jpg\"><img loading=\"lazy\" decoding=\"async\" class=\"aligncenter size-full wp-image-8659\" src=\"https:\/\/d2p6e6u75xmxt8.cloudfront.net\/6\/2022\/03\/ABR_2.jpg\" alt=\"\" width=\"1024\" height=\"683\" srcset=\"https:\/\/d2p6e6u75xmxt8.cloudfront.net\/6\/2022\/03\/ABR_2.jpg 1024w, https:\/\/d2p6e6u75xmxt8.cloudfront.net\/6\/2022\/03\/ABR_2-300x200.jpg 300w, https:\/\/d2p6e6u75xmxt8.cloudfront.net\/6\/2022\/03\/ABR_2-768x512.jpg 768w, https:\/\/d2p6e6u75xmxt8.cloudfront.net\/6\/2022\/03\/ABR_2-272x182.jpg 272w\" sizes=\"auto, (max-width: 1024px) 100vw, 1024px\" \/><\/a><\/p>\n<p>El<strong> Skoda We Love Cycling<\/strong> tambi\u00e9n tuvo representantes con <a href=\"https:\/\/www.welovecycling.com\/es\/2021\/10\/17\/titan-desert-2021-cuando-un-campeon-asume-sus-errores\/\">Misha Sekulova<\/a> y Daniel Salmer\u00f3n, que se estrenaban como pareja y finalizaron en mitad de la clasificaci\u00f3n de duo mixtos en una prueba que no era nada sencilla para debutar.<\/p>\n<p>En total tomaron parte 480 ciclistas de hasta 27 nacionalidades diferentes y con un 46% de extranjeros, con representantes de lugares tan diversos con EE UU, El Salvador, Sud\u00e1frica o la Rep\u00fablica Checa.<\/p>\n<h2><strong>Etapa 1 &#8211; Ja\u00e9n<\/strong><\/h2>\n<p>La Andaluc\u00eda Bike Race 2022 se abri\u00f3 en Ja\u00e9n con jornada corta de 60 kil\u00f3metros y 2.729 metros de desnivel positivo, pero que se acab\u00f3 haciendo dura por las altas temperaturas.<\/p>\n<p>La carrera se rompi\u00f3 en la subida a &#8216;El Pincho&#8217; . All\u00ed <strong>Seewald y Stosek<\/strong>\u00a0 se marcharon en solitario y rodaron as\u00ed hasta la meta. Por detr\u00e1s, <strong>Wout Alleman y Fabien Rabensteiner<\/strong> (Wilier-Pirelli consegu\u00edan entrar en segunda posici\u00f3n a 1:40, mientras que Martin Frey y Simon Stiebjahn (Singer Racing Team) sub\u00edan en tercera plaza al podio, tras un ajustado sprint con Jos\u00e9 D\u00edas y Hans Becking (BUFF Megamo Team).<\/p>\n<p>En chicas Wakefield y L\u00fcthi se impusieron con claridad y tambi\u00e9n empezaron a distanciarse en El Pincho para llegar a meta con casi 10 minutos de ventaja sobre Stefanie Dohrn y Lejla Tanovic, segundas en la etapa. Por detr\u00e1s, Irina Lu\u0308tzelschwab y Janine Schneider cerraban el podio en tercera posici\u00f3n.<\/p>\n<h2><strong>Etapa 2 &#8211; Ja\u00e9n<\/strong><\/h2>\n<p>La segunda etapa tambi\u00e9n ten\u00eda a Ja\u00e9n como territorio de disputa. La carrera masculina se decidi\u00f3 a mitad de etapa, cuando se quedaron en cabeza\u00a0 tres parejas, Wout Alleman &#8211; Fabien Rabensteiner, Leonardo P\u00e1ez &#8211; Daniele Mensi y los l\u00edderes Andreas Seewald &#8211; Martin Stosek. Los segundos acabaron cediendo y el sprint por la victoria fue para Alleman y Rabensteiner.<\/p>\n<p>En categor\u00eda femenina, el gui\u00f3n fue totalmente distinto. La salida neutralizada y la mezcla de ambas categor\u00edas propici\u00f3 un ataque desde lejos de las l\u00edderes, Ariane L\u00fcthi y Amy Wakefield, para empezar abrir hueco en direcci\u00f3n a la Sierra M\u00e1gina. Una vez en solitario, su estrategia fue administrar la renta para llegar a la l\u00ednea de meta sin sufrir ning\u00fan problema ni f\u00edsico ni mec\u00e1nico.<\/p>\n<p><a href=\"https:\/\/d2p6e6u75xmxt8.cloudfront.net\/6\/2022\/03\/Skoda_Andalucia_Br_enyaq.jpg\"><img loading=\"lazy\" decoding=\"async\" class=\"aligncenter size-large wp-image-8660\" src=\"https:\/\/d2p6e6u75xmxt8.cloudfront.net\/6\/2022\/03\/Skoda_Andalucia_Br_enyaq-1024x682.jpg\" alt=\"\" width=\"1024\" height=\"682\" srcset=\"https:\/\/d2p6e6u75xmxt8.cloudfront.net\/6\/2022\/03\/Skoda_Andalucia_Br_enyaq-1024x682.jpg 1024w, https:\/\/d2p6e6u75xmxt8.cloudfront.net\/6\/2022\/03\/Skoda_Andalucia_Br_enyaq-300x200.jpg 300w, https:\/\/d2p6e6u75xmxt8.cloudfront.net\/6\/2022\/03\/Skoda_Andalucia_Br_enyaq-768x512.jpg 768w, https:\/\/d2p6e6u75xmxt8.cloudfront.net\/6\/2022\/03\/Skoda_Andalucia_Br_enyaq-272x182.jpg 272w, https:\/\/d2p6e6u75xmxt8.cloudfront.net\/6\/2022\/03\/Skoda_Andalucia_Br_enyaq.jpg 1280w\" sizes=\"auto, (max-width: 1024px) 100vw, 1024px\" \/><\/a><\/p>\n<h2><strong>Etapa 3 &#8211; And\u00fajar<\/strong><\/h2>\n<p>La Andaluc\u00eda Bike Race 2022 se traslad\u00f3 a And\u00fajar para la tercera etapa. Fue un recorrido cl\u00e1sico de 70 kil\u00f3metros y 1.800 metros de desnivel con una mezcla de senderos y t\u00e9cnicos descensos que han concluido en los famosos Caracolillos para volver a And\u00fajar.<\/p>\n<p>Una jornada de casi 70 kil\u00f3metros y 1.800 metros de desnivel que ha visto como Wout Alleman y Fabian Rabensteiner se impon\u00edan al sprint, ante la pareja del BUFF Megamo Team, Hans Becking y Jos\u00e9 Dias y a los l\u00edderes de la prueba.<\/p>\n<p>El gui\u00f3n fue similar al de d\u00eda anteriores con un ritmo exigente desde la salida para seleccionar el grupo y reducirlo hasta llegar a la l\u00ednea de meta. Alleman y Rabensteiner rompieron el grupo para llegar hasta el final junto a los l\u00edderes y a Becking y Dias, a los que ganaron la etapa.<\/p>\n<p>En categor\u00eda femenina L\u00fcthi y Wakefield siguieron sin tener rival y sumaron la tercera victoria consecutiva.<\/p>\n<h2><strong>Etapa 4 &#8211; Villafranca de C\u00f3rdoba<\/strong><\/h2>\n<p>Nuevo traslado para la etapa 4. Estaba vez a Villafranca de C\u00f3rdoba, que vio una contrarreloj de 30 kil\u00f3metros y un recorrido de puro XCO.<\/p>\n<p>En categor\u00eda masculina los l\u00edderes Seewald y Stosek perdieron 18 segundos con la pareja Wout Alleman y Fabian Rabensteiner, aunque todav\u00eda conservaban un margen de seguridad.<\/p>\n<p>Y en categor\u00eda femenina, las l\u00edderes L\u00fcthi y Wakefield\u00a0 volvieron a vencer. No cometieron ning\u00fan error y sumaron un minuto m\u00e1s de ventaja sobre las <a href=\"http:\/\/www.andaluciabikerace.com\/es\/resultados-by-garmin\">segundas clasificadas<\/a>.<\/p>\n<blockquote class=\"instagram-media\" style=\"background: #FFF; border: 0; border-radius: 3px; box-shadow: 0 0 1px 0 rgba(0,0,0,0.5),0 1px 10px 0 rgba(0,0,0,0.15); margin: 1px; max-width: 540px; min-width: 326px; padding: 0; width: calc(100% - 2px);\" data-instgrm-captioned=\"\" data-instgrm-permalink=\"https:\/\/www.instagram.com\/p\/CaXLi09s5zW\/?utm_source=ig_embed&amp;utm_campaign=loading\" data-instgrm-version=\"14\">\n<div style=\"padding: 16px;\">\n<p>&nbsp;<\/p>\n<div style=\"display: flex; flex-direction: row; align-items: center;\">\n<div style=\"background-color: #f4f4f4; border-radius: 50%; flex-grow: 0; height: 40px; margin-right: 14px; width: 40px;\"><\/div>\n<div style=\"display: flex; flex-direction: column; flex-grow: 1; justify-content: center;\">\n<div style=\"background-color: #f4f4f4; border-radius: 4px; flex-grow: 0; height: 14px; margin-bottom: 6px; width: 100px;\"><\/div>\n<div style=\"background-color: #f4f4f4; border-radius: 4px; flex-grow: 0; height: 14px; width: 60px;\"><\/div>\n<\/div>\n<\/div>\n<div style=\"padding: 19% 0;\"><\/div>\n<div style=\"display: block; height: 50px; margin: 0 auto 12px; width: 50px;\"><\/div>\n<div style=\"padding-top: 8px;\">\n<div style=\"color: #3897f0; font-family: Arial,sans-serif; font-size: 14px; font-style: normal; font-weight: 550; line-height: 18px;\">Ver esta publicaci\u00f3n en Instagram<\/div>\n<\/div>\n<div style=\"padding: 12.5% 0;\"><\/div>\n<div style=\"display: flex; flex-direction: row; margin-bottom: 14px; align-items: center;\">\n<div>\n<div style=\"background-color: #f4f4f4; border-radius: 50%; height: 12.5px; width: 12.5px; transform: translateX(0px) translateY(7px);\"><\/div>\n<div style=\"background-color: #f4f4f4; height: 12.5px; transform: rotate(-45deg) translateX(3px) translateY(1px); width: 12.5px; flex-grow: 0; margin-right: 14px; margin-left: 2px;\"><\/div>\n<div style=\"background-color: #f4f4f4; border-radius: 50%; height: 12.5px; width: 12.5px; transform: translateX(9px) translateY(-18px);\"><\/div>\n<\/div>\n<div style=\"margin-left: 8px;\">\n<div style=\"background-color: #f4f4f4; border-radius: 50%; flex-grow: 0; height: 20px; width: 20px;\"><\/div>\n<div style=\"width: 0; height: 0; border-top: 2px solid transparent; border-left: 6px solid #f4f4f4; border-bottom: 2px solid transparent; transform: translateX(16px) translateY(-4px) rotate(30deg);\"><\/div>\n<\/div>\n<div style=\"margin-left: auto;\">\n<div style=\"width: 0px; border-top: 8px solid #F4F4F4; border-right: 8px solid transparent; transform: translateY(16px);\"><\/div>\n<div style=\"background-color: #f4f4f4; flex-grow: 0; height: 12px; width: 16px; transform: translateY(-4px);\"><\/div>\n<div style=\"width: 0; height: 0; border-top: 8px solid #F4F4F4; border-left: 8px solid transparent; transform: translateY(-4px) translateX(8px);\"><\/div>\n<\/div>\n<\/div>\n<div style=\"display: flex; flex-direction: column; flex-grow: 1; justify-content: center; margin-bottom: 24px;\">\n<div style=\"background-color: #f4f4f4; border-radius: 4px; flex-grow: 0; height: 14px; margin-bottom: 6px; width: 224px;\"><\/div>\n<div style=\"background-color: #f4f4f4; border-radius: 4px; flex-grow: 0; height: 14px; width: 144px;\"><\/div>\n<\/div>\n<p>&nbsp;<\/p>\n<p style=\"color: #c9c8cd; font-family: Arial,sans-serif; font-size: 14px; line-height: 17px; margin-bottom: 0; margin-top: 8px; overflow: hidden; padding: 8px 0 7px; text-align: center; text-overflow: ellipsis; white-space: nowrap;\"><a style=\"color: #c9c8cd; font-family: Arial,sans-serif; font-size: 14px; font-style: normal; font-weight: normal; line-height: 17px; text-decoration: none;\" href=\"https:\/\/www.instagram.com\/p\/CaXLi09s5zW\/?utm_source=ig_embed&amp;utm_campaign=loading\" target=\"_blank\" rel=\"noopener\">Una publicaci\u00f3n compartida de Andaluc\u00eda Bike Race by Garmin (@andaluciabikerace)<\/a><\/p>\n<\/div>\n<\/blockquote>\n<p><script async src=\"\/\/www.instagram.com\/embed.js\"><\/script><\/p>\n<h2><strong>Etapa 5 &#8211; \u0160koda Super Stage C\u00f3rdoba<\/strong><\/h2>\n<p>La carrera se decidido en la \u0160koda Super Stage C\u00f3rdoba, la aut\u00e9ntica etapa reina. 80 kil\u00f3metros y casi 2.000 metros de desnivel por C\u00f3rdoba con lluvia incluida y con la m\u00edtica subida al Revent\u00f3n. All\u00ed se seleccion\u00f3 el grupo de los favoritos de la categor\u00eda masculina, en el que siempre estuvieron los l\u00edderes<\/p>\n<p>Despues Conejera, Cerro Murriano, el tramo de las v\u00edas del tren y las bajadas de Los EscalonesTras este punto, ha llegado el momento de la subida por Conejera y llegar a Cerro Muriano.<\/p>\n<p>Otro punto clave han sido las v\u00edas del tren, un tramo muy t\u00e9cnico para dar paso al \u00faltimo plato del d\u00eda, la bajada por Los Escalones. Ha sido tras esa zona, donde la mala suerte se ha aliado con Becking y Dias. Una ca\u00edda a menos de un kil\u00f3metro de la l\u00ednea de meta, a causa del suelo resbaladizo que ha dejado la lluvia, ha echado al traste todas las opciones de un D\u00edas y un Becking que se ve\u00edan con muchas opciones de victoria. Un triunfo final que ha sido para los l\u00edderes, el Campe\u00f3n del Mundo Andreas Seewald y Martin Stosek.<\/p>\n<p>En categor\u00eda femenina Luthi y Wakefield se dedicaron a administrar la ventaja y no correr riesgos. Solo tuvieron que vigilar de cerca a sus rivales para acabar segundas detr\u00e1s de la estonia Greete Steinburg y la suiza Janina W\u00fcst.<\/p>\n<h2><strong>Etapa 6 &#8211; C\u00f3rdoba<\/strong><\/h2>\n<p>La ultima etapa de la Andaluc\u00eda Bike Race 2022, de solo 43 kil\u00f3metros y 1.000 metros de desnivel sirvi\u00f3 para asentar lo que ya estaba decidido desde el d\u00eda anterior. En categor\u00eda masculina se llevaron la etapa <strong>Martin Frey y Simon Stiebjhan<\/strong>, del Singer Racing Team. La pareja alemana consigui\u00f3 abrir hueco tras el segundo avituallamiento, en un r\u00e1pido descenso. Al ataque, respondieron tambi\u00e9n el portugu\u00e9s Tiago Ferreira y el cordob\u00e9s Miguel Mu\u00f1oz, que han acabaron segundos en la etapa. A Martin Stosek &#8211; Andreas Seewald les vali\u00f3 con ser terceros para llevarse la general final.<\/p>\n<p>En categor\u00eda femenina, las vencedoras de la general, L\u00fcthi y Wakefield tambi\u00e9n se llevaron la \u00faltima etapa.<\/p>\n<p>&nbsp;<\/p>\n","protected":false},"excerpt":{"rendered":"<p>Quince de los veinte mejores bikers del mundo. Medio millar de ciclistas. Seis etapas. 358 kil\u00f3metros y 11.156 metros de [&hellip;]<\/p>\n","protected":false},"author":29,"featured_media":8658,"comment_status":"open","ping_status":"open","sticky":false,"template":"","format":"standard","meta":{"footnotes":""},"categories":[9],"tags":[],"global-categories":[1164],"class_list":["post-8655","post","type-post","status-publish","format-standard","has-post-thumbnail","hentry","category-mtb-aventura","global-categories-cycling"],"yoast_head":"<!-- This site is optimized with the Yoast SEO Premium plugin v25.3 (Yoast SEO v25.9) - https:\/\/yoast.com\/wordpress\/plugins\/seo\/ -->\n<title>Andaluc\u00eda Bike Race 2022, un carrera de nivel mundial - \u0160koda We Love Cycling - Spain<\/title>\n<meta name=\"description\" content=\"Andalucia Bike Race 2022, una carrera de nivel mundial. Cr\u00f3nica de la 12 edici\u00f3n de la carrera andaluza que tuvo a Skoda como patrocinador.\" \/>\n<meta name=\"robots\" content=\"index, follow, max-snippet:-1, max-image-preview:large, max-video-preview:-1\" \/>\n<link rel=\"canonical\" href=\"https:\/\/www.welovecycling.com\/es\/2022\/03\/01\/andalucia-bike-race-2022\/\" \/>\n<meta property=\"og:locale\" content=\"es_ES\" \/>\n<meta property=\"og:type\" content=\"article\" \/>\n<meta property=\"og:title\" content=\"Andalucia Bike Race 2022, una carrera de nivel mundial\" \/>\n<meta property=\"og:description\" content=\"Andalucia Bike Race 2022, una carrera de nivel mundial. Cr\u00f3nica de la 12 edici\u00f3n de la carrera andaluza que tuvo a Skoda como patrocinador.\" \/>\n<meta property=\"og:url\" content=\"https:\/\/www.welovecycling.com\/es\/2022\/03\/01\/andalucia-bike-race-2022\/\" \/>\n<meta property=\"og:site_name\" content=\"\u0160koda We Love Cycling - Spain\" \/>\n<meta property=\"article:published_time\" content=\"2022-03-01T17:50:48+00:00\" \/>\n<meta property=\"og:image\" content=\"https:\/\/d2p6e6u75xmxt8.cloudfront.net\/6\/2022\/03\/andalucia_bike_race_enyaq.jpg\" \/>\n\t<meta property=\"og:image:width\" content=\"1000\" \/>\n\t<meta property=\"og:image:height\" content=\"667\" \/>\n\t<meta property=\"og:image:type\" content=\"image\/jpeg\" \/>\n<meta name=\"author\" content=\"We Love Cycling Spain\" \/>\n<meta name=\"twitter:card\" content=\"summary_large_image\" \/>\n<meta name=\"twitter:title\" content=\"Andalucia Bike Race 2022, una carrera de nivel mundial\" \/>\n<meta name=\"twitter:description\" content=\"Andalucia Bike Race 2022, una carrera de nivel mundial. Cr\u00f3nica de la 12 edici\u00f3n de la carrera andaluza que tuvo a Skoda como patrocinador.\" \/>\n<meta name=\"twitter:label1\" content=\"Written by\" \/>\n\t<meta name=\"twitter:data1\" content=\"Luis Ortega @Ciclored\" \/>\n\t<meta name=\"twitter:label2\" content=\"Est. reading time\" \/>\n\t<meta name=\"twitter:data2\" content=\"7 minutes\" \/>\n<script type=\"application\/ld+json\" class=\"yoast-schema-graph\">{\"@context\":\"https:\/\/schema.org\",\"@graph\":[{\"@type\":\"WebPage\",\"@id\":\"https:\/\/www.welovecycling.com\/es\/2022\/03\/01\/andalucia-bike-race-2022\/\",\"url\":\"https:\/\/www.welovecycling.com\/es\/2022\/03\/01\/andalucia-bike-race-2022\/\",\"name\":\"Andaluc\u00eda Bike Race 2022, un carrera de nivel mundial - \u0160koda We Love Cycling - Spain\",\"isPartOf\":{\"@id\":\"https:\/\/www.welovecycling.com\/es\/#website\"},\"primaryImageOfPage\":{\"@id\":\"https:\/\/www.welovecycling.com\/es\/2022\/03\/01\/andalucia-bike-race-2022\/#primaryimage\"},\"image\":{\"@id\":\"https:\/\/www.welovecycling.com\/es\/2022\/03\/01\/andalucia-bike-race-2022\/#primaryimage\"},\"thumbnailUrl\":\"https:\/\/d2p6e6u75xmxt8.cloudfront.net\/6\/2022\/03\/andalucia_bike_race_enyaq.jpg\",\"datePublished\":\"2022-03-01T17:50:48+00:00\",\"author\":{\"@id\":\"https:\/\/www.welovecycling.com\/es\/#\/schema\/person\/deb61715b5812698ee79fb96f343ccd4\"},\"description\":\"Andalucia Bike Race 2022, una carrera de nivel mundial. Cr\u00f3nica de la 12 edici\u00f3n de la carrera andaluza que tuvo a Skoda como patrocinador.\",\"breadcrumb\":{\"@id\":\"https:\/\/www.welovecycling.com\/es\/2022\/03\/01\/andalucia-bike-race-2022\/#breadcrumb\"},\"inLanguage\":\"es-ES\",\"potentialAction\":[{\"@type\":\"ReadAction\",\"target\":[\"https:\/\/www.welovecycling.com\/es\/2022\/03\/01\/andalucia-bike-race-2022\/\"]}]},{\"@type\":\"ImageObject\",\"inLanguage\":\"es-ES\",\"@id\":\"https:\/\/www.welovecycling.com\/es\/2022\/03\/01\/andalucia-bike-race-2022\/#primaryimage\",\"url\":\"https:\/\/d2p6e6u75xmxt8.cloudfront.net\/6\/2022\/03\/andalucia_bike_race_enyaq.jpg\",\"contentUrl\":\"https:\/\/d2p6e6u75xmxt8.cloudfront.net\/6\/2022\/03\/andalucia_bike_race_enyaq.jpg\",\"width\":1000,\"height\":667},{\"@type\":\"BreadcrumbList\",\"@id\":\"https:\/\/www.welovecycling.com\/es\/2022\/03\/01\/andalucia-bike-race-2022\/#breadcrumb\",\"itemListElement\":[{\"@type\":\"ListItem\",\"position\":1,\"name\":\"Home\",\"item\":\"https:\/\/www.welovecycling.com\/es\/\"},{\"@type\":\"ListItem\",\"position\":2,\"name\":\"Andaluc\u00eda Bike Race 2022, un carrera de nivel mundial\"}]},{\"@type\":\"WebSite\",\"@id\":\"https:\/\/www.welovecycling.com\/es\/#website\",\"url\":\"https:\/\/www.welovecycling.com\/es\/\",\"name\":\"\u0160koda We Love Cycling - Spain\",\"description\":\"\u0160koda WeLoveCycling Spain\",\"potentialAction\":[{\"@type\":\"SearchAction\",\"target\":{\"@type\":\"EntryPoint\",\"urlTemplate\":\"https:\/\/www.welovecycling.com\/es\/?s={search_term_string}\"},\"query-input\":{\"@type\":\"PropertyValueSpecification\",\"valueRequired\":true,\"valueName\":\"search_term_string\"}}],\"inLanguage\":\"es-ES\"},{\"@type\":\"Person\",\"@id\":\"https:\/\/www.welovecycling.com\/es\/#\/schema\/person\/deb61715b5812698ee79fb96f343ccd4\",\"name\":\"We Love Cycling Spain\",\"image\":{\"@type\":\"ImageObject\",\"inLanguage\":\"es-ES\",\"@id\":\"https:\/\/www.welovecycling.com\/es\/#\/schema\/person\/image\/\",\"url\":\"https:\/\/secure.gravatar.com\/avatar\/c824b04e6df0e37a03219d0b6481672889df542894588964102459e46513159c?s=96&d=mm&r=g\",\"contentUrl\":\"https:\/\/secure.gravatar.com\/avatar\/c824b04e6df0e37a03219d0b6481672889df542894588964102459e46513159c?s=96&d=mm&r=g\",\"caption\":\"We Love Cycling Spain\"},\"url\":\"https:\/\/www.welovecycling.com\/es\/author\/amunoz\/\"}]}<\/script>\n<!-- \/ Yoast SEO Premium plugin. -->","yoast_head_json":{"title":"Andaluc\u00eda Bike Race 2022, un carrera de nivel mundial - \u0160koda We Love Cycling - Spain","description":"Andalucia Bike Race 2022, una carrera de nivel mundial. Cr\u00f3nica de la 12 edici\u00f3n de la carrera andaluza que tuvo a Skoda como patrocinador.","robots":{"index":"index","follow":"follow","max-snippet":"max-snippet:-1","max-image-preview":"max-image-preview:large","max-video-preview":"max-video-preview:-1"},"canonical":"https:\/\/www.welovecycling.com\/es\/2022\/03\/01\/andalucia-bike-race-2022\/","og_locale":"es_ES","og_type":"article","og_title":"Andalucia Bike Race 2022, una carrera de nivel mundial","og_description":"Andalucia Bike Race 2022, una carrera de nivel mundial. Cr\u00f3nica de la 12 edici\u00f3n de la carrera andaluza que tuvo a Skoda como patrocinador.","og_url":"https:\/\/www.welovecycling.com\/es\/2022\/03\/01\/andalucia-bike-race-2022\/","og_site_name":"\u0160koda We Love Cycling - Spain","article_published_time":"2022-03-01T17:50:48+00:00","og_image":[{"width":1000,"height":667,"url":"https:\/\/d2p6e6u75xmxt8.cloudfront.net\/6\/2022\/03\/andalucia_bike_race_enyaq.jpg","type":"image\/jpeg"}],"author":"We Love Cycling Spain","twitter_card":"summary_large_image","twitter_title":"Andalucia Bike Race 2022, una carrera de nivel mundial","twitter_description":"Andalucia Bike Race 2022, una carrera de nivel mundial. Cr\u00f3nica de la 12 edici\u00f3n de la carrera andaluza que tuvo a Skoda como patrocinador.","twitter_misc":{"Written by":"Luis Ortega @Ciclored","Est. reading time":"7 minutes"},"schema":{"@context":"https:\/\/schema.org","@graph":[{"@type":"WebPage","@id":"https:\/\/www.welovecycling.com\/es\/2022\/03\/01\/andalucia-bike-race-2022\/","url":"https:\/\/www.welovecycling.com\/es\/2022\/03\/01\/andalucia-bike-race-2022\/","name":"Andaluc\u00eda Bike Race 2022, un carrera de nivel mundial - \u0160koda We Love Cycling - Spain","isPartOf":{"@id":"https:\/\/www.welovecycling.com\/es\/#website"},"primaryImageOfPage":{"@id":"https:\/\/www.welovecycling.com\/es\/2022\/03\/01\/andalucia-bike-race-2022\/#primaryimage"},"image":{"@id":"https:\/\/www.welovecycling.com\/es\/2022\/03\/01\/andalucia-bike-race-2022\/#primaryimage"},"thumbnailUrl":"https:\/\/d2p6e6u75xmxt8.cloudfront.net\/6\/2022\/03\/andalucia_bike_race_enyaq.jpg","datePublished":"2022-03-01T17:50:48+00:00","author":{"@id":"https:\/\/www.welovecycling.com\/es\/#\/schema\/person\/deb61715b5812698ee79fb96f343ccd4"},"description":"Andalucia Bike Race 2022, una carrera de nivel mundial. Cr\u00f3nica de la 12 edici\u00f3n de la carrera andaluza que tuvo a Skoda como patrocinador.","breadcrumb":{"@id":"https:\/\/www.welovecycling.com\/es\/2022\/03\/01\/andalucia-bike-race-2022\/#breadcrumb"},"inLanguage":"es-ES","potentialAction":[{"@type":"ReadAction","target":["https:\/\/www.welovecycling.com\/es\/2022\/03\/01\/andalucia-bike-race-2022\/"]}]},{"@type":"ImageObject","inLanguage":"es-ES","@id":"https:\/\/www.welovecycling.com\/es\/2022\/03\/01\/andalucia-bike-race-2022\/#primaryimage","url":"https:\/\/d2p6e6u75xmxt8.cloudfront.net\/6\/2022\/03\/andalucia_bike_race_enyaq.jpg","contentUrl":"https:\/\/d2p6e6u75xmxt8.cloudfront.net\/6\/2022\/03\/andalucia_bike_race_enyaq.jpg","width":1000,"height":667},{"@type":"BreadcrumbList","@id":"https:\/\/www.welovecycling.com\/es\/2022\/03\/01\/andalucia-bike-race-2022\/#breadcrumb","itemListElement":[{"@type":"ListItem","position":1,"name":"Home","item":"https:\/\/www.welovecycling.com\/es\/"},{"@type":"ListItem","position":2,"name":"Andaluc\u00eda Bike Race 2022, un carrera de nivel mundial"}]},{"@type":"WebSite","@id":"https:\/\/www.welovecycling.com\/es\/#website","url":"https:\/\/www.welovecycling.com\/es\/","name":"\u0160koda We Love Cycling - Spain","description":"\u0160koda WeLoveCycling Spain","potentialAction":[{"@type":"SearchAction","target":{"@type":"EntryPoint","urlTemplate":"https:\/\/www.welovecycling.com\/es\/?s={search_term_string}"},"query-input":{"@type":"PropertyValueSpecification","valueRequired":true,"valueName":"search_term_string"}}],"inLanguage":"es-ES"},{"@type":"Person","@id":"https:\/\/www.welovecycling.com\/es\/#\/schema\/person\/deb61715b5812698ee79fb96f343ccd4","name":"We Love Cycling Spain","image":{"@type":"ImageObject","inLanguage":"es-ES","@id":"https:\/\/www.welovecycling.com\/es\/#\/schema\/person\/image\/","url":"https:\/\/secure.gravatar.com\/avatar\/c824b04e6df0e37a03219d0b6481672889df542894588964102459e46513159c?s=96&d=mm&r=g","contentUrl":"https:\/\/secure.gravatar.com\/avatar\/c824b04e6df0e37a03219d0b6481672889df542894588964102459e46513159c?s=96&d=mm&r=g","caption":"We Love Cycling Spain"},"url":"https:\/\/www.welovecycling.com\/es\/author\/amunoz\/"}]}},"_links":{"self":[{"href":"https:\/\/www.welovecycling.com\/es\/wp-json\/wp\/v2\/posts\/8655","targetHints":{"allow":["GET"]}}],"collection":[{"href":"https:\/\/www.welovecycling.com\/es\/wp-json\/wp\/v2\/posts"}],"about":[{"href":"https:\/\/www.welovecycling.com\/es\/wp-json\/wp\/v2\/types\/post"}],"author":[{"embeddable":true,"href":"https:\/\/www.welovecycling.com\/es\/wp-json\/wp\/v2\/users\/29"}],"replies":[{"embeddable":true,"href":"https:\/\/www.welovecycling.com\/es\/wp-json\/wp\/v2\/comments?post=8655"}],"version-history":[{"count":2,"href":"https:\/\/www.welovecycling.com\/es\/wp-json\/wp\/v2\/posts\/8655\/revisions"}],"predecessor-version":[{"id":8661,"href":"https:\/\/www.welovecycling.com\/es\/wp-json\/wp\/v2\/posts\/8655\/revisions\/8661"}],"wp:featuredmedia":[{"embeddable":true,"href":"https:\/\/www.welovecycling.com\/es\/wp-json\/wp\/v2\/media\/8658"}],"wp:attachment":[{"href":"https:\/\/www.welovecycling.com\/es\/wp-json\/wp\/v2\/media?parent=8655"}],"wp:term":[{"taxonomy":"category","embeddable":true,"href":"https:\/\/www.welovecycling.com\/es\/wp-json\/wp\/v2\/categories?post=8655"},{"taxonomy":"post_tag","embeddable":true,"href":"https:\/\/www.welovecycling.com\/es\/wp-json\/wp\/v2\/tags?post=8655"},{"taxonomy":"global-categories","embeddable":true,"href":"https:\/\/www.welovecycling.com\/es\/wp-json\/wp\/v2\/global-categories?post=8655"}],"curies":[{"name":"wp","href":"https:\/\/api.w.org\/{rel}","templated":true}]}}