{"id":8610,"date":"2022-02-16T10:00:15","date_gmt":"2022-02-16T08:00:15","guid":{"rendered":"https:\/\/www.welovecycling.com\/es\/?p=8610"},"modified":"2022-02-16T13:02:09","modified_gmt":"2022-02-16T11:02:09","slug":"skoda-titan-desert-2022","status":"publish","type":"post","link":"https:\/\/www.welovecycling.com\/es\/2022\/02\/16\/skoda-titan-desert-2022\/","title":{"rendered":"\u0160koda dar\u00e1 nombre a la Titan Desert 2022"},"content":{"rendered":"<p><strong>La carrera del desierto llevar\u00e1 el nombre de \u0160koda. Del 8 al 13 de mayo se disputar\u00e1 en Marruecos la \u0160koda Titan Desert 2022, el Dakar de las bicis de MTB y que en cada edici\u00f3n concita el inter\u00e9s de los aficionados de medio mundo que siguen por televisi\u00f3n y redes sociales la aventura de m\u00e1s de medio millar de ciclistas que compiten por alcanzar el sue\u00f1o de vencer al desierto.\u00a0<\/strong><\/p>\n<p><!--more--><\/p>\n<p>Despu\u00e9s de tres a\u00f1os de colaboraci\u00f3n con la Titan Desert, \u0160koda se convierte en title sponsor de la carrera que pasar\u00e1 a llamarse \u0160koda Titan Desert.\u00a0 La marca refuerza as\u00ed su historia de \u00e9xito junto a la Titan Desert. Ha estado presente ya\u00a0 en tres ediciones, incluyendo la que tuvo que celebrarse en <a href=\"https:\/\/www.welovecycling.com\/es\/2020\/10\/05\/titan-desert-2020-dunas-colinas-y-epica-en-almeria\/\">Almer\u00eda en 2020<\/a> debido a las restricciones provocadas por la pandemia de COVID-19. Precisamente, y despu\u00e9s del \u00e9xito de esta edici\u00f3n en tierras andaluzas, naci\u00f3 la \u0160koda Titan <a href=\"https:\/\/www.welovecycling.com\/es\/2021\/12\/09\/skoda-titan-series-almeria\/\">Series Almer\u00eda<\/a> que \u0160koda apadrin\u00f3 desde el principio y que es la \u00fanica Titan Series que tiene lugar en Europa.<\/p>\n<p>\u201cLa <strong>\u0160koda Titan Desert 2022 ser\u00e1 una vez m\u00e1s el referente en el calendario ciclista internacional<\/strong>, y darle el nombre de \u0160koda es una muestra de nuestro compromiso con este deporte y con una de sus pruebas emblem\u00e1ticas\u201d, afirma Miguel Piwko, director de Marketing de \u0160koda en Espa\u00f1a- \u201cCuando ves a los titanes cruzar la l\u00ednea de meta cada d\u00eda te das cuenta de que no se trata solo de una carrera, sino de esp\u00edritu de superaci\u00f3n, emoci\u00f3n y pasi\u00f3n por el ciclismo, valores que est\u00e1n cien por cien en el ADN de \u0160koda\u201d.<\/p>\n<p>Durante una carrera como la \u0160koda Titan Desert, el trabajo en equipo es esencial para superar las adversas condiciones del desierto, as\u00ed como una alta capacidad de esfuerzo, dos elementos fuertemente enraizados en la historia y la cultura de la compa\u00f1\u00eda checa. Jes\u00fas Garc\u00eda, presidente de RPM SPORTS mostraba su satisfacci\u00f3n con la entrada de \u0160koda como Main Sponsor;\u201d No podemos estar m\u00e1s orgullosos del acuerdo alcanzado con \u0160koda. La<br \/>\nmarca checa siempre ha apoyado las grandes pruebas ciclistas, empezando su relaci\u00f3n con la Titan en 2019. <strong>El pasado mes de diciembre \u0160koda dio un paso m\u00e1s apostando por la \u0160koda Titan Series Almer\u00eda como patrocinador principal de la prueba. Ahora, con su entrada por la puerta grande en la prueba de Marruecos<\/strong>, \u0160koda refuerza su vinculaci\u00f3n con la Titan Desert en una nueva apuesta por el ciclismo. Nos sentimos muy c\u00f3modos con la filosof\u00eda de la marca, ya que compartimos los mismos valores y la misma pasi\u00f3n por este deporte. Con este acuerdo seguro que la prueba dar\u00e1 un salto cualitativo para seguir ofreciendo a los titanes, una experiencia \u00fanica en Marruecos.\u201d<\/p>\n<lite-youtube videoid=Icpjc8jqQzo params=\"enablejsapi=1\" style=\"background-image: url('https:\/\/i.ytimg.com\/vi_webp\/Icpjc8jqQzo\/maxresdefault.webp');\"><\/lite-youtube>\n<h3><strong>Coches Titan Desert<\/strong><\/h3>\n<p>&nbsp;<\/p>\n<p>Los coches son parte fundamental en la organizaci\u00f3n y la log\u00edstica de una prueba ciclista, y en las \u00faltimas ediciones tanto de la Titan Desert como de la \u0160koda Titan Series de Almer\u00eda, uno de los protagonistas ha sido el nuevo <a href=\"https:\/\/www.welovecycling.com\/es\/2020\/11\/05\/skoda-enyaq-iv-la-vuelta\/\">ENYAQ iV, el SUV<\/a> el\u00e9ctrico que ha hecho las veces de coche de carrera. Esto ha supuesto un impulso en pos de la sostenibilidad de las pruebas gracias a la posibilidad de circulaci\u00f3n con cero emisiones que continuar\u00e1 en 2022.<\/p>\n<p>Actualmente, \u0160koda es patrocinador de las carreras ciclistas m\u00e1s importantes del mundo, en las que tiene una presencia muy relevante tanto a nivel profesional como amateur. En el \u00e1mbito profesional, desde 2004 la marca es patrocinador oficial del <a href=\"https:\/\/www.letour.fr\/es\">Tour de Francia<\/a>, una prueba con la que tiene un alt\u00edsimo nivel de implicaci\u00f3n que le llevan no solo a ceder coches para la organizaci\u00f3n sino incluso a dise\u00f1ar en los \u00faltimos a\u00f1os el trofeo que se lleva el ganador de la ronda francesa.<\/p>\n<p>Con la Vuelta a Espa\u00f1a, \u0160koda colabora desde hace 11 a\u00f1os y patrocina el maillot verde de la regularidad. Tambi\u00e9n en nuestro pa\u00eds la marca patrocina La Volta a Catalunya y ha colaborado con la Ceratizit Challenge by La Vuelta 21, la prueba femenina por etapas m\u00e1s importante de Espa\u00f1a.<br \/>\n<a href=\"https:\/\/d2p6e6u75xmxt8.cloudfront.net\/6\/2020\/11\/Enyaq-La-Vuelta.jpg\"><img loading=\"lazy\" decoding=\"async\" class=\"aligncenter size-large wp-image-6840\" src=\"https:\/\/d2p6e6u75xmxt8.cloudfront.net\/6\/2020\/11\/Enyaq-La-Vuelta-1024x680.jpg\" alt=\"\" width=\"1024\" height=\"680\" srcset=\"https:\/\/d2p6e6u75xmxt8.cloudfront.net\/6\/2020\/11\/Enyaq-La-Vuelta-1024x680.jpg 1024w, https:\/\/d2p6e6u75xmxt8.cloudfront.net\/6\/2020\/11\/Enyaq-La-Vuelta-300x199.jpg 300w, https:\/\/d2p6e6u75xmxt8.cloudfront.net\/6\/2020\/11\/Enyaq-La-Vuelta-768x510.jpg 768w, https:\/\/d2p6e6u75xmxt8.cloudfront.net\/6\/2020\/11\/Enyaq-La-Vuelta-272x182.jpg 272w, https:\/\/d2p6e6u75xmxt8.cloudfront.net\/6\/2020\/11\/Enyaq-La-Vuelta.jpg 1299w\" sizes=\"auto, (max-width: 1024px) 100vw, 1024px\" \/><\/a><\/p>\n<h3><strong>Desde 2019 al lado de la Titan Desert<\/strong><\/h3>\n<p>La Titan Desert y \u0160koda hace tiempo que van de la mano. La colaboraci\u00f3n de la marca con la prueba por etapas m\u00e1s importante del mundo empez\u00f3 en 2019, momento en el que no dud\u00f3 en apoyar a una de las pruebas m\u00e1s \u00e9picas del planeta.<\/p>\n<p>Posteriormente ha querido implicarse m\u00e1s en su colaboraci\u00f3n, patrocinando la categor\u00eda \u0160koda <a href=\"https:\/\/www.welovecycling.com\/es\/2021\/10\/05\/titan-desert-2021-skoda-adventure\/\">Adventure<\/a> o los emocionantes \u0160koda Challenge, decisivos para decidir a los vencedores no solo de la etapa, si no de la prueba.<br \/>\nAsimismo, el pasado mes de diciembre dio un paso m\u00e1s all\u00e1 y tambi\u00e9n dio nombre a la \u0160koda Titan Series Almer\u00eda.<\/p>\n<p>La <strong>Titan es inconcebible sin los coches de apoyo de la marca, que abren paso en cada etapa y dan apoyo log\u00edstico a los miembros de la organizaci\u00f3n<\/strong>, en territorios tan inh\u00f3spitos como el desierto. Sus modelos sostenibles encajan a la perfecci\u00f3n con la mentalidad de una prueba como la Titan, que pretende que el impacto del paso de la caravana ciclista sea m\u00ednimo sobre el medio ambiente. Su flota de veh\u00edculos ENYAQ iV ya fue protagonista en las pasadas ediciones de la prueba. Este modelo SUV El\u00e9ctrico hace que sea el mejor acompa\u00f1ante de esta aventura. Esto ha supuesto un impulso en pos de la sostenibilidad de las pruebas gracias a la posibilidad de circulaci\u00f3n con cero emisiones que continuar\u00e1 en 2022.<br \/>\n<img loading=\"lazy\" decoding=\"async\" class=\"alignnone size-extra-large\" src=\"https:\/\/img.aso.fr\/core_app\/img-motorSports-ttd-jpg\/titan-desert-2021\/4946\/0:0,3991:2661-1000-0-70\/dc9e7\" width=\"1000\" height=\"667\" \/><\/p>\n<h3><strong>Titan Desert y \u0160koda: Esp\u00edritu Titan compartido<\/strong><\/h3>\n<p>La Titan Desert no puede entenderse como un evento deportivo. Su esp\u00edritu diferencial de cualquier otra competici\u00f3n, hacen de ella una prueba \u00fanica. De esta forma \u0160koda ha sabido no solo entender, si no compartir los mismos valores. El conocido como<strong> \u201cEsp\u00edritu Titan\u201d<\/strong> ha hecho que las dos empresas encajen a la perfecci\u00f3n a la hora de entender el futuro de la prueba de MTB. El esp\u00edritu de superaci\u00f3n, el compa\u00f1erismo la importancia de vivir experiencias y aventuras \u00fanicas, o la pasi\u00f3n por el ciclismo, hacen de esta uni\u00f3n un c\u00f3ctel ganador.<\/p>\n<p>Este acuerdo representa un enlace que fortalecer\u00e1 la prueba m\u00e1s \u00e9pica de MTB del planeta, de la que, sin lugar a duda, ganar\u00e1 prestigio y calidad en una edici\u00f3n que quiere dejar atr\u00e1s la pandemia y volver a ofrecer a los titanes, una \u0160koda Titan Desert 2022 de sue\u00f1o.<\/p>\n<h3><strong>Una carrera sin igual<\/strong><\/h3>\n<p>La \u0160koda Titan Desert 2022 recupera el mes de mayo para su celebraci\u00f3n y estar\u00e1 dividida en seis etapas. Aunque el recorrido todav\u00eda no est\u00e1 definido, volver\u00e1 a tener jornadas de unos 100 kil\u00f3metros por el Atlas, la zonas de las casbash y el temido desierto del Sahara marroqu\u00ed.<\/p>\n<p>Desde su primera edici\u00f3n, la Titan Desert ha contado con m\u00e1s de 5.000 corredores, entre ellos <strong>Miguel Indur\u00e1in y ex profesionales como Purito Rodr\u00edguez, Melchor Mauri o Sylvain Chavanel. Josep Betal\u00fa<\/strong> tiene el r\u00e9cord de triunfos en la Titan con cuatro ediciones consecutivas, aunque en 2021\u00a0Konny Looser (Suiza) consigui\u00f3 arrebatarle el t\u00edtulo al espa\u00f1ol.<\/p>\n<p>La lista de leyendas de la Titan incluye a <strong>Anna Ram\u00edrez,<\/strong> que gan\u00f3 la carrera femenina en tres ocasiones, convirti\u00e9ndose en la corredora m\u00e1s destacada de la historia del evento. En 2021, ha sido sustituida por Ariadna Rodena, una de las grandes sorpresas de la carrera, ya que se adjudic\u00f3 la victoria justo con su primera aparici\u00f3n en el evento.<\/p>\n<p><img loading=\"lazy\" decoding=\"async\" class=\"alignnone size-extra-large\" src=\"https:\/\/img.aso.fr\/core_app\/img-motorSports-ttd-jpg\/ccn-9661\/4190\/0:0,1000:667-1000-0-70\/dd054\" width=\"1000\" height=\"667\" \/><\/p>\n<h3><strong>Convi\u00e9rtete en un Tit\u00e1n con \u0160koda<\/strong><\/h3>\n<p>Como orgulloso socio de la Titan Desert, \u0160koda se esfuerza por mantener el aut\u00e9ntico esp\u00edritu de los Titanes. El clasificaci\u00f3n de la Aventura \u0160koda es un verdadero reto, que desaf\u00eda a los participantes a demostrar sus habilidades con menos asistencia, confiando principalmente en s\u00ed mismos y en el apoyo de sus compa\u00f1eros de dos ruedas compa\u00f1eros de dos ruedas.<\/p>\n<p>Y a\u00fan hay m\u00e1s. Este a\u00f1o, los organizadores de la Titan Desert y \u0160koda, patrocinador principal del del evento, <strong>han preparado un regalo especial para todos los propietarios de \u0160koda, que pueden obtener un <\/strong><strong>precio de <a href=\"https:\/\/www.rockthesport.com\/es\/evento\/2021--titan-desert-2022\/inscripcion\/selecciona-tarifa\">inscripci\u00f3n<\/a> especial de 1.845\u20ac en lugar de los 2.490\u20ac habituales<\/strong>. Utilizando un c\u00f3digo <strong>SKODAINT22 <\/strong>al inscribirse en el evento, podr\u00e1s beneficiarte del precio de descuento. La prueba de ser propietario de un \u0160koda se requerir\u00e1 posteriormente (es decir, en forma de un documento de documento de registro del coche con el nombre del participante enviado por correo electr\u00f3nico).<\/p>\n<p>La oferta est\u00e1 abierta a ciclista de cualquier pa\u00eds del mundo: cualquiera puede apuntarse. Para obtener m\u00e1s informaci\u00f3n, visita skoda.es o <a href=\"https:\/\/www.titandesert.com\/es\">titandesert.com\/es.<\/a><\/p>\n<p><img loading=\"lazy\" decoding=\"async\" class=\"alignnone size-extra-large\" src=\"https:\/\/img.aso.fr\/core_app\/img-motorSports-ttd-jpg\/ac-a3160\/4127\/0:0,1000:667-1000-0-70\/f7ca5\" width=\"1000\" height=\"667\" \/><\/p>\n","protected":false},"excerpt":{"rendered":"<p>La carrera del desierto llevar\u00e1 el nombre de \u0160koda. Del 8 al 13 de mayo se disputar\u00e1 en Marruecos la [&hellip;]<\/p>\n","protected":false},"author":29,"featured_media":4675,"comment_status":"open","ping_status":"open","sticky":false,"template":"","format":"standard","meta":{"footnotes":""},"categories":[9],"tags":[149],"global-categories":[1164],"class_list":["post-8610","post","type-post","status-publish","format-standard","has-post-thumbnail","hentry","category-mtb-aventura","tag-titan-desert","global-categories-cycling"],"yoast_head":"<!-- This site is optimized with the Yoast SEO Premium plugin v25.3 (Yoast SEO v25.9) - https:\/\/yoast.com\/wordpress\/plugins\/seo\/ -->\n<title>\u0160koda dar\u00e1 nombre a la Titan Desert 2022 - \u0160koda We Love Cycling - Spain<\/title>\n<meta name=\"description\" content=\"\u0160koda dar\u00e1 nombre a la Titan Desert 2022. La carrera del desierto llevar\u00e1 el nombre de \u0160koda como patrocinador principal.\" \/>\n<meta name=\"robots\" content=\"index, follow, max-snippet:-1, max-image-preview:large, max-video-preview:-1\" \/>\n<link rel=\"canonical\" href=\"https:\/\/www.welovecycling.com\/es\/2022\/02\/16\/skoda-titan-desert-2022\/\" \/>\n<meta property=\"og:locale\" content=\"es_ES\" \/>\n<meta property=\"og:type\" content=\"article\" \/>\n<meta property=\"og:title\" content=\"\u0160koda dar\u00e1 nombre a la Titan Desert 2022\" \/>\n<meta property=\"og:description\" content=\"\u0160koda dar\u00e1 nombre a la Titan Desert 2022. La carrera del desierto llevar\u00e1 el nombre de \u0160koda como patrocinador principal.\" \/>\n<meta property=\"og:url\" content=\"https:\/\/www.welovecycling.com\/es\/2022\/02\/16\/skoda-titan-desert-2022\/\" \/>\n<meta property=\"og:site_name\" content=\"\u0160koda We Love Cycling - Spain\" \/>\n<meta property=\"article:published_time\" content=\"2022-02-16T08:00:15+00:00\" \/>\n<meta property=\"article:modified_time\" content=\"2022-02-16T11:02:09+00:00\" \/>\n<meta property=\"og:image\" content=\"https:\/\/d2p6e6u75xmxt8.cloudfront.net\/6\/2019\/05\/Filip-Adel-Titan-Desert.jpg\" \/>\n\t<meta property=\"og:image:width\" content=\"1680\" \/>\n\t<meta property=\"og:image:height\" content=\"1120\" \/>\n\t<meta property=\"og:image:type\" content=\"image\/jpeg\" \/>\n<meta name=\"author\" content=\"We Love Cycling Spain\" \/>\n<meta name=\"twitter:card\" content=\"summary_large_image\" \/>\n<meta name=\"twitter:title\" content=\"\u0160koda dar\u00e1 nombre a la Titan Desert 2022\" \/>\n<meta name=\"twitter:description\" content=\"\u0160koda dar\u00e1 nombre a la Titan Desert 2022. La carrera del desierto llevar\u00e1 el nombre de \u0160koda como patrocinador principal.\" \/>\n<meta name=\"twitter:label1\" content=\"Written by\" \/>\n\t<meta name=\"twitter:data1\" content=\"We Love Cycling Spain\" \/>\n\t<meta name=\"twitter:label2\" content=\"Est. reading time\" \/>\n\t<meta name=\"twitter:data2\" content=\"8 minutes\" \/>\n<script type=\"application\/ld+json\" class=\"yoast-schema-graph\">{\"@context\":\"https:\/\/schema.org\",\"@graph\":[{\"@type\":\"WebPage\",\"@id\":\"https:\/\/www.welovecycling.com\/es\/2022\/02\/16\/skoda-titan-desert-2022\/\",\"url\":\"https:\/\/www.welovecycling.com\/es\/2022\/02\/16\/skoda-titan-desert-2022\/\",\"name\":\"\u0160koda dar\u00e1 nombre a la Titan Desert 2022 - \u0160koda We Love Cycling - Spain\",\"isPartOf\":{\"@id\":\"https:\/\/www.welovecycling.com\/es\/#website\"},\"primaryImageOfPage\":{\"@id\":\"https:\/\/www.welovecycling.com\/es\/2022\/02\/16\/skoda-titan-desert-2022\/#primaryimage\"},\"image\":{\"@id\":\"https:\/\/www.welovecycling.com\/es\/2022\/02\/16\/skoda-titan-desert-2022\/#primaryimage\"},\"thumbnailUrl\":\"https:\/\/d2p6e6u75xmxt8.cloudfront.net\/6\/2019\/05\/Filip-Adel-Titan-Desert.jpg\",\"datePublished\":\"2022-02-16T08:00:15+00:00\",\"dateModified\":\"2022-02-16T11:02:09+00:00\",\"author\":{\"@id\":\"https:\/\/www.welovecycling.com\/es\/#\/schema\/person\/deb61715b5812698ee79fb96f343ccd4\"},\"description\":\"\u0160koda dar\u00e1 nombre a la Titan Desert 2022. La carrera del desierto llevar\u00e1 el nombre de \u0160koda como patrocinador principal.\",\"breadcrumb\":{\"@id\":\"https:\/\/www.welovecycling.com\/es\/2022\/02\/16\/skoda-titan-desert-2022\/#breadcrumb\"},\"inLanguage\":\"es-ES\",\"potentialAction\":[{\"@type\":\"ReadAction\",\"target\":[\"https:\/\/www.welovecycling.com\/es\/2022\/02\/16\/skoda-titan-desert-2022\/\"]}]},{\"@type\":\"ImageObject\",\"inLanguage\":\"es-ES\",\"@id\":\"https:\/\/www.welovecycling.com\/es\/2022\/02\/16\/skoda-titan-desert-2022\/#primaryimage\",\"url\":\"https:\/\/d2p6e6u75xmxt8.cloudfront.net\/6\/2019\/05\/Filip-Adel-Titan-Desert.jpg\",\"contentUrl\":\"https:\/\/d2p6e6u75xmxt8.cloudfront.net\/6\/2019\/05\/Filip-Adel-Titan-Desert.jpg\",\"width\":1680,\"height\":1120},{\"@type\":\"BreadcrumbList\",\"@id\":\"https:\/\/www.welovecycling.com\/es\/2022\/02\/16\/skoda-titan-desert-2022\/#breadcrumb\",\"itemListElement\":[{\"@type\":\"ListItem\",\"position\":1,\"name\":\"Home\",\"item\":\"https:\/\/www.welovecycling.com\/es\/\"},{\"@type\":\"ListItem\",\"position\":2,\"name\":\"\u0160koda dar\u00e1 nombre a la Titan Desert 2022\"}]},{\"@type\":\"WebSite\",\"@id\":\"https:\/\/www.welovecycling.com\/es\/#website\",\"url\":\"https:\/\/www.welovecycling.com\/es\/\",\"name\":\"\u0160koda We Love Cycling - Spain\",\"description\":\"\u0160koda WeLoveCycling Spain\",\"potentialAction\":[{\"@type\":\"SearchAction\",\"target\":{\"@type\":\"EntryPoint\",\"urlTemplate\":\"https:\/\/www.welovecycling.com\/es\/?s={search_term_string}\"},\"query-input\":{\"@type\":\"PropertyValueSpecification\",\"valueRequired\":true,\"valueName\":\"search_term_string\"}}],\"inLanguage\":\"es-ES\"},{\"@type\":\"Person\",\"@id\":\"https:\/\/www.welovecycling.com\/es\/#\/schema\/person\/deb61715b5812698ee79fb96f343ccd4\",\"name\":\"We Love Cycling Spain\",\"image\":{\"@type\":\"ImageObject\",\"inLanguage\":\"es-ES\",\"@id\":\"https:\/\/www.welovecycling.com\/es\/#\/schema\/person\/image\/\",\"url\":\"https:\/\/secure.gravatar.com\/avatar\/c824b04e6df0e37a03219d0b6481672889df542894588964102459e46513159c?s=96&d=mm&r=g\",\"contentUrl\":\"https:\/\/secure.gravatar.com\/avatar\/c824b04e6df0e37a03219d0b6481672889df542894588964102459e46513159c?s=96&d=mm&r=g\",\"caption\":\"We Love Cycling Spain\"},\"url\":\"https:\/\/www.welovecycling.com\/es\/author\/amunoz\/\"}]}<\/script>\n<!-- \/ Yoast SEO Premium plugin. -->","yoast_head_json":{"title":"\u0160koda dar\u00e1 nombre a la Titan Desert 2022 - \u0160koda We Love Cycling - Spain","description":"\u0160koda dar\u00e1 nombre a la Titan Desert 2022. La carrera del desierto llevar\u00e1 el nombre de \u0160koda como patrocinador principal.","robots":{"index":"index","follow":"follow","max-snippet":"max-snippet:-1","max-image-preview":"max-image-preview:large","max-video-preview":"max-video-preview:-1"},"canonical":"https:\/\/www.welovecycling.com\/es\/2022\/02\/16\/skoda-titan-desert-2022\/","og_locale":"es_ES","og_type":"article","og_title":"\u0160koda dar\u00e1 nombre a la Titan Desert 2022","og_description":"\u0160koda dar\u00e1 nombre a la Titan Desert 2022. La carrera del desierto llevar\u00e1 el nombre de \u0160koda como patrocinador principal.","og_url":"https:\/\/www.welovecycling.com\/es\/2022\/02\/16\/skoda-titan-desert-2022\/","og_site_name":"\u0160koda We Love Cycling - Spain","article_published_time":"2022-02-16T08:00:15+00:00","article_modified_time":"2022-02-16T11:02:09+00:00","og_image":[{"width":1680,"height":1120,"url":"https:\/\/d2p6e6u75xmxt8.cloudfront.net\/6\/2019\/05\/Filip-Adel-Titan-Desert.jpg","type":"image\/jpeg"}],"author":"We Love Cycling Spain","twitter_card":"summary_large_image","twitter_title":"\u0160koda dar\u00e1 nombre a la Titan Desert 2022","twitter_description":"\u0160koda dar\u00e1 nombre a la Titan Desert 2022. La carrera del desierto llevar\u00e1 el nombre de \u0160koda como patrocinador principal.","twitter_misc":{"Written by":"We Love Cycling Spain","Est. reading time":"8 minutes"},"schema":{"@context":"https:\/\/schema.org","@graph":[{"@type":"WebPage","@id":"https:\/\/www.welovecycling.com\/es\/2022\/02\/16\/skoda-titan-desert-2022\/","url":"https:\/\/www.welovecycling.com\/es\/2022\/02\/16\/skoda-titan-desert-2022\/","name":"\u0160koda dar\u00e1 nombre a la Titan Desert 2022 - \u0160koda We Love Cycling - Spain","isPartOf":{"@id":"https:\/\/www.welovecycling.com\/es\/#website"},"primaryImageOfPage":{"@id":"https:\/\/www.welovecycling.com\/es\/2022\/02\/16\/skoda-titan-desert-2022\/#primaryimage"},"image":{"@id":"https:\/\/www.welovecycling.com\/es\/2022\/02\/16\/skoda-titan-desert-2022\/#primaryimage"},"thumbnailUrl":"https:\/\/d2p6e6u75xmxt8.cloudfront.net\/6\/2019\/05\/Filip-Adel-Titan-Desert.jpg","datePublished":"2022-02-16T08:00:15+00:00","dateModified":"2022-02-16T11:02:09+00:00","author":{"@id":"https:\/\/www.welovecycling.com\/es\/#\/schema\/person\/deb61715b5812698ee79fb96f343ccd4"},"description":"\u0160koda dar\u00e1 nombre a la Titan Desert 2022. La carrera del desierto llevar\u00e1 el nombre de \u0160koda como patrocinador principal.","breadcrumb":{"@id":"https:\/\/www.welovecycling.com\/es\/2022\/02\/16\/skoda-titan-desert-2022\/#breadcrumb"},"inLanguage":"es-ES","potentialAction":[{"@type":"ReadAction","target":["https:\/\/www.welovecycling.com\/es\/2022\/02\/16\/skoda-titan-desert-2022\/"]}]},{"@type":"ImageObject","inLanguage":"es-ES","@id":"https:\/\/www.welovecycling.com\/es\/2022\/02\/16\/skoda-titan-desert-2022\/#primaryimage","url":"https:\/\/d2p6e6u75xmxt8.cloudfront.net\/6\/2019\/05\/Filip-Adel-Titan-Desert.jpg","contentUrl":"https:\/\/d2p6e6u75xmxt8.cloudfront.net\/6\/2019\/05\/Filip-Adel-Titan-Desert.jpg","width":1680,"height":1120},{"@type":"BreadcrumbList","@id":"https:\/\/www.welovecycling.com\/es\/2022\/02\/16\/skoda-titan-desert-2022\/#breadcrumb","itemListElement":[{"@type":"ListItem","position":1,"name":"Home","item":"https:\/\/www.welovecycling.com\/es\/"},{"@type":"ListItem","position":2,"name":"\u0160koda dar\u00e1 nombre a la Titan Desert 2022"}]},{"@type":"WebSite","@id":"https:\/\/www.welovecycling.com\/es\/#website","url":"https:\/\/www.welovecycling.com\/es\/","name":"\u0160koda We Love Cycling - Spain","description":"\u0160koda WeLoveCycling Spain","potentialAction":[{"@type":"SearchAction","target":{"@type":"EntryPoint","urlTemplate":"https:\/\/www.welovecycling.com\/es\/?s={search_term_string}"},"query-input":{"@type":"PropertyValueSpecification","valueRequired":true,"valueName":"search_term_string"}}],"inLanguage":"es-ES"},{"@type":"Person","@id":"https:\/\/www.welovecycling.com\/es\/#\/schema\/person\/deb61715b5812698ee79fb96f343ccd4","name":"We Love Cycling Spain","image":{"@type":"ImageObject","inLanguage":"es-ES","@id":"https:\/\/www.welovecycling.com\/es\/#\/schema\/person\/image\/","url":"https:\/\/secure.gravatar.com\/avatar\/c824b04e6df0e37a03219d0b6481672889df542894588964102459e46513159c?s=96&d=mm&r=g","contentUrl":"https:\/\/secure.gravatar.com\/avatar\/c824b04e6df0e37a03219d0b6481672889df542894588964102459e46513159c?s=96&d=mm&r=g","caption":"We Love Cycling Spain"},"url":"https:\/\/www.welovecycling.com\/es\/author\/amunoz\/"}]}},"_links":{"self":[{"href":"https:\/\/www.welovecycling.com\/es\/wp-json\/wp\/v2\/posts\/8610","targetHints":{"allow":["GET"]}}],"collection":[{"href":"https:\/\/www.welovecycling.com\/es\/wp-json\/wp\/v2\/posts"}],"about":[{"href":"https:\/\/www.welovecycling.com\/es\/wp-json\/wp\/v2\/types\/post"}],"author":[{"embeddable":true,"href":"https:\/\/www.welovecycling.com\/es\/wp-json\/wp\/v2\/users\/29"}],"replies":[{"embeddable":true,"href":"https:\/\/www.welovecycling.com\/es\/wp-json\/wp\/v2\/comments?post=8610"}],"version-history":[{"count":2,"href":"https:\/\/www.welovecycling.com\/es\/wp-json\/wp\/v2\/posts\/8610\/revisions"}],"predecessor-version":[{"id":8617,"href":"https:\/\/www.welovecycling.com\/es\/wp-json\/wp\/v2\/posts\/8610\/revisions\/8617"}],"wp:featuredmedia":[{"embeddable":true,"href":"https:\/\/www.welovecycling.com\/es\/wp-json\/wp\/v2\/media\/4675"}],"wp:attachment":[{"href":"https:\/\/www.welovecycling.com\/es\/wp-json\/wp\/v2\/media?parent=8610"}],"wp:term":[{"taxonomy":"category","embeddable":true,"href":"https:\/\/www.welovecycling.com\/es\/wp-json\/wp\/v2\/categories?post=8610"},{"taxonomy":"post_tag","embeddable":true,"href":"https:\/\/www.welovecycling.com\/es\/wp-json\/wp\/v2\/tags?post=8610"},{"taxonomy":"global-categories","embeddable":true,"href":"https:\/\/www.welovecycling.com\/es\/wp-json\/wp\/v2\/global-categories?post=8610"}],"curies":[{"name":"wp","href":"https:\/\/api.w.org\/{rel}","templated":true}]}}