{"id":8603,"date":"2022-02-14T20:43:58","date_gmt":"2022-02-14T18:43:58","guid":{"rendered":"https:\/\/www.welovecycling.com\/es\/?p=8603"},"modified":"2022-02-15T10:07:14","modified_gmt":"2022-02-15T08:07:14","slug":"clasica-jaen-paraiso-interior","status":"publish","type":"post","link":"https:\/\/www.welovecycling.com\/es\/2022\/02\/14\/clasica-jaen-paraiso-interior\/","title":{"rendered":"Cl\u00e1sica Ja\u00e9n Para\u00edso Interior, el primer &#8216;sterrato&#8217; espa\u00f1ol"},"content":{"rendered":"<p><strong>Alexey Lutsenko acab\u00f3 la temporada 2021 ganando la primera carrera gravel para ciclistas profesionales, La <a href=\"https:\/\/serenissimagravel.com\/the-ride\/\">Serenisssa Gravel<\/a> de Piazzola Sul Brenta, en el Veneto italiano y ha empezado la de 2022 venciendo en primera edici\u00f3n de la Cl\u00e1sica Ja\u00e9n Para\u00edso Interior. En las dos hab\u00eda caminos de tierra (sterrato, que est\u00e1 mas de moda), pero la primera la disput\u00f3 con una bici de gravel (ciclocross para que se aclaren ustedes) y en Ja\u00e9n con una de carretera pero con tubulares de 28\/30.<\/strong><\/p>\n<p><!--more--><\/p>\n<p>Desde que en Gaiole in Chianti, en la Toscana italiana, se les ocurri\u00f3 hace m\u00e1s casi d\u00e9cadas montar una cicloturista con caminos de tierra y bicis antiguas, La Eroica, el sterrato se ha puesto de moda. Esa apuesta la recogi\u00f3 un banco, el Montespaschi de Siena y mont\u00f3 la Montepaschi Eroica, que a\u00f1os despu\u00e9s pas\u00f3 a llamarse <a href=\"https:\/\/www.welovecycling.com\/es\/2018\/03\/16\/strade-bianche-cicloturista-carrera-profesional\/\">Strade Bianche<\/a>. En 2021 se la disputaron Van der Poel, Alaphillippe y Bernal. Cuarto fue Van Aert, quinto Pidcock y s\u00e9ptimo un tal <a href=\"https:\/\/www.welovecycling.com\/es\/2022\/01\/28\/tadej-pogacar\/\">Tadej Pogacar<\/a>. Es decir, una participaci\u00f3n de lujo. La Strade ya es una cl\u00e1sica de post\u00edn para los profesionales, aunque sin el arraigo de Tour de Flandes o Paris Roubaix, que cambian la tierra por los adoquines.<\/p>\n<p>El <a href=\"https:\/\/www.youtube.com\/watch?v=kvwS1tmq9tU\">Tro Bro Leon<\/a> tambi\u00e9n se disputa por caminos de tierra (muchas veces incluso de barro, no en vano la mascota de la carrera es un cerdo), aunque la carrera francesa de la Breta\u00f1a no atrae a los grandes nombres. Tampoco la \u00faltima versi\u00f3n de La Paris Tours, que en las tres \u00faltimas ediciones ha introducido &#8216;caminos de vi\u00f1as&#8217; en su recorrido final. El Giro hace a\u00f1os que empez\u00f3 a introducir tramos de sterrato, tanto en las etapa de los alrededores de Siena como en alta monta\u00f1a. La <a href=\"https:\/\/www.youtube.com\/watch?v=-_3P7Scv1Gw\">Finestre<\/a> es quiz\u00e1 uno de los puertos m\u00e1s duros del mundo con sus 10 kil\u00f3metros de tierra. El Tour tambi\u00e9n lo ha hecho. El final de <strong>La Planche des Belles Filles o el Plateau des Glieres.<\/strong><\/p>\n<p>Faltaba Espa\u00f1a, claro. Es cierto que en La Vuelta ya hubo un experimento en Andorra. El sterrato desde la cima de Engolasters hasta Cortals de Encamp. Eso si, con tan mala suerte que ese d\u00eda le dio por diluviar y no se vio nada de la carrera en directo porque la tormenta cort\u00f3 la se\u00f1al.<\/p>\n<p>La primera cl\u00e1sica de sterrato hisp\u00e1nico se llama Jaen Para\u00edso Interior y copia los n\u00fameros de la Strade Bianche. Un recorrido de <a href=\"https:\/\/clasicajaen.com\/recorrido\/\">190 kil\u00f3metros, con 3.000 metros de desnivel acumulado y varios tramos de tierr<\/a>a. Salida en ciudades monumentales, Baeza en la versi\u00f3n espa\u00f1ola y Siena (si no han ido nunca no dejen de visitarla) en la italiana y meta en cuesta con adoquines. \u00dabeda en la hisp\u00e1nica, mientras que en la Strade se acaba en la misma ciudad que empieza, Siena. Y hasta aqu\u00ed las similitudes.<\/p>\n<blockquote class=\"twitter-tweet\">\n<p dir=\"ltr\" lang=\"es\">\ud83d\udd25Lennard Kamna, Tim Wellens y Connor Swift, tres rodadores de categor\u00eda, se unen a Alexey Lutsenko en cabeza a la entrada del pen\u00faltimo tramo de sterrato <a href=\"https:\/\/twitter.com\/hashtag\/Cl%C3%A1sicaJa%C3%A9n22?src=hash&amp;ref_src=twsrc%5Etfw\">#Cl\u00e1sicaJa\u00e9n22<\/a><\/p>\n<p>\ud83d\udeb4\u200d\u2642\ufe0fPor detr\u00e1s, Vliegen y Ferasse tratan de conectar<\/p>\n<p>\ud83d\udd17<a href=\"https:\/\/t.co\/7l2ggTQdRY\">https:\/\/t.co\/7l2ggTQdRY<\/a> <a href=\"https:\/\/t.co\/MsDOt6YhlQ\">pic.twitter.com\/MsDOt6YhlQ<\/a><\/p>\n<p>\u2014 Teledeporte (@teledeporte) <a href=\"https:\/\/twitter.com\/teledeporte\/status\/1493248324148862981?ref_src=twsrc%5Etfw\">February 14, 2022<\/a><\/p><\/blockquote>\n<p><script async src=\"https:\/\/platform.twitter.com\/widgets.js\" charset=\"utf-8\"><\/script><br \/>\nLa <strong>Strade<\/strong> tiene m\u00e1s sterrato, <strong>63 kil\u00f3metros por 40 la Ja\u00e9n Para\u00edso Interior<\/strong>, divido en m\u00e1s tramos 11 por siete la espa\u00f1ola y sobre todo no se repite ninguno. De eso adolece la carrera de Ja\u00e9n. Realmente fueron solo cinco tramos de sterrato diferentes, porque el \u00faltimo, Bayyasa, que es el que desemboca en \u00dabeda se hizo hasta en tres ocasiones. En la primera rompi\u00f3 el pelot\u00f3n. Un paso estrecho por un puente al final del tramo, unido a los desniveles, cort\u00f3 al gran grupo. En las dos ocasiones siguientes sirvi\u00f3 para que Lutsenko demostrara que era, con diferencia, el m\u00e1s fuerte de todos.<\/p>\n<p>El kazajo ya se hab\u00eda escapado en el <strong>tramo 5 Ubbadar,<\/strong> pero en una bajada larga por autov\u00eda (otro de los aspectos a modificar) le atraparon <strong>Kamna, Wellens, Vliegen y Swift.<\/strong> En el siguiente sterrato, casi sin dar muestras de cansancio, los volvi\u00f3 a soltar. Sentado, sin ataques. Solo subiendo el ritmo. Tambi\u00e9n es cierto que la tierra invita a ese tipo de pedaleo para evitar que el tubular trasero patine. Se march\u00f3 solo a falta de 40 kil\u00f3metros a meta y se acab\u00f3 la carrera. Y eso que el de Astana tuvo que apretar la rueda delantera en el primer paso por meta y echar pie a tierra por el puente estrecho de entrada a \u00dabeda cuando solo le quedaban tres para acabar. Incluso se le vio dando chepazos en los tramos de adoquines y buscando el trazado m\u00e1s suave para sufrir menos. Por detr\u00e1s la cosa iba mucho peor. Hasta que no quedaban 500 metros no se movieron <strong>Wellens y Vliegen<\/strong> para completar el podio.<\/p>\n<blockquote class=\"twitter-tweet\">\n<p dir=\"ltr\" lang=\"es\">Nadie puede dar el triunfo por seguro en una prueba con el sterrato como protagonista <a href=\"https:\/\/twitter.com\/hashtag\/Cl%C3%A1sicaJa%C3%A9n22?src=hash&amp;ref_src=twsrc%5Etfw\">#Cl\u00e1sicaJa\u00e9n22<\/a><\/p>\n<p>Alexey Lutsenko cerca de convertirse en el primer vencedor de la Cl\u00e1sica Ja\u00e9n Para\u00edso Interior <a href=\"https:\/\/t.co\/7l2ggTQLHw\">https:\/\/t.co\/7l2ggTQLHw<\/a> <a href=\"https:\/\/t.co\/8Rv5I47hWG\">pic.twitter.com\/8Rv5I47hWG<\/a><\/p>\n<p>\u2014 Teledeporte (@teledeporte) <a href=\"https:\/\/twitter.com\/teledeporte\/status\/1493260104220942337?ref_src=twsrc%5Etfw\">February 14, 2022<\/a><\/p><\/blockquote>\n<p><script async src=\"https:\/\/platform.twitter.com\/widgets.js\" charset=\"utf-8\"><\/script><\/p>\n<p>Falt\u00f3 emoci\u00f3n, claro, y algo de cuota local, que eso siempre anima. <strong>Alejandro Valverde<\/strong> era el indicado para dar lustre a la carrera en su \u00faltimo a\u00f1o de profesional (o quiz\u00e1s no), pero el Covid le dej\u00f3 fuera. Tampoco acudi\u00f3 Iv\u00e1n Garc\u00eda Cortina, el otro experto en el Cl\u00e1sicas.\u00a0 El primer espa\u00f1ol fue <strong>Jonathan Lastra,<\/strong> del Caja Rural y que se pasa los inviernos corriendo el ciclocross y eso ayuda, decimotercero pero lejos de pelear por la victoria.<\/p>\n<h2><strong>Marketing y futuro<\/strong><\/h2>\n<p>El gran valor de la Cl\u00e1sica Ja\u00e9n Para\u00edso interior es que para ser la primera edici\u00f3n ha conseguido generar expectativas entre los aficionados al ciclismo y que se viese en directo por televisi\u00f3n. Ayuda que detr\u00e1s de la organizaci\u00f3n est\u00e9 un grupo como <strong>RCS<\/strong>, que se encarga del Giro y de la Strade y tambi\u00e9n es due\u00f1o en Espa\u00f1a del <strong>Diario Marca<\/strong>. Han conseguido repercusi\u00f3n imitando el estilo de la Strade Bianche pero d\u00e1ndole el toque andaluz.<\/p>\n<p>Es cierto que una meta con tanta belleza arquitect\u00f3nica como la de la Piazza del Campo de Siena es complicado de igualar, pero en dureza quiz\u00e1 la carrera de Ja\u00e9n est\u00e9 un pel\u00edn por encima de la italiana, aunque en Ja\u00e9n el sterrato solo era cuesta arriba y en Strade tambi\u00e9n hay bajadas de tierra. Eso ahora, con bicicletas en las que caben tubulares de 28 y 30 de secci\u00f3n no es mayor problema, a no ser que te llames Remco Evenepoel y te est\u00e9s jugasdo el Giro 2021 en el sterrato de Montalcino.<\/p>\n<p>En La Toscana los sterratos son entre cipreses y en Ja\u00e9n entre olivos y el detalle del trofeo, una aceituna gigante, al menos llama la atenci\u00f3n. Son se\u00f1ales para diferenciarse del resto y eso es algo que hace falta al ciclismo de nuestro pa\u00eds.<\/p>\n<blockquote class=\"twitter-tweet\">\n<p dir=\"ltr\" lang=\"es\">\ud83d\udd25\u00a1Qu\u00e9 exhibici\u00f3n nos ha regalado Alexey Lutsenko! <a href=\"https:\/\/twitter.com\/hashtag\/Cl%C3%A1sicaJa%C3%A9n22?src=hash&amp;ref_src=twsrc%5Etfw\">#Cl\u00e1sicaJa\u00e9n22<\/a><\/p>\n<p>El kazajo se mostr\u00f3 el m\u00e1s fuerte en todos y cada uno de los tramos de sterrato (<a href=\"https:\/\/twitter.com\/ClasicaJaen?ref_src=twsrc%5Etfw\">@ClasicaJaen<\/a>)<\/p>\n<p>Segundo finaliza Tim Wellens y tercero Loic Vliegen <a href=\"https:\/\/t.co\/RtgLoek9Dm\">https:\/\/t.co\/RtgLoek9Dm<\/a> <a href=\"https:\/\/t.co\/sMozpRvk43\">pic.twitter.com\/sMozpRvk43<\/a><\/p>\n<p>\u2014 Teledeporte (@teledeporte) <a href=\"https:\/\/twitter.com\/teledeporte\/status\/1493261695262724098?ref_src=twsrc%5Etfw\">February 14, 2022<\/a><\/p><\/blockquote>\n<p><script async src=\"https:\/\/platform.twitter.com\/widgets.js\" charset=\"utf-8\"><\/script><\/p>\n<p>El futuro de la carrera pasa por que cale en los equipos profesionales y que en pr\u00f3ximas ediciones consiga atraer a los &#8216;capos&#8217; de las cl\u00e1sicas. Y tambi\u00e9n entre los aficionados. Para ellos, una <strong>versi\u00f3n cicloturista<\/strong> el d\u00eda anterior o posterior siempre es un punto a favor para que comiencen a conocer y dar un nombre a los tramos de tierra. El siguiente paso es que ocurran cosas tan importantes en carrera que se empiecen a considerar \u00e9picos. Pero esa vitola solo a da el tiempo,<\/p>\n","protected":false},"excerpt":{"rendered":"<p>Alexey Lutsenko acab\u00f3 la temporada 2021 ganando la primera carrera gravel para ciclistas profesionales, La Serenisssa Gravel de Piazzola Sul [&hellip;]<\/p>\n","protected":false},"author":29,"featured_media":8606,"comment_status":"open","ping_status":"open","sticky":false,"template":"","format":"standard","meta":{"footnotes":""},"categories":[7],"tags":[2171],"global-categories":[1164],"class_list":["post-8603","post","type-post","status-publish","format-standard","has-post-thumbnail","hentry","category-carretera","tag-sterrato","global-categories-cycling"],"yoast_head":"<!-- This site is optimized with the Yoast SEO Premium plugin v25.3 (Yoast SEO v25.9) - https:\/\/yoast.com\/wordpress\/plugins\/seo\/ -->\n<title>Cl\u00e1sica Ja\u00e9n Para\u00edso Interior, el primer &#039;sterrato&#039; espa\u00f1ol - \u0160koda We Love Cycling - Spain<\/title>\n<meta name=\"description\" content=\"Cl\u00e1sica Ja\u00e9n Para\u00edso Interior. Victoria de Lutsenko en la primer cl\u00e1sica espa\u00f1ola con tramos de sterrato entre Baeza y \u00dabeda.\" \/>\n<meta name=\"robots\" content=\"index, follow, max-snippet:-1, max-image-preview:large, max-video-preview:-1\" \/>\n<link rel=\"canonical\" href=\"https:\/\/www.welovecycling.com\/es\/2022\/02\/14\/clasica-jaen-paraiso-interior\/\" \/>\n<meta property=\"og:locale\" content=\"es_ES\" \/>\n<meta property=\"og:type\" content=\"article\" \/>\n<meta property=\"og:title\" content=\"Cl\u00e1sica Ja\u00e9n Para\u00edso Interior, el primer &#039;sterrato&#039; espa\u00f1ol\" \/>\n<meta property=\"og:description\" content=\"Cl\u00e1sica Ja\u00e9n Para\u00edso Interior. Victoria de Lutsenko en la primer cl\u00e1sica espa\u00f1ola con tramos de sterrato entre Baeza y \u00dabeda.\" \/>\n<meta property=\"og:url\" content=\"https:\/\/www.welovecycling.com\/es\/2022\/02\/14\/clasica-jaen-paraiso-interior\/\" \/>\n<meta property=\"og:site_name\" content=\"\u0160koda We Love Cycling - Spain\" \/>\n<meta property=\"article:published_time\" content=\"2022-02-14T18:43:58+00:00\" \/>\n<meta property=\"article:modified_time\" content=\"2022-02-15T08:07:14+00:00\" \/>\n<meta property=\"og:image\" content=\"https:\/\/d2p6e6u75xmxt8.cloudfront.net\/6\/2022\/02\/jaen_paraiso_interior.jpg\" \/>\n\t<meta property=\"og:image:width\" content=\"1024\" \/>\n\t<meta property=\"og:image:height\" content=\"682\" \/>\n\t<meta property=\"og:image:type\" content=\"image\/jpeg\" \/>\n<meta name=\"author\" content=\"We Love Cycling Spain\" \/>\n<meta name=\"twitter:card\" content=\"summary_large_image\" \/>\n<meta name=\"twitter:title\" content=\"Cl\u00e1sica Ja\u00e9n Para\u00edso Interior, el primer &#039;sterrato&#039; espa\u00f1ol\" \/>\n<meta name=\"twitter:description\" content=\"Cl\u00e1sica Ja\u00e9n Para\u00edso Interior. Victoria de Lutsenko en la primer cl\u00e1sica espa\u00f1ola con tramos de sterrato entre Baeza y \u00dabeda.\" \/>\n<meta name=\"twitter:label1\" content=\"Written by\" \/>\n\t<meta name=\"twitter:data1\" content=\"Luis Ortega @Ciclored\" \/>\n\t<meta name=\"twitter:label2\" content=\"Est. reading time\" \/>\n\t<meta name=\"twitter:data2\" content=\"7 minutes\" \/>\n<script type=\"application\/ld+json\" class=\"yoast-schema-graph\">{\"@context\":\"https:\/\/schema.org\",\"@graph\":[{\"@type\":\"WebPage\",\"@id\":\"https:\/\/www.welovecycling.com\/es\/2022\/02\/14\/clasica-jaen-paraiso-interior\/\",\"url\":\"https:\/\/www.welovecycling.com\/es\/2022\/02\/14\/clasica-jaen-paraiso-interior\/\",\"name\":\"Cl\u00e1sica Ja\u00e9n Para\u00edso Interior, el primer 'sterrato' espa\u00f1ol - \u0160koda We Love Cycling - Spain\",\"isPartOf\":{\"@id\":\"https:\/\/www.welovecycling.com\/es\/#website\"},\"primaryImageOfPage\":{\"@id\":\"https:\/\/www.welovecycling.com\/es\/2022\/02\/14\/clasica-jaen-paraiso-interior\/#primaryimage\"},\"image\":{\"@id\":\"https:\/\/www.welovecycling.com\/es\/2022\/02\/14\/clasica-jaen-paraiso-interior\/#primaryimage\"},\"thumbnailUrl\":\"https:\/\/d2p6e6u75xmxt8.cloudfront.net\/6\/2022\/02\/jaen_paraiso_interior.jpg\",\"datePublished\":\"2022-02-14T18:43:58+00:00\",\"dateModified\":\"2022-02-15T08:07:14+00:00\",\"author\":{\"@id\":\"https:\/\/www.welovecycling.com\/es\/#\/schema\/person\/deb61715b5812698ee79fb96f343ccd4\"},\"description\":\"Cl\u00e1sica Ja\u00e9n Para\u00edso Interior. Victoria de Lutsenko en la primer cl\u00e1sica espa\u00f1ola con tramos de sterrato entre Baeza y \u00dabeda.\",\"breadcrumb\":{\"@id\":\"https:\/\/www.welovecycling.com\/es\/2022\/02\/14\/clasica-jaen-paraiso-interior\/#breadcrumb\"},\"inLanguage\":\"es-ES\",\"potentialAction\":[{\"@type\":\"ReadAction\",\"target\":[\"https:\/\/www.welovecycling.com\/es\/2022\/02\/14\/clasica-jaen-paraiso-interior\/\"]}]},{\"@type\":\"ImageObject\",\"inLanguage\":\"es-ES\",\"@id\":\"https:\/\/www.welovecycling.com\/es\/2022\/02\/14\/clasica-jaen-paraiso-interior\/#primaryimage\",\"url\":\"https:\/\/d2p6e6u75xmxt8.cloudfront.net\/6\/2022\/02\/jaen_paraiso_interior.jpg\",\"contentUrl\":\"https:\/\/d2p6e6u75xmxt8.cloudfront.net\/6\/2022\/02\/jaen_paraiso_interior.jpg\",\"width\":1024,\"height\":682},{\"@type\":\"BreadcrumbList\",\"@id\":\"https:\/\/www.welovecycling.com\/es\/2022\/02\/14\/clasica-jaen-paraiso-interior\/#breadcrumb\",\"itemListElement\":[{\"@type\":\"ListItem\",\"position\":1,\"name\":\"Home\",\"item\":\"https:\/\/www.welovecycling.com\/es\/\"},{\"@type\":\"ListItem\",\"position\":2,\"name\":\"Cl\u00e1sica Ja\u00e9n Para\u00edso Interior, el primer &#8216;sterrato&#8217; espa\u00f1ol\"}]},{\"@type\":\"WebSite\",\"@id\":\"https:\/\/www.welovecycling.com\/es\/#website\",\"url\":\"https:\/\/www.welovecycling.com\/es\/\",\"name\":\"\u0160koda We Love Cycling - Spain\",\"description\":\"\u0160koda WeLoveCycling Spain\",\"potentialAction\":[{\"@type\":\"SearchAction\",\"target\":{\"@type\":\"EntryPoint\",\"urlTemplate\":\"https:\/\/www.welovecycling.com\/es\/?s={search_term_string}\"},\"query-input\":{\"@type\":\"PropertyValueSpecification\",\"valueRequired\":true,\"valueName\":\"search_term_string\"}}],\"inLanguage\":\"es-ES\"},{\"@type\":\"Person\",\"@id\":\"https:\/\/www.welovecycling.com\/es\/#\/schema\/person\/deb61715b5812698ee79fb96f343ccd4\",\"name\":\"We Love Cycling Spain\",\"image\":{\"@type\":\"ImageObject\",\"inLanguage\":\"es-ES\",\"@id\":\"https:\/\/www.welovecycling.com\/es\/#\/schema\/person\/image\/\",\"url\":\"https:\/\/secure.gravatar.com\/avatar\/c824b04e6df0e37a03219d0b6481672889df542894588964102459e46513159c?s=96&d=mm&r=g\",\"contentUrl\":\"https:\/\/secure.gravatar.com\/avatar\/c824b04e6df0e37a03219d0b6481672889df542894588964102459e46513159c?s=96&d=mm&r=g\",\"caption\":\"We Love Cycling Spain\"},\"url\":\"https:\/\/www.welovecycling.com\/es\/author\/amunoz\/\"}]}<\/script>\n<!-- \/ Yoast SEO Premium plugin. -->","yoast_head_json":{"title":"Cl\u00e1sica Ja\u00e9n Para\u00edso Interior, el primer 'sterrato' espa\u00f1ol - \u0160koda We Love Cycling - Spain","description":"Cl\u00e1sica Ja\u00e9n Para\u00edso Interior. Victoria de Lutsenko en la primer cl\u00e1sica espa\u00f1ola con tramos de sterrato entre Baeza y \u00dabeda.","robots":{"index":"index","follow":"follow","max-snippet":"max-snippet:-1","max-image-preview":"max-image-preview:large","max-video-preview":"max-video-preview:-1"},"canonical":"https:\/\/www.welovecycling.com\/es\/2022\/02\/14\/clasica-jaen-paraiso-interior\/","og_locale":"es_ES","og_type":"article","og_title":"Cl\u00e1sica Ja\u00e9n Para\u00edso Interior, el primer 'sterrato' espa\u00f1ol","og_description":"Cl\u00e1sica Ja\u00e9n Para\u00edso Interior. Victoria de Lutsenko en la primer cl\u00e1sica espa\u00f1ola con tramos de sterrato entre Baeza y \u00dabeda.","og_url":"https:\/\/www.welovecycling.com\/es\/2022\/02\/14\/clasica-jaen-paraiso-interior\/","og_site_name":"\u0160koda We Love Cycling - Spain","article_published_time":"2022-02-14T18:43:58+00:00","article_modified_time":"2022-02-15T08:07:14+00:00","og_image":[{"width":1024,"height":682,"url":"https:\/\/d2p6e6u75xmxt8.cloudfront.net\/6\/2022\/02\/jaen_paraiso_interior.jpg","type":"image\/jpeg"}],"author":"We Love Cycling Spain","twitter_card":"summary_large_image","twitter_title":"Cl\u00e1sica Ja\u00e9n Para\u00edso Interior, el primer 'sterrato' espa\u00f1ol","twitter_description":"Cl\u00e1sica Ja\u00e9n Para\u00edso Interior. Victoria de Lutsenko en la primer cl\u00e1sica espa\u00f1ola con tramos de sterrato entre Baeza y \u00dabeda.","twitter_misc":{"Written by":"Luis Ortega @Ciclored","Est. reading time":"7 minutes"},"schema":{"@context":"https:\/\/schema.org","@graph":[{"@type":"WebPage","@id":"https:\/\/www.welovecycling.com\/es\/2022\/02\/14\/clasica-jaen-paraiso-interior\/","url":"https:\/\/www.welovecycling.com\/es\/2022\/02\/14\/clasica-jaen-paraiso-interior\/","name":"Cl\u00e1sica Ja\u00e9n Para\u00edso Interior, el primer 'sterrato' espa\u00f1ol - \u0160koda We Love Cycling - Spain","isPartOf":{"@id":"https:\/\/www.welovecycling.com\/es\/#website"},"primaryImageOfPage":{"@id":"https:\/\/www.welovecycling.com\/es\/2022\/02\/14\/clasica-jaen-paraiso-interior\/#primaryimage"},"image":{"@id":"https:\/\/www.welovecycling.com\/es\/2022\/02\/14\/clasica-jaen-paraiso-interior\/#primaryimage"},"thumbnailUrl":"https:\/\/d2p6e6u75xmxt8.cloudfront.net\/6\/2022\/02\/jaen_paraiso_interior.jpg","datePublished":"2022-02-14T18:43:58+00:00","dateModified":"2022-02-15T08:07:14+00:00","author":{"@id":"https:\/\/www.welovecycling.com\/es\/#\/schema\/person\/deb61715b5812698ee79fb96f343ccd4"},"description":"Cl\u00e1sica Ja\u00e9n Para\u00edso Interior. Victoria de Lutsenko en la primer cl\u00e1sica espa\u00f1ola con tramos de sterrato entre Baeza y \u00dabeda.","breadcrumb":{"@id":"https:\/\/www.welovecycling.com\/es\/2022\/02\/14\/clasica-jaen-paraiso-interior\/#breadcrumb"},"inLanguage":"es-ES","potentialAction":[{"@type":"ReadAction","target":["https:\/\/www.welovecycling.com\/es\/2022\/02\/14\/clasica-jaen-paraiso-interior\/"]}]},{"@type":"ImageObject","inLanguage":"es-ES","@id":"https:\/\/www.welovecycling.com\/es\/2022\/02\/14\/clasica-jaen-paraiso-interior\/#primaryimage","url":"https:\/\/d2p6e6u75xmxt8.cloudfront.net\/6\/2022\/02\/jaen_paraiso_interior.jpg","contentUrl":"https:\/\/d2p6e6u75xmxt8.cloudfront.net\/6\/2022\/02\/jaen_paraiso_interior.jpg","width":1024,"height":682},{"@type":"BreadcrumbList","@id":"https:\/\/www.welovecycling.com\/es\/2022\/02\/14\/clasica-jaen-paraiso-interior\/#breadcrumb","itemListElement":[{"@type":"ListItem","position":1,"name":"Home","item":"https:\/\/www.welovecycling.com\/es\/"},{"@type":"ListItem","position":2,"name":"Cl\u00e1sica Ja\u00e9n Para\u00edso Interior, el primer &#8216;sterrato&#8217; espa\u00f1ol"}]},{"@type":"WebSite","@id":"https:\/\/www.welovecycling.com\/es\/#website","url":"https:\/\/www.welovecycling.com\/es\/","name":"\u0160koda We Love Cycling - Spain","description":"\u0160koda WeLoveCycling Spain","potentialAction":[{"@type":"SearchAction","target":{"@type":"EntryPoint","urlTemplate":"https:\/\/www.welovecycling.com\/es\/?s={search_term_string}"},"query-input":{"@type":"PropertyValueSpecification","valueRequired":true,"valueName":"search_term_string"}}],"inLanguage":"es-ES"},{"@type":"Person","@id":"https:\/\/www.welovecycling.com\/es\/#\/schema\/person\/deb61715b5812698ee79fb96f343ccd4","name":"We Love Cycling Spain","image":{"@type":"ImageObject","inLanguage":"es-ES","@id":"https:\/\/www.welovecycling.com\/es\/#\/schema\/person\/image\/","url":"https:\/\/secure.gravatar.com\/avatar\/c824b04e6df0e37a03219d0b6481672889df542894588964102459e46513159c?s=96&d=mm&r=g","contentUrl":"https:\/\/secure.gravatar.com\/avatar\/c824b04e6df0e37a03219d0b6481672889df542894588964102459e46513159c?s=96&d=mm&r=g","caption":"We Love Cycling Spain"},"url":"https:\/\/www.welovecycling.com\/es\/author\/amunoz\/"}]}},"_links":{"self":[{"href":"https:\/\/www.welovecycling.com\/es\/wp-json\/wp\/v2\/posts\/8603","targetHints":{"allow":["GET"]}}],"collection":[{"href":"https:\/\/www.welovecycling.com\/es\/wp-json\/wp\/v2\/posts"}],"about":[{"href":"https:\/\/www.welovecycling.com\/es\/wp-json\/wp\/v2\/types\/post"}],"author":[{"embeddable":true,"href":"https:\/\/www.welovecycling.com\/es\/wp-json\/wp\/v2\/users\/29"}],"replies":[{"embeddable":true,"href":"https:\/\/www.welovecycling.com\/es\/wp-json\/wp\/v2\/comments?post=8603"}],"version-history":[{"count":2,"href":"https:\/\/www.welovecycling.com\/es\/wp-json\/wp\/v2\/posts\/8603\/revisions"}],"predecessor-version":[{"id":8609,"href":"https:\/\/www.welovecycling.com\/es\/wp-json\/wp\/v2\/posts\/8603\/revisions\/8609"}],"wp:featuredmedia":[{"embeddable":true,"href":"https:\/\/www.welovecycling.com\/es\/wp-json\/wp\/v2\/media\/8606"}],"wp:attachment":[{"href":"https:\/\/www.welovecycling.com\/es\/wp-json\/wp\/v2\/media?parent=8603"}],"wp:term":[{"taxonomy":"category","embeddable":true,"href":"https:\/\/www.welovecycling.com\/es\/wp-json\/wp\/v2\/categories?post=8603"},{"taxonomy":"post_tag","embeddable":true,"href":"https:\/\/www.welovecycling.com\/es\/wp-json\/wp\/v2\/tags?post=8603"},{"taxonomy":"global-categories","embeddable":true,"href":"https:\/\/www.welovecycling.com\/es\/wp-json\/wp\/v2\/global-categories?post=8603"}],"curies":[{"name":"wp","href":"https:\/\/api.w.org\/{rel}","templated":true}]}}