{"id":86,"date":"2017-01-25T17:11:35","date_gmt":"2017-01-25T17:11:35","guid":{"rendered":"https:\/\/www.welovecycling.com\/es\/?p=86"},"modified":"2017-02-22T17:29:09","modified_gmt":"2017-02-22T17:29:09","slug":"los-holandeses-construido-una-rotonda-elevada-solo-bicicletas","status":"publish","type":"post","link":"https:\/\/www.welovecycling.com\/es\/2017\/01\/25\/los-holandeses-construido-una-rotonda-elevada-solo-bicicletas\/","title":{"rendered":"Los holandeses han construido una rotonda elevada solo para bicicletas"},"content":{"rendered":"<p><strong>Holanda es considerada el pa\u00eds ciclista por excelencia, y ahora existe otra raz\u00f3n para creerlo. Mientras la mayor\u00eda de los pa\u00edses europeos sigue debatiendo con entusiasmo c\u00f3mo incorporar a los ciclistas en sus planes urbanos y su visi\u00f3n de los desplazamientos en transporte p\u00fablico subvencionados en un futuro pr\u00f3ximo, los holandeses hablan menos y trabajan m\u00e1s.<\/strong><\/p>\n<p>F\u00edjate en este magn\u00edfico puente de acero en forma de platillo volante que deber\u00eda ayudar a los ciclistas a superar sin peligro el transitado cruce entre las ciudades de Eindhoven y Veldhoven. Esta estilosa rotonda lleva el nombre de &#8220;Hovenring&#8221; y sustituye al antiguo paso a nivel, que ya no pod\u00eda asumir el aumento de tr\u00e1fico. Como el Ayuntamiento de Eindhoven no es muy partidario de los pasos subterr\u00e1neos para ciclistas y tampoco quer\u00eda una rotonda a nivel, pidi\u00f3 al estudio de ingenier\u00eda holand\u00e9s especializado en puentes ipv Delft que examinara las posibles soluciones. Un puente circular atirantado pronto surgi\u00f3 como la mejor opci\u00f3n.<\/p>\n<p><div id='gallery-1' class='gallery galleryid-86 gallery-columns-3 gallery-size-medium'><figure class='gallery-item'>\n\t\t\t<div class='gallery-icon landscape'>\n\t\t\t\t<a href='https:\/\/d2p6e6u75xmxt8.cloudfront.net\/6\/2017\/01\/hovenring-eindhoven-ipv-delft-001.jpg'><img loading=\"lazy\" decoding=\"async\" width=\"300\" height=\"300\" src=\"https:\/\/d2p6e6u75xmxt8.cloudfront.net\/6\/2017\/01\/hovenring-eindhoven-ipv-delft-001-300x300.jpg\" class=\"attachment-medium size-medium\" alt=\"\" srcset=\"https:\/\/d2p6e6u75xmxt8.cloudfront.net\/6\/2017\/01\/hovenring-eindhoven-ipv-delft-001-300x300.jpg 300w, https:\/\/d2p6e6u75xmxt8.cloudfront.net\/6\/2017\/01\/hovenring-eindhoven-ipv-delft-001-150x150.jpg 150w, https:\/\/d2p6e6u75xmxt8.cloudfront.net\/6\/2017\/01\/hovenring-eindhoven-ipv-delft-001.jpg 700w\" sizes=\"auto, (max-width: 300px) 100vw, 300px\" \/><\/a>\n\t\t\t<\/div><\/figure><figure class='gallery-item'>\n\t\t\t<div class='gallery-icon landscape'>\n\t\t\t\t<a href='https:\/\/d2p6e6u75xmxt8.cloudfront.net\/6\/2017\/01\/hovenring-eindhoven-ipv-delft-004.jpg'><img loading=\"lazy\" decoding=\"async\" width=\"300\" height=\"300\" src=\"https:\/\/d2p6e6u75xmxt8.cloudfront.net\/6\/2017\/01\/hovenring-eindhoven-ipv-delft-004-300x300.jpg\" class=\"attachment-medium size-medium\" alt=\"\" srcset=\"https:\/\/d2p6e6u75xmxt8.cloudfront.net\/6\/2017\/01\/hovenring-eindhoven-ipv-delft-004-300x300.jpg 300w, https:\/\/d2p6e6u75xmxt8.cloudfront.net\/6\/2017\/01\/hovenring-eindhoven-ipv-delft-004-150x150.jpg 150w, https:\/\/d2p6e6u75xmxt8.cloudfront.net\/6\/2017\/01\/hovenring-eindhoven-ipv-delft-004.jpg 700w\" sizes=\"auto, (max-width: 300px) 100vw, 300px\" \/><\/a>\n\t\t\t<\/div><\/figure>\n\t\t<\/div>\n<br \/>\nEl puente consta de un poste de 70 metros de altura, 24 cables de acero y una plataforma circular, y est\u00e1 construido con unas 1.000 toneladas de acero. La estructura se termin\u00f3 en diciembre de 2011 pero, a ra\u00edz de unas vibraciones a causa del viento, tuvo que cerrarse. Solucionadas las vibraciones en los cables, se reabri\u00f3 en junio de 2012.<\/p>\n<p><a href=\"https:\/\/d2p6e6u75xmxt8.cloudfront.net\/6\/2017\/01\/worlds-first-suspended-bicycle-roundabout-hovenring-by-ipv-delft-netherlands-1.jpg\"><img loading=\"lazy\" decoding=\"async\" class=\"alignnone size-full wp-image-105\" src=\"https:\/\/d2p6e6u75xmxt8.cloudfront.net\/6\/2017\/01\/worlds-first-suspended-bicycle-roundabout-hovenring-by-ipv-delft-netherlands-1.jpg\" alt=\"\" width=\"800\" height=\"533\" srcset=\"https:\/\/d2p6e6u75xmxt8.cloudfront.net\/6\/2017\/01\/worlds-first-suspended-bicycle-roundabout-hovenring-by-ipv-delft-netherlands-1.jpg 800w, https:\/\/d2p6e6u75xmxt8.cloudfront.net\/6\/2017\/01\/worlds-first-suspended-bicycle-roundabout-hovenring-by-ipv-delft-netherlands-1-300x200.jpg 300w, https:\/\/d2p6e6u75xmxt8.cloudfront.net\/6\/2017\/01\/worlds-first-suspended-bicycle-roundabout-hovenring-by-ipv-delft-netherlands-1-768x512.jpg 768w, https:\/\/d2p6e6u75xmxt8.cloudfront.net\/6\/2017\/01\/worlds-first-suspended-bicycle-roundabout-hovenring-by-ipv-delft-netherlands-1-272x182.jpg 272w\" sizes=\"auto, (max-width: 800px) 100vw, 800px\" \/><\/a><\/p>\n<p>Aprovechando la identidad de Eindhoven (sede de la empresa Philips) como &#8220;la ciudad de la luz&#8221;, ipv Delft tambi\u00e9n dise\u00f1\u00f3 la iluminaci\u00f3n de Hovenring. El espacio entre el contrapeso y la plataforma, cubierto con l\u00e1minas de aluminio, placas trasl\u00facidas y luces con tubos, da como resultado un anillo luminoso claramente visible por la noche. Junto con el poste iluminado, el anillo de luz ofrece una visi\u00f3n nocturna espectacular. La iluminaci\u00f3n funcional est\u00e1 integrada en la barandilla, donde los LED alumbran la plataforma del puente y garantizan el reconocimiento de las caras de los usuarios de la estructura al mismo tiempo.<\/p>\n<p><div id='gallery-2' class='gallery galleryid-86 gallery-columns-3 gallery-size-medium'><figure class='gallery-item'>\n\t\t\t<div class='gallery-icon landscape'>\n\t\t\t\t<a href='https:\/\/d2p6e6u75xmxt8.cloudfront.net\/6\/2017\/01\/hovenring-eindhoven-ipv-delft-008.jpg'><img loading=\"lazy\" decoding=\"async\" width=\"300\" height=\"300\" src=\"https:\/\/d2p6e6u75xmxt8.cloudfront.net\/6\/2017\/01\/hovenring-eindhoven-ipv-delft-008-300x300.jpg\" class=\"attachment-medium size-medium\" alt=\"\" srcset=\"https:\/\/d2p6e6u75xmxt8.cloudfront.net\/6\/2017\/01\/hovenring-eindhoven-ipv-delft-008-300x300.jpg 300w, https:\/\/d2p6e6u75xmxt8.cloudfront.net\/6\/2017\/01\/hovenring-eindhoven-ipv-delft-008-150x150.jpg 150w, https:\/\/d2p6e6u75xmxt8.cloudfront.net\/6\/2017\/01\/hovenring-eindhoven-ipv-delft-008.jpg 700w\" sizes=\"auto, (max-width: 300px) 100vw, 300px\" \/><\/a>\n\t\t\t<\/div><\/figure><figure class='gallery-item'>\n\t\t\t<div class='gallery-icon landscape'>\n\t\t\t\t<a href='https:\/\/d2p6e6u75xmxt8.cloudfront.net\/6\/2017\/01\/hovenring-eindhoven-ipv-delft-012.jpg'><img loading=\"lazy\" decoding=\"async\" width=\"300\" height=\"300\" src=\"https:\/\/d2p6e6u75xmxt8.cloudfront.net\/6\/2017\/01\/hovenring-eindhoven-ipv-delft-012-300x300.jpg\" class=\"attachment-medium size-medium\" alt=\"\" srcset=\"https:\/\/d2p6e6u75xmxt8.cloudfront.net\/6\/2017\/01\/hovenring-eindhoven-ipv-delft-012-300x300.jpg 300w, https:\/\/d2p6e6u75xmxt8.cloudfront.net\/6\/2017\/01\/hovenring-eindhoven-ipv-delft-012-150x150.jpg 150w, https:\/\/d2p6e6u75xmxt8.cloudfront.net\/6\/2017\/01\/hovenring-eindhoven-ipv-delft-012.jpg 700w\" sizes=\"auto, (max-width: 300px) 100vw, 300px\" \/><\/a>\n\t\t\t<\/div><\/figure>\n\t\t<\/div>\n<br \/>\nSi tienes planeado viajar a Holanda, \u00a1no te pierdas la oportunidad de rodar por una de las construcciones m\u00e1s bonitas jam\u00e1s realizadas exclusivamente para ciclistas!<\/p>\n","protected":false},"excerpt":{"rendered":"<p>Holanda es considerada el pa\u00eds ciclista por excelencia, y ahora existe otra raz\u00f3n para creerlo. Mientras la mayor\u00eda de los [&hellip;]<\/p>\n","protected":false},"author":29,"featured_media":89,"comment_status":"open","ping_status":"open","sticky":false,"template":"","format":"standard","meta":{"footnotes":""},"categories":[6],"tags":[],"global-categories":[],"class_list":["post-86","post","type-post","status-publish","format-standard","has-post-thumbnail","hentry","category-urban"],"yoast_head":"<!-- This site is optimized with the Yoast SEO Premium plugin v25.3 (Yoast SEO v25.9) - https:\/\/yoast.com\/wordpress\/plugins\/seo\/ -->\n<title>Los holandeses han construido una rotonda elevada solo para bicicletas - \u0160koda We Love Cycling - Spain<\/title>\n<meta name=\"robots\" content=\"index, follow, max-snippet:-1, max-image-preview:large, max-video-preview:-1\" \/>\n<link rel=\"canonical\" href=\"https:\/\/www.welovecycling.com\/es\/2017\/01\/25\/los-holandeses-construido-una-rotonda-elevada-solo-bicicletas\/\" \/>\n<meta property=\"og:locale\" content=\"es_ES\" \/>\n<meta property=\"og:type\" content=\"article\" \/>\n<meta property=\"og:title\" content=\"Los holandeses han construido una rotonda elevada solo para bicicletas\" \/>\n<meta property=\"og:description\" content=\"Holanda es considerada el pa\u00eds ciclista por excelencia, y ahora existe otra raz\u00f3n para creerlo. Mientras la mayor\u00eda de los [&hellip;]\" \/>\n<meta property=\"og:url\" content=\"https:\/\/www.welovecycling.com\/es\/2017\/01\/25\/los-holandeses-construido-una-rotonda-elevada-solo-bicicletas\/\" \/>\n<meta property=\"og:site_name\" content=\"\u0160koda We Love Cycling - Spain\" \/>\n<meta property=\"article:published_time\" content=\"2017-01-25T17:11:35+00:00\" \/>\n<meta property=\"article:modified_time\" content=\"2017-02-22T17:29:09+00:00\" \/>\n<meta property=\"og:image\" content=\"https:\/\/d2p6e6u75xmxt8.cloudfront.net\/6\/2017\/01\/32322332_32332232.jpg\" \/>\n\t<meta property=\"og:image:width\" content=\"1375\" \/>\n\t<meta property=\"og:image:height\" content=\"600\" \/>\n\t<meta property=\"og:image:type\" content=\"image\/jpeg\" \/>\n<meta name=\"author\" content=\"We Love Cycling Spain\" \/>\n<meta name=\"twitter:card\" content=\"summary_large_image\" \/>\n<meta name=\"twitter:label1\" content=\"Written by\" \/>\n\t<meta name=\"twitter:data1\" content=\"We Love Cycling Spain\" \/>\n\t<meta name=\"twitter:label2\" content=\"Est. reading time\" \/>\n\t<meta name=\"twitter:data2\" content=\"2 minutes\" \/>\n<script type=\"application\/ld+json\" class=\"yoast-schema-graph\">{\"@context\":\"https:\/\/schema.org\",\"@graph\":[{\"@type\":\"WebPage\",\"@id\":\"https:\/\/www.welovecycling.com\/es\/2017\/01\/25\/los-holandeses-construido-una-rotonda-elevada-solo-bicicletas\/\",\"url\":\"https:\/\/www.welovecycling.com\/es\/2017\/01\/25\/los-holandeses-construido-una-rotonda-elevada-solo-bicicletas\/\",\"name\":\"Los holandeses han construido una rotonda elevada solo para bicicletas - \u0160koda We Love Cycling - Spain\",\"isPartOf\":{\"@id\":\"https:\/\/www.welovecycling.com\/es\/#website\"},\"primaryImageOfPage\":{\"@id\":\"https:\/\/www.welovecycling.com\/es\/2017\/01\/25\/los-holandeses-construido-una-rotonda-elevada-solo-bicicletas\/#primaryimage\"},\"image\":{\"@id\":\"https:\/\/www.welovecycling.com\/es\/2017\/01\/25\/los-holandeses-construido-una-rotonda-elevada-solo-bicicletas\/#primaryimage\"},\"thumbnailUrl\":\"https:\/\/d2p6e6u75xmxt8.cloudfront.net\/6\/2017\/01\/32322332_32332232.jpg\",\"datePublished\":\"2017-01-25T17:11:35+00:00\",\"dateModified\":\"2017-02-22T17:29:09+00:00\",\"author\":{\"@id\":\"https:\/\/www.welovecycling.com\/es\/#\/schema\/person\/deb61715b5812698ee79fb96f343ccd4\"},\"breadcrumb\":{\"@id\":\"https:\/\/www.welovecycling.com\/es\/2017\/01\/25\/los-holandeses-construido-una-rotonda-elevada-solo-bicicletas\/#breadcrumb\"},\"inLanguage\":\"es-ES\",\"potentialAction\":[{\"@type\":\"ReadAction\",\"target\":[\"https:\/\/www.welovecycling.com\/es\/2017\/01\/25\/los-holandeses-construido-una-rotonda-elevada-solo-bicicletas\/\"]}]},{\"@type\":\"ImageObject\",\"inLanguage\":\"es-ES\",\"@id\":\"https:\/\/www.welovecycling.com\/es\/2017\/01\/25\/los-holandeses-construido-una-rotonda-elevada-solo-bicicletas\/#primaryimage\",\"url\":\"https:\/\/d2p6e6u75xmxt8.cloudfront.net\/6\/2017\/01\/32322332_32332232.jpg\",\"contentUrl\":\"https:\/\/d2p6e6u75xmxt8.cloudfront.net\/6\/2017\/01\/32322332_32332232.jpg\",\"width\":1375,\"height\":600},{\"@type\":\"BreadcrumbList\",\"@id\":\"https:\/\/www.welovecycling.com\/es\/2017\/01\/25\/los-holandeses-construido-una-rotonda-elevada-solo-bicicletas\/#breadcrumb\",\"itemListElement\":[{\"@type\":\"ListItem\",\"position\":1,\"name\":\"Home\",\"item\":\"https:\/\/www.welovecycling.com\/es\/\"},{\"@type\":\"ListItem\",\"position\":2,\"name\":\"Los holandeses han construido una rotonda elevada solo para bicicletas\"}]},{\"@type\":\"WebSite\",\"@id\":\"https:\/\/www.welovecycling.com\/es\/#website\",\"url\":\"https:\/\/www.welovecycling.com\/es\/\",\"name\":\"\u0160koda We Love Cycling - Spain\",\"description\":\"\u0160koda WeLoveCycling Spain\",\"potentialAction\":[{\"@type\":\"SearchAction\",\"target\":{\"@type\":\"EntryPoint\",\"urlTemplate\":\"https:\/\/www.welovecycling.com\/es\/?s={search_term_string}\"},\"query-input\":{\"@type\":\"PropertyValueSpecification\",\"valueRequired\":true,\"valueName\":\"search_term_string\"}}],\"inLanguage\":\"es-ES\"},{\"@type\":\"Person\",\"@id\":\"https:\/\/www.welovecycling.com\/es\/#\/schema\/person\/deb61715b5812698ee79fb96f343ccd4\",\"name\":\"We Love Cycling Spain\",\"image\":{\"@type\":\"ImageObject\",\"inLanguage\":\"es-ES\",\"@id\":\"https:\/\/www.welovecycling.com\/es\/#\/schema\/person\/image\/\",\"url\":\"https:\/\/secure.gravatar.com\/avatar\/c824b04e6df0e37a03219d0b6481672889df542894588964102459e46513159c?s=96&d=mm&r=g\",\"contentUrl\":\"https:\/\/secure.gravatar.com\/avatar\/c824b04e6df0e37a03219d0b6481672889df542894588964102459e46513159c?s=96&d=mm&r=g\",\"caption\":\"We Love Cycling Spain\"},\"url\":\"https:\/\/www.welovecycling.com\/es\/author\/amunoz\/\"}]}<\/script>\n<!-- \/ Yoast SEO Premium plugin. -->","yoast_head_json":{"title":"Los holandeses han construido una rotonda elevada solo para bicicletas - \u0160koda We Love Cycling - Spain","robots":{"index":"index","follow":"follow","max-snippet":"max-snippet:-1","max-image-preview":"max-image-preview:large","max-video-preview":"max-video-preview:-1"},"canonical":"https:\/\/www.welovecycling.com\/es\/2017\/01\/25\/los-holandeses-construido-una-rotonda-elevada-solo-bicicletas\/","og_locale":"es_ES","og_type":"article","og_title":"Los holandeses han construido una rotonda elevada solo para bicicletas","og_description":"Holanda es considerada el pa\u00eds ciclista por excelencia, y ahora existe otra raz\u00f3n para creerlo. Mientras la mayor\u00eda de los [&hellip;]","og_url":"https:\/\/www.welovecycling.com\/es\/2017\/01\/25\/los-holandeses-construido-una-rotonda-elevada-solo-bicicletas\/","og_site_name":"\u0160koda We Love Cycling - Spain","article_published_time":"2017-01-25T17:11:35+00:00","article_modified_time":"2017-02-22T17:29:09+00:00","og_image":[{"width":1375,"height":600,"url":"https:\/\/d2p6e6u75xmxt8.cloudfront.net\/6\/2017\/01\/32322332_32332232.jpg","type":"image\/jpeg"}],"author":"We Love Cycling Spain","twitter_card":"summary_large_image","twitter_misc":{"Written by":"We Love Cycling Spain","Est. reading time":"2 minutes"},"schema":{"@context":"https:\/\/schema.org","@graph":[{"@type":"WebPage","@id":"https:\/\/www.welovecycling.com\/es\/2017\/01\/25\/los-holandeses-construido-una-rotonda-elevada-solo-bicicletas\/","url":"https:\/\/www.welovecycling.com\/es\/2017\/01\/25\/los-holandeses-construido-una-rotonda-elevada-solo-bicicletas\/","name":"Los holandeses han construido una rotonda elevada solo para bicicletas - \u0160koda We Love Cycling - Spain","isPartOf":{"@id":"https:\/\/www.welovecycling.com\/es\/#website"},"primaryImageOfPage":{"@id":"https:\/\/www.welovecycling.com\/es\/2017\/01\/25\/los-holandeses-construido-una-rotonda-elevada-solo-bicicletas\/#primaryimage"},"image":{"@id":"https:\/\/www.welovecycling.com\/es\/2017\/01\/25\/los-holandeses-construido-una-rotonda-elevada-solo-bicicletas\/#primaryimage"},"thumbnailUrl":"https:\/\/d2p6e6u75xmxt8.cloudfront.net\/6\/2017\/01\/32322332_32332232.jpg","datePublished":"2017-01-25T17:11:35+00:00","dateModified":"2017-02-22T17:29:09+00:00","author":{"@id":"https:\/\/www.welovecycling.com\/es\/#\/schema\/person\/deb61715b5812698ee79fb96f343ccd4"},"breadcrumb":{"@id":"https:\/\/www.welovecycling.com\/es\/2017\/01\/25\/los-holandeses-construido-una-rotonda-elevada-solo-bicicletas\/#breadcrumb"},"inLanguage":"es-ES","potentialAction":[{"@type":"ReadAction","target":["https:\/\/www.welovecycling.com\/es\/2017\/01\/25\/los-holandeses-construido-una-rotonda-elevada-solo-bicicletas\/"]}]},{"@type":"ImageObject","inLanguage":"es-ES","@id":"https:\/\/www.welovecycling.com\/es\/2017\/01\/25\/los-holandeses-construido-una-rotonda-elevada-solo-bicicletas\/#primaryimage","url":"https:\/\/d2p6e6u75xmxt8.cloudfront.net\/6\/2017\/01\/32322332_32332232.jpg","contentUrl":"https:\/\/d2p6e6u75xmxt8.cloudfront.net\/6\/2017\/01\/32322332_32332232.jpg","width":1375,"height":600},{"@type":"BreadcrumbList","@id":"https:\/\/www.welovecycling.com\/es\/2017\/01\/25\/los-holandeses-construido-una-rotonda-elevada-solo-bicicletas\/#breadcrumb","itemListElement":[{"@type":"ListItem","position":1,"name":"Home","item":"https:\/\/www.welovecycling.com\/es\/"},{"@type":"ListItem","position":2,"name":"Los holandeses han construido una rotonda elevada solo para bicicletas"}]},{"@type":"WebSite","@id":"https:\/\/www.welovecycling.com\/es\/#website","url":"https:\/\/www.welovecycling.com\/es\/","name":"\u0160koda We Love Cycling - Spain","description":"\u0160koda WeLoveCycling Spain","potentialAction":[{"@type":"SearchAction","target":{"@type":"EntryPoint","urlTemplate":"https:\/\/www.welovecycling.com\/es\/?s={search_term_string}"},"query-input":{"@type":"PropertyValueSpecification","valueRequired":true,"valueName":"search_term_string"}}],"inLanguage":"es-ES"},{"@type":"Person","@id":"https:\/\/www.welovecycling.com\/es\/#\/schema\/person\/deb61715b5812698ee79fb96f343ccd4","name":"We Love Cycling Spain","image":{"@type":"ImageObject","inLanguage":"es-ES","@id":"https:\/\/www.welovecycling.com\/es\/#\/schema\/person\/image\/","url":"https:\/\/secure.gravatar.com\/avatar\/c824b04e6df0e37a03219d0b6481672889df542894588964102459e46513159c?s=96&d=mm&r=g","contentUrl":"https:\/\/secure.gravatar.com\/avatar\/c824b04e6df0e37a03219d0b6481672889df542894588964102459e46513159c?s=96&d=mm&r=g","caption":"We Love Cycling Spain"},"url":"https:\/\/www.welovecycling.com\/es\/author\/amunoz\/"}]}},"_links":{"self":[{"href":"https:\/\/www.welovecycling.com\/es\/wp-json\/wp\/v2\/posts\/86","targetHints":{"allow":["GET"]}}],"collection":[{"href":"https:\/\/www.welovecycling.com\/es\/wp-json\/wp\/v2\/posts"}],"about":[{"href":"https:\/\/www.welovecycling.com\/es\/wp-json\/wp\/v2\/types\/post"}],"author":[{"embeddable":true,"href":"https:\/\/www.welovecycling.com\/es\/wp-json\/wp\/v2\/users\/29"}],"replies":[{"embeddable":true,"href":"https:\/\/www.welovecycling.com\/es\/wp-json\/wp\/v2\/comments?post=86"}],"version-history":[{"count":2,"href":"https:\/\/www.welovecycling.com\/es\/wp-json\/wp\/v2\/posts\/86\/revisions"}],"predecessor-version":[{"id":517,"href":"https:\/\/www.welovecycling.com\/es\/wp-json\/wp\/v2\/posts\/86\/revisions\/517"}],"wp:featuredmedia":[{"embeddable":true,"href":"https:\/\/www.welovecycling.com\/es\/wp-json\/wp\/v2\/media\/89"}],"wp:attachment":[{"href":"https:\/\/www.welovecycling.com\/es\/wp-json\/wp\/v2\/media?parent=86"}],"wp:term":[{"taxonomy":"category","embeddable":true,"href":"https:\/\/www.welovecycling.com\/es\/wp-json\/wp\/v2\/categories?post=86"},{"taxonomy":"post_tag","embeddable":true,"href":"https:\/\/www.welovecycling.com\/es\/wp-json\/wp\/v2\/tags?post=86"},{"taxonomy":"global-categories","embeddable":true,"href":"https:\/\/www.welovecycling.com\/es\/wp-json\/wp\/v2\/global-categories?post=86"}],"curies":[{"name":"wp","href":"https:\/\/api.w.org\/{rel}","templated":true}]}}