{"id":8579,"date":"2022-02-06T14:23:00","date_gmt":"2022-02-06T12:23:00","guid":{"rendered":"https:\/\/www.welovecycling.com\/es\/?p=8579"},"modified":"2022-02-06T14:23:00","modified_gmt":"2022-02-06T12:23:00","slug":"calendario-cicloturista-2022","status":"publish","type":"post","link":"https:\/\/www.welovecycling.com\/es\/2022\/02\/06\/calendario-cicloturista-2022\/","title":{"rendered":"Calendario cicloturista 2022. Camino de la normalidad"},"content":{"rendered":"<p><strong>Es cierto que a principios de enero no estaba nada claro, pero parece que el calendario cicloturista 2022, en el que tambi\u00e9n englobamos las carreras MTB, eventos masivos y todo tipo de carreras en bici que no sean profesionales&#8230; va camino de ser normal. Es decir, como en 2019, aunque con algunas m\u00ednimas restricciones.\u00a0<\/strong><\/p>\n<p><!--more--><\/p>\n<p>Y es que el mes de enero de 2022 no ha variado mucho a nivel competitivo con el de 2019. Para los profesionales se suspendieron el Tour de San Juan en Argentina y el Tour Down Under en Australia, pero la temporada en Europa y Oriente est\u00e1 transcurriendo con normalidad. Challenge de Mallorca, Vuelta a la Comunidad Valenciana, Estrella de Besseges, Tour de Arabia&#8230; Tambi\u00e9n en Elite y Sub-23. Ya se han disputado la Vuelta al Guadalent\u00edn en Murcia, por ejemplo. En categor\u00eda m\u00e1ster sigue su curso La Volta a La Marina en Alicante y en MTB ya se corri\u00f3 la Costa Blanca Bike Race. Y todo en el mayor pico de incidencia de la pandemia.<\/p>\n<p>Si miramos el calendario cicloturista 2022 para los pr\u00f3ximos meses se abre ante nosotros una oferta tan amplia que es complicado elegir solo una de las opciones. Nosotros te las hemos seleccionado para que vivas una experiencia diferente seg\u00fan te guste un tipo de ciclismo u otro.<\/p>\n<h2><strong>Titan Desert (8\/13 mayo 2022)<\/strong><\/h2>\n<p>Si en 2021 la <a href=\"https:\/\/www.welovecycling.com\/es\/2021\/10\/17\/titan-desert-2021-cuando-un-campeon-asume-sus-errores\/\">Titan Desert volvi\u00f3 a Marruecos<\/a>, en 2022 adem\u00e1s lo hace en sus fechas habituales, del 8 al 13 de mayo.<br \/>\nEl desierto espera a los valientes despu\u00e9s de la que la autoridades marroquies hayan decidido reabrir el pa\u00eds a los visitantes. Las<a href=\"https:\/\/www.titandesert.com\/es\/inscripciones\/incluye\"> inscripciones<\/a>, que siguen abiertas y en ellas se incluye la categoria <a href=\"https:\/\/www.titandesert.com\/es\/inscripciones\/clasificacion-adventure\">Skoda Adventure,<\/a> para los m\u00e1s osados y que no necesitan de ayuda para completar la carrera.<\/p>\n<p>Ser\u00e1n 6 etapas por Marruecos con m\u00e1s de 600 kil\u00f3metros, aunque la organizaci\u00f3n todav\u00eda no ha desvelado el recorrido. Lo que no faltar\u00e1 ser\u00e1 la aventura, el principal leit motiv de una competici\u00f3n \u00fanica.<\/p>\n<figure id=\"attachment_2691\" aria-describedby=\"caption-attachment-2691\" style=\"width: 700px\" class=\"wp-caption aligncenter\"><a href=\"https:\/\/d2p6e6u75xmxt8.cloudfront.net\/6\/2018\/05\/titandesert_969IMG_8174.jpg\"><img loading=\"lazy\" decoding=\"async\" class=\"wp-image-2691 size-full\" src=\"https:\/\/d2p6e6u75xmxt8.cloudfront.net\/6\/2018\/05\/titandesert_969IMG_8174.jpg\" alt=\"\" width=\"700\" height=\"466\" srcset=\"https:\/\/d2p6e6u75xmxt8.cloudfront.net\/6\/2018\/05\/titandesert_969IMG_8174.jpg 700w, https:\/\/d2p6e6u75xmxt8.cloudfront.net\/6\/2018\/05\/titandesert_969IMG_8174-300x200.jpg 300w, https:\/\/d2p6e6u75xmxt8.cloudfront.net\/6\/2018\/05\/titandesert_969IMG_8174-272x182.jpg 272w\" sizes=\"auto, (max-width: 700px) 100vw, 700px\" \/><\/a><figcaption id=\"caption-attachment-2691\" class=\"wp-caption-text\">Foto. Titan Desert<\/figcaption><\/figure>\n<h2><strong><br \/>\nEtape du Tour (10 de julio 2022)<\/strong><\/h2>\n<p>Tras dos a\u00f1os de ausencia, la <a href=\"https:\/\/www.letapedutourdefrance.com\/en\/the-race\/route\">Etape du Tour<\/a> vuelve a Francia el 10 de julio con el recorrido de la etapa reina del Tour 2022. <strong>Tres puertos, Galibier, Croix de Fer y Alpe d&#8217;Huez, 170 kil\u00f3metros y m\u00e1s de 4.700 metros de desnivel acumulado<\/strong>. Una de las etapas mas m\u00edticas que se pueden hacer en bici de carretera y con toda la organizaci\u00f3n del Tour de Francia a disposici\u00f3n del cicloturista.<\/p>\n<p>Con m\u00e1s de 10.000 aficionados ya inscritos, la Etape du Tour celebrar\u00e1 su 30 edici\u00f3n. Salida en Briacon y meta en Alpe d&#8217;Huez y por el camino las carreteras que han hecho historia en el Tour y la opci\u00f3n de medirse a ellas igual que har\u00e1n dias despu\u00e9s los Pogacar, Roglic, Alaphilippe, Carapaz o Enric Mas. Uno de los grandes reto del <strong>calendario cicloturista 2022.<\/strong><\/p>\n<div class=\"embed-controller-wrapper\">\n<div class=\"embed-wrapper\"><iframe title=\"3D ROUTE - Etape du Tour 2022\" width=\"500\" height=\"281\" data-src=\"https:\/\/www.youtube.com\/embed\/C4HBFXPsUig?feature=oembed\" frameborder=\"0\" allow=\"accelerometer; autoplay; clipboard-write; encrypted-media; gyroscope; picture-in-picture; web-share\" referrerpolicy=\"strict-origin-when-cross-origin\" allowfullscreen><\/iframe><\/div>\n<\/div>\n<p>&nbsp;<\/p>\n<h2><strong>Paris Roubaix Challenge (16 de abril 2022)<\/strong><\/h2>\n<p>A medio camino entre los amantas del ciclismo de carretera m\u00e1s \u00e9pico y los que disfrutan del gravel y la MTB. La <a href=\"https:\/\/www.parisroubaixchallenge.com\/en\/the-race\/Route\">Paris Roubaix Challenge<\/a> es la versi\u00f3n cicloturista de la Paris Roubaix profesional y se disputa el d\u00eda anterior a la carrera masculina por los mismos tramos de adoquines. Su gran aliciente, al igual que la Etape du Tour, es probar en tus piernas algo parecido a lo que sufren tus \u00eddolos ciclistas, en este caso los Van Aert, Van der Poel o Peter Sagan.<\/p>\n<p>La Paris Roubaix Challenge tiene tres recorridos, 170, 145 y 75 kil\u00f3metros. El primero cuenta con 28 tramos de adoquines, el segundo con 18 y el \u00faltimo con siete. Bosque de Arenberg, Carrefour del Arbre, Mons en Pevel\u00e9 o Camphin en Pevel\u00e9 son algunos de los nombres que los cicloturistas que toman parte en la Challenge no suelen olvidar. Al acabar en el <strong>Vel\u00f3dromo de Roubaix<\/strong> puedes ver en directo la carrera femenina, que se disputa esa misma tarde.<\/p>\n<lite-youtube videoid=qZqPku8H_Nw params=\"enablejsapi=1\" style=\"background-image: url('https:\/\/i.ytimg.com\/vi_webp\/qZqPku8H_Nw\/maxresdefault.webp');\"><\/lite-youtube>\n<h2><strong><br \/>\nOrbea Monegros y Orbea Klasika Bilbao Bizkaia<\/strong><strong> (23 de abril\/ 22 de mayo 2022)<\/strong><\/h2>\n<p>Tras las ausencias de 2020 y 2022, Orbea vuelve al calendario de eventos cicloturistas con dos pruebas diferentes, para MTB y para carretera. La <a href=\"https:\/\/www.orbea.com\/es-es\/eventos\/monegros-2022\/\">Orbea Monegros<\/a>, quiz\u00e1s la prueba de un d\u00eda de MTB m\u00e1s emblem\u00e1tica de Espa\u00f1a, retorna el 23 de abril con toda su esencia. Salida y meta en Sari\u00f1ena y mucho pisteo. Dos recorridos, Media Marat\u00f3n 81 kil\u00f3metros y 800 metros de desnivel y Maraton de 120 kil\u00f3metros y 1.200 metros de desnivel acumulado.\u00a0 El reto del desierto de los Monegros que la organizaci\u00f3n presenta como un desaf\u00edo en el cual podremos pedalear y deleitarnos con unos de los recorridos m\u00e1s bellos y accesibles para la pr\u00e1ctica del mountain bike. &#8220;Muy variado, en el cual, podremos disfrutar de zonas de huerta, secano, sierra y como no, uno de los lugares m\u00e1s bellos y singulares de cuantos el sentido de la vista, pueda disfrutar: Jubierre, en el t\u00e9rmino municipal de Castej\u00f3n de Monegros. Un terreno singular, donde podremos disfrutar de los tozales Solitario, Clasico y el Tozal de la Cobeta. Todos estos tozales forman caprichosas siluetas de piedra y lodo convirtiendo as\u00ed este paraje, en una geograf\u00eda \u00fanica&#8221;.<\/p>\n<p>Y en mayo turno para la bicicleta de carretera en la<a href=\"https:\/\/www.orbea.com\/es-es\/eventos\/orbea-klasika-bilbao-bizkaia-2022\/recorridos\/klasika-orbea-bilbao-bizkaia-2022\/\"> Orbea Klasika Bilbao Bizkaia<\/a>, que naci\u00f3 en 2019 y que ofrece un recorrido de 140 kil\u00f3metros y 2.000 metros de desnivel por algunos de los puertos por los que se disputar\u00e1 la primera etapa del <a href=\"https:\/\/as.com\/ciclismo\/2022\/01\/26\/tour_francia\/1643177851_504767.html\">Tour de Francia 2023<\/a>.\u00a0 Con salida y llegada en Bibao, el circuito combina el mar, pedaleando junto a la reserva de la biosfera de Urdaibai, con el verde intenso de las monta\u00f1as de Bizkaia. Tiene algunas &#8216;trampas&#8217; como son las ascensiones a Nabarniz y Urruztimendi, ambos con rampas del 20% y la subida final al Vivero, que adem\u00e1s es cronometrada.<\/p>\n<div class=\"embed-controller-wrapper\">\n<div class=\"embed-wrapper\"><iframe title=\"ORBEA KLASIKA BILBAO BIZKAIA 2022\" width=\"500\" height=\"281\" data-src=\"https:\/\/www.youtube.com\/embed\/WCnzY3HTqw8?feature=oembed\" frameborder=\"0\" allow=\"accelerometer; autoplay; clipboard-write; encrypted-media; gyroscope; picture-in-picture; web-share\" referrerpolicy=\"strict-origin-when-cross-origin\" allowfullscreen><\/iframe><\/div>\n<\/div>\n","protected":false},"excerpt":{"rendered":"<p>Es cierto que a principios de enero no estaba nada claro, pero parece que el calendario cicloturista 2022, en el [&hellip;]<\/p>\n","protected":false},"author":29,"featured_media":8585,"comment_status":"open","ping_status":"open","sticky":false,"template":"","format":"standard","meta":{"footnotes":""},"categories":[7,9],"tags":[],"global-categories":[1164],"class_list":["post-8579","post","type-post","status-publish","format-standard","has-post-thumbnail","hentry","category-carretera","category-mtb-aventura","global-categories-cycling"],"yoast_head":"<!-- This site is optimized with the Yoast SEO Premium plugin v25.3 (Yoast SEO v25.9) - https:\/\/yoast.com\/wordpress\/plugins\/seo\/ -->\n<title>Calendario cicloturista 2022. Camino de la normalidad<\/title>\n<meta name=\"description\" content=\"Calendario cicloturista 2022. Camino de la normalidad. Las pruebas cicloturistas, de mtb y carreras para esta temporada.\" \/>\n<meta name=\"robots\" content=\"index, follow, max-snippet:-1, max-image-preview:large, max-video-preview:-1\" \/>\n<link rel=\"canonical\" href=\"https:\/\/www.welovecycling.com\/es\/2022\/02\/06\/calendario-cicloturista-2022\/\" \/>\n<meta property=\"og:locale\" content=\"es_ES\" \/>\n<meta property=\"og:type\" content=\"article\" \/>\n<meta property=\"og:title\" content=\"Calendario cicloturista 2022. Camino de la normalidad\" \/>\n<meta property=\"og:description\" content=\"Calendario cicloturista 2022. Camino de la normalidad. Las pruebas cicloturistas, de mtb y carreras para esta temporada.\" \/>\n<meta property=\"og:url\" content=\"https:\/\/www.welovecycling.com\/es\/2022\/02\/06\/calendario-cicloturista-2022\/\" \/>\n<meta property=\"og:site_name\" content=\"\u0160koda We Love Cycling - Spain\" \/>\n<meta property=\"article:published_time\" content=\"2022-02-06T12:23:00+00:00\" \/>\n<meta property=\"og:image\" content=\"https:\/\/d2p6e6u75xmxt8.cloudfront.net\/6\/2022\/02\/etape-du-tour.jpg\" \/>\n\t<meta property=\"og:image:width\" content=\"1500\" \/>\n\t<meta property=\"og:image:height\" content=\"1000\" \/>\n\t<meta property=\"og:image:type\" content=\"image\/jpeg\" \/>\n<meta name=\"author\" content=\"We Love Cycling Spain\" \/>\n<meta name=\"twitter:card\" content=\"summary_large_image\" \/>\n<meta name=\"twitter:title\" content=\"Calendario cicloturista 2022. Camino de la normalidad.\" \/>\n<meta name=\"twitter:description\" content=\"Calendario cicloturista 2022. Camino de la normalidad. Las pruebas cicloturistas, de mtb y carreras para esta temporada.\" \/>\n<meta name=\"twitter:label1\" content=\"Written by\" \/>\n\t<meta name=\"twitter:data1\" content=\"Luis Ortega @Ciclored\" \/>\n\t<meta name=\"twitter:label2\" content=\"Est. reading time\" \/>\n\t<meta name=\"twitter:data2\" content=\"5 minutes\" \/>\n<script type=\"application\/ld+json\" class=\"yoast-schema-graph\">{\"@context\":\"https:\/\/schema.org\",\"@graph\":[{\"@type\":\"WebPage\",\"@id\":\"https:\/\/www.welovecycling.com\/es\/2022\/02\/06\/calendario-cicloturista-2022\/\",\"url\":\"https:\/\/www.welovecycling.com\/es\/2022\/02\/06\/calendario-cicloturista-2022\/\",\"name\":\"Calendario cicloturista 2022. Camino de la normalidad\",\"isPartOf\":{\"@id\":\"https:\/\/www.welovecycling.com\/es\/#website\"},\"primaryImageOfPage\":{\"@id\":\"https:\/\/www.welovecycling.com\/es\/2022\/02\/06\/calendario-cicloturista-2022\/#primaryimage\"},\"image\":{\"@id\":\"https:\/\/www.welovecycling.com\/es\/2022\/02\/06\/calendario-cicloturista-2022\/#primaryimage\"},\"thumbnailUrl\":\"https:\/\/d2p6e6u75xmxt8.cloudfront.net\/6\/2022\/02\/etape-du-tour.jpg\",\"datePublished\":\"2022-02-06T12:23:00+00:00\",\"author\":{\"@id\":\"https:\/\/www.welovecycling.com\/es\/#\/schema\/person\/deb61715b5812698ee79fb96f343ccd4\"},\"description\":\"Calendario cicloturista 2022. Camino de la normalidad. Las pruebas cicloturistas, de mtb y carreras para esta temporada.\",\"breadcrumb\":{\"@id\":\"https:\/\/www.welovecycling.com\/es\/2022\/02\/06\/calendario-cicloturista-2022\/#breadcrumb\"},\"inLanguage\":\"es-ES\",\"potentialAction\":[{\"@type\":\"ReadAction\",\"target\":[\"https:\/\/www.welovecycling.com\/es\/2022\/02\/06\/calendario-cicloturista-2022\/\"]}]},{\"@type\":\"ImageObject\",\"inLanguage\":\"es-ES\",\"@id\":\"https:\/\/www.welovecycling.com\/es\/2022\/02\/06\/calendario-cicloturista-2022\/#primaryimage\",\"url\":\"https:\/\/d2p6e6u75xmxt8.cloudfront.net\/6\/2022\/02\/etape-du-tour.jpg\",\"contentUrl\":\"https:\/\/d2p6e6u75xmxt8.cloudfront.net\/6\/2022\/02\/etape-du-tour.jpg\",\"width\":1500,\"height\":1000},{\"@type\":\"BreadcrumbList\",\"@id\":\"https:\/\/www.welovecycling.com\/es\/2022\/02\/06\/calendario-cicloturista-2022\/#breadcrumb\",\"itemListElement\":[{\"@type\":\"ListItem\",\"position\":1,\"name\":\"Home\",\"item\":\"https:\/\/www.welovecycling.com\/es\/\"},{\"@type\":\"ListItem\",\"position\":2,\"name\":\"Calendario cicloturista 2022. Camino de la normalidad\"}]},{\"@type\":\"WebSite\",\"@id\":\"https:\/\/www.welovecycling.com\/es\/#website\",\"url\":\"https:\/\/www.welovecycling.com\/es\/\",\"name\":\"\u0160koda We Love Cycling - Spain\",\"description\":\"\u0160koda WeLoveCycling Spain\",\"potentialAction\":[{\"@type\":\"SearchAction\",\"target\":{\"@type\":\"EntryPoint\",\"urlTemplate\":\"https:\/\/www.welovecycling.com\/es\/?s={search_term_string}\"},\"query-input\":{\"@type\":\"PropertyValueSpecification\",\"valueRequired\":true,\"valueName\":\"search_term_string\"}}],\"inLanguage\":\"es-ES\"},{\"@type\":\"Person\",\"@id\":\"https:\/\/www.welovecycling.com\/es\/#\/schema\/person\/deb61715b5812698ee79fb96f343ccd4\",\"name\":\"We Love Cycling Spain\",\"image\":{\"@type\":\"ImageObject\",\"inLanguage\":\"es-ES\",\"@id\":\"https:\/\/www.welovecycling.com\/es\/#\/schema\/person\/image\/\",\"url\":\"https:\/\/secure.gravatar.com\/avatar\/c824b04e6df0e37a03219d0b6481672889df542894588964102459e46513159c?s=96&d=mm&r=g\",\"contentUrl\":\"https:\/\/secure.gravatar.com\/avatar\/c824b04e6df0e37a03219d0b6481672889df542894588964102459e46513159c?s=96&d=mm&r=g\",\"caption\":\"We Love Cycling Spain\"},\"url\":\"https:\/\/www.welovecycling.com\/es\/author\/amunoz\/\"}]}<\/script>\n<!-- \/ Yoast SEO Premium plugin. -->","yoast_head_json":{"title":"Calendario cicloturista 2022. Camino de la normalidad","description":"Calendario cicloturista 2022. Camino de la normalidad. Las pruebas cicloturistas, de mtb y carreras para esta temporada.","robots":{"index":"index","follow":"follow","max-snippet":"max-snippet:-1","max-image-preview":"max-image-preview:large","max-video-preview":"max-video-preview:-1"},"canonical":"https:\/\/www.welovecycling.com\/es\/2022\/02\/06\/calendario-cicloturista-2022\/","og_locale":"es_ES","og_type":"article","og_title":"Calendario cicloturista 2022. Camino de la normalidad","og_description":"Calendario cicloturista 2022. Camino de la normalidad. Las pruebas cicloturistas, de mtb y carreras para esta temporada.","og_url":"https:\/\/www.welovecycling.com\/es\/2022\/02\/06\/calendario-cicloturista-2022\/","og_site_name":"\u0160koda We Love Cycling - Spain","article_published_time":"2022-02-06T12:23:00+00:00","og_image":[{"width":1500,"height":1000,"url":"https:\/\/d2p6e6u75xmxt8.cloudfront.net\/6\/2022\/02\/etape-du-tour.jpg","type":"image\/jpeg"}],"author":"We Love Cycling Spain","twitter_card":"summary_large_image","twitter_title":"Calendario cicloturista 2022. Camino de la normalidad.","twitter_description":"Calendario cicloturista 2022. Camino de la normalidad. Las pruebas cicloturistas, de mtb y carreras para esta temporada.","twitter_misc":{"Written by":"Luis Ortega @Ciclored","Est. reading time":"5 minutes"},"schema":{"@context":"https:\/\/schema.org","@graph":[{"@type":"WebPage","@id":"https:\/\/www.welovecycling.com\/es\/2022\/02\/06\/calendario-cicloturista-2022\/","url":"https:\/\/www.welovecycling.com\/es\/2022\/02\/06\/calendario-cicloturista-2022\/","name":"Calendario cicloturista 2022. Camino de la normalidad","isPartOf":{"@id":"https:\/\/www.welovecycling.com\/es\/#website"},"primaryImageOfPage":{"@id":"https:\/\/www.welovecycling.com\/es\/2022\/02\/06\/calendario-cicloturista-2022\/#primaryimage"},"image":{"@id":"https:\/\/www.welovecycling.com\/es\/2022\/02\/06\/calendario-cicloturista-2022\/#primaryimage"},"thumbnailUrl":"https:\/\/d2p6e6u75xmxt8.cloudfront.net\/6\/2022\/02\/etape-du-tour.jpg","datePublished":"2022-02-06T12:23:00+00:00","author":{"@id":"https:\/\/www.welovecycling.com\/es\/#\/schema\/person\/deb61715b5812698ee79fb96f343ccd4"},"description":"Calendario cicloturista 2022. Camino de la normalidad. Las pruebas cicloturistas, de mtb y carreras para esta temporada.","breadcrumb":{"@id":"https:\/\/www.welovecycling.com\/es\/2022\/02\/06\/calendario-cicloturista-2022\/#breadcrumb"},"inLanguage":"es-ES","potentialAction":[{"@type":"ReadAction","target":["https:\/\/www.welovecycling.com\/es\/2022\/02\/06\/calendario-cicloturista-2022\/"]}]},{"@type":"ImageObject","inLanguage":"es-ES","@id":"https:\/\/www.welovecycling.com\/es\/2022\/02\/06\/calendario-cicloturista-2022\/#primaryimage","url":"https:\/\/d2p6e6u75xmxt8.cloudfront.net\/6\/2022\/02\/etape-du-tour.jpg","contentUrl":"https:\/\/d2p6e6u75xmxt8.cloudfront.net\/6\/2022\/02\/etape-du-tour.jpg","width":1500,"height":1000},{"@type":"BreadcrumbList","@id":"https:\/\/www.welovecycling.com\/es\/2022\/02\/06\/calendario-cicloturista-2022\/#breadcrumb","itemListElement":[{"@type":"ListItem","position":1,"name":"Home","item":"https:\/\/www.welovecycling.com\/es\/"},{"@type":"ListItem","position":2,"name":"Calendario cicloturista 2022. Camino de la normalidad"}]},{"@type":"WebSite","@id":"https:\/\/www.welovecycling.com\/es\/#website","url":"https:\/\/www.welovecycling.com\/es\/","name":"\u0160koda We Love Cycling - Spain","description":"\u0160koda WeLoveCycling Spain","potentialAction":[{"@type":"SearchAction","target":{"@type":"EntryPoint","urlTemplate":"https:\/\/www.welovecycling.com\/es\/?s={search_term_string}"},"query-input":{"@type":"PropertyValueSpecification","valueRequired":true,"valueName":"search_term_string"}}],"inLanguage":"es-ES"},{"@type":"Person","@id":"https:\/\/www.welovecycling.com\/es\/#\/schema\/person\/deb61715b5812698ee79fb96f343ccd4","name":"We Love Cycling Spain","image":{"@type":"ImageObject","inLanguage":"es-ES","@id":"https:\/\/www.welovecycling.com\/es\/#\/schema\/person\/image\/","url":"https:\/\/secure.gravatar.com\/avatar\/c824b04e6df0e37a03219d0b6481672889df542894588964102459e46513159c?s=96&d=mm&r=g","contentUrl":"https:\/\/secure.gravatar.com\/avatar\/c824b04e6df0e37a03219d0b6481672889df542894588964102459e46513159c?s=96&d=mm&r=g","caption":"We Love Cycling Spain"},"url":"https:\/\/www.welovecycling.com\/es\/author\/amunoz\/"}]}},"_links":{"self":[{"href":"https:\/\/www.welovecycling.com\/es\/wp-json\/wp\/v2\/posts\/8579","targetHints":{"allow":["GET"]}}],"collection":[{"href":"https:\/\/www.welovecycling.com\/es\/wp-json\/wp\/v2\/posts"}],"about":[{"href":"https:\/\/www.welovecycling.com\/es\/wp-json\/wp\/v2\/types\/post"}],"author":[{"embeddable":true,"href":"https:\/\/www.welovecycling.com\/es\/wp-json\/wp\/v2\/users\/29"}],"replies":[{"embeddable":true,"href":"https:\/\/www.welovecycling.com\/es\/wp-json\/wp\/v2\/comments?post=8579"}],"version-history":[{"count":2,"href":"https:\/\/www.welovecycling.com\/es\/wp-json\/wp\/v2\/posts\/8579\/revisions"}],"predecessor-version":[{"id":8587,"href":"https:\/\/www.welovecycling.com\/es\/wp-json\/wp\/v2\/posts\/8579\/revisions\/8587"}],"wp:featuredmedia":[{"embeddable":true,"href":"https:\/\/www.welovecycling.com\/es\/wp-json\/wp\/v2\/media\/8585"}],"wp:attachment":[{"href":"https:\/\/www.welovecycling.com\/es\/wp-json\/wp\/v2\/media?parent=8579"}],"wp:term":[{"taxonomy":"category","embeddable":true,"href":"https:\/\/www.welovecycling.com\/es\/wp-json\/wp\/v2\/categories?post=8579"},{"taxonomy":"post_tag","embeddable":true,"href":"https:\/\/www.welovecycling.com\/es\/wp-json\/wp\/v2\/tags?post=8579"},{"taxonomy":"global-categories","embeddable":true,"href":"https:\/\/www.welovecycling.com\/es\/wp-json\/wp\/v2\/global-categories?post=8579"}],"curies":[{"name":"wp","href":"https:\/\/api.w.org\/{rel}","templated":true}]}}